{"id":215474,"date":"2022-03-24T07:00:00","date_gmt":"2022-03-24T11:00:00","guid":{"rendered":"https:\/\/www.manaus.am.gov.br\/semsa\/?p=215474"},"modified":"2024-05-10T11:19:39","modified_gmt":"2024-05-10T15:19:39","slug":"prefeitura-mantem-uso-de-mascaras-em-locais-fechados-e-avalia-liberacao-para-o-dia-30","status":"publish","type":"post","link":"https:\/\/www.manaus.am.gov.br\/semsa\/prefeitura-mantem-uso-de-mascaras-em-locais-fechados-e-avalia-liberacao-para-o-dia-30\/","title":{"rendered":"Prefeitura mant\u00e9m uso de m\u00e1scaras em locais fechados e avalia libera\u00e7\u00e3o para o dia 30"},"content":{"rendered":"\n<p>A\u00a0<a href=\"https:\/\/www.manaus.am.gov.br\/\">Prefeitura de Manaus<\/a>\u00a0informa que manter\u00e1, na capital, a obrigatoriedade do uso de m\u00e1scaras em locais fechados. A exig\u00eancia deve ser mantida at\u00e9 30\/3, quando se completa o per\u00edodo de 14 dias de monitoramento das condi\u00e7\u00f5es epidemiol\u00f3gicas da popula\u00e7\u00e3o, ap\u00f3s o munic\u00edpio liberar o uso do equipamento de prote\u00e7\u00e3o em locais abertos.<\/p>\n\n\n\n<p>A m\u00e1scara deixou de ser obrigat\u00f3ria em locais abertos conforme o decreto municipal n\u00ba 5.274, publicado na edi\u00e7\u00e3o n\u00ba 5.304, do Di\u00e1rio Oficial do Munic\u00edpio (DOM), do \u00faltimo dia 16.<\/p>\n\n\n\n<p>De acordo com o prefeito David Almeida, Manaus s\u00f3 deve avan\u00e7ar para novas etapas de flexibiliza\u00e7\u00e3o das medidas protetivas contra a Covid-19 se as condi\u00e7\u00f5es epidemiol\u00f3gicas, tais como n\u00famero de casos novos, interna\u00e7\u00f5es e \u00f3bitos, se mantiverem em queda.<\/p>\n\n\n\n<p><strong>Texto<\/strong>&nbsp;\u2013 Divulga\u00e7\u00e3o \/ Semcom<\/p>\n\n\n\n<p>Foto: Camila Batista \/ Semsa<\/p>\n","protected":false},"excerpt":{"rendered":"","protected":false},"author":65,"featured_media":215477,"comment_status":"closed","ping_status":"closed","sticky":false,"template":"","format":"standard","meta":{"footnotes":""},"categories":[182],"tags":[],"acf":[],"yoast_head":"<!-- This site is optimized with the Yoast SEO plugin v23.0 - https:\/\/yoast.com\/wordpress\/plugins\/seo\/ -->\n<title>Prefeitura mant\u00e9m uso de m\u00e1scaras em locais fechados e avalia libera\u00e7\u00e3o para o dia 30 - SEMSA<\/title>\n<meta name=\"robots\" content=\"index, follow, max-snippet:-1, max-image-preview:large, max-video-preview:-1\" \/>\n<link rel=\"canonical\" href=\"https:\/\/www.manaus.am.gov.br\/semsa\/prefeitura-mantem-uso-de-mascaras-em-locais-fechados-e-avalia-liberacao-para-o-dia-30\/\" \/>\n<meta property=\"og:locale\" content=\"pt_BR\" \/>\n<meta property=\"og:type\" content=\"article\" \/>\n<meta property=\"og:title\" content=\"Prefeitura mant\u00e9m uso de m\u00e1scaras em locais fechados e avalia libera\u00e7\u00e3o para o dia 30 - SEMSA\" \/>\n<meta property=\"og:url\" content=\"https:\/\/www.manaus.am.gov.br\/semsa\/prefeitura-mantem-uso-de-mascaras-em-locais-fechados-e-avalia-liberacao-para-o-dia-30\/\" \/>\n<meta property=\"og:site_name\" content=\"SEMSA\" \/>\n<meta property=\"article:published_time\" content=\"2022-03-24T11:00:00+00:00\" \/>\n<meta property=\"article:modified_time\" content=\"2024-05-10T15:19:39+00:00\" \/>\n<meta property=\"og:image\" content=\"https:\/\/www.manaus.am.gov.br\/semsa\/wp-content\/uploads\/sites\/8\/2024\/05\/usomascara.jpg\" \/>\n\t<meta property=\"og:image:width\" content=\"720\" \/>\n\t<meta property=\"og:image:height\" content=\"407\" \/>\n\t<meta property=\"og:image:type\" content=\"image\/jpeg\" \/>\n<meta name=\"author\" content=\"Luana Abecassis\" \/>\n<meta name=\"twitter:card\" content=\"summary_large_image\" \/>\n<meta name=\"twitter:label1\" content=\"Written by\" \/>\n\t<meta name=\"twitter:data1\" content=\"Luana Abecassis\" \/>\n\t<meta name=\"twitter:label2\" content=\"Est. reading time\" \/>\n\t<meta name=\"twitter:data2\" content=\"1 minuto\" \/>\n<script type=\"application\/ld+json\" class=\"yoast-schema-graph\">{\"@context\":\"https:\/\/schema.org\",\"@graph\":[{\"@type\":\"WebPage\",\"@id\":\"https:\/\/www.manaus.am.gov.br\/semsa\/prefeitura-mantem-uso-de-mascaras-em-locais-fechados-e-avalia-liberacao-para-o-dia-30\/\",\"url\":\"https:\/\/www.manaus.am.gov.br\/semsa\/prefeitura-mantem-uso-de-mascaras-em-locais-fechados-e-avalia-liberacao-para-o-dia-30\/\",\"name\":\"Prefeitura mant\u00e9m uso de m\u00e1scaras em locais fechados e avalia libera\u00e7\u00e3o para o dia 30 - SEMSA\",\"isPartOf\":{\"@id\":\"https:\/\/www.manaus.am.gov.br\/semsa\/#website\"},\"primaryImageOfPage\":{\"@id\":\"https:\/\/www.manaus.am.gov.br\/semsa\/prefeitura-mantem-uso-de-mascaras-em-locais-fechados-e-avalia-liberacao-para-o-dia-30\/#primaryimage\"},\"image\":{\"@id\":\"https:\/\/www.manaus.am.gov.br\/semsa\/prefeitura-mantem-uso-de-mascaras-em-locais-fechados-e-avalia-liberacao-para-o-dia-30\/#primaryimage\"},\"thumbnailUrl\":\"https:\/\/www.manaus.am.gov.br\/semsa\/wp-content\/uploads\/sites\/8\/2024\/05\/usomascara.jpg\",\"datePublished\":\"2022-03-24T11:00:00+00:00\",\"dateModified\":\"2024-05-10T15:19:39+00:00\",\"author\":{\"@id\":\"https:\/\/www.manaus.am.gov.br\/semsa\/#\/schema\/person\/c6a949869c569fa922046ae33645bd1b\"},\"inLanguage\":\"pt-BR\",\"potentialAction\":[{\"@type\":\"ReadAction\",\"target\":[\"https:\/\/www.manaus.am.gov.br\/semsa\/prefeitura-mantem-uso-de-mascaras-em-locais-fechados-e-avalia-liberacao-para-o-dia-30\/\"]}]},{\"@type\":\"ImageObject\",\"inLanguage\":\"pt-BR\",\"@id\":\"https:\/\/www.manaus.am.gov.br\/semsa\/prefeitura-mantem-uso-de-mascaras-em-locais-fechados-e-avalia-liberacao-para-o-dia-30\/#primaryimage\",\"url\":\"https:\/\/www.manaus.am.gov.br\/semsa\/wp-content\/uploads\/sites\/8\/2024\/05\/usomascara.jpg\",\"contentUrl\":\"https:\/\/www.manaus.am.gov.br\/semsa\/wp-content\/uploads\/sites\/8\/2024\/05\/usomascara.jpg\",\"width\":720,\"height\":407},{\"@type\":\"WebSite\",\"@id\":\"https:\/\/www.manaus.am.gov.br\/semsa\/#website\",\"url\":\"https:\/\/www.manaus.am.gov.br\/semsa\/\",\"name\":\"SEMSA\",\"description\":\"Secretaria Municipal de Sa\u00fade\",\"alternateName\":\"Secretaria Municipal de Sa\u00fade\",\"potentialAction\":[{\"@type\":\"SearchAction\",\"target\":{\"@type\":\"EntryPoint\",\"urlTemplate\":\"https:\/\/www.manaus.am.gov.br\/semsa\/?s={search_term_string}\"},\"query-input\":\"required name=search_term_string\"}],\"inLanguage\":\"pt-BR\"},{\"@type\":\"Person\",\"@id\":\"https:\/\/www.manaus.am.gov.br\/semsa\/#\/schema\/person\/c6a949869c569fa922046ae33645bd1b\",\"name\":\"Luana Abecassis\",\"image\":{\"@type\":\"ImageObject\",\"inLanguage\":\"pt-BR\",\"@id\":\"https:\/\/www.manaus.am.gov.br\/semsa\/#\/schema\/person\/image\/\",\"url\":\"https:\/\/secure.gravatar.com\/avatar\/49f5bfb42a36a0ec57a2a2b4adad3180?s=96&d=mm&r=g\",\"contentUrl\":\"https:\/\/secure.gravatar.com\/avatar\/49f5bfb42a36a0ec57a2a2b4adad3180?s=96&d=mm&r=g\",\"caption\":\"Luana Abecassis\"}}]}<\/script>\n<!-- \/ Yoast SEO plugin. -->","yoast_head_json":{"title":"Prefeitura mant\u00e9m uso de m\u00e1scaras em locais fechados e avalia libera\u00e7\u00e3o para o dia 30 - SEMSA","robots":{"index":"index","follow":"follow","max-snippet":"max-snippet:-1","max-image-preview":"max-image-preview:large","max-video-preview":"max-video-preview:-1"},"canonical":"https:\/\/www.manaus.am.gov.br\/semsa\/prefeitura-mantem-uso-de-mascaras-em-locais-fechados-e-avalia-liberacao-para-o-dia-30\/","og_locale":"pt_BR","og_type":"article","og_title":"Prefeitura mant\u00e9m uso de m\u00e1scaras em locais fechados e avalia libera\u00e7\u00e3o para o dia 30 - SEMSA","og_url":"https:\/\/www.manaus.am.gov.br\/semsa\/prefeitura-mantem-uso-de-mascaras-em-locais-fechados-e-avalia-liberacao-para-o-dia-30\/","og_site_name":"SEMSA","article_published_time":"2022-03-24T11:00:00+00:00","article_modified_time":"2024-05-10T15:19:39+00:00","og_image":[{"width":720,"height":407,"url":"https:\/\/www.manaus.am.gov.br\/semsa\/wp-content\/uploads\/sites\/8\/2024\/05\/usomascara.jpg","type":"image\/jpeg"}],"author":"Luana Abecassis","twitter_card":"summary_large_image","twitter_misc":{"Written by":"Luana Abecassis","Est. reading time":"1 minuto"},"schema":{"@context":"https:\/\/schema.org","@graph":[{"@type":"WebPage","@id":"https:\/\/www.manaus.am.gov.br\/semsa\/prefeitura-mantem-uso-de-mascaras-em-locais-fechados-e-avalia-liberacao-para-o-dia-30\/","url":"https:\/\/www.manaus.am.gov.br\/semsa\/prefeitura-mantem-uso-de-mascaras-em-locais-fechados-e-avalia-liberacao-para-o-dia-30\/","name":"Prefeitura mant\u00e9m uso de m\u00e1scaras em locais fechados e avalia libera\u00e7\u00e3o para o dia 30 - SEMSA","isPartOf":{"@id":"https:\/\/www.manaus.am.gov.br\/semsa\/#website"},"primaryImageOfPage":{"@id":"https:\/\/www.manaus.am.gov.br\/semsa\/prefeitura-mantem-uso-de-mascaras-em-locais-fechados-e-avalia-liberacao-para-o-dia-30\/#primaryimage"},"image":{"@id":"https:\/\/www.manaus.am.gov.br\/semsa\/prefeitura-mantem-uso-de-mascaras-em-locais-fechados-e-avalia-liberacao-para-o-dia-30\/#primaryimage"},"thumbnailUrl":"https:\/\/www.manaus.am.gov.br\/semsa\/wp-content\/uploads\/sites\/8\/2024\/05\/usomascara.jpg","datePublished":"2022-03-24T11:00:00+00:00","dateModified":"2024-05-10T15:19:39+00:00","author":{"@id":"https:\/\/www.manaus.am.gov.br\/semsa\/#\/schema\/person\/c6a949869c569fa922046ae33645bd1b"},"inLanguage":"pt-BR","potentialAction":[{"@type":"ReadAction","target":["https:\/\/www.manaus.am.gov.br\/semsa\/prefeitura-mantem-uso-de-mascaras-em-locais-fechados-e-avalia-liberacao-para-o-dia-30\/"]}]},{"@type":"ImageObject","inLanguage":"pt-BR","@id":"https:\/\/www.manaus.am.gov.br\/semsa\/prefeitura-mantem-uso-de-mascaras-em-locais-fechados-e-avalia-liberacao-para-o-dia-30\/#primaryimage","url":"https:\/\/www.manaus.am.gov.br\/semsa\/wp-content\/uploads\/sites\/8\/2024\/05\/usomascara.jpg","contentUrl":"https:\/\/www.manaus.am.gov.br\/semsa\/wp-content\/uploads\/sites\/8\/2024\/05\/usomascara.jpg","width":720,"height":407},{"@type":"WebSite","@id":"https:\/\/www.manaus.am.gov.br\/semsa\/#website","url":"https:\/\/www.manaus.am.gov.br\/semsa\/","name":"SEMSA","description":"Secretaria Municipal de Sa\u00fade","alternateName":"Secretaria Municipal de Sa\u00fade","potentialAction":[{"@type":"SearchAction","target":{"@type":"EntryPoint","urlTemplate":"https:\/\/www.manaus.am.gov.br\/semsa\/?s={search_term_string}"},"query-input":"required name=search_term_string"}],"inLanguage":"pt-BR"},{"@type":"Person","@id":"https:\/\/www.manaus.am.gov.br\/semsa\/#\/schema\/person\/c6a949869c569fa922046ae33645bd1b","name":"Luana Abecassis","image":{"@type":"ImageObject","inLanguage":"pt-BR","@id":"https:\/\/www.manaus.am.gov.br\/semsa\/#\/schema\/person\/image\/","url":"https:\/\/secure.gravatar.com\/avatar\/49f5bfb42a36a0ec57a2a2b4adad3180?s=96&d=mm&r=g","contentUrl":"https:\/\/secure.gravatar.com\/avatar\/49f5bfb42a36a0ec57a2a2b4adad3180?s=96&d=mm&r=g","caption":"Luana Abecassis"}}]}},"_links":{"self":[{"href":"https:\/\/www.manaus.am.gov.br\/semsa\/wp-json\/wp\/v2\/posts\/215474"}],"collection":[{"href":"https:\/\/www.manaus.am.gov.br\/semsa\/wp-json\/wp\/v2\/posts"}],"about":[{"href":"https:\/\/www.manaus.am.gov.br\/semsa\/wp-json\/wp\/v2\/types\/post"}],"author":[{"embeddable":true,"href":"https:\/\/www.manaus.am.gov.br\/semsa\/wp-json\/wp\/v2\/users\/65"}],"replies":[{"embeddable":true,"href":"https:\/\/www.manaus.am.gov.br\/semsa\/wp-json\/wp\/v2\/comments?post=215474"}],"version-history":[{"count":1,"href":"https:\/\/www.manaus.am.gov.br\/semsa\/wp-json\/wp\/v2\/posts\/215474\/revisions"}],"predecessor-version":[{"id":215478,"href":"https:\/\/www.manaus.am.gov.br\/semsa\/wp-json\/wp\/v2\/posts\/215474\/revisions\/215478"}],"wp:featuredmedia":[{"embeddable":true,"href":"https:\/\/www.manaus.am.gov.br\/semsa\/wp-json\/wp\/v2\/media\/215477"}],"wp:attachment":[{"href":"https:\/\/www.manaus.am.gov.br\/semsa\/wp-json\/wp\/v2\/media?parent=215474"}],"wp:term":[{"taxonomy":"category","embeddable":true,"href":"https:\/\/www.manaus.am.gov.br\/semsa\/wp-json\/wp\/v2\/categories?post=215474"},{"taxonomy":"post_tag","embeddable":true,"href":"https:\/\/www.manaus.am.gov.br\/semsa\/wp-json\/wp\/v2\/tags?post=215474"}],"curies":[{"name":"wp","href":"https:\/\/api.w.org\/{rel}","templated":true}]}}