{"id":215462,"date":"2022-01-21T19:23:00","date_gmt":"2022-01-21T23:23:00","guid":{"rendered":"https:\/\/www.manaus.am.gov.br\/semsa\/?p=215462"},"modified":"2024-05-10T11:11:21","modified_gmt":"2024-05-10T15:11:21","slug":"mais-de-56-mil-testes-de-covid-19-foram-realizados-pela-prefeitura","status":"publish","type":"post","link":"https:\/\/www.manaus.am.gov.br\/semsa\/mais-de-56-mil-testes-de-covid-19-foram-realizados-pela-prefeitura\/","title":{"rendered":"Mais de 56 mil testes de Covid-19 foram realizados pela prefeitura"},"content":{"rendered":"\n<p>As Unidades B\u00e1sicas de Sa\u00fade (UBSs) e os Centros Municipais de Testagem para Covid-19 realizaram 56.923 testes r\u00e1pidos de ant\u00edgeno para Covid-19, entre o per\u00edodo de 3 a 20\/1, de acordo com balan\u00e7o parcial divulgado pela Prefeitura de Manaus. Do total de exames realizados, 51,5% tiveram resultado positivo, o que corresponde a 29.346 pessoas diagnosticadas com a doen\u00e7a.<\/p>\n\n\n\n<p>Os dados, de acordo com a Secretaria Municipal de Sa\u00fade (Semsa), referem-se a informa\u00e7\u00f5es de produ\u00e7\u00e3o das UBSs no per\u00edodo de 3 a 20 de janeiro e ao total de exames realizados nos dois espa\u00e7os descentralizados de testagem desde que as unidades entraram em opera\u00e7\u00e3o: a do Studio 5 Centro de Conven\u00e7\u00f5es, no Japiim, na zona Sul, no dia 12, e do Centro de Conven\u00e7\u00f5es Vasco Vasques, em Flores, zona Centro-Sul, em parceria com o governo do Amazonas, no \u00faltimo dia 19.<\/p>\n\n\n\n<p>Dos testes notificados at\u00e9 o momento, 25,5 mil foram realizados no Studio 5. Outros 24,7 mil foram coletados nas unidades de sa\u00fade da rede b\u00e1sica municipal onde o servi\u00e7o \u00e9 oferecido e em pontos de coleta tempor\u00e1rios. E 6,6 mil foram feitos no Centro de Conven\u00e7\u00f5es Vasco Vasques.<\/p>\n\n\n\n<p>As unidades com maior n\u00famero de testes processados foram as do Distrito de Sa\u00fade (Disa) Norte, onde foram feitos 7,9 mil exames, seguidas das do Disa Oeste (6,6 mil testes) e Leste (6,4 mil). Nas unidades do Disa Sul foram realizados 1,6 mil testes e nas do Disa Rural, 524. Os n\u00fameros n\u00e3o incluem a produ\u00e7\u00e3o dos centros de testagem. Os locais com oferta de testes para Covid-19 podem ser consultados no link&nbsp;<a href=\"https:\/\/bit.ly\/ubscovidmanaus\">https:\/\/bit.ly\/ubscovidmanaus<\/a>.<\/p>\n\n\n\n<p><strong>Provid\u00eancias<\/strong><\/p>\n\n\n\n<p>A secret\u00e1ria municipal de Sa\u00fade, Sh\u00e1dia Fraxe, destaca que o acompanhamento das informa\u00e7\u00f5es da rede de aten\u00e7\u00e3o b\u00e1sica \u00e9 importante para a defini\u00e7\u00e3o de estrat\u00e9gias para preven\u00e7\u00e3o e controle das s\u00edndromes gripais durante o per\u00edodo sazonal e, em especial, neste momento de expans\u00e3o dos casos de Covid-19.<\/p>\n\n\n\n<p>\u201cO prefeito David Almeida n\u00e3o tem medido esfor\u00e7os para garantir aten\u00e7\u00e3o prim\u00e1ria \u00e0s pessoas com sintomas gripais, adotando todas as medidas poss\u00edveis para reduzir os riscos de adoecimento e agravamento dos casos na capital\u201d, pontua a secret\u00e1ria.<\/p>\n\n\n\n<p>Sh\u00e1dia ressalta que os 436 profissionais classificados no chamamento p\u00fablico come\u00e7am a trabalhar nas unidades de maior demanda e d\u00e9ficit de pessoal j\u00e1 na pr\u00f3xima semana, e que a Semsa tamb\u00e9m est\u00e1 ampliando os estoques de medicamentos, testes e insumos, para garantir que todas as unidades sigam abastecidas.<\/p>\n\n\n\n<p>A expectativa dos especialistas, segundo a secret\u00e1ria, \u00e9 que os casos de Covid-19 comecem a diminuir no m\u00eas de fevereiro e at\u00e9 l\u00e1, a recomenda\u00e7\u00e3o \u00e9 que todos os cuidados para a preven\u00e7\u00e3o das s\u00edndromes respirat\u00f3rias sejam refor\u00e7ados e que todos completem seu esquema vacinal. \u201cEstamos em uma situa\u00e7\u00e3o cr\u00edtica, que s\u00f3 ser\u00e1 vencida com o empenho de todos, e isso inclui cada cidad\u00e3o\u201d, conclui.<\/p>\n\n\n\n<p><strong>Texto<\/strong>&nbsp;\u2013 Andr\u00e9a Arruda \/Semsa<\/p>\n\n\n\n<p><strong>Fotos<\/strong>&nbsp;\u2013 Camila Batista \/ Semsa<\/p>\n\n\n\n<p><strong>Dispon\u00edveis em<\/strong>&nbsp;\u2013&nbsp;<a href=\"https:\/\/flic.kr\/s\/aHBqjzyxA5\">https:\/\/flic.kr\/s\/aHBqjzyxA5<\/a><\/p>\n","protected":false},"excerpt":{"rendered":"","protected":false},"author":65,"featured_media":215463,"comment_status":"closed","ping_status":"closed","sticky":false,"template":"","format":"standard","meta":{"footnotes":""},"categories":[158],"tags":[],"acf":[],"yoast_head":"<!-- This site is optimized with the Yoast SEO plugin v23.0 - https:\/\/yoast.com\/wordpress\/plugins\/seo\/ -->\n<title>Mais de 56 mil testes de Covid-19 foram realizados pela prefeitura - SEMSA<\/title>\n<meta name=\"robots\" content=\"index, follow, max-snippet:-1, max-image-preview:large, max-video-preview:-1\" \/>\n<link rel=\"canonical\" href=\"https:\/\/www.manaus.am.gov.br\/semsa\/mais-de-56-mil-testes-de-covid-19-foram-realizados-pela-prefeitura\/\" \/>\n<meta property=\"og:locale\" content=\"pt_BR\" \/>\n<meta property=\"og:type\" content=\"article\" \/>\n<meta property=\"og:title\" content=\"Mais de 56 mil testes de Covid-19 foram realizados pela prefeitura - SEMSA\" \/>\n<meta property=\"og:url\" content=\"https:\/\/www.manaus.am.gov.br\/semsa\/mais-de-56-mil-testes-de-covid-19-foram-realizados-pela-prefeitura\/\" \/>\n<meta property=\"og:site_name\" content=\"SEMSA\" \/>\n<meta property=\"article:published_time\" content=\"2022-01-21T23:23:00+00:00\" \/>\n<meta property=\"article:modified_time\" content=\"2024-05-10T15:11:21+00:00\" \/>\n<meta property=\"og:image\" content=\"https:\/\/www.manaus.am.gov.br\/semsa\/wp-content\/uploads\/sites\/8\/2024\/05\/51819150656_ea7a95470e_c-1-720x407-1.jpg\" \/>\n\t<meta property=\"og:image:width\" content=\"720\" \/>\n\t<meta property=\"og:image:height\" content=\"407\" \/>\n\t<meta property=\"og:image:type\" content=\"image\/jpeg\" \/>\n<meta name=\"author\" content=\"Luana Abecassis\" \/>\n<meta name=\"twitter:card\" content=\"summary_large_image\" \/>\n<meta name=\"twitter:label1\" content=\"Written by\" \/>\n\t<meta name=\"twitter:data1\" content=\"Luana Abecassis\" \/>\n\t<meta name=\"twitter:label2\" content=\"Est. reading time\" \/>\n\t<meta name=\"twitter:data2\" content=\"3 minutos\" \/>\n<script type=\"application\/ld+json\" class=\"yoast-schema-graph\">{\"@context\":\"https:\/\/schema.org\",\"@graph\":[{\"@type\":\"WebPage\",\"@id\":\"https:\/\/www.manaus.am.gov.br\/semsa\/mais-de-56-mil-testes-de-covid-19-foram-realizados-pela-prefeitura\/\",\"url\":\"https:\/\/www.manaus.am.gov.br\/semsa\/mais-de-56-mil-testes-de-covid-19-foram-realizados-pela-prefeitura\/\",\"name\":\"Mais de 56 mil testes de Covid-19 foram realizados pela prefeitura - SEMSA\",\"isPartOf\":{\"@id\":\"https:\/\/www.manaus.am.gov.br\/semsa\/#website\"},\"primaryImageOfPage\":{\"@id\":\"https:\/\/www.manaus.am.gov.br\/semsa\/mais-de-56-mil-testes-de-covid-19-foram-realizados-pela-prefeitura\/#primaryimage\"},\"image\":{\"@id\":\"https:\/\/www.manaus.am.gov.br\/semsa\/mais-de-56-mil-testes-de-covid-19-foram-realizados-pela-prefeitura\/#primaryimage\"},\"thumbnailUrl\":\"https:\/\/www.manaus.am.gov.br\/semsa\/wp-content\/uploads\/sites\/8\/2024\/05\/51819150656_ea7a95470e_c-1-720x407-1.jpg\",\"datePublished\":\"2022-01-21T23:23:00+00:00\",\"dateModified\":\"2024-05-10T15:11:21+00:00\",\"author\":{\"@id\":\"https:\/\/www.manaus.am.gov.br\/semsa\/#\/schema\/person\/c6a949869c569fa922046ae33645bd1b\"},\"inLanguage\":\"pt-BR\",\"potentialAction\":[{\"@type\":\"ReadAction\",\"target\":[\"https:\/\/www.manaus.am.gov.br\/semsa\/mais-de-56-mil-testes-de-covid-19-foram-realizados-pela-prefeitura\/\"]}]},{\"@type\":\"ImageObject\",\"inLanguage\":\"pt-BR\",\"@id\":\"https:\/\/www.manaus.am.gov.br\/semsa\/mais-de-56-mil-testes-de-covid-19-foram-realizados-pela-prefeitura\/#primaryimage\",\"url\":\"https:\/\/www.manaus.am.gov.br\/semsa\/wp-content\/uploads\/sites\/8\/2024\/05\/51819150656_ea7a95470e_c-1-720x407-1.jpg\",\"contentUrl\":\"https:\/\/www.manaus.am.gov.br\/semsa\/wp-content\/uploads\/sites\/8\/2024\/05\/51819150656_ea7a95470e_c-1-720x407-1.jpg\",\"width\":720,\"height\":407},{\"@type\":\"WebSite\",\"@id\":\"https:\/\/www.manaus.am.gov.br\/semsa\/#website\",\"url\":\"https:\/\/www.manaus.am.gov.br\/semsa\/\",\"name\":\"SEMSA\",\"description\":\"Secretaria Municipal de Sa\u00fade\",\"alternateName\":\"Secretaria Municipal de Sa\u00fade\",\"potentialAction\":[{\"@type\":\"SearchAction\",\"target\":{\"@type\":\"EntryPoint\",\"urlTemplate\":\"https:\/\/www.manaus.am.gov.br\/semsa\/?s={search_term_string}\"},\"query-input\":\"required name=search_term_string\"}],\"inLanguage\":\"pt-BR\"},{\"@type\":\"Person\",\"@id\":\"https:\/\/www.manaus.am.gov.br\/semsa\/#\/schema\/person\/c6a949869c569fa922046ae33645bd1b\",\"name\":\"Luana Abecassis\",\"image\":{\"@type\":\"ImageObject\",\"inLanguage\":\"pt-BR\",\"@id\":\"https:\/\/www.manaus.am.gov.br\/semsa\/#\/schema\/person\/image\/\",\"url\":\"https:\/\/secure.gravatar.com\/avatar\/49f5bfb42a36a0ec57a2a2b4adad3180?s=96&d=mm&r=g\",\"contentUrl\":\"https:\/\/secure.gravatar.com\/avatar\/49f5bfb42a36a0ec57a2a2b4adad3180?s=96&d=mm&r=g\",\"caption\":\"Luana Abecassis\"}}]}<\/script>\n<!-- \/ Yoast SEO plugin. -->","yoast_head_json":{"title":"Mais de 56 mil testes de Covid-19 foram realizados pela prefeitura - SEMSA","robots":{"index":"index","follow":"follow","max-snippet":"max-snippet:-1","max-image-preview":"max-image-preview:large","max-video-preview":"max-video-preview:-1"},"canonical":"https:\/\/www.manaus.am.gov.br\/semsa\/mais-de-56-mil-testes-de-covid-19-foram-realizados-pela-prefeitura\/","og_locale":"pt_BR","og_type":"article","og_title":"Mais de 56 mil testes de Covid-19 foram realizados pela prefeitura - SEMSA","og_url":"https:\/\/www.manaus.am.gov.br\/semsa\/mais-de-56-mil-testes-de-covid-19-foram-realizados-pela-prefeitura\/","og_site_name":"SEMSA","article_published_time":"2022-01-21T23:23:00+00:00","article_modified_time":"2024-05-10T15:11:21+00:00","og_image":[{"width":720,"height":407,"url":"https:\/\/www.manaus.am.gov.br\/semsa\/wp-content\/uploads\/sites\/8\/2024\/05\/51819150656_ea7a95470e_c-1-720x407-1.jpg","type":"image\/jpeg"}],"author":"Luana Abecassis","twitter_card":"summary_large_image","twitter_misc":{"Written by":"Luana Abecassis","Est. reading time":"3 minutos"},"schema":{"@context":"https:\/\/schema.org","@graph":[{"@type":"WebPage","@id":"https:\/\/www.manaus.am.gov.br\/semsa\/mais-de-56-mil-testes-de-covid-19-foram-realizados-pela-prefeitura\/","url":"https:\/\/www.manaus.am.gov.br\/semsa\/mais-de-56-mil-testes-de-covid-19-foram-realizados-pela-prefeitura\/","name":"Mais de 56 mil testes de Covid-19 foram realizados pela prefeitura - SEMSA","isPartOf":{"@id":"https:\/\/www.manaus.am.gov.br\/semsa\/#website"},"primaryImageOfPage":{"@id":"https:\/\/www.manaus.am.gov.br\/semsa\/mais-de-56-mil-testes-de-covid-19-foram-realizados-pela-prefeitura\/#primaryimage"},"image":{"@id":"https:\/\/www.manaus.am.gov.br\/semsa\/mais-de-56-mil-testes-de-covid-19-foram-realizados-pela-prefeitura\/#primaryimage"},"thumbnailUrl":"https:\/\/www.manaus.am.gov.br\/semsa\/wp-content\/uploads\/sites\/8\/2024\/05\/51819150656_ea7a95470e_c-1-720x407-1.jpg","datePublished":"2022-01-21T23:23:00+00:00","dateModified":"2024-05-10T15:11:21+00:00","author":{"@id":"https:\/\/www.manaus.am.gov.br\/semsa\/#\/schema\/person\/c6a949869c569fa922046ae33645bd1b"},"inLanguage":"pt-BR","potentialAction":[{"@type":"ReadAction","target":["https:\/\/www.manaus.am.gov.br\/semsa\/mais-de-56-mil-testes-de-covid-19-foram-realizados-pela-prefeitura\/"]}]},{"@type":"ImageObject","inLanguage":"pt-BR","@id":"https:\/\/www.manaus.am.gov.br\/semsa\/mais-de-56-mil-testes-de-covid-19-foram-realizados-pela-prefeitura\/#primaryimage","url":"https:\/\/www.manaus.am.gov.br\/semsa\/wp-content\/uploads\/sites\/8\/2024\/05\/51819150656_ea7a95470e_c-1-720x407-1.jpg","contentUrl":"https:\/\/www.manaus.am.gov.br\/semsa\/wp-content\/uploads\/sites\/8\/2024\/05\/51819150656_ea7a95470e_c-1-720x407-1.jpg","width":720,"height":407},{"@type":"WebSite","@id":"https:\/\/www.manaus.am.gov.br\/semsa\/#website","url":"https:\/\/www.manaus.am.gov.br\/semsa\/","name":"SEMSA","description":"Secretaria Municipal de Sa\u00fade","alternateName":"Secretaria Municipal de Sa\u00fade","potentialAction":[{"@type":"SearchAction","target":{"@type":"EntryPoint","urlTemplate":"https:\/\/www.manaus.am.gov.br\/semsa\/?s={search_term_string}"},"query-input":"required name=search_term_string"}],"inLanguage":"pt-BR"},{"@type":"Person","@id":"https:\/\/www.manaus.am.gov.br\/semsa\/#\/schema\/person\/c6a949869c569fa922046ae33645bd1b","name":"Luana Abecassis","image":{"@type":"ImageObject","inLanguage":"pt-BR","@id":"https:\/\/www.manaus.am.gov.br\/semsa\/#\/schema\/person\/image\/","url":"https:\/\/secure.gravatar.com\/avatar\/49f5bfb42a36a0ec57a2a2b4adad3180?s=96&d=mm&r=g","contentUrl":"https:\/\/secure.gravatar.com\/avatar\/49f5bfb42a36a0ec57a2a2b4adad3180?s=96&d=mm&r=g","caption":"Luana Abecassis"}}]}},"_links":{"self":[{"href":"https:\/\/www.manaus.am.gov.br\/semsa\/wp-json\/wp\/v2\/posts\/215462"}],"collection":[{"href":"https:\/\/www.manaus.am.gov.br\/semsa\/wp-json\/wp\/v2\/posts"}],"about":[{"href":"https:\/\/www.manaus.am.gov.br\/semsa\/wp-json\/wp\/v2\/types\/post"}],"author":[{"embeddable":true,"href":"https:\/\/www.manaus.am.gov.br\/semsa\/wp-json\/wp\/v2\/users\/65"}],"replies":[{"embeddable":true,"href":"https:\/\/www.manaus.am.gov.br\/semsa\/wp-json\/wp\/v2\/comments?post=215462"}],"version-history":[{"count":1,"href":"https:\/\/www.manaus.am.gov.br\/semsa\/wp-json\/wp\/v2\/posts\/215462\/revisions"}],"predecessor-version":[{"id":215464,"href":"https:\/\/www.manaus.am.gov.br\/semsa\/wp-json\/wp\/v2\/posts\/215462\/revisions\/215464"}],"wp:featuredmedia":[{"embeddable":true,"href":"https:\/\/www.manaus.am.gov.br\/semsa\/wp-json\/wp\/v2\/media\/215463"}],"wp:attachment":[{"href":"https:\/\/www.manaus.am.gov.br\/semsa\/wp-json\/wp\/v2\/media?parent=215462"}],"wp:term":[{"taxonomy":"category","embeddable":true,"href":"https:\/\/www.manaus.am.gov.br\/semsa\/wp-json\/wp\/v2\/categories?post=215462"},{"taxonomy":"post_tag","embeddable":true,"href":"https:\/\/www.manaus.am.gov.br\/semsa\/wp-json\/wp\/v2\/tags?post=215462"}],"curies":[{"name":"wp","href":"https:\/\/api.w.org\/{rel}","templated":true}]}}