{"id":215453,"date":"2022-01-17T19:44:00","date_gmt":"2022-01-17T23:44:00","guid":{"rendered":"https:\/\/www.manaus.am.gov.br\/semsa\/?p=215453"},"modified":"2024-05-10T11:06:51","modified_gmt":"2024-05-10T15:06:51","slug":"centro-municipal-de-testagem-para-covid-19-ja-realizou-mais-de-11-mil-exames-em-manaus","status":"publish","type":"post","link":"https:\/\/www.manaus.am.gov.br\/semsa\/centro-municipal-de-testagem-para-covid-19-ja-realizou-mais-de-11-mil-exames-em-manaus\/","title":{"rendered":"Centro Municipal de Testagem para Covid-19 j\u00e1 realizou mais de 11 mil exames em Manaus"},"content":{"rendered":"\n<p>O Centro Municipal de Testagem para a Covid-19, criado pela Prefeitura de Manaus para facilitar o acesso da popula\u00e7\u00e3o aos testes de ant\u00edgeno para a doen\u00e7a, realizou, no per\u00edodo de 12\/1, quando iniciou suas atividades, at\u00e9 o \u00faltimo s\u00e1bado, 15\/1, um total de 11.256 testes.\u00a0 O local funciona em car\u00e1ter emergencial no Studio 5 Centro de Conven\u00e7\u00f5es, na zona Sul de Manaus.<\/p>\n\n\n\n<p>Do total de testes realizados na unidade coordenada pela Secretaria Municipal de Sa\u00fade (Semsa), 48% dos exames deram resultado positivo para Covid-19, enquanto os resultados negativos ficaram em 52%.<\/p>\n\n\n\n<p>A unidade de testagem \u00e9 uma das estrat\u00e9gias da Prefeitura de Manaus para o enfrentamento da Covid-19. Os testes, cujo resultado sai em at\u00e9 20 minutos, permitem que a gest\u00e3o intervenha de forma oportuna para controlar a transmiss\u00e3o do Sars-Cov-2 na capital. Devido ao fluxo de pessoas que procuram o servi\u00e7o, a prefeitura ir\u00e1 abrir na pr\u00f3xima quarta-feira, 19\/1, em parceria com o governo do Estado, um novo centro de testagem, no Centro de Conven\u00e7\u00f5es Vasco Vasques, ampliando o acesso aos testes na capital.<\/p>\n\n\n\n<p>Para a secret\u00e1ria Sh\u00e1dia Fraxe, o servi\u00e7o \u00e9 essencial frente ao contexto epidemiol\u00f3gico que aponta aumento no n\u00famero de casos de Covid-19 e outras s\u00edndromes gripais. Ela observa que os sintomas iniciais das duas doen\u00e7as s\u00e3o muito parecidos e que a testagem possibilita o diagn\u00f3stico preciso.<\/p>\n\n\n\n<p>\u201cTodos esses resultados est\u00e3o sendo notificados no sistema e-SUS Notifica, do Minist\u00e9rio da Sa\u00fade, e nos ajudam a avaliar o cen\u00e1rio atual para com base nessas informa\u00e7\u00f5es definir as a\u00e7\u00f5es para reduzir a transmissibilidade da Covid-19\u201d, acentuou.<\/p>\n\n\n\n<p>O atendimento no centro de testagem compreende, al\u00e9m da realiza\u00e7\u00e3o de testes, assist\u00eancia m\u00e9dica e farmac\u00eautica com a oferta de medicamentos \u00e0s pessoas cujos testes deram resultado positivo para a Covid19.<\/p>\n\n\n\n<p><strong>For\u00e7a-tarefa<\/strong><\/p>\n\n\n\n<p>Para dar celeridade \u00e0 inser\u00e7\u00e3o dos resultados dos testes para Covid-19 realizados em Manaus, a prefeitura criou uma for\u00e7a-tarefa formada por 30 servidores municipais que est\u00e3o trabalhando, desde o \u00faltimo s\u00e1bado, 15\/1, no Centro de Coopera\u00e7\u00e3o da Capital (CCC) na notifica\u00e7\u00e3o de casos de Covid-19 e de outras s\u00edndromes gripais, na plataforma e-SUS Notifica, do Minist\u00e9rio da Sa\u00fade.<\/p>\n\n\n\n<p>At\u00e9 o momento, foram notificados 3,2 mil casos (positivos e negativos) nos sistemas oficiais. Os colaboradores trabalham por turnos em uma jornada de trabalho que inicia \u00e0s 8h e termina \u00e0s 17h, para alimentar o sistema do governo federal, que re\u00fane informa\u00e7\u00f5es sobre casos de Covid-19 e outras s\u00edndromes gripais de todo o Brasil.<\/p>\n\n\n\n<p><strong>Texto \u2013&nbsp;<\/strong>T\u00e2nia Brand\u00e3o \/ Semsa<\/p>\n\n\n\n<p><strong>Fotos \u2013<\/strong>&nbsp;Ruan Souza \/ Semsa<\/p>\n\n\n\n<p>Dispon\u00edveis em \u2013&nbsp;<a href=\"https:\/\/flic.kr\/p\/2mXrawT\">https:\/\/flic.kr\/p\/2mXrawT<\/a><\/p>\n","protected":false},"excerpt":{"rendered":"","protected":false},"author":65,"featured_media":215455,"comment_status":"closed","ping_status":"closed","sticky":false,"template":"","format":"standard","meta":{"footnotes":""},"categories":[207],"tags":[],"acf":[],"yoast_head":"<!-- This site is optimized with the Yoast SEO plugin v23.0 - https:\/\/yoast.com\/wordpress\/plugins\/seo\/ -->\n<title>Centro Municipal de Testagem para Covid-19 j\u00e1 realizou mais de 11 mil exames em Manaus - SEMSA<\/title>\n<meta name=\"robots\" content=\"index, follow, max-snippet:-1, max-image-preview:large, max-video-preview:-1\" \/>\n<link rel=\"canonical\" href=\"https:\/\/www.manaus.am.gov.br\/semsa\/centro-municipal-de-testagem-para-covid-19-ja-realizou-mais-de-11-mil-exames-em-manaus\/\" \/>\n<meta property=\"og:locale\" content=\"pt_BR\" \/>\n<meta property=\"og:type\" content=\"article\" \/>\n<meta property=\"og:title\" content=\"Centro Municipal de Testagem para Covid-19 j\u00e1 realizou mais de 11 mil exames em Manaus - SEMSA\" \/>\n<meta property=\"og:url\" content=\"https:\/\/www.manaus.am.gov.br\/semsa\/centro-municipal-de-testagem-para-covid-19-ja-realizou-mais-de-11-mil-exames-em-manaus\/\" \/>\n<meta property=\"og:site_name\" content=\"SEMSA\" \/>\n<meta property=\"article:published_time\" content=\"2022-01-17T23:44:00+00:00\" \/>\n<meta property=\"article:modified_time\" content=\"2024-05-10T15:06:51+00:00\" \/>\n<meta property=\"og:image\" content=\"https:\/\/www.manaus.am.gov.br\/semsa\/wp-content\/uploads\/sites\/8\/2024\/05\/WhatsApp-Image-2022-01-17-at-18.31.35-1.jpeg\" \/>\n\t<meta property=\"og:image:width\" content=\"720\" \/>\n\t<meta property=\"og:image:height\" content=\"407\" \/>\n\t<meta property=\"og:image:type\" content=\"image\/jpeg\" \/>\n<meta name=\"author\" content=\"Luana Abecassis\" \/>\n<meta name=\"twitter:card\" content=\"summary_large_image\" \/>\n<meta name=\"twitter:label1\" content=\"Written by\" \/>\n\t<meta name=\"twitter:data1\" content=\"Luana Abecassis\" \/>\n\t<meta name=\"twitter:label2\" content=\"Est. reading time\" \/>\n\t<meta name=\"twitter:data2\" content=\"3 minutos\" \/>\n<script type=\"application\/ld+json\" class=\"yoast-schema-graph\">{\"@context\":\"https:\/\/schema.org\",\"@graph\":[{\"@type\":\"WebPage\",\"@id\":\"https:\/\/www.manaus.am.gov.br\/semsa\/centro-municipal-de-testagem-para-covid-19-ja-realizou-mais-de-11-mil-exames-em-manaus\/\",\"url\":\"https:\/\/www.manaus.am.gov.br\/semsa\/centro-municipal-de-testagem-para-covid-19-ja-realizou-mais-de-11-mil-exames-em-manaus\/\",\"name\":\"Centro Municipal de Testagem para Covid-19 j\u00e1 realizou mais de 11 mil exames em Manaus - SEMSA\",\"isPartOf\":{\"@id\":\"https:\/\/www.manaus.am.gov.br\/semsa\/#website\"},\"primaryImageOfPage\":{\"@id\":\"https:\/\/www.manaus.am.gov.br\/semsa\/centro-municipal-de-testagem-para-covid-19-ja-realizou-mais-de-11-mil-exames-em-manaus\/#primaryimage\"},\"image\":{\"@id\":\"https:\/\/www.manaus.am.gov.br\/semsa\/centro-municipal-de-testagem-para-covid-19-ja-realizou-mais-de-11-mil-exames-em-manaus\/#primaryimage\"},\"thumbnailUrl\":\"https:\/\/www.manaus.am.gov.br\/semsa\/wp-content\/uploads\/sites\/8\/2024\/05\/WhatsApp-Image-2022-01-17-at-18.31.35-1.jpeg\",\"datePublished\":\"2022-01-17T23:44:00+00:00\",\"dateModified\":\"2024-05-10T15:06:51+00:00\",\"author\":{\"@id\":\"https:\/\/www.manaus.am.gov.br\/semsa\/#\/schema\/person\/c6a949869c569fa922046ae33645bd1b\"},\"inLanguage\":\"pt-BR\",\"potentialAction\":[{\"@type\":\"ReadAction\",\"target\":[\"https:\/\/www.manaus.am.gov.br\/semsa\/centro-municipal-de-testagem-para-covid-19-ja-realizou-mais-de-11-mil-exames-em-manaus\/\"]}]},{\"@type\":\"ImageObject\",\"inLanguage\":\"pt-BR\",\"@id\":\"https:\/\/www.manaus.am.gov.br\/semsa\/centro-municipal-de-testagem-para-covid-19-ja-realizou-mais-de-11-mil-exames-em-manaus\/#primaryimage\",\"url\":\"https:\/\/www.manaus.am.gov.br\/semsa\/wp-content\/uploads\/sites\/8\/2024\/05\/WhatsApp-Image-2022-01-17-at-18.31.35-1.jpeg\",\"contentUrl\":\"https:\/\/www.manaus.am.gov.br\/semsa\/wp-content\/uploads\/sites\/8\/2024\/05\/WhatsApp-Image-2022-01-17-at-18.31.35-1.jpeg\",\"width\":720,\"height\":407},{\"@type\":\"WebSite\",\"@id\":\"https:\/\/www.manaus.am.gov.br\/semsa\/#website\",\"url\":\"https:\/\/www.manaus.am.gov.br\/semsa\/\",\"name\":\"SEMSA\",\"description\":\"Secretaria Municipal de Sa\u00fade\",\"alternateName\":\"Secretaria Municipal de Sa\u00fade\",\"potentialAction\":[{\"@type\":\"SearchAction\",\"target\":{\"@type\":\"EntryPoint\",\"urlTemplate\":\"https:\/\/www.manaus.am.gov.br\/semsa\/?s={search_term_string}\"},\"query-input\":\"required name=search_term_string\"}],\"inLanguage\":\"pt-BR\"},{\"@type\":\"Person\",\"@id\":\"https:\/\/www.manaus.am.gov.br\/semsa\/#\/schema\/person\/c6a949869c569fa922046ae33645bd1b\",\"name\":\"Luana Abecassis\",\"image\":{\"@type\":\"ImageObject\",\"inLanguage\":\"pt-BR\",\"@id\":\"https:\/\/www.manaus.am.gov.br\/semsa\/#\/schema\/person\/image\/\",\"url\":\"https:\/\/secure.gravatar.com\/avatar\/49f5bfb42a36a0ec57a2a2b4adad3180?s=96&d=mm&r=g\",\"contentUrl\":\"https:\/\/secure.gravatar.com\/avatar\/49f5bfb42a36a0ec57a2a2b4adad3180?s=96&d=mm&r=g\",\"caption\":\"Luana Abecassis\"}}]}<\/script>\n<!-- \/ Yoast SEO plugin. -->","yoast_head_json":{"title":"Centro Municipal de Testagem para Covid-19 j\u00e1 realizou mais de 11 mil exames em Manaus - SEMSA","robots":{"index":"index","follow":"follow","max-snippet":"max-snippet:-1","max-image-preview":"max-image-preview:large","max-video-preview":"max-video-preview:-1"},"canonical":"https:\/\/www.manaus.am.gov.br\/semsa\/centro-municipal-de-testagem-para-covid-19-ja-realizou-mais-de-11-mil-exames-em-manaus\/","og_locale":"pt_BR","og_type":"article","og_title":"Centro Municipal de Testagem para Covid-19 j\u00e1 realizou mais de 11 mil exames em Manaus - SEMSA","og_url":"https:\/\/www.manaus.am.gov.br\/semsa\/centro-municipal-de-testagem-para-covid-19-ja-realizou-mais-de-11-mil-exames-em-manaus\/","og_site_name":"SEMSA","article_published_time":"2022-01-17T23:44:00+00:00","article_modified_time":"2024-05-10T15:06:51+00:00","og_image":[{"width":720,"height":407,"url":"https:\/\/www.manaus.am.gov.br\/semsa\/wp-content\/uploads\/sites\/8\/2024\/05\/WhatsApp-Image-2022-01-17-at-18.31.35-1.jpeg","type":"image\/jpeg"}],"author":"Luana Abecassis","twitter_card":"summary_large_image","twitter_misc":{"Written by":"Luana Abecassis","Est. reading time":"3 minutos"},"schema":{"@context":"https:\/\/schema.org","@graph":[{"@type":"WebPage","@id":"https:\/\/www.manaus.am.gov.br\/semsa\/centro-municipal-de-testagem-para-covid-19-ja-realizou-mais-de-11-mil-exames-em-manaus\/","url":"https:\/\/www.manaus.am.gov.br\/semsa\/centro-municipal-de-testagem-para-covid-19-ja-realizou-mais-de-11-mil-exames-em-manaus\/","name":"Centro Municipal de Testagem para Covid-19 j\u00e1 realizou mais de 11 mil exames em Manaus - SEMSA","isPartOf":{"@id":"https:\/\/www.manaus.am.gov.br\/semsa\/#website"},"primaryImageOfPage":{"@id":"https:\/\/www.manaus.am.gov.br\/semsa\/centro-municipal-de-testagem-para-covid-19-ja-realizou-mais-de-11-mil-exames-em-manaus\/#primaryimage"},"image":{"@id":"https:\/\/www.manaus.am.gov.br\/semsa\/centro-municipal-de-testagem-para-covid-19-ja-realizou-mais-de-11-mil-exames-em-manaus\/#primaryimage"},"thumbnailUrl":"https:\/\/www.manaus.am.gov.br\/semsa\/wp-content\/uploads\/sites\/8\/2024\/05\/WhatsApp-Image-2022-01-17-at-18.31.35-1.jpeg","datePublished":"2022-01-17T23:44:00+00:00","dateModified":"2024-05-10T15:06:51+00:00","author":{"@id":"https:\/\/www.manaus.am.gov.br\/semsa\/#\/schema\/person\/c6a949869c569fa922046ae33645bd1b"},"inLanguage":"pt-BR","potentialAction":[{"@type":"ReadAction","target":["https:\/\/www.manaus.am.gov.br\/semsa\/centro-municipal-de-testagem-para-covid-19-ja-realizou-mais-de-11-mil-exames-em-manaus\/"]}]},{"@type":"ImageObject","inLanguage":"pt-BR","@id":"https:\/\/www.manaus.am.gov.br\/semsa\/centro-municipal-de-testagem-para-covid-19-ja-realizou-mais-de-11-mil-exames-em-manaus\/#primaryimage","url":"https:\/\/www.manaus.am.gov.br\/semsa\/wp-content\/uploads\/sites\/8\/2024\/05\/WhatsApp-Image-2022-01-17-at-18.31.35-1.jpeg","contentUrl":"https:\/\/www.manaus.am.gov.br\/semsa\/wp-content\/uploads\/sites\/8\/2024\/05\/WhatsApp-Image-2022-01-17-at-18.31.35-1.jpeg","width":720,"height":407},{"@type":"WebSite","@id":"https:\/\/www.manaus.am.gov.br\/semsa\/#website","url":"https:\/\/www.manaus.am.gov.br\/semsa\/","name":"SEMSA","description":"Secretaria Municipal de Sa\u00fade","alternateName":"Secretaria Municipal de Sa\u00fade","potentialAction":[{"@type":"SearchAction","target":{"@type":"EntryPoint","urlTemplate":"https:\/\/www.manaus.am.gov.br\/semsa\/?s={search_term_string}"},"query-input":"required name=search_term_string"}],"inLanguage":"pt-BR"},{"@type":"Person","@id":"https:\/\/www.manaus.am.gov.br\/semsa\/#\/schema\/person\/c6a949869c569fa922046ae33645bd1b","name":"Luana Abecassis","image":{"@type":"ImageObject","inLanguage":"pt-BR","@id":"https:\/\/www.manaus.am.gov.br\/semsa\/#\/schema\/person\/image\/","url":"https:\/\/secure.gravatar.com\/avatar\/49f5bfb42a36a0ec57a2a2b4adad3180?s=96&d=mm&r=g","contentUrl":"https:\/\/secure.gravatar.com\/avatar\/49f5bfb42a36a0ec57a2a2b4adad3180?s=96&d=mm&r=g","caption":"Luana Abecassis"}}]}},"_links":{"self":[{"href":"https:\/\/www.manaus.am.gov.br\/semsa\/wp-json\/wp\/v2\/posts\/215453"}],"collection":[{"href":"https:\/\/www.manaus.am.gov.br\/semsa\/wp-json\/wp\/v2\/posts"}],"about":[{"href":"https:\/\/www.manaus.am.gov.br\/semsa\/wp-json\/wp\/v2\/types\/post"}],"author":[{"embeddable":true,"href":"https:\/\/www.manaus.am.gov.br\/semsa\/wp-json\/wp\/v2\/users\/65"}],"replies":[{"embeddable":true,"href":"https:\/\/www.manaus.am.gov.br\/semsa\/wp-json\/wp\/v2\/comments?post=215453"}],"version-history":[{"count":1,"href":"https:\/\/www.manaus.am.gov.br\/semsa\/wp-json\/wp\/v2\/posts\/215453\/revisions"}],"predecessor-version":[{"id":215456,"href":"https:\/\/www.manaus.am.gov.br\/semsa\/wp-json\/wp\/v2\/posts\/215453\/revisions\/215456"}],"wp:featuredmedia":[{"embeddable":true,"href":"https:\/\/www.manaus.am.gov.br\/semsa\/wp-json\/wp\/v2\/media\/215455"}],"wp:attachment":[{"href":"https:\/\/www.manaus.am.gov.br\/semsa\/wp-json\/wp\/v2\/media?parent=215453"}],"wp:term":[{"taxonomy":"category","embeddable":true,"href":"https:\/\/www.manaus.am.gov.br\/semsa\/wp-json\/wp\/v2\/categories?post=215453"},{"taxonomy":"post_tag","embeddable":true,"href":"https:\/\/www.manaus.am.gov.br\/semsa\/wp-json\/wp\/v2\/tags?post=215453"}],"curies":[{"name":"wp","href":"https:\/\/api.w.org\/{rel}","templated":true}]}}