{"id":215449,"date":"2022-01-12T21:03:00","date_gmt":"2022-01-13T01:03:00","guid":{"rendered":"https:\/\/www.manaus.am.gov.br\/semsa\/?p=215449"},"modified":"2024-05-10T11:03:48","modified_gmt":"2024-05-10T15:03:48","slug":"centro-de-testagem-da-prefeitura-de-manaus-realiza-mais-de-mil-testes-para-covid-19-nas-primeiras-horas-de-atendimento","status":"publish","type":"post","link":"https:\/\/www.manaus.am.gov.br\/semsa\/centro-de-testagem-da-prefeitura-de-manaus-realiza-mais-de-mil-testes-para-covid-19-nas-primeiras-horas-de-atendimento\/","title":{"rendered":"Centro de Testagem da Prefeitura de Manaus realiza mais de mil testes para Covid-19 nas primeiras horas de atendimento"},"content":{"rendered":"\n<p>Aproximadamente 1,2 mil pessoas compareceram ao Centro Municipal de Testagem para Covid-19 nas primeiras quatro horas de funcionamento do servi\u00e7o, montado pela Prefeitura de Manaus no Studio 5 Centro de Conven\u00e7\u00f5es, na zona Sul, para atender pessoas com sintomas gripais.<\/p>\n\n\n\n<p>O centro foi aberto \u00e0s 14h desta quarta-feira, 12\/1, e \u00e9 o primeiro a ser operacionalizado pela Secretaria Municipal de Sa\u00fade (Semsa) com o objetivo de fazer frente ao aumento de casos suspeitos de Covid-19 e outras infec\u00e7\u00f5es respirat\u00f3rias, que t\u00eam gerado alta demanda por testagem nas unidades de sa\u00fade da capital.<\/p>\n\n\n\n<p>O atendimento no local \u00e9 exclusivo para pessoas sintom\u00e1ticas e que estejam sentindo febre acompanhada de dor de garganta, dor de cabe\u00e7a, dor no corpo, coriza e mal-estar h\u00e1, no m\u00e1ximo, sete dias. A orienta\u00e7\u00e3o para pessoas com sintomas h\u00e1 mais tempo \u00e9 que procurem diretamente uma Unidade B\u00e1sica de Sa\u00fade (UBS), para avalia\u00e7\u00e3o m\u00e9dica.<\/p>\n\n\n\n<p><strong>Atendimento<\/strong><\/p>\n\n\n\n<p>Para o recebimento do p\u00fablico, foram montados quatro postos de acolhimento e 20 de coleta, al\u00e9m de espa\u00e7os dedicados ao atendimento m\u00e9dico e farm\u00e1cia, para entrega da medica\u00e7\u00e3o prescrita. O exame oferecido \u00e9 o teste r\u00e1pido de ant\u00edgeno, feito com amostra de nasofaringe, coletada com haste flex\u00edvel (esp\u00e9cie de cotonete), e com resultado dispon\u00edvel em aproximadamente 15 minutos.<\/p>\n\n\n\n<p>As pessoas submetidas ao teste, com resultado positivo, recebem atendimento m\u00e9dico no pr\u00f3prio Centro de Testagem e orienta\u00e7\u00f5es para o tratamento. As que apresentam resultado negativo para Covid, mas com confirma\u00e7\u00e3o de manifesta\u00e7\u00f5es cl\u00ednicas de s\u00edndrome gripal, tamb\u00e9m s\u00e3o atendidas pelo m\u00e9dico e orientadas a seguir o protocolo de tratamento da influenza.<\/p>\n\n\n\n<p><strong>Cen\u00e1rio<\/strong><\/p>\n\n\n\n<p>A secret\u00e1ria municipal de Sa\u00fade, Sh\u00e1dia Fraxe, que acompanhou os trabalhos no Centro de Testagem ao longo da tarde, afirmou que o n\u00famero de pessoas que foi ao local surpreendeu a equipe t\u00e9cnica da Semsa e, ao mesmo tempo, confirmou a necessidade de amplia\u00e7\u00e3o do acesso aos testes, em Manaus.<\/p>\n\n\n\n<p>\u201cVamos acompanhar e analisar a demanda nos pr\u00f3ximos dias, mas j\u00e1 trabalhamos com a perspectiva de abrir outros espa\u00e7os, inclusive com a parceria do governo do Amazonas, uma vez que o cen\u00e1rio epidemiol\u00f3gico, influenciado pelo per\u00edodo sazonal das doen\u00e7as respirat\u00f3rias e pelo avan\u00e7o da variante \u00d4micron, requer medidas de grande impacto para conter a transmiss\u00e3o dos v\u00edrus\u201d.<\/p>\n\n\n\n<p>Segundo a secret\u00e1ria, o balan\u00e7o completo do primeiro dia de funcionamento do centro, com os percentuais de casos positivos e negativos, ser\u00e1 consolidado nesta quinta-feira, 13, uma vez que a unidade segue aberta, nesta quarta, at\u00e9 as 22h.<\/p>\n\n\n\n<p><strong>Abastecimento<\/strong><\/p>\n\n\n\n<p>Sh\u00e1dia Fraxe garantiu que o munic\u00edpio est\u00e1 abastecido com testes para manuten\u00e7\u00e3o do servi\u00e7o tanto no Centro Municipal de Testagem quanto nas 51 unidades que j\u00e1 oferecem o servi\u00e7o de diagn\u00f3stico para Covid. \u201cEstamos recebendo 300 mil testes nos pr\u00f3ximos dias e temos em estoque, na Semsa, aproximadamente 70 mil unidades, incluindo 50 mil repassadas pela FVS (Funda\u00e7\u00e3o de Vigil\u00e2ncia em Sa\u00fade Dra. Rosemary Costa Pinto)\u201d.<\/p>\n\n\n\n<p><strong>Cuidados<\/strong><\/p>\n\n\n\n<p>A secret\u00e1ria tamb\u00e9m destacou a necessidade de colabora\u00e7\u00e3o da popula\u00e7\u00e3o, no sentido de n\u00e3o se descuidar das condutas de prote\u00e7\u00e3o, como o uso de m\u00e1scaras, a lavagem das m\u00e3os e o distanciamento social. \u201cN\u00e3o \u00e9 hora de baixar a guarda. Estamos em um per\u00edodo delicado, que exige o esfor\u00e7o e o compromisso de todos\u201d.<\/p>\n\n\n\n<p>A recepcionista Suzana Silva foi uma das pessoas que procuraram o Centro de Testagem nesta quarta-feira. Ela disse que estava com tosse h\u00e1 quatro dias e, preocupada por conta de um caso positivo na fam\u00edlia, foi se submeter ao teste, que deu negativo para Covid-19.<\/p>\n\n\n\n<p>\u201cEssa \u00e9 uma doen\u00e7a muito perigosa e temos que tomar as precau\u00e7\u00f5es. A gente tem que ter muita consci\u00eancia, porque a doen\u00e7a n\u00e3o \u00e9 f\u00e1cil\u201d, disse.<\/p>\n\n\n\n<p><strong>Segunda a s\u00e1bado<\/strong><\/p>\n\n\n\n<p>O Centro Municipal de Testagem vai funcionar de segunda a s\u00e1bado, das 9h \u00e0s 19h. Inicialmente o atendimento iria at\u00e9 as 21h, mas foi revisto ap\u00f3s avalia\u00e7\u00e3o dos fluxos de fechamento e registro dos trabalhos.<\/p>\n\n\n\n<p>A Semsa orienta que o usu\u00e1rio, para ser atendido, apresente documento de identifica\u00e7\u00e3o com foto e o Cart\u00e3o Nacional do SUS.<\/p>\n\n\n\n<p>O endere\u00e7o do Studio 5 Centro de Conven\u00e7\u00f5es, onde o Centro Municipal de Testagem para Covid-19 est\u00e1 funcionando, \u00e9 avenida Rodrigo Ot\u00e1vio, 3.555, Distrito Industrial, zona Sul.<\/p>\n\n\n\n<p>A oferta do teste segue, normalmente, tamb\u00e9m nas 51 UBSs de refer\u00eancia para casos suspeitos de Covid-19 e os endere\u00e7os podem ser conferidos pelo link&nbsp;<a href=\"https:\/\/bit.ly\/ubscovidmanaus\">https:\/\/bit.ly\/ubscovidmanaus<\/a>.<\/p>\n\n\n\n<p><strong>Texto<\/strong>&nbsp;\u2013 Andr\u00e9a Arruda \/ Semsa<\/p>\n\n\n\n<p><strong>Foto \u2013&nbsp;<\/strong>Camila Batista \/ Semsa<\/p>\n","protected":false},"excerpt":{"rendered":"","protected":false},"author":65,"featured_media":215450,"comment_status":"closed","ping_status":"closed","sticky":false,"template":"","format":"standard","meta":{"footnotes":""},"categories":[207],"tags":[],"acf":[],"yoast_head":"<!-- This site is optimized with the Yoast SEO plugin v23.0 - https:\/\/yoast.com\/wordpress\/plugins\/seo\/ -->\n<title>Centro de Testagem da Prefeitura de Manaus realiza mais de mil testes para Covid-19 nas primeiras horas de atendimento - SEMSA<\/title>\n<meta name=\"robots\" content=\"index, follow, max-snippet:-1, max-image-preview:large, max-video-preview:-1\" \/>\n<link rel=\"canonical\" href=\"https:\/\/www.manaus.am.gov.br\/semsa\/centro-de-testagem-da-prefeitura-de-manaus-realiza-mais-de-mil-testes-para-covid-19-nas-primeiras-horas-de-atendimento\/\" \/>\n<meta property=\"og:locale\" content=\"pt_BR\" \/>\n<meta property=\"og:type\" content=\"article\" \/>\n<meta property=\"og:title\" content=\"Centro de Testagem da Prefeitura de Manaus realiza mais de mil testes para Covid-19 nas primeiras horas de atendimento - SEMSA\" \/>\n<meta property=\"og:url\" content=\"https:\/\/www.manaus.am.gov.br\/semsa\/centro-de-testagem-da-prefeitura-de-manaus-realiza-mais-de-mil-testes-para-covid-19-nas-primeiras-horas-de-atendimento\/\" \/>\n<meta property=\"og:site_name\" content=\"SEMSA\" \/>\n<meta property=\"article:published_time\" content=\"2022-01-13T01:03:00+00:00\" \/>\n<meta property=\"article:modified_time\" content=\"2024-05-10T15:03:48+00:00\" \/>\n<meta property=\"og:image\" content=\"https:\/\/www.manaus.am.gov.br\/semsa\/wp-content\/uploads\/sites\/8\/2024\/05\/WhatsApp-Image-2022-01-12-at-21.00.23-720x407-1.jpeg\" \/>\n\t<meta property=\"og:image:width\" content=\"720\" \/>\n\t<meta property=\"og:image:height\" content=\"407\" \/>\n\t<meta property=\"og:image:type\" content=\"image\/jpeg\" \/>\n<meta name=\"author\" content=\"Luana Abecassis\" \/>\n<meta name=\"twitter:card\" content=\"summary_large_image\" \/>\n<meta name=\"twitter:label1\" content=\"Written by\" \/>\n\t<meta name=\"twitter:data1\" content=\"Luana Abecassis\" \/>\n\t<meta name=\"twitter:label2\" content=\"Est. reading time\" \/>\n\t<meta name=\"twitter:data2\" content=\"5 minutos\" \/>\n<script type=\"application\/ld+json\" class=\"yoast-schema-graph\">{\"@context\":\"https:\/\/schema.org\",\"@graph\":[{\"@type\":\"WebPage\",\"@id\":\"https:\/\/www.manaus.am.gov.br\/semsa\/centro-de-testagem-da-prefeitura-de-manaus-realiza-mais-de-mil-testes-para-covid-19-nas-primeiras-horas-de-atendimento\/\",\"url\":\"https:\/\/www.manaus.am.gov.br\/semsa\/centro-de-testagem-da-prefeitura-de-manaus-realiza-mais-de-mil-testes-para-covid-19-nas-primeiras-horas-de-atendimento\/\",\"name\":\"Centro de Testagem da Prefeitura de Manaus realiza mais de mil testes para Covid-19 nas primeiras horas de atendimento - SEMSA\",\"isPartOf\":{\"@id\":\"https:\/\/www.manaus.am.gov.br\/semsa\/#website\"},\"primaryImageOfPage\":{\"@id\":\"https:\/\/www.manaus.am.gov.br\/semsa\/centro-de-testagem-da-prefeitura-de-manaus-realiza-mais-de-mil-testes-para-covid-19-nas-primeiras-horas-de-atendimento\/#primaryimage\"},\"image\":{\"@id\":\"https:\/\/www.manaus.am.gov.br\/semsa\/centro-de-testagem-da-prefeitura-de-manaus-realiza-mais-de-mil-testes-para-covid-19-nas-primeiras-horas-de-atendimento\/#primaryimage\"},\"thumbnailUrl\":\"https:\/\/www.manaus.am.gov.br\/semsa\/wp-content\/uploads\/sites\/8\/2024\/05\/WhatsApp-Image-2022-01-12-at-21.00.23-720x407-1.jpeg\",\"datePublished\":\"2022-01-13T01:03:00+00:00\",\"dateModified\":\"2024-05-10T15:03:48+00:00\",\"author\":{\"@id\":\"https:\/\/www.manaus.am.gov.br\/semsa\/#\/schema\/person\/c6a949869c569fa922046ae33645bd1b\"},\"inLanguage\":\"pt-BR\",\"potentialAction\":[{\"@type\":\"ReadAction\",\"target\":[\"https:\/\/www.manaus.am.gov.br\/semsa\/centro-de-testagem-da-prefeitura-de-manaus-realiza-mais-de-mil-testes-para-covid-19-nas-primeiras-horas-de-atendimento\/\"]}]},{\"@type\":\"ImageObject\",\"inLanguage\":\"pt-BR\",\"@id\":\"https:\/\/www.manaus.am.gov.br\/semsa\/centro-de-testagem-da-prefeitura-de-manaus-realiza-mais-de-mil-testes-para-covid-19-nas-primeiras-horas-de-atendimento\/#primaryimage\",\"url\":\"https:\/\/www.manaus.am.gov.br\/semsa\/wp-content\/uploads\/sites\/8\/2024\/05\/WhatsApp-Image-2022-01-12-at-21.00.23-720x407-1.jpeg\",\"contentUrl\":\"https:\/\/www.manaus.am.gov.br\/semsa\/wp-content\/uploads\/sites\/8\/2024\/05\/WhatsApp-Image-2022-01-12-at-21.00.23-720x407-1.jpeg\",\"width\":720,\"height\":407},{\"@type\":\"WebSite\",\"@id\":\"https:\/\/www.manaus.am.gov.br\/semsa\/#website\",\"url\":\"https:\/\/www.manaus.am.gov.br\/semsa\/\",\"name\":\"SEMSA\",\"description\":\"Secretaria Municipal de Sa\u00fade\",\"alternateName\":\"Secretaria Municipal de Sa\u00fade\",\"potentialAction\":[{\"@type\":\"SearchAction\",\"target\":{\"@type\":\"EntryPoint\",\"urlTemplate\":\"https:\/\/www.manaus.am.gov.br\/semsa\/?s={search_term_string}\"},\"query-input\":\"required name=search_term_string\"}],\"inLanguage\":\"pt-BR\"},{\"@type\":\"Person\",\"@id\":\"https:\/\/www.manaus.am.gov.br\/semsa\/#\/schema\/person\/c6a949869c569fa922046ae33645bd1b\",\"name\":\"Luana Abecassis\",\"image\":{\"@type\":\"ImageObject\",\"inLanguage\":\"pt-BR\",\"@id\":\"https:\/\/www.manaus.am.gov.br\/semsa\/#\/schema\/person\/image\/\",\"url\":\"https:\/\/secure.gravatar.com\/avatar\/49f5bfb42a36a0ec57a2a2b4adad3180?s=96&d=mm&r=g\",\"contentUrl\":\"https:\/\/secure.gravatar.com\/avatar\/49f5bfb42a36a0ec57a2a2b4adad3180?s=96&d=mm&r=g\",\"caption\":\"Luana Abecassis\"}}]}<\/script>\n<!-- \/ Yoast SEO plugin. -->","yoast_head_json":{"title":"Centro de Testagem da Prefeitura de Manaus realiza mais de mil testes para Covid-19 nas primeiras horas de atendimento - SEMSA","robots":{"index":"index","follow":"follow","max-snippet":"max-snippet:-1","max-image-preview":"max-image-preview:large","max-video-preview":"max-video-preview:-1"},"canonical":"https:\/\/www.manaus.am.gov.br\/semsa\/centro-de-testagem-da-prefeitura-de-manaus-realiza-mais-de-mil-testes-para-covid-19-nas-primeiras-horas-de-atendimento\/","og_locale":"pt_BR","og_type":"article","og_title":"Centro de Testagem da Prefeitura de Manaus realiza mais de mil testes para Covid-19 nas primeiras horas de atendimento - SEMSA","og_url":"https:\/\/www.manaus.am.gov.br\/semsa\/centro-de-testagem-da-prefeitura-de-manaus-realiza-mais-de-mil-testes-para-covid-19-nas-primeiras-horas-de-atendimento\/","og_site_name":"SEMSA","article_published_time":"2022-01-13T01:03:00+00:00","article_modified_time":"2024-05-10T15:03:48+00:00","og_image":[{"width":720,"height":407,"url":"https:\/\/www.manaus.am.gov.br\/semsa\/wp-content\/uploads\/sites\/8\/2024\/05\/WhatsApp-Image-2022-01-12-at-21.00.23-720x407-1.jpeg","type":"image\/jpeg"}],"author":"Luana Abecassis","twitter_card":"summary_large_image","twitter_misc":{"Written by":"Luana Abecassis","Est. reading time":"5 minutos"},"schema":{"@context":"https:\/\/schema.org","@graph":[{"@type":"WebPage","@id":"https:\/\/www.manaus.am.gov.br\/semsa\/centro-de-testagem-da-prefeitura-de-manaus-realiza-mais-de-mil-testes-para-covid-19-nas-primeiras-horas-de-atendimento\/","url":"https:\/\/www.manaus.am.gov.br\/semsa\/centro-de-testagem-da-prefeitura-de-manaus-realiza-mais-de-mil-testes-para-covid-19-nas-primeiras-horas-de-atendimento\/","name":"Centro de Testagem da Prefeitura de Manaus realiza mais de mil testes para Covid-19 nas primeiras horas de atendimento - SEMSA","isPartOf":{"@id":"https:\/\/www.manaus.am.gov.br\/semsa\/#website"},"primaryImageOfPage":{"@id":"https:\/\/www.manaus.am.gov.br\/semsa\/centro-de-testagem-da-prefeitura-de-manaus-realiza-mais-de-mil-testes-para-covid-19-nas-primeiras-horas-de-atendimento\/#primaryimage"},"image":{"@id":"https:\/\/www.manaus.am.gov.br\/semsa\/centro-de-testagem-da-prefeitura-de-manaus-realiza-mais-de-mil-testes-para-covid-19-nas-primeiras-horas-de-atendimento\/#primaryimage"},"thumbnailUrl":"https:\/\/www.manaus.am.gov.br\/semsa\/wp-content\/uploads\/sites\/8\/2024\/05\/WhatsApp-Image-2022-01-12-at-21.00.23-720x407-1.jpeg","datePublished":"2022-01-13T01:03:00+00:00","dateModified":"2024-05-10T15:03:48+00:00","author":{"@id":"https:\/\/www.manaus.am.gov.br\/semsa\/#\/schema\/person\/c6a949869c569fa922046ae33645bd1b"},"inLanguage":"pt-BR","potentialAction":[{"@type":"ReadAction","target":["https:\/\/www.manaus.am.gov.br\/semsa\/centro-de-testagem-da-prefeitura-de-manaus-realiza-mais-de-mil-testes-para-covid-19-nas-primeiras-horas-de-atendimento\/"]}]},{"@type":"ImageObject","inLanguage":"pt-BR","@id":"https:\/\/www.manaus.am.gov.br\/semsa\/centro-de-testagem-da-prefeitura-de-manaus-realiza-mais-de-mil-testes-para-covid-19-nas-primeiras-horas-de-atendimento\/#primaryimage","url":"https:\/\/www.manaus.am.gov.br\/semsa\/wp-content\/uploads\/sites\/8\/2024\/05\/WhatsApp-Image-2022-01-12-at-21.00.23-720x407-1.jpeg","contentUrl":"https:\/\/www.manaus.am.gov.br\/semsa\/wp-content\/uploads\/sites\/8\/2024\/05\/WhatsApp-Image-2022-01-12-at-21.00.23-720x407-1.jpeg","width":720,"height":407},{"@type":"WebSite","@id":"https:\/\/www.manaus.am.gov.br\/semsa\/#website","url":"https:\/\/www.manaus.am.gov.br\/semsa\/","name":"SEMSA","description":"Secretaria Municipal de Sa\u00fade","alternateName":"Secretaria Municipal de Sa\u00fade","potentialAction":[{"@type":"SearchAction","target":{"@type":"EntryPoint","urlTemplate":"https:\/\/www.manaus.am.gov.br\/semsa\/?s={search_term_string}"},"query-input":"required name=search_term_string"}],"inLanguage":"pt-BR"},{"@type":"Person","@id":"https:\/\/www.manaus.am.gov.br\/semsa\/#\/schema\/person\/c6a949869c569fa922046ae33645bd1b","name":"Luana Abecassis","image":{"@type":"ImageObject","inLanguage":"pt-BR","@id":"https:\/\/www.manaus.am.gov.br\/semsa\/#\/schema\/person\/image\/","url":"https:\/\/secure.gravatar.com\/avatar\/49f5bfb42a36a0ec57a2a2b4adad3180?s=96&d=mm&r=g","contentUrl":"https:\/\/secure.gravatar.com\/avatar\/49f5bfb42a36a0ec57a2a2b4adad3180?s=96&d=mm&r=g","caption":"Luana Abecassis"}}]}},"_links":{"self":[{"href":"https:\/\/www.manaus.am.gov.br\/semsa\/wp-json\/wp\/v2\/posts\/215449"}],"collection":[{"href":"https:\/\/www.manaus.am.gov.br\/semsa\/wp-json\/wp\/v2\/posts"}],"about":[{"href":"https:\/\/www.manaus.am.gov.br\/semsa\/wp-json\/wp\/v2\/types\/post"}],"author":[{"embeddable":true,"href":"https:\/\/www.manaus.am.gov.br\/semsa\/wp-json\/wp\/v2\/users\/65"}],"replies":[{"embeddable":true,"href":"https:\/\/www.manaus.am.gov.br\/semsa\/wp-json\/wp\/v2\/comments?post=215449"}],"version-history":[{"count":1,"href":"https:\/\/www.manaus.am.gov.br\/semsa\/wp-json\/wp\/v2\/posts\/215449\/revisions"}],"predecessor-version":[{"id":215451,"href":"https:\/\/www.manaus.am.gov.br\/semsa\/wp-json\/wp\/v2\/posts\/215449\/revisions\/215451"}],"wp:featuredmedia":[{"embeddable":true,"href":"https:\/\/www.manaus.am.gov.br\/semsa\/wp-json\/wp\/v2\/media\/215450"}],"wp:attachment":[{"href":"https:\/\/www.manaus.am.gov.br\/semsa\/wp-json\/wp\/v2\/media?parent=215449"}],"wp:term":[{"taxonomy":"category","embeddable":true,"href":"https:\/\/www.manaus.am.gov.br\/semsa\/wp-json\/wp\/v2\/categories?post=215449"},{"taxonomy":"post_tag","embeddable":true,"href":"https:\/\/www.manaus.am.gov.br\/semsa\/wp-json\/wp\/v2\/tags?post=215449"}],"curies":[{"name":"wp","href":"https:\/\/api.w.org\/{rel}","templated":true}]}}