{"id":215445,"date":"2022-01-12T12:00:00","date_gmt":"2022-01-12T16:00:00","guid":{"rendered":"https:\/\/www.manaus.am.gov.br\/semsa\/?p=215445"},"modified":"2024-05-10T11:01:08","modified_gmt":"2024-05-10T15:01:08","slug":"prefeitura-de-manaus-abre-centro-de-testagem-para-covid-19-no-studio-5-centro-de-convencoes","status":"publish","type":"post","link":"https:\/\/www.manaus.am.gov.br\/semsa\/prefeitura-de-manaus-abre-centro-de-testagem-para-covid-19-no-studio-5-centro-de-convencoes\/","title":{"rendered":"Prefeitura de Manaus abre Centro de Testagem para Covid-19 no Studio 5 Centro de Conven\u00e7\u00f5es"},"content":{"rendered":"\n<p>A Prefeitura de Manaus abre nesta quarta-feira, 12\/1, \u00e0s 14 horas, o primeiro Centro Municipal de Testagem para Covid-19. O servi\u00e7o, coordenado pela Secretaria Municipal de Sa\u00fade (Semsa), vai funcionar no Studio 5 Centro de Conven\u00e7\u00f5es, na zona Sul da capital, com a oferta gratuita de teste r\u00e1pido de ant\u00edgeno. Excepcionalmente nesta quarta, o local vai funcionar at\u00e9 \u00e0s 22h e, nos pr\u00f3ximos 15 dias, deve operar de segunda a s\u00e1bado, das 9h \u00e0s 21h.<\/p>\n\n\n\n<p>De acordo com a titular da Semsa, Sh\u00e1dia Fraxe, o Centro visa facilitar o acesso das pessoas com sintomas de s\u00edndromes respirat\u00f3rias ao teste, j\u00e1 oferecido na rotina de 51 Unidades B\u00e1sicas de Sa\u00fade (UBSs), espalhadas nas diferentes zonas geogr\u00e1ficas. A medida faz parte das a\u00e7\u00f5es promovidas pelo munic\u00edpio para o enfrentamento do novo cen\u00e1rio epidemiol\u00f3gico, marcado pelo avan\u00e7o da variante \u00d4micron e aumento de casos suspeitos e confirmados de Covid-19 e de outras infec\u00e7\u00f5es causadas pelo v\u00edrus Influenza.<\/p>\n\n\n\n<p>Sh\u00e1dia Fraxe destaca que a cria\u00e7\u00e3o do Centro estava no plano de a\u00e7\u00f5es da prefeitura a pedido do prefeito David Almeida, e sua montagem foi acelerada diante da curva de crescimento dos casos de s\u00edndromes respirat\u00f3rias verificados nas unidades da rede municipal e confirmados nos boletins epidemiol\u00f3gicos que apresentam o panorama da Covid-19 no Estado.<\/p>\n\n\n\n<p>Devem procurar o servi\u00e7o as pessoas que apresentarem sintomas como febre acompanhada de tosse ou dor de garganta, dor de cabe\u00e7a, dores no corpo e mal-estar iniciados h\u00e1 at\u00e9 sete dias. Para as pessoas com sintomas a partir do 8\u00ba dia, esse tipo de teste n\u00e3o \u00e9 indicado, e o paciente \u00e9 encaminhado diretamente para atendimento m\u00e9dico.<\/p>\n\n\n\n<p>Para ter acesso ao teste, o usu\u00e1rio deve apresentar documento de identifica\u00e7\u00e3o e Cart\u00e3o Nacional do SUS.<\/p>\n\n\n\n<p>O Centro ter\u00e1 18 postos de atendimento, com capacidade para at\u00e9 180 coletas de exame por hora. O teste \u00e9 feito com amostra de nasofaringe, coletada com hastes flex\u00edveis (esp\u00e9cie de cotonete) e o resultado sai em aproximadamente 20 minutos.<\/p>\n\n\n\n<p>Um fluxo de atendimento completo foi providenciado para o local, com atendimento m\u00e9dico e dispensa\u00e7\u00e3o de medicamentos para as pessoas que tiveram resultado positivo para Covid e tamb\u00e9m para os que, mesmo com resultado negativo, estejam com quadro confirmado de s\u00edndrome gripal.<\/p>\n\n\n\n<p><strong>Texto \u2013&nbsp;<\/strong>Andr\u00e9a Arruda \/ Semsa<\/p>\n\n\n\n<p><strong>Fotos \u2013<\/strong>&nbsp;Camila Batista \/ Arquivo Semsa<\/p>\n\n\n\n<p><strong>Dispon\u00edveis em \u2013&nbsp;<\/strong><a href=\"https:\/\/flic.kr\/s\/aHsmWuRcKp\">https:\/\/flic.kr\/s\/aHsmWuRcKp<\/a><\/p>\n","protected":false},"excerpt":{"rendered":"","protected":false},"author":65,"featured_media":215446,"comment_status":"closed","ping_status":"closed","sticky":false,"template":"","format":"standard","meta":{"footnotes":""},"categories":[207],"tags":[],"acf":[],"yoast_head":"<!-- This site is optimized with the Yoast SEO plugin v23.0 - https:\/\/yoast.com\/wordpress\/plugins\/seo\/ -->\n<title>Prefeitura de Manaus abre Centro de Testagem para Covid-19 no Studio 5 Centro de Conven\u00e7\u00f5es - SEMSA<\/title>\n<meta name=\"robots\" content=\"index, follow, max-snippet:-1, max-image-preview:large, max-video-preview:-1\" \/>\n<link rel=\"canonical\" href=\"https:\/\/www.manaus.am.gov.br\/semsa\/prefeitura-de-manaus-abre-centro-de-testagem-para-covid-19-no-studio-5-centro-de-convencoes\/\" \/>\n<meta property=\"og:locale\" content=\"pt_BR\" \/>\n<meta property=\"og:type\" content=\"article\" \/>\n<meta property=\"og:title\" content=\"Prefeitura de Manaus abre Centro de Testagem para Covid-19 no Studio 5 Centro de Conven\u00e7\u00f5es - SEMSA\" \/>\n<meta property=\"og:url\" content=\"https:\/\/www.manaus.am.gov.br\/semsa\/prefeitura-de-manaus-abre-centro-de-testagem-para-covid-19-no-studio-5-centro-de-convencoes\/\" \/>\n<meta property=\"og:site_name\" content=\"SEMSA\" \/>\n<meta property=\"article:published_time\" content=\"2022-01-12T16:00:00+00:00\" \/>\n<meta property=\"article:modified_time\" content=\"2024-05-10T15:01:08+00:00\" \/>\n<meta property=\"og:image\" content=\"https:\/\/www.manaus.am.gov.br\/semsa\/wp-content\/uploads\/sites\/8\/2024\/05\/51406782571_e283a07725_o-1-720x407-1.jpg\" \/>\n\t<meta property=\"og:image:width\" content=\"720\" \/>\n\t<meta property=\"og:image:height\" content=\"407\" \/>\n\t<meta property=\"og:image:type\" content=\"image\/jpeg\" \/>\n<meta name=\"author\" content=\"Luana Abecassis\" \/>\n<meta name=\"twitter:card\" content=\"summary_large_image\" \/>\n<meta name=\"twitter:label1\" content=\"Written by\" \/>\n\t<meta name=\"twitter:data1\" content=\"Luana Abecassis\" \/>\n\t<meta name=\"twitter:label2\" content=\"Est. reading time\" \/>\n\t<meta name=\"twitter:data2\" content=\"3 minutos\" \/>\n<script type=\"application\/ld+json\" class=\"yoast-schema-graph\">{\"@context\":\"https:\/\/schema.org\",\"@graph\":[{\"@type\":\"WebPage\",\"@id\":\"https:\/\/www.manaus.am.gov.br\/semsa\/prefeitura-de-manaus-abre-centro-de-testagem-para-covid-19-no-studio-5-centro-de-convencoes\/\",\"url\":\"https:\/\/www.manaus.am.gov.br\/semsa\/prefeitura-de-manaus-abre-centro-de-testagem-para-covid-19-no-studio-5-centro-de-convencoes\/\",\"name\":\"Prefeitura de Manaus abre Centro de Testagem para Covid-19 no Studio 5 Centro de Conven\u00e7\u00f5es - SEMSA\",\"isPartOf\":{\"@id\":\"https:\/\/www.manaus.am.gov.br\/semsa\/#website\"},\"primaryImageOfPage\":{\"@id\":\"https:\/\/www.manaus.am.gov.br\/semsa\/prefeitura-de-manaus-abre-centro-de-testagem-para-covid-19-no-studio-5-centro-de-convencoes\/#primaryimage\"},\"image\":{\"@id\":\"https:\/\/www.manaus.am.gov.br\/semsa\/prefeitura-de-manaus-abre-centro-de-testagem-para-covid-19-no-studio-5-centro-de-convencoes\/#primaryimage\"},\"thumbnailUrl\":\"https:\/\/www.manaus.am.gov.br\/semsa\/wp-content\/uploads\/sites\/8\/2024\/05\/51406782571_e283a07725_o-1-720x407-1.jpg\",\"datePublished\":\"2022-01-12T16:00:00+00:00\",\"dateModified\":\"2024-05-10T15:01:08+00:00\",\"author\":{\"@id\":\"https:\/\/www.manaus.am.gov.br\/semsa\/#\/schema\/person\/c6a949869c569fa922046ae33645bd1b\"},\"inLanguage\":\"pt-BR\",\"potentialAction\":[{\"@type\":\"ReadAction\",\"target\":[\"https:\/\/www.manaus.am.gov.br\/semsa\/prefeitura-de-manaus-abre-centro-de-testagem-para-covid-19-no-studio-5-centro-de-convencoes\/\"]}]},{\"@type\":\"ImageObject\",\"inLanguage\":\"pt-BR\",\"@id\":\"https:\/\/www.manaus.am.gov.br\/semsa\/prefeitura-de-manaus-abre-centro-de-testagem-para-covid-19-no-studio-5-centro-de-convencoes\/#primaryimage\",\"url\":\"https:\/\/www.manaus.am.gov.br\/semsa\/wp-content\/uploads\/sites\/8\/2024\/05\/51406782571_e283a07725_o-1-720x407-1.jpg\",\"contentUrl\":\"https:\/\/www.manaus.am.gov.br\/semsa\/wp-content\/uploads\/sites\/8\/2024\/05\/51406782571_e283a07725_o-1-720x407-1.jpg\",\"width\":720,\"height\":407},{\"@type\":\"WebSite\",\"@id\":\"https:\/\/www.manaus.am.gov.br\/semsa\/#website\",\"url\":\"https:\/\/www.manaus.am.gov.br\/semsa\/\",\"name\":\"SEMSA\",\"description\":\"Secretaria Municipal de Sa\u00fade\",\"alternateName\":\"Secretaria Municipal de Sa\u00fade\",\"potentialAction\":[{\"@type\":\"SearchAction\",\"target\":{\"@type\":\"EntryPoint\",\"urlTemplate\":\"https:\/\/www.manaus.am.gov.br\/semsa\/?s={search_term_string}\"},\"query-input\":\"required name=search_term_string\"}],\"inLanguage\":\"pt-BR\"},{\"@type\":\"Person\",\"@id\":\"https:\/\/www.manaus.am.gov.br\/semsa\/#\/schema\/person\/c6a949869c569fa922046ae33645bd1b\",\"name\":\"Luana Abecassis\",\"image\":{\"@type\":\"ImageObject\",\"inLanguage\":\"pt-BR\",\"@id\":\"https:\/\/www.manaus.am.gov.br\/semsa\/#\/schema\/person\/image\/\",\"url\":\"https:\/\/secure.gravatar.com\/avatar\/49f5bfb42a36a0ec57a2a2b4adad3180?s=96&d=mm&r=g\",\"contentUrl\":\"https:\/\/secure.gravatar.com\/avatar\/49f5bfb42a36a0ec57a2a2b4adad3180?s=96&d=mm&r=g\",\"caption\":\"Luana Abecassis\"}}]}<\/script>\n<!-- \/ Yoast SEO plugin. -->","yoast_head_json":{"title":"Prefeitura de Manaus abre Centro de Testagem para Covid-19 no Studio 5 Centro de Conven\u00e7\u00f5es - SEMSA","robots":{"index":"index","follow":"follow","max-snippet":"max-snippet:-1","max-image-preview":"max-image-preview:large","max-video-preview":"max-video-preview:-1"},"canonical":"https:\/\/www.manaus.am.gov.br\/semsa\/prefeitura-de-manaus-abre-centro-de-testagem-para-covid-19-no-studio-5-centro-de-convencoes\/","og_locale":"pt_BR","og_type":"article","og_title":"Prefeitura de Manaus abre Centro de Testagem para Covid-19 no Studio 5 Centro de Conven\u00e7\u00f5es - SEMSA","og_url":"https:\/\/www.manaus.am.gov.br\/semsa\/prefeitura-de-manaus-abre-centro-de-testagem-para-covid-19-no-studio-5-centro-de-convencoes\/","og_site_name":"SEMSA","article_published_time":"2022-01-12T16:00:00+00:00","article_modified_time":"2024-05-10T15:01:08+00:00","og_image":[{"width":720,"height":407,"url":"https:\/\/www.manaus.am.gov.br\/semsa\/wp-content\/uploads\/sites\/8\/2024\/05\/51406782571_e283a07725_o-1-720x407-1.jpg","type":"image\/jpeg"}],"author":"Luana Abecassis","twitter_card":"summary_large_image","twitter_misc":{"Written by":"Luana Abecassis","Est. reading time":"3 minutos"},"schema":{"@context":"https:\/\/schema.org","@graph":[{"@type":"WebPage","@id":"https:\/\/www.manaus.am.gov.br\/semsa\/prefeitura-de-manaus-abre-centro-de-testagem-para-covid-19-no-studio-5-centro-de-convencoes\/","url":"https:\/\/www.manaus.am.gov.br\/semsa\/prefeitura-de-manaus-abre-centro-de-testagem-para-covid-19-no-studio-5-centro-de-convencoes\/","name":"Prefeitura de Manaus abre Centro de Testagem para Covid-19 no Studio 5 Centro de Conven\u00e7\u00f5es - SEMSA","isPartOf":{"@id":"https:\/\/www.manaus.am.gov.br\/semsa\/#website"},"primaryImageOfPage":{"@id":"https:\/\/www.manaus.am.gov.br\/semsa\/prefeitura-de-manaus-abre-centro-de-testagem-para-covid-19-no-studio-5-centro-de-convencoes\/#primaryimage"},"image":{"@id":"https:\/\/www.manaus.am.gov.br\/semsa\/prefeitura-de-manaus-abre-centro-de-testagem-para-covid-19-no-studio-5-centro-de-convencoes\/#primaryimage"},"thumbnailUrl":"https:\/\/www.manaus.am.gov.br\/semsa\/wp-content\/uploads\/sites\/8\/2024\/05\/51406782571_e283a07725_o-1-720x407-1.jpg","datePublished":"2022-01-12T16:00:00+00:00","dateModified":"2024-05-10T15:01:08+00:00","author":{"@id":"https:\/\/www.manaus.am.gov.br\/semsa\/#\/schema\/person\/c6a949869c569fa922046ae33645bd1b"},"inLanguage":"pt-BR","potentialAction":[{"@type":"ReadAction","target":["https:\/\/www.manaus.am.gov.br\/semsa\/prefeitura-de-manaus-abre-centro-de-testagem-para-covid-19-no-studio-5-centro-de-convencoes\/"]}]},{"@type":"ImageObject","inLanguage":"pt-BR","@id":"https:\/\/www.manaus.am.gov.br\/semsa\/prefeitura-de-manaus-abre-centro-de-testagem-para-covid-19-no-studio-5-centro-de-convencoes\/#primaryimage","url":"https:\/\/www.manaus.am.gov.br\/semsa\/wp-content\/uploads\/sites\/8\/2024\/05\/51406782571_e283a07725_o-1-720x407-1.jpg","contentUrl":"https:\/\/www.manaus.am.gov.br\/semsa\/wp-content\/uploads\/sites\/8\/2024\/05\/51406782571_e283a07725_o-1-720x407-1.jpg","width":720,"height":407},{"@type":"WebSite","@id":"https:\/\/www.manaus.am.gov.br\/semsa\/#website","url":"https:\/\/www.manaus.am.gov.br\/semsa\/","name":"SEMSA","description":"Secretaria Municipal de Sa\u00fade","alternateName":"Secretaria Municipal de Sa\u00fade","potentialAction":[{"@type":"SearchAction","target":{"@type":"EntryPoint","urlTemplate":"https:\/\/www.manaus.am.gov.br\/semsa\/?s={search_term_string}"},"query-input":"required name=search_term_string"}],"inLanguage":"pt-BR"},{"@type":"Person","@id":"https:\/\/www.manaus.am.gov.br\/semsa\/#\/schema\/person\/c6a949869c569fa922046ae33645bd1b","name":"Luana Abecassis","image":{"@type":"ImageObject","inLanguage":"pt-BR","@id":"https:\/\/www.manaus.am.gov.br\/semsa\/#\/schema\/person\/image\/","url":"https:\/\/secure.gravatar.com\/avatar\/49f5bfb42a36a0ec57a2a2b4adad3180?s=96&d=mm&r=g","contentUrl":"https:\/\/secure.gravatar.com\/avatar\/49f5bfb42a36a0ec57a2a2b4adad3180?s=96&d=mm&r=g","caption":"Luana Abecassis"}}]}},"_links":{"self":[{"href":"https:\/\/www.manaus.am.gov.br\/semsa\/wp-json\/wp\/v2\/posts\/215445"}],"collection":[{"href":"https:\/\/www.manaus.am.gov.br\/semsa\/wp-json\/wp\/v2\/posts"}],"about":[{"href":"https:\/\/www.manaus.am.gov.br\/semsa\/wp-json\/wp\/v2\/types\/post"}],"author":[{"embeddable":true,"href":"https:\/\/www.manaus.am.gov.br\/semsa\/wp-json\/wp\/v2\/users\/65"}],"replies":[{"embeddable":true,"href":"https:\/\/www.manaus.am.gov.br\/semsa\/wp-json\/wp\/v2\/comments?post=215445"}],"version-history":[{"count":1,"href":"https:\/\/www.manaus.am.gov.br\/semsa\/wp-json\/wp\/v2\/posts\/215445\/revisions"}],"predecessor-version":[{"id":215447,"href":"https:\/\/www.manaus.am.gov.br\/semsa\/wp-json\/wp\/v2\/posts\/215445\/revisions\/215447"}],"wp:featuredmedia":[{"embeddable":true,"href":"https:\/\/www.manaus.am.gov.br\/semsa\/wp-json\/wp\/v2\/media\/215446"}],"wp:attachment":[{"href":"https:\/\/www.manaus.am.gov.br\/semsa\/wp-json\/wp\/v2\/media?parent=215445"}],"wp:term":[{"taxonomy":"category","embeddable":true,"href":"https:\/\/www.manaus.am.gov.br\/semsa\/wp-json\/wp\/v2\/categories?post=215445"},{"taxonomy":"post_tag","embeddable":true,"href":"https:\/\/www.manaus.am.gov.br\/semsa\/wp-json\/wp\/v2\/tags?post=215445"}],"curies":[{"name":"wp","href":"https:\/\/api.w.org\/{rel}","templated":true}]}}