{"id":215433,"date":"2021-02-04T16:27:00","date_gmt":"2021-02-04T20:27:00","guid":{"rendered":"https:\/\/www.manaus.am.gov.br\/semsa\/?p=215433"},"modified":"2024-05-10T10:29:39","modified_gmt":"2024-05-10T14:29:39","slug":"prefeitura-recomenda-que-idosos-mantenham-os-cuidados-contra-a-covid-19-mesmo-apos-receber-a-vacina","status":"publish","type":"post","link":"https:\/\/www.manaus.am.gov.br\/semsa\/prefeitura-recomenda-que-idosos-mantenham-os-cuidados-contra-a-covid-19-mesmo-apos-receber-a-vacina\/","title":{"rendered":"Prefeitura recomenda que idosos mantenham os cuidados contra a Covid-19 mesmo ap\u00f3s receber a vacina"},"content":{"rendered":"\n<p>A imuniza\u00e7\u00e3o com a primeira dose da vacina contra a Covid-19 est\u00e1 em andamento e as pessoas idosas, por fazerem parte do grupo priorit\u00e1rio, est\u00e3o sendo vacinadas desde o \u00faltimo dia 29. Mesmo com a vacina, a Prefeitura de Manaus alerta para que os cuidados de preven\u00e7\u00e3o contra o novo coronav\u00edrus sejam mantidos como distanciamento social, uso de m\u00e1scaras e \u00e1lcool em gel, al\u00e9m da lavagem recorrente das m\u00e3os.<\/p>\n\n\n\n<p>A chefe do N\u00facleo de Sa\u00fade do Idoso da Secretaria Municipal de Sa\u00fade (Semsa), enfermeira Eliny Rocha, enfatiza que n\u00e3o \u00e9 hora de se descuidar. \u201cA vacina est\u00e1 dispon\u00edvel, os postos de vacina\u00e7\u00e3o est\u00e3o divulgados, os idosos podem buscar esses pontos para se vacinar, mas \u00e9 importante refor\u00e7ar que, mesmo tomando a primeira dose da vacina, os cuidados de prote\u00e7\u00e3o e preven\u00e7\u00e3o contra o v\u00edrus permanecem\u201d, adverte.<\/p>\n\n\n\n<p><strong>Acompanhamento<\/strong><\/p>\n\n\n\n<p>A Rede de Aten\u00e7\u00e3o Prim\u00e1ria da Semsa faz o acompanhamento e monitoramento de pessoas acima dos 60 anos, servi\u00e7o que n\u00e3o sofreu interrup\u00e7\u00e3o com a pandemia da Covid-19, e com o aux\u00edlio do telemonitoramento para acompanhar pacientes, a equipe avalia se existe ou n\u00e3o a necessidade de uma visita domiciliar.<\/p>\n\n\n\n<p>\u00c9 no telemonitoramento que os profissionais conseguem identificar as poss\u00edveis fragilidades que o idoso ou a fam\u00edlia estejam passando, dando assim a orienta\u00e7\u00e3o adequada para o caso. A avalia\u00e7\u00e3o multidimensional busca desenvolver a\u00e7\u00f5es que permitam a autonomia da pessoa idosa.<\/p>\n\n\n\n<p>\u201cNo trabalho da secretaria com os idosos, n\u00f3s temos as nossas unidades espec\u00edficas para Covid-19 e unidades com os dois fluxos, caso seja necess\u00e1rio buscar uma delas. Se o idoso n\u00e3o pode ir, n\u00f3s temos o telemonitoramento que alcan\u00e7a essa pessoa. Na liga\u00e7\u00e3o, nossos profissionais buscam saber como o idoso est\u00e1, e caso n\u00e3o seja ele pr\u00f3prio na conversa, busca-se saber se ele est\u00e1 tendo alguma altera\u00e7\u00e3o e necessidade de visita domiciliar\u201d, disse Eliny.<\/p>\n\n\n\n<p>Al\u00e9m da pessoa idosa, a secretaria acompanha e orienta os familiares, que muitas vezes t\u00eam dificuldade em lidar, ou at\u00e9 mesmo desconhecem o processo de envelhecimento. Como forma de suprir essa necessidade, identificada em muitas casas, a Semsa promove, anualmente, em todos os seus distritos, o curso de Cuidador Informal de Idoso, que prepara as pessoas mais pr\u00f3ximas a terem um cuidado adequado.<\/p>\n","protected":false},"excerpt":{"rendered":"","protected":false},"author":65,"featured_media":215434,"comment_status":"closed","ping_status":"closed","sticky":false,"template":"","format":"standard","meta":{"footnotes":""},"categories":[2],"tags":[],"acf":[],"yoast_head":"<!-- This site is optimized with the Yoast SEO plugin v23.0 - https:\/\/yoast.com\/wordpress\/plugins\/seo\/ -->\n<title>Prefeitura recomenda que idosos mantenham os cuidados contra a Covid-19 mesmo ap\u00f3s receber a vacina - SEMSA<\/title>\n<meta name=\"robots\" content=\"index, follow, max-snippet:-1, max-image-preview:large, max-video-preview:-1\" \/>\n<link rel=\"canonical\" href=\"https:\/\/www.manaus.am.gov.br\/semsa\/prefeitura-recomenda-que-idosos-mantenham-os-cuidados-contra-a-covid-19-mesmo-apos-receber-a-vacina\/\" \/>\n<meta property=\"og:locale\" content=\"pt_BR\" \/>\n<meta property=\"og:type\" content=\"article\" \/>\n<meta property=\"og:title\" content=\"Prefeitura recomenda que idosos mantenham os cuidados contra a Covid-19 mesmo ap\u00f3s receber a vacina - SEMSA\" \/>\n<meta property=\"og:url\" content=\"https:\/\/www.manaus.am.gov.br\/semsa\/prefeitura-recomenda-que-idosos-mantenham-os-cuidados-contra-a-covid-19-mesmo-apos-receber-a-vacina\/\" \/>\n<meta property=\"og:site_name\" content=\"SEMSA\" \/>\n<meta property=\"article:published_time\" content=\"2021-02-04T20:27:00+00:00\" \/>\n<meta property=\"article:modified_time\" content=\"2024-05-10T14:29:39+00:00\" \/>\n<meta property=\"og:image\" content=\"https:\/\/www.manaus.am.gov.br\/semsa\/wp-content\/uploads\/sites\/8\/2024\/05\/50887677517_33cedbbd4f_c-1.jpg\" \/>\n\t<meta property=\"og:image:width\" content=\"720\" \/>\n\t<meta property=\"og:image:height\" content=\"407\" \/>\n\t<meta property=\"og:image:type\" content=\"image\/jpeg\" \/>\n<meta name=\"author\" content=\"Luana Abecassis\" \/>\n<meta name=\"twitter:card\" content=\"summary_large_image\" \/>\n<meta name=\"twitter:label1\" content=\"Written by\" \/>\n\t<meta name=\"twitter:data1\" content=\"Luana Abecassis\" \/>\n\t<meta name=\"twitter:label2\" content=\"Est. reading time\" \/>\n\t<meta name=\"twitter:data2\" content=\"3 minutos\" \/>\n<script type=\"application\/ld+json\" class=\"yoast-schema-graph\">{\"@context\":\"https:\/\/schema.org\",\"@graph\":[{\"@type\":\"WebPage\",\"@id\":\"https:\/\/www.manaus.am.gov.br\/semsa\/prefeitura-recomenda-que-idosos-mantenham-os-cuidados-contra-a-covid-19-mesmo-apos-receber-a-vacina\/\",\"url\":\"https:\/\/www.manaus.am.gov.br\/semsa\/prefeitura-recomenda-que-idosos-mantenham-os-cuidados-contra-a-covid-19-mesmo-apos-receber-a-vacina\/\",\"name\":\"Prefeitura recomenda que idosos mantenham os cuidados contra a Covid-19 mesmo ap\u00f3s receber a vacina - SEMSA\",\"isPartOf\":{\"@id\":\"https:\/\/www.manaus.am.gov.br\/semsa\/#website\"},\"primaryImageOfPage\":{\"@id\":\"https:\/\/www.manaus.am.gov.br\/semsa\/prefeitura-recomenda-que-idosos-mantenham-os-cuidados-contra-a-covid-19-mesmo-apos-receber-a-vacina\/#primaryimage\"},\"image\":{\"@id\":\"https:\/\/www.manaus.am.gov.br\/semsa\/prefeitura-recomenda-que-idosos-mantenham-os-cuidados-contra-a-covid-19-mesmo-apos-receber-a-vacina\/#primaryimage\"},\"thumbnailUrl\":\"https:\/\/www.manaus.am.gov.br\/semsa\/wp-content\/uploads\/sites\/8\/2024\/05\/50887677517_33cedbbd4f_c-1.jpg\",\"datePublished\":\"2021-02-04T20:27:00+00:00\",\"dateModified\":\"2024-05-10T14:29:39+00:00\",\"author\":{\"@id\":\"https:\/\/www.manaus.am.gov.br\/semsa\/#\/schema\/person\/c6a949869c569fa922046ae33645bd1b\"},\"inLanguage\":\"pt-BR\",\"potentialAction\":[{\"@type\":\"ReadAction\",\"target\":[\"https:\/\/www.manaus.am.gov.br\/semsa\/prefeitura-recomenda-que-idosos-mantenham-os-cuidados-contra-a-covid-19-mesmo-apos-receber-a-vacina\/\"]}]},{\"@type\":\"ImageObject\",\"inLanguage\":\"pt-BR\",\"@id\":\"https:\/\/www.manaus.am.gov.br\/semsa\/prefeitura-recomenda-que-idosos-mantenham-os-cuidados-contra-a-covid-19-mesmo-apos-receber-a-vacina\/#primaryimage\",\"url\":\"https:\/\/www.manaus.am.gov.br\/semsa\/wp-content\/uploads\/sites\/8\/2024\/05\/50887677517_33cedbbd4f_c-1.jpg\",\"contentUrl\":\"https:\/\/www.manaus.am.gov.br\/semsa\/wp-content\/uploads\/sites\/8\/2024\/05\/50887677517_33cedbbd4f_c-1.jpg\",\"width\":720,\"height\":407},{\"@type\":\"WebSite\",\"@id\":\"https:\/\/www.manaus.am.gov.br\/semsa\/#website\",\"url\":\"https:\/\/www.manaus.am.gov.br\/semsa\/\",\"name\":\"SEMSA\",\"description\":\"Secretaria Municipal de Sa\u00fade\",\"alternateName\":\"Secretaria Municipal de Sa\u00fade\",\"potentialAction\":[{\"@type\":\"SearchAction\",\"target\":{\"@type\":\"EntryPoint\",\"urlTemplate\":\"https:\/\/www.manaus.am.gov.br\/semsa\/?s={search_term_string}\"},\"query-input\":\"required name=search_term_string\"}],\"inLanguage\":\"pt-BR\"},{\"@type\":\"Person\",\"@id\":\"https:\/\/www.manaus.am.gov.br\/semsa\/#\/schema\/person\/c6a949869c569fa922046ae33645bd1b\",\"name\":\"Luana Abecassis\",\"image\":{\"@type\":\"ImageObject\",\"inLanguage\":\"pt-BR\",\"@id\":\"https:\/\/www.manaus.am.gov.br\/semsa\/#\/schema\/person\/image\/\",\"url\":\"https:\/\/secure.gravatar.com\/avatar\/49f5bfb42a36a0ec57a2a2b4adad3180?s=96&d=mm&r=g\",\"contentUrl\":\"https:\/\/secure.gravatar.com\/avatar\/49f5bfb42a36a0ec57a2a2b4adad3180?s=96&d=mm&r=g\",\"caption\":\"Luana Abecassis\"}}]}<\/script>\n<!-- \/ Yoast SEO plugin. -->","yoast_head_json":{"title":"Prefeitura recomenda que idosos mantenham os cuidados contra a Covid-19 mesmo ap\u00f3s receber a vacina - SEMSA","robots":{"index":"index","follow":"follow","max-snippet":"max-snippet:-1","max-image-preview":"max-image-preview:large","max-video-preview":"max-video-preview:-1"},"canonical":"https:\/\/www.manaus.am.gov.br\/semsa\/prefeitura-recomenda-que-idosos-mantenham-os-cuidados-contra-a-covid-19-mesmo-apos-receber-a-vacina\/","og_locale":"pt_BR","og_type":"article","og_title":"Prefeitura recomenda que idosos mantenham os cuidados contra a Covid-19 mesmo ap\u00f3s receber a vacina - SEMSA","og_url":"https:\/\/www.manaus.am.gov.br\/semsa\/prefeitura-recomenda-que-idosos-mantenham-os-cuidados-contra-a-covid-19-mesmo-apos-receber-a-vacina\/","og_site_name":"SEMSA","article_published_time":"2021-02-04T20:27:00+00:00","article_modified_time":"2024-05-10T14:29:39+00:00","og_image":[{"width":720,"height":407,"url":"https:\/\/www.manaus.am.gov.br\/semsa\/wp-content\/uploads\/sites\/8\/2024\/05\/50887677517_33cedbbd4f_c-1.jpg","type":"image\/jpeg"}],"author":"Luana Abecassis","twitter_card":"summary_large_image","twitter_misc":{"Written by":"Luana Abecassis","Est. reading time":"3 minutos"},"schema":{"@context":"https:\/\/schema.org","@graph":[{"@type":"WebPage","@id":"https:\/\/www.manaus.am.gov.br\/semsa\/prefeitura-recomenda-que-idosos-mantenham-os-cuidados-contra-a-covid-19-mesmo-apos-receber-a-vacina\/","url":"https:\/\/www.manaus.am.gov.br\/semsa\/prefeitura-recomenda-que-idosos-mantenham-os-cuidados-contra-a-covid-19-mesmo-apos-receber-a-vacina\/","name":"Prefeitura recomenda que idosos mantenham os cuidados contra a Covid-19 mesmo ap\u00f3s receber a vacina - SEMSA","isPartOf":{"@id":"https:\/\/www.manaus.am.gov.br\/semsa\/#website"},"primaryImageOfPage":{"@id":"https:\/\/www.manaus.am.gov.br\/semsa\/prefeitura-recomenda-que-idosos-mantenham-os-cuidados-contra-a-covid-19-mesmo-apos-receber-a-vacina\/#primaryimage"},"image":{"@id":"https:\/\/www.manaus.am.gov.br\/semsa\/prefeitura-recomenda-que-idosos-mantenham-os-cuidados-contra-a-covid-19-mesmo-apos-receber-a-vacina\/#primaryimage"},"thumbnailUrl":"https:\/\/www.manaus.am.gov.br\/semsa\/wp-content\/uploads\/sites\/8\/2024\/05\/50887677517_33cedbbd4f_c-1.jpg","datePublished":"2021-02-04T20:27:00+00:00","dateModified":"2024-05-10T14:29:39+00:00","author":{"@id":"https:\/\/www.manaus.am.gov.br\/semsa\/#\/schema\/person\/c6a949869c569fa922046ae33645bd1b"},"inLanguage":"pt-BR","potentialAction":[{"@type":"ReadAction","target":["https:\/\/www.manaus.am.gov.br\/semsa\/prefeitura-recomenda-que-idosos-mantenham-os-cuidados-contra-a-covid-19-mesmo-apos-receber-a-vacina\/"]}]},{"@type":"ImageObject","inLanguage":"pt-BR","@id":"https:\/\/www.manaus.am.gov.br\/semsa\/prefeitura-recomenda-que-idosos-mantenham-os-cuidados-contra-a-covid-19-mesmo-apos-receber-a-vacina\/#primaryimage","url":"https:\/\/www.manaus.am.gov.br\/semsa\/wp-content\/uploads\/sites\/8\/2024\/05\/50887677517_33cedbbd4f_c-1.jpg","contentUrl":"https:\/\/www.manaus.am.gov.br\/semsa\/wp-content\/uploads\/sites\/8\/2024\/05\/50887677517_33cedbbd4f_c-1.jpg","width":720,"height":407},{"@type":"WebSite","@id":"https:\/\/www.manaus.am.gov.br\/semsa\/#website","url":"https:\/\/www.manaus.am.gov.br\/semsa\/","name":"SEMSA","description":"Secretaria Municipal de Sa\u00fade","alternateName":"Secretaria Municipal de Sa\u00fade","potentialAction":[{"@type":"SearchAction","target":{"@type":"EntryPoint","urlTemplate":"https:\/\/www.manaus.am.gov.br\/semsa\/?s={search_term_string}"},"query-input":"required name=search_term_string"}],"inLanguage":"pt-BR"},{"@type":"Person","@id":"https:\/\/www.manaus.am.gov.br\/semsa\/#\/schema\/person\/c6a949869c569fa922046ae33645bd1b","name":"Luana Abecassis","image":{"@type":"ImageObject","inLanguage":"pt-BR","@id":"https:\/\/www.manaus.am.gov.br\/semsa\/#\/schema\/person\/image\/","url":"https:\/\/secure.gravatar.com\/avatar\/49f5bfb42a36a0ec57a2a2b4adad3180?s=96&d=mm&r=g","contentUrl":"https:\/\/secure.gravatar.com\/avatar\/49f5bfb42a36a0ec57a2a2b4adad3180?s=96&d=mm&r=g","caption":"Luana Abecassis"}}]}},"_links":{"self":[{"href":"https:\/\/www.manaus.am.gov.br\/semsa\/wp-json\/wp\/v2\/posts\/215433"}],"collection":[{"href":"https:\/\/www.manaus.am.gov.br\/semsa\/wp-json\/wp\/v2\/posts"}],"about":[{"href":"https:\/\/www.manaus.am.gov.br\/semsa\/wp-json\/wp\/v2\/types\/post"}],"author":[{"embeddable":true,"href":"https:\/\/www.manaus.am.gov.br\/semsa\/wp-json\/wp\/v2\/users\/65"}],"replies":[{"embeddable":true,"href":"https:\/\/www.manaus.am.gov.br\/semsa\/wp-json\/wp\/v2\/comments?post=215433"}],"version-history":[{"count":1,"href":"https:\/\/www.manaus.am.gov.br\/semsa\/wp-json\/wp\/v2\/posts\/215433\/revisions"}],"predecessor-version":[{"id":215435,"href":"https:\/\/www.manaus.am.gov.br\/semsa\/wp-json\/wp\/v2\/posts\/215433\/revisions\/215435"}],"wp:featuredmedia":[{"embeddable":true,"href":"https:\/\/www.manaus.am.gov.br\/semsa\/wp-json\/wp\/v2\/media\/215434"}],"wp:attachment":[{"href":"https:\/\/www.manaus.am.gov.br\/semsa\/wp-json\/wp\/v2\/media?parent=215433"}],"wp:term":[{"taxonomy":"category","embeddable":true,"href":"https:\/\/www.manaus.am.gov.br\/semsa\/wp-json\/wp\/v2\/categories?post=215433"},{"taxonomy":"post_tag","embeddable":true,"href":"https:\/\/www.manaus.am.gov.br\/semsa\/wp-json\/wp\/v2\/tags?post=215433"}],"curies":[{"name":"wp","href":"https:\/\/api.w.org\/{rel}","templated":true}]}}