{"id":215429,"date":"2021-01-27T19:00:00","date_gmt":"2021-01-27T23:00:00","guid":{"rendered":"https:\/\/www.manaus.am.gov.br\/semsa\/?p=215429"},"modified":"2024-05-10T10:26:26","modified_gmt":"2024-05-10T14:26:26","slug":"servico-de-telemonitoramento-da-prefeitura-de-manaus-oferece-acompanhamento-e-orientacoes-as-vitimas-da-covid-19","status":"publish","type":"post","link":"https:\/\/www.manaus.am.gov.br\/semsa\/servico-de-telemonitoramento-da-prefeitura-de-manaus-oferece-acompanhamento-e-orientacoes-as-vitimas-da-covid-19\/","title":{"rendered":"Servi\u00e7o de Telemonitoramento da Prefeitura de Manaus oferece acompanhamento e orienta\u00e7\u00f5es \u00e0s v\u00edtimas da Covid-19"},"content":{"rendered":"\n<p>A Prefeitura de Manaus, por interm\u00e9dio da Secretaria Municipal de Sa\u00fade (Semsa), oferece mais uma ferramenta para auxiliar no combate \u00e0 pandemia da Covid-19 na cidade. \u00c9 o servi\u00e7o de Telemonitoramento, por meio do qual, profissionais da secretaria prestam orienta\u00e7\u00f5es e acompanham regularmente a condi\u00e7\u00e3o de sa\u00fade das v\u00edtimas do coronav\u00edrus na capital.<\/p>\n\n\n\n<p>O atendimento dos usu\u00e1rios \u00e9 feito por meio de liga\u00e7\u00e3o telef\u00f4nica ou videochamada. Os pacientes que recebem o servi\u00e7o s\u00e3o atendidos conforme crit\u00e9rios de idade e comorbidades. Para os usu\u00e1rios acima de 60 anos e \u00e0queles com condi\u00e7\u00f5es cl\u00ednicas de risco, a equipe entra em contato a cada 24 horas. Nos demais casos, o acompanhamento acontece em intervalos de 48 horas.<\/p>\n\n\n\n<p>A secret\u00e1ria municipal de Sa\u00fade, a m\u00e9dica Sh\u00e1dia Fraxe, reafirma a busca do prefeito David Almeida em oferecer o melhor atendimento \u00e0 popula\u00e7\u00e3o em diversas frentes, como forma de vencer a pandemia. \u201cTemos desenvolvido v\u00e1rios canais, para oferecer orienta\u00e7\u00f5es e apoio \u00e0 popula\u00e7\u00e3o, para auxiliar tanto na preven\u00e7\u00e3o quanto no tratamento da Covid-19. O telemonitoramento, nesse sentido, \u00e9 mais uma iniciativa para dar um direcionamento profissional, a partir de uma equipe multidisciplinar de sa\u00fade, \u00e0s pessoas que se encontram em situa\u00e7\u00e3o de cuidado dom\u00e9stico, e, como tal, presta uma contribui\u00e7\u00e3o valiosa \u00e0 nossa luta contra o v\u00edrus\u201d, afirma.<\/p>\n\n\n\n<p>Implantado em mar\u00e7o de 2020, quando os primeiros casos do v\u00edrus come\u00e7aram a ser registrados no munic\u00edpio, o Telemonitoramento j\u00e1 atendeu a mais de 75 mil pacientes em Manaus, at\u00e9 o m\u00eas de dezembro. A equipe \u00e9 multidisciplinar, composta por m\u00e9dicos, enfermeiros e cirurgi\u00f5es-dentistas, al\u00e9m de bi\u00f3loga, assistente social, fisioterapeuta e pessoal de apoio administrativo. Todos treinados a partir do Programa de Educa\u00e7\u00e3o Continuada, desenvolvido dentro do pr\u00f3prio Telemonitoramento. Os servidores atuam no complexo da sede da Prefeitura de Manaus, no bairro Compensa, zona Centro-Oeste.<\/p>\n\n\n\n<p><strong>Fluxo<\/strong><\/p>\n\n\n\n<p>Durante o atendimento, \u00e9 feita a avalia\u00e7\u00e3o da situa\u00e7\u00e3o cl\u00ednica (classifica\u00e7\u00e3o de risco) do paciente, e s\u00e3o prestadas orienta\u00e7\u00f5es sobre o autocuidado dom\u00e9stico, o reconhecimento dos sinais de agravamento da Covid-19 e as unidades que oferecem o atendimento presencial em Manaus. Al\u00e9m disso, s\u00e3o investigados o cumprimento do isolamento social, por parte do paciente, e as condi\u00e7\u00f5es que interferem na situa\u00e7\u00e3o de sa\u00fade dele. Caso seja necess\u00e1rio, tamb\u00e9m \u00e9 agendado o exame de RT-PCR domiciliar, tanto para o usu\u00e1rio quanto para contatos pr\u00f3ximos com suspeita de infec\u00e7\u00e3o pelo novo coronav\u00edrus.<\/p>\n\n\n\n<p>Como explica a gerente do Departamento de Aten\u00e7\u00e3o Prim\u00e1ria (DAP) da Semsa, Sonja Gir\u00e3o, o Telemonitoramento usa a tecnologia para cumprir uma fun\u00e7\u00e3o essencial para a manuten\u00e7\u00e3o da sa\u00fade da popula\u00e7\u00e3o.<\/p>\n\n\n\n<p>\u201cCom o suporte oferecido pelas plataformas de comunica\u00e7\u00e3o a dist\u00e2ncia, as liga\u00e7\u00f5es e videochamadas feitas por celular e computador, n\u00f3s podemos acompanhar os pacientes com Covid-19 sem desrespeitar o isolamento social, t\u00e3o necess\u00e1rio para a preserva\u00e7\u00e3o da sa\u00fade de usu\u00e1rios e servidores. Isso nos permite verificar a evolu\u00e7\u00e3o dos casos entre a popula\u00e7\u00e3o, salvando vidas nesse cen\u00e1rio que exige, com frequ\u00eancia, o cuidado em casa, a fim de n\u00e3o sobrecarregar ainda mais as unidades de sa\u00fade de Manaus\u201d, explica Sonja.<\/p>\n\n\n\n<p><strong>Texto \u2013&nbsp;<\/strong>Renildo Rodrigues \/ Semsa<\/p>\n\n\n\n<p><strong>Foto&nbsp;<\/strong>\u2013 Altemar Alc\u00e2ntara \/ Arquivo Semcom<\/p>\n","protected":false},"excerpt":{"rendered":"","protected":false},"author":65,"featured_media":215430,"comment_status":"closed","ping_status":"closed","sticky":false,"template":"","format":"standard","meta":{"footnotes":""},"categories":[207],"tags":[],"acf":[],"yoast_head":"<!-- This site is optimized with the Yoast SEO plugin v23.0 - https:\/\/yoast.com\/wordpress\/plugins\/seo\/ -->\n<title>Servi\u00e7o de Telemonitoramento da Prefeitura de Manaus oferece acompanhamento e orienta\u00e7\u00f5es \u00e0s v\u00edtimas da Covid-19 - SEMSA<\/title>\n<meta name=\"robots\" content=\"index, follow, max-snippet:-1, max-image-preview:large, max-video-preview:-1\" \/>\n<link rel=\"canonical\" href=\"https:\/\/www.manaus.am.gov.br\/semsa\/servico-de-telemonitoramento-da-prefeitura-de-manaus-oferece-acompanhamento-e-orientacoes-as-vitimas-da-covid-19\/\" \/>\n<meta property=\"og:locale\" content=\"pt_BR\" \/>\n<meta property=\"og:type\" content=\"article\" \/>\n<meta property=\"og:title\" content=\"Servi\u00e7o de Telemonitoramento da Prefeitura de Manaus oferece acompanhamento e orienta\u00e7\u00f5es \u00e0s v\u00edtimas da Covid-19 - SEMSA\" \/>\n<meta property=\"og:url\" content=\"https:\/\/www.manaus.am.gov.br\/semsa\/servico-de-telemonitoramento-da-prefeitura-de-manaus-oferece-acompanhamento-e-orientacoes-as-vitimas-da-covid-19\/\" \/>\n<meta property=\"og:site_name\" content=\"SEMSA\" \/>\n<meta property=\"article:published_time\" content=\"2021-01-27T23:00:00+00:00\" \/>\n<meta property=\"article:modified_time\" content=\"2024-05-10T14:26:26+00:00\" \/>\n<meta property=\"og:image\" content=\"https:\/\/www.manaus.am.gov.br\/semsa\/wp-content\/uploads\/sites\/8\/2024\/05\/telemonitoramento.png\" \/>\n\t<meta property=\"og:image:width\" content=\"720\" \/>\n\t<meta property=\"og:image:height\" content=\"407\" \/>\n\t<meta property=\"og:image:type\" content=\"image\/png\" \/>\n<meta name=\"author\" content=\"Luana Abecassis\" \/>\n<meta name=\"twitter:card\" content=\"summary_large_image\" \/>\n<meta name=\"twitter:label1\" content=\"Written by\" \/>\n\t<meta name=\"twitter:data1\" content=\"Luana Abecassis\" \/>\n\t<meta name=\"twitter:label2\" content=\"Est. reading time\" \/>\n\t<meta name=\"twitter:data2\" content=\"4 minutos\" \/>\n<script type=\"application\/ld+json\" class=\"yoast-schema-graph\">{\"@context\":\"https:\/\/schema.org\",\"@graph\":[{\"@type\":\"WebPage\",\"@id\":\"https:\/\/www.manaus.am.gov.br\/semsa\/servico-de-telemonitoramento-da-prefeitura-de-manaus-oferece-acompanhamento-e-orientacoes-as-vitimas-da-covid-19\/\",\"url\":\"https:\/\/www.manaus.am.gov.br\/semsa\/servico-de-telemonitoramento-da-prefeitura-de-manaus-oferece-acompanhamento-e-orientacoes-as-vitimas-da-covid-19\/\",\"name\":\"Servi\u00e7o de Telemonitoramento da Prefeitura de Manaus oferece acompanhamento e orienta\u00e7\u00f5es \u00e0s v\u00edtimas da Covid-19 - SEMSA\",\"isPartOf\":{\"@id\":\"https:\/\/www.manaus.am.gov.br\/semsa\/#website\"},\"primaryImageOfPage\":{\"@id\":\"https:\/\/www.manaus.am.gov.br\/semsa\/servico-de-telemonitoramento-da-prefeitura-de-manaus-oferece-acompanhamento-e-orientacoes-as-vitimas-da-covid-19\/#primaryimage\"},\"image\":{\"@id\":\"https:\/\/www.manaus.am.gov.br\/semsa\/servico-de-telemonitoramento-da-prefeitura-de-manaus-oferece-acompanhamento-e-orientacoes-as-vitimas-da-covid-19\/#primaryimage\"},\"thumbnailUrl\":\"https:\/\/www.manaus.am.gov.br\/semsa\/wp-content\/uploads\/sites\/8\/2024\/05\/telemonitoramento.png\",\"datePublished\":\"2021-01-27T23:00:00+00:00\",\"dateModified\":\"2024-05-10T14:26:26+00:00\",\"author\":{\"@id\":\"https:\/\/www.manaus.am.gov.br\/semsa\/#\/schema\/person\/c6a949869c569fa922046ae33645bd1b\"},\"inLanguage\":\"pt-BR\",\"potentialAction\":[{\"@type\":\"ReadAction\",\"target\":[\"https:\/\/www.manaus.am.gov.br\/semsa\/servico-de-telemonitoramento-da-prefeitura-de-manaus-oferece-acompanhamento-e-orientacoes-as-vitimas-da-covid-19\/\"]}]},{\"@type\":\"ImageObject\",\"inLanguage\":\"pt-BR\",\"@id\":\"https:\/\/www.manaus.am.gov.br\/semsa\/servico-de-telemonitoramento-da-prefeitura-de-manaus-oferece-acompanhamento-e-orientacoes-as-vitimas-da-covid-19\/#primaryimage\",\"url\":\"https:\/\/www.manaus.am.gov.br\/semsa\/wp-content\/uploads\/sites\/8\/2024\/05\/telemonitoramento.png\",\"contentUrl\":\"https:\/\/www.manaus.am.gov.br\/semsa\/wp-content\/uploads\/sites\/8\/2024\/05\/telemonitoramento.png\",\"width\":720,\"height\":407},{\"@type\":\"WebSite\",\"@id\":\"https:\/\/www.manaus.am.gov.br\/semsa\/#website\",\"url\":\"https:\/\/www.manaus.am.gov.br\/semsa\/\",\"name\":\"SEMSA\",\"description\":\"Secretaria Municipal de Sa\u00fade\",\"alternateName\":\"Secretaria Municipal de Sa\u00fade\",\"potentialAction\":[{\"@type\":\"SearchAction\",\"target\":{\"@type\":\"EntryPoint\",\"urlTemplate\":\"https:\/\/www.manaus.am.gov.br\/semsa\/?s={search_term_string}\"},\"query-input\":\"required name=search_term_string\"}],\"inLanguage\":\"pt-BR\"},{\"@type\":\"Person\",\"@id\":\"https:\/\/www.manaus.am.gov.br\/semsa\/#\/schema\/person\/c6a949869c569fa922046ae33645bd1b\",\"name\":\"Luana Abecassis\",\"image\":{\"@type\":\"ImageObject\",\"inLanguage\":\"pt-BR\",\"@id\":\"https:\/\/www.manaus.am.gov.br\/semsa\/#\/schema\/person\/image\/\",\"url\":\"https:\/\/secure.gravatar.com\/avatar\/49f5bfb42a36a0ec57a2a2b4adad3180?s=96&d=mm&r=g\",\"contentUrl\":\"https:\/\/secure.gravatar.com\/avatar\/49f5bfb42a36a0ec57a2a2b4adad3180?s=96&d=mm&r=g\",\"caption\":\"Luana Abecassis\"}}]}<\/script>\n<!-- \/ Yoast SEO plugin. -->","yoast_head_json":{"title":"Servi\u00e7o de Telemonitoramento da Prefeitura de Manaus oferece acompanhamento e orienta\u00e7\u00f5es \u00e0s v\u00edtimas da Covid-19 - SEMSA","robots":{"index":"index","follow":"follow","max-snippet":"max-snippet:-1","max-image-preview":"max-image-preview:large","max-video-preview":"max-video-preview:-1"},"canonical":"https:\/\/www.manaus.am.gov.br\/semsa\/servico-de-telemonitoramento-da-prefeitura-de-manaus-oferece-acompanhamento-e-orientacoes-as-vitimas-da-covid-19\/","og_locale":"pt_BR","og_type":"article","og_title":"Servi\u00e7o de Telemonitoramento da Prefeitura de Manaus oferece acompanhamento e orienta\u00e7\u00f5es \u00e0s v\u00edtimas da Covid-19 - SEMSA","og_url":"https:\/\/www.manaus.am.gov.br\/semsa\/servico-de-telemonitoramento-da-prefeitura-de-manaus-oferece-acompanhamento-e-orientacoes-as-vitimas-da-covid-19\/","og_site_name":"SEMSA","article_published_time":"2021-01-27T23:00:00+00:00","article_modified_time":"2024-05-10T14:26:26+00:00","og_image":[{"width":720,"height":407,"url":"https:\/\/www.manaus.am.gov.br\/semsa\/wp-content\/uploads\/sites\/8\/2024\/05\/telemonitoramento.png","type":"image\/png"}],"author":"Luana Abecassis","twitter_card":"summary_large_image","twitter_misc":{"Written by":"Luana Abecassis","Est. reading time":"4 minutos"},"schema":{"@context":"https:\/\/schema.org","@graph":[{"@type":"WebPage","@id":"https:\/\/www.manaus.am.gov.br\/semsa\/servico-de-telemonitoramento-da-prefeitura-de-manaus-oferece-acompanhamento-e-orientacoes-as-vitimas-da-covid-19\/","url":"https:\/\/www.manaus.am.gov.br\/semsa\/servico-de-telemonitoramento-da-prefeitura-de-manaus-oferece-acompanhamento-e-orientacoes-as-vitimas-da-covid-19\/","name":"Servi\u00e7o de Telemonitoramento da Prefeitura de Manaus oferece acompanhamento e orienta\u00e7\u00f5es \u00e0s v\u00edtimas da Covid-19 - SEMSA","isPartOf":{"@id":"https:\/\/www.manaus.am.gov.br\/semsa\/#website"},"primaryImageOfPage":{"@id":"https:\/\/www.manaus.am.gov.br\/semsa\/servico-de-telemonitoramento-da-prefeitura-de-manaus-oferece-acompanhamento-e-orientacoes-as-vitimas-da-covid-19\/#primaryimage"},"image":{"@id":"https:\/\/www.manaus.am.gov.br\/semsa\/servico-de-telemonitoramento-da-prefeitura-de-manaus-oferece-acompanhamento-e-orientacoes-as-vitimas-da-covid-19\/#primaryimage"},"thumbnailUrl":"https:\/\/www.manaus.am.gov.br\/semsa\/wp-content\/uploads\/sites\/8\/2024\/05\/telemonitoramento.png","datePublished":"2021-01-27T23:00:00+00:00","dateModified":"2024-05-10T14:26:26+00:00","author":{"@id":"https:\/\/www.manaus.am.gov.br\/semsa\/#\/schema\/person\/c6a949869c569fa922046ae33645bd1b"},"inLanguage":"pt-BR","potentialAction":[{"@type":"ReadAction","target":["https:\/\/www.manaus.am.gov.br\/semsa\/servico-de-telemonitoramento-da-prefeitura-de-manaus-oferece-acompanhamento-e-orientacoes-as-vitimas-da-covid-19\/"]}]},{"@type":"ImageObject","inLanguage":"pt-BR","@id":"https:\/\/www.manaus.am.gov.br\/semsa\/servico-de-telemonitoramento-da-prefeitura-de-manaus-oferece-acompanhamento-e-orientacoes-as-vitimas-da-covid-19\/#primaryimage","url":"https:\/\/www.manaus.am.gov.br\/semsa\/wp-content\/uploads\/sites\/8\/2024\/05\/telemonitoramento.png","contentUrl":"https:\/\/www.manaus.am.gov.br\/semsa\/wp-content\/uploads\/sites\/8\/2024\/05\/telemonitoramento.png","width":720,"height":407},{"@type":"WebSite","@id":"https:\/\/www.manaus.am.gov.br\/semsa\/#website","url":"https:\/\/www.manaus.am.gov.br\/semsa\/","name":"SEMSA","description":"Secretaria Municipal de Sa\u00fade","alternateName":"Secretaria Municipal de Sa\u00fade","potentialAction":[{"@type":"SearchAction","target":{"@type":"EntryPoint","urlTemplate":"https:\/\/www.manaus.am.gov.br\/semsa\/?s={search_term_string}"},"query-input":"required name=search_term_string"}],"inLanguage":"pt-BR"},{"@type":"Person","@id":"https:\/\/www.manaus.am.gov.br\/semsa\/#\/schema\/person\/c6a949869c569fa922046ae33645bd1b","name":"Luana Abecassis","image":{"@type":"ImageObject","inLanguage":"pt-BR","@id":"https:\/\/www.manaus.am.gov.br\/semsa\/#\/schema\/person\/image\/","url":"https:\/\/secure.gravatar.com\/avatar\/49f5bfb42a36a0ec57a2a2b4adad3180?s=96&d=mm&r=g","contentUrl":"https:\/\/secure.gravatar.com\/avatar\/49f5bfb42a36a0ec57a2a2b4adad3180?s=96&d=mm&r=g","caption":"Luana Abecassis"}}]}},"_links":{"self":[{"href":"https:\/\/www.manaus.am.gov.br\/semsa\/wp-json\/wp\/v2\/posts\/215429"}],"collection":[{"href":"https:\/\/www.manaus.am.gov.br\/semsa\/wp-json\/wp\/v2\/posts"}],"about":[{"href":"https:\/\/www.manaus.am.gov.br\/semsa\/wp-json\/wp\/v2\/types\/post"}],"author":[{"embeddable":true,"href":"https:\/\/www.manaus.am.gov.br\/semsa\/wp-json\/wp\/v2\/users\/65"}],"replies":[{"embeddable":true,"href":"https:\/\/www.manaus.am.gov.br\/semsa\/wp-json\/wp\/v2\/comments?post=215429"}],"version-history":[{"count":1,"href":"https:\/\/www.manaus.am.gov.br\/semsa\/wp-json\/wp\/v2\/posts\/215429\/revisions"}],"predecessor-version":[{"id":215431,"href":"https:\/\/www.manaus.am.gov.br\/semsa\/wp-json\/wp\/v2\/posts\/215429\/revisions\/215431"}],"wp:featuredmedia":[{"embeddable":true,"href":"https:\/\/www.manaus.am.gov.br\/semsa\/wp-json\/wp\/v2\/media\/215430"}],"wp:attachment":[{"href":"https:\/\/www.manaus.am.gov.br\/semsa\/wp-json\/wp\/v2\/media?parent=215429"}],"wp:term":[{"taxonomy":"category","embeddable":true,"href":"https:\/\/www.manaus.am.gov.br\/semsa\/wp-json\/wp\/v2\/categories?post=215429"},{"taxonomy":"post_tag","embeddable":true,"href":"https:\/\/www.manaus.am.gov.br\/semsa\/wp-json\/wp\/v2\/tags?post=215429"}],"curies":[{"name":"wp","href":"https:\/\/api.w.org\/{rel}","templated":true}]}}