{"id":215425,"date":"2021-01-11T08:29:00","date_gmt":"2021-01-11T12:29:00","guid":{"rendered":"https:\/\/www.manaus.am.gov.br\/semsa\/?p=215425"},"modified":"2024-05-10T10:06:35","modified_gmt":"2024-05-10T14:06:35","slug":"extensao-da-ubs-nilton-lins-abre-na-terca-feira-voltada-ao-atendimento-de-covid-19-e-outras-sindromes-gripais","status":"publish","type":"post","link":"https:\/\/www.manaus.am.gov.br\/semsa\/extensao-da-ubs-nilton-lins-abre-na-terca-feira-voltada-ao-atendimento-de-covid-19-e-outras-sindromes-gripais\/","title":{"rendered":"Extens\u00e3o da UBS Nilton Lins abre na ter\u00e7a-feira voltada ao atendimento de Covid-19 e outras s\u00edndromes gripais"},"content":{"rendered":"\n<p>Em\u00a0<em>live<\/em>\u00a0realizada na noite deste domingo, 10\/1, o prefeito de Manaus, David Almeida, anunciou a abertura, na pr\u00f3xima ter\u00e7a-feira, 12, de uma extens\u00e3o da Unidade B\u00e1sica de Sa\u00fade (UBS) Nilton Lins, localizada bairro de Flores, zona Centro-Sul da capital, destinada exclusivamente ao atendimento de pacientes com s\u00edndromes gripais ou suspeita de Covid-19. O novo espa\u00e7o faz parte do pacote de medidas implementadas pela atual gest\u00e3o municipal para enfrentar o crescente n\u00famero de novos casos e agravos da Covid-19 na capital amazonense.<\/p>\n\n\n\n<p>A nova estrutura ter\u00e1 hor\u00e1rio de atendimento de 7h \u00e0s 19h e contar\u00e1 com assist\u00eancia farmac\u00eautica, coleta de RT-PCR (swab nasal \u2013 cotonete), teste r\u00e1pido, tr\u00eas consult\u00f3rios m\u00e9dicos, dois consult\u00f3rios de enfermagem e uma sala de acolhimento.<\/p>\n\n\n\n<p>O prefeito afirmou que a abertura do novo espa\u00e7o ser\u00e1 fundamental para refor\u00e7ar o atendimento precoce no combate ao v\u00edrus que j\u00e1 matou mais de 3.700 pessoas na capital. Ele tamb\u00e9m fez um apelo \u00e0 popula\u00e7\u00e3o, para que respeite o isolamento social e mantenha os cuidados b\u00e1sicos de preven\u00e7\u00e3o.<\/p>\n\n\n\n<p>\u201cVamos inaugurar na ter\u00e7a-feira a maior estrutura de Unidade B\u00e1sica de Sa\u00fade da capital, l\u00e1 dentro da Nilton Lins, especificamente para casos de Covid-19 e outras s\u00edndromes. N\u00f3s vamos entregar rem\u00e9dios e fazer testes. A situa\u00e7\u00e3o \u00e9 muito mais grave. N\u00f3s queremos cuidar da sua vida, queremos preservar a sua sa\u00fade. Manaus precisa de voc\u00ea agora, da sua consci\u00eancia, da sua colabora\u00e7\u00e3o, da sua ajuda. Esse \u00e9 o momento de nos ajudarmos. Permane\u00e7a em casa, fa\u00e7a a sua parte\u201d, disse o prefeito durante a<em>&nbsp;live<\/em>.<\/p>\n\n\n\n<p>Na ocasi\u00e3o, o prefeito tamb\u00e9m informou que ir\u00e1 solicitar ao Minist\u00e9rio da Sa\u00fade, para que Manaus seja a primeira capital a entrar no esquema de vacina\u00e7\u00e3o contra a Covid-19, e que a prefeitura deve realizar a contrata\u00e7\u00e3o tempor\u00e1ria de mais profissionais de sa\u00fade, al\u00e9m de adquirir mais de um milh\u00e3o e meio de um medicamento para refor\u00e7o de imunidade e que ser\u00e1 distribu\u00eddo \u00e0 popula\u00e7\u00e3o.<\/p>\n\n\n\n<p><strong>Orienta\u00e7\u00e3o<\/strong><\/p>\n\n\n\n<p>Como refor\u00e7o na orienta\u00e7\u00e3o \u00e0 popula\u00e7\u00e3o, ainda durante a&nbsp;<em>live<\/em>&nbsp;o prefeito de Manaus fez quest\u00e3o de relembrar os sintomas mais comuns da Covid-19 (febre, dor de cabe\u00e7a, tosse, dor muscular, perda do olfato e paladar, dor de garganta, sinusite, falta de ar, dor no peito e diarreia) e enfatizou a necessidade de se buscar atendimento b\u00e1sico ainda nos primeiros dias e sintomas da doen\u00e7a, para que o paciente inicie o tratamento precocemente, tendo uma maior possibilidade de cura, evitando assim a necessidade de ser internado em uma unidade hospitalar.<\/p>\n\n\n\n<p>\u201cCaso apresente dois ou tr\u00eas desses sintomas, procure a UBS mais pr\u00f3xima de sua casa para receber os primeiros atendimentos e fazer a testagem da Covid-19. N\u00e3o espere ter falta de ar para procurar uma unidade de sa\u00fade\u201d, concluiu.<\/p>\n\n\n\n<p><strong>Texto<\/strong>&nbsp;\u2013 Thiago Fernando \/ Semcom<\/p>\n\n\n\n<p><strong>Foto<\/strong>&nbsp;\u2013 Altemar Alc\u00e2ntara \/ Semcom<\/p>\n","protected":false},"excerpt":{"rendered":"","protected":false},"author":65,"featured_media":215426,"comment_status":"closed","ping_status":"closed","sticky":false,"template":"","format":"standard","meta":{"footnotes":""},"categories":[3],"tags":[],"acf":[],"yoast_head":"<!-- This site is optimized with the Yoast SEO plugin v23.0 - https:\/\/yoast.com\/wordpress\/plugins\/seo\/ -->\n<title>Extens\u00e3o da UBS Nilton Lins abre na ter\u00e7a-feira voltada ao atendimento de Covid-19 e outras s\u00edndromes gripais - SEMSA<\/title>\n<meta name=\"robots\" content=\"index, follow, max-snippet:-1, max-image-preview:large, max-video-preview:-1\" \/>\n<link rel=\"canonical\" href=\"https:\/\/www.manaus.am.gov.br\/semsa\/extensao-da-ubs-nilton-lins-abre-na-terca-feira-voltada-ao-atendimento-de-covid-19-e-outras-sindromes-gripais\/\" \/>\n<meta property=\"og:locale\" content=\"pt_BR\" \/>\n<meta property=\"og:type\" content=\"article\" \/>\n<meta property=\"og:title\" content=\"Extens\u00e3o da UBS Nilton Lins abre na ter\u00e7a-feira voltada ao atendimento de Covid-19 e outras s\u00edndromes gripais - SEMSA\" \/>\n<meta property=\"og:url\" content=\"https:\/\/www.manaus.am.gov.br\/semsa\/extensao-da-ubs-nilton-lins-abre-na-terca-feira-voltada-ao-atendimento-de-covid-19-e-outras-sindromes-gripais\/\" \/>\n<meta property=\"og:site_name\" content=\"SEMSA\" \/>\n<meta property=\"article:published_time\" content=\"2021-01-11T12:29:00+00:00\" \/>\n<meta property=\"article:modified_time\" content=\"2024-05-10T14:06:35+00:00\" \/>\n<meta property=\"og:image\" content=\"https:\/\/www.manaus.am.gov.br\/semsa\/wp-content\/uploads\/sites\/8\/2024\/05\/10.1-UBS-e1610330851857.jpg\" \/>\n\t<meta property=\"og:image:width\" content=\"720\" \/>\n\t<meta property=\"og:image:height\" content=\"407\" \/>\n\t<meta property=\"og:image:type\" content=\"image\/jpeg\" \/>\n<meta name=\"author\" content=\"Luana Abecassis\" \/>\n<meta name=\"twitter:card\" content=\"summary_large_image\" \/>\n<meta name=\"twitter:label1\" content=\"Written by\" \/>\n\t<meta name=\"twitter:data1\" content=\"Luana Abecassis\" \/>\n\t<meta name=\"twitter:label2\" content=\"Est. reading time\" \/>\n\t<meta name=\"twitter:data2\" content=\"3 minutos\" \/>\n<script type=\"application\/ld+json\" class=\"yoast-schema-graph\">{\"@context\":\"https:\/\/schema.org\",\"@graph\":[{\"@type\":\"WebPage\",\"@id\":\"https:\/\/www.manaus.am.gov.br\/semsa\/extensao-da-ubs-nilton-lins-abre-na-terca-feira-voltada-ao-atendimento-de-covid-19-e-outras-sindromes-gripais\/\",\"url\":\"https:\/\/www.manaus.am.gov.br\/semsa\/extensao-da-ubs-nilton-lins-abre-na-terca-feira-voltada-ao-atendimento-de-covid-19-e-outras-sindromes-gripais\/\",\"name\":\"Extens\u00e3o da UBS Nilton Lins abre na ter\u00e7a-feira voltada ao atendimento de Covid-19 e outras s\u00edndromes gripais - SEMSA\",\"isPartOf\":{\"@id\":\"https:\/\/www.manaus.am.gov.br\/semsa\/#website\"},\"primaryImageOfPage\":{\"@id\":\"https:\/\/www.manaus.am.gov.br\/semsa\/extensao-da-ubs-nilton-lins-abre-na-terca-feira-voltada-ao-atendimento-de-covid-19-e-outras-sindromes-gripais\/#primaryimage\"},\"image\":{\"@id\":\"https:\/\/www.manaus.am.gov.br\/semsa\/extensao-da-ubs-nilton-lins-abre-na-terca-feira-voltada-ao-atendimento-de-covid-19-e-outras-sindromes-gripais\/#primaryimage\"},\"thumbnailUrl\":\"https:\/\/www.manaus.am.gov.br\/semsa\/wp-content\/uploads\/sites\/8\/2024\/05\/10.1-UBS-e1610330851857.jpg\",\"datePublished\":\"2021-01-11T12:29:00+00:00\",\"dateModified\":\"2024-05-10T14:06:35+00:00\",\"author\":{\"@id\":\"https:\/\/www.manaus.am.gov.br\/semsa\/#\/schema\/person\/c6a949869c569fa922046ae33645bd1b\"},\"inLanguage\":\"pt-BR\",\"potentialAction\":[{\"@type\":\"ReadAction\",\"target\":[\"https:\/\/www.manaus.am.gov.br\/semsa\/extensao-da-ubs-nilton-lins-abre-na-terca-feira-voltada-ao-atendimento-de-covid-19-e-outras-sindromes-gripais\/\"]}]},{\"@type\":\"ImageObject\",\"inLanguage\":\"pt-BR\",\"@id\":\"https:\/\/www.manaus.am.gov.br\/semsa\/extensao-da-ubs-nilton-lins-abre-na-terca-feira-voltada-ao-atendimento-de-covid-19-e-outras-sindromes-gripais\/#primaryimage\",\"url\":\"https:\/\/www.manaus.am.gov.br\/semsa\/wp-content\/uploads\/sites\/8\/2024\/05\/10.1-UBS-e1610330851857.jpg\",\"contentUrl\":\"https:\/\/www.manaus.am.gov.br\/semsa\/wp-content\/uploads\/sites\/8\/2024\/05\/10.1-UBS-e1610330851857.jpg\",\"width\":720,\"height\":407},{\"@type\":\"WebSite\",\"@id\":\"https:\/\/www.manaus.am.gov.br\/semsa\/#website\",\"url\":\"https:\/\/www.manaus.am.gov.br\/semsa\/\",\"name\":\"SEMSA\",\"description\":\"Secretaria Municipal de Sa\u00fade\",\"alternateName\":\"Secretaria Municipal de Sa\u00fade\",\"potentialAction\":[{\"@type\":\"SearchAction\",\"target\":{\"@type\":\"EntryPoint\",\"urlTemplate\":\"https:\/\/www.manaus.am.gov.br\/semsa\/?s={search_term_string}\"},\"query-input\":\"required name=search_term_string\"}],\"inLanguage\":\"pt-BR\"},{\"@type\":\"Person\",\"@id\":\"https:\/\/www.manaus.am.gov.br\/semsa\/#\/schema\/person\/c6a949869c569fa922046ae33645bd1b\",\"name\":\"Luana Abecassis\",\"image\":{\"@type\":\"ImageObject\",\"inLanguage\":\"pt-BR\",\"@id\":\"https:\/\/www.manaus.am.gov.br\/semsa\/#\/schema\/person\/image\/\",\"url\":\"https:\/\/secure.gravatar.com\/avatar\/49f5bfb42a36a0ec57a2a2b4adad3180?s=96&d=mm&r=g\",\"contentUrl\":\"https:\/\/secure.gravatar.com\/avatar\/49f5bfb42a36a0ec57a2a2b4adad3180?s=96&d=mm&r=g\",\"caption\":\"Luana Abecassis\"}}]}<\/script>\n<!-- \/ Yoast SEO plugin. -->","yoast_head_json":{"title":"Extens\u00e3o da UBS Nilton Lins abre na ter\u00e7a-feira voltada ao atendimento de Covid-19 e outras s\u00edndromes gripais - SEMSA","robots":{"index":"index","follow":"follow","max-snippet":"max-snippet:-1","max-image-preview":"max-image-preview:large","max-video-preview":"max-video-preview:-1"},"canonical":"https:\/\/www.manaus.am.gov.br\/semsa\/extensao-da-ubs-nilton-lins-abre-na-terca-feira-voltada-ao-atendimento-de-covid-19-e-outras-sindromes-gripais\/","og_locale":"pt_BR","og_type":"article","og_title":"Extens\u00e3o da UBS Nilton Lins abre na ter\u00e7a-feira voltada ao atendimento de Covid-19 e outras s\u00edndromes gripais - SEMSA","og_url":"https:\/\/www.manaus.am.gov.br\/semsa\/extensao-da-ubs-nilton-lins-abre-na-terca-feira-voltada-ao-atendimento-de-covid-19-e-outras-sindromes-gripais\/","og_site_name":"SEMSA","article_published_time":"2021-01-11T12:29:00+00:00","article_modified_time":"2024-05-10T14:06:35+00:00","og_image":[{"width":720,"height":407,"url":"https:\/\/www.manaus.am.gov.br\/semsa\/wp-content\/uploads\/sites\/8\/2024\/05\/10.1-UBS-e1610330851857.jpg","type":"image\/jpeg"}],"author":"Luana Abecassis","twitter_card":"summary_large_image","twitter_misc":{"Written by":"Luana Abecassis","Est. reading time":"3 minutos"},"schema":{"@context":"https:\/\/schema.org","@graph":[{"@type":"WebPage","@id":"https:\/\/www.manaus.am.gov.br\/semsa\/extensao-da-ubs-nilton-lins-abre-na-terca-feira-voltada-ao-atendimento-de-covid-19-e-outras-sindromes-gripais\/","url":"https:\/\/www.manaus.am.gov.br\/semsa\/extensao-da-ubs-nilton-lins-abre-na-terca-feira-voltada-ao-atendimento-de-covid-19-e-outras-sindromes-gripais\/","name":"Extens\u00e3o da UBS Nilton Lins abre na ter\u00e7a-feira voltada ao atendimento de Covid-19 e outras s\u00edndromes gripais - SEMSA","isPartOf":{"@id":"https:\/\/www.manaus.am.gov.br\/semsa\/#website"},"primaryImageOfPage":{"@id":"https:\/\/www.manaus.am.gov.br\/semsa\/extensao-da-ubs-nilton-lins-abre-na-terca-feira-voltada-ao-atendimento-de-covid-19-e-outras-sindromes-gripais\/#primaryimage"},"image":{"@id":"https:\/\/www.manaus.am.gov.br\/semsa\/extensao-da-ubs-nilton-lins-abre-na-terca-feira-voltada-ao-atendimento-de-covid-19-e-outras-sindromes-gripais\/#primaryimage"},"thumbnailUrl":"https:\/\/www.manaus.am.gov.br\/semsa\/wp-content\/uploads\/sites\/8\/2024\/05\/10.1-UBS-e1610330851857.jpg","datePublished":"2021-01-11T12:29:00+00:00","dateModified":"2024-05-10T14:06:35+00:00","author":{"@id":"https:\/\/www.manaus.am.gov.br\/semsa\/#\/schema\/person\/c6a949869c569fa922046ae33645bd1b"},"inLanguage":"pt-BR","potentialAction":[{"@type":"ReadAction","target":["https:\/\/www.manaus.am.gov.br\/semsa\/extensao-da-ubs-nilton-lins-abre-na-terca-feira-voltada-ao-atendimento-de-covid-19-e-outras-sindromes-gripais\/"]}]},{"@type":"ImageObject","inLanguage":"pt-BR","@id":"https:\/\/www.manaus.am.gov.br\/semsa\/extensao-da-ubs-nilton-lins-abre-na-terca-feira-voltada-ao-atendimento-de-covid-19-e-outras-sindromes-gripais\/#primaryimage","url":"https:\/\/www.manaus.am.gov.br\/semsa\/wp-content\/uploads\/sites\/8\/2024\/05\/10.1-UBS-e1610330851857.jpg","contentUrl":"https:\/\/www.manaus.am.gov.br\/semsa\/wp-content\/uploads\/sites\/8\/2024\/05\/10.1-UBS-e1610330851857.jpg","width":720,"height":407},{"@type":"WebSite","@id":"https:\/\/www.manaus.am.gov.br\/semsa\/#website","url":"https:\/\/www.manaus.am.gov.br\/semsa\/","name":"SEMSA","description":"Secretaria Municipal de Sa\u00fade","alternateName":"Secretaria Municipal de Sa\u00fade","potentialAction":[{"@type":"SearchAction","target":{"@type":"EntryPoint","urlTemplate":"https:\/\/www.manaus.am.gov.br\/semsa\/?s={search_term_string}"},"query-input":"required name=search_term_string"}],"inLanguage":"pt-BR"},{"@type":"Person","@id":"https:\/\/www.manaus.am.gov.br\/semsa\/#\/schema\/person\/c6a949869c569fa922046ae33645bd1b","name":"Luana Abecassis","image":{"@type":"ImageObject","inLanguage":"pt-BR","@id":"https:\/\/www.manaus.am.gov.br\/semsa\/#\/schema\/person\/image\/","url":"https:\/\/secure.gravatar.com\/avatar\/49f5bfb42a36a0ec57a2a2b4adad3180?s=96&d=mm&r=g","contentUrl":"https:\/\/secure.gravatar.com\/avatar\/49f5bfb42a36a0ec57a2a2b4adad3180?s=96&d=mm&r=g","caption":"Luana Abecassis"}}]}},"_links":{"self":[{"href":"https:\/\/www.manaus.am.gov.br\/semsa\/wp-json\/wp\/v2\/posts\/215425"}],"collection":[{"href":"https:\/\/www.manaus.am.gov.br\/semsa\/wp-json\/wp\/v2\/posts"}],"about":[{"href":"https:\/\/www.manaus.am.gov.br\/semsa\/wp-json\/wp\/v2\/types\/post"}],"author":[{"embeddable":true,"href":"https:\/\/www.manaus.am.gov.br\/semsa\/wp-json\/wp\/v2\/users\/65"}],"replies":[{"embeddable":true,"href":"https:\/\/www.manaus.am.gov.br\/semsa\/wp-json\/wp\/v2\/comments?post=215425"}],"version-history":[{"count":1,"href":"https:\/\/www.manaus.am.gov.br\/semsa\/wp-json\/wp\/v2\/posts\/215425\/revisions"}],"predecessor-version":[{"id":215427,"href":"https:\/\/www.manaus.am.gov.br\/semsa\/wp-json\/wp\/v2\/posts\/215425\/revisions\/215427"}],"wp:featuredmedia":[{"embeddable":true,"href":"https:\/\/www.manaus.am.gov.br\/semsa\/wp-json\/wp\/v2\/media\/215426"}],"wp:attachment":[{"href":"https:\/\/www.manaus.am.gov.br\/semsa\/wp-json\/wp\/v2\/media?parent=215425"}],"wp:term":[{"taxonomy":"category","embeddable":true,"href":"https:\/\/www.manaus.am.gov.br\/semsa\/wp-json\/wp\/v2\/categories?post=215425"},{"taxonomy":"post_tag","embeddable":true,"href":"https:\/\/www.manaus.am.gov.br\/semsa\/wp-json\/wp\/v2\/tags?post=215425"}],"curies":[{"name":"wp","href":"https:\/\/api.w.org\/{rel}","templated":true}]}}