{"id":215421,"date":"2021-01-12T11:09:00","date_gmt":"2021-01-12T15:09:00","guid":{"rendered":"https:\/\/www.manaus.am.gov.br\/semsa\/?p=215421"},"modified":"2024-05-10T10:04:29","modified_gmt":"2024-05-10T14:04:29","slug":"prefeitura-orienta-usuarios-sobre-os-criterios-para-a-realizacao-dos-exames-de-covid-19","status":"publish","type":"post","link":"https:\/\/www.manaus.am.gov.br\/semsa\/prefeitura-orienta-usuarios-sobre-os-criterios-para-a-realizacao-dos-exames-de-covid-19\/","title":{"rendered":"Prefeitura orienta usu\u00e1rios sobre os crit\u00e9rios para a realiza\u00e7\u00e3o dos exames de Covid-19"},"content":{"rendered":"\n<p>A Prefeitura de Manaus disponibiliza, nos 22 pontos preferenciais para atendimento a casos suspeitos de s\u00edndromes gripais e Covid-19, dois tipos de exames para detec\u00e7\u00e3o do novo coronav\u00edrus no organismo: o teste r\u00e1pido e o RT-PCR (sigla inglesa de Reverse-Transcriptase Polymerase Chain Reaction), este \u00faltimo considerado \u201cpadr\u00e3o ouro\u201d para o diagn\u00f3stico da doen\u00e7a. O acesso aos exames nas unidades da Secretaria Municipal de Sa\u00fade (Semsa) s\u00f3 \u00e9 poss\u00edvel ap\u00f3s a avalia\u00e7\u00e3o do paciente feita durante a consulta com um m\u00e9dico.<\/p>\n\n\n\n<p>\u201c\u00c9 necess\u00e1rio que os nossos usu\u00e1rios entendam que s\u00f3 quem pode indicar a necessidade do exame \u00e9 o m\u00e9dico, que vai considerar, durante a consulta, as condi\u00e7\u00f5es cl\u00ednicas do paciente, de acordo com os sintomas e o tempo de manifesta\u00e7\u00e3o deles. Existe um fluxo que indica o tipo de exame mais apropriado para cada caso. Se esses prazos n\u00e3o forem observados, o risco de resultados falsos \u00e9 muito grande e isso pode aumentar o risco de agravamento do quadro, que \u00e9 o que queremos evitar\u201d, alerta a secret\u00e1ria municipal de Sa\u00fade, Sh\u00e1dia Fraxe.<\/p>\n\n\n\n<p>Ela destaca, ainda, que todos os exames de Covid-19 realizados pela Semsa s\u00e3o inseridos no sistema oficial do Minist\u00e9rio da Sa\u00fade, o e-SUS VE, ferramenta de registro de notifica\u00e7\u00e3o de casos suspeitos da doen\u00e7a. \u201cTemos um controle rigoroso do uso dos insumos e seguimos os protocolos do minist\u00e9rio. Quem tem a indica\u00e7\u00e3o para um dos exames, faz a coleta nas unidades mesmo\u201d, explica Sh\u00e1dia.<\/p>\n\n\n\n<p>Ao todo, a Semsa tem 17 Unidades B\u00e1sicas de Sa\u00fade (UBS), uma cl\u00ednica da fam\u00edlia e tr\u00eas UBSs M\u00f3veis fazendo o atendimento exclusivo a pacientes com sintomas de Covid-19 ou de s\u00edndromes gripais. A indica\u00e7\u00e3o, pelos m\u00e9dicos, para a realiza\u00e7\u00e3o de exame, segue um fluxo que considera o tempo dos sintomas: do terceiro ao s\u00e9timo dia, \u00e9 feita a coleta de material para o RT-PCR, que \u00e9 encaminhado para an\u00e1lise no Laborat\u00f3rio Central do Amazonas (Lacen-AM) e a partir do oitavo dia, o teste r\u00e1pido, que se for positivo, \u00e9 prescrito o tratamento e entregue a medica\u00e7\u00e3o, e em caso de negativo, o paciente recebe as orienta\u00e7\u00f5es para que mantenha os cuidados preventivos com uso de m\u00e1scara, \u00e1lcool em gel a 70%, distanciamento social, entre outras medidas de prote\u00e7\u00e3o.<\/p>\n\n\n\n<p>\u201cIndependentemente de resultado, todos n\u00f3s precisamos estar alertas e n\u00e3o descuidar, seguindo sempre as orienta\u00e7\u00f5es sanit\u00e1rias para evitar a propaga\u00e7\u00e3o desse v\u00edrus\u201d, sugere a secret\u00e1ria, orientando que os usu\u00e1rios procurem as unidades de sa\u00fade aos primeiros sintomas que podem ser febre, dor de cabe\u00e7a, dor no corpo, mal-estar, calafrio, tosse, congest\u00e3o nasal, diarreia, dor abdominal, falta de ar e perda do olfato e do paladar.<\/p>\n\n\n\n<p>O per\u00edodo de incuba\u00e7\u00e3o do v\u00edrus \u00e9 de at\u00e9 14 dias ap\u00f3s a exposi\u00e7\u00e3o, sendo o per\u00edodo m\u00e9dio de incuba\u00e7\u00e3o de 5 a 6 dias.<\/p>\n\n\n\n<p>\u201cRefor\u00e7amos a import\u00e2ncia do tratamento precoce para evitar que o quadro cl\u00ednico se agrave. N\u00e3o \u00e9 necess\u00e1rio confirmar o diagn\u00f3stico por testes para iniciar o tratamento. Se, clinicamente, o paciente apresentar sintomas que sugiram Covid-19, j\u00e1 recebe tratamento e seu quadro de sa\u00fade ser\u00e1 monitorado por pessoal capacitado para isso\u201d, assegura a secret\u00e1ria Sh\u00e1dia.<\/p>\n\n\n\n<p><strong>Texto \u2013<\/strong>&nbsp;Sandra Monteiro\/Semsa<\/p>\n\n\n\n<p><strong>Fotos \u2013&nbsp;<\/strong>Altemar Alc\u00e2ntara \/ Arquivo Semcom<\/p>\n\n\n\n<p><strong>Dispon\u00edveis em \u2013<\/strong>&nbsp;<a href=\"https:\/\/flic.kr\/p\/2jjnb2h\">https:\/\/flic.kr\/p\/2jjnb2h<\/a><\/p>\n","protected":false},"excerpt":{"rendered":"","protected":false},"author":65,"featured_media":215422,"comment_status":"closed","ping_status":"closed","sticky":false,"template":"","format":"standard","meta":{"footnotes":""},"categories":[3],"tags":[],"acf":[],"yoast_head":"<!-- This site is optimized with the Yoast SEO plugin v23.0 - https:\/\/yoast.com\/wordpress\/plugins\/seo\/ -->\n<title>Prefeitura orienta usu\u00e1rios sobre os crit\u00e9rios para a realiza\u00e7\u00e3o dos exames de Covid-19 - SEMSA<\/title>\n<meta name=\"robots\" content=\"index, follow, max-snippet:-1, max-image-preview:large, max-video-preview:-1\" \/>\n<link rel=\"canonical\" href=\"https:\/\/www.manaus.am.gov.br\/semsa\/prefeitura-orienta-usuarios-sobre-os-criterios-para-a-realizacao-dos-exames-de-covid-19\/\" \/>\n<meta property=\"og:locale\" content=\"pt_BR\" \/>\n<meta property=\"og:type\" content=\"article\" \/>\n<meta property=\"og:title\" content=\"Prefeitura orienta usu\u00e1rios sobre os crit\u00e9rios para a realiza\u00e7\u00e3o dos exames de Covid-19 - SEMSA\" \/>\n<meta property=\"og:url\" content=\"https:\/\/www.manaus.am.gov.br\/semsa\/prefeitura-orienta-usuarios-sobre-os-criterios-para-a-realizacao-dos-exames-de-covid-19\/\" \/>\n<meta property=\"og:site_name\" content=\"SEMSA\" \/>\n<meta property=\"article:published_time\" content=\"2021-01-12T15:09:00+00:00\" \/>\n<meta property=\"article:modified_time\" content=\"2024-05-10T14:04:29+00:00\" \/>\n<meta property=\"og:image\" content=\"https:\/\/www.manaus.am.gov.br\/semsa\/wp-content\/uploads\/sites\/8\/2024\/05\/50090942362_91e0d26f09_o-720x407-1.jpg\" \/>\n\t<meta property=\"og:image:width\" content=\"720\" \/>\n\t<meta property=\"og:image:height\" content=\"407\" \/>\n\t<meta property=\"og:image:type\" content=\"image\/jpeg\" \/>\n<meta name=\"author\" content=\"Luana Abecassis\" \/>\n<meta name=\"twitter:card\" content=\"summary_large_image\" \/>\n<meta name=\"twitter:label1\" content=\"Written by\" \/>\n\t<meta name=\"twitter:data1\" content=\"Luana Abecassis\" \/>\n\t<meta name=\"twitter:label2\" content=\"Est. reading time\" \/>\n\t<meta name=\"twitter:data2\" content=\"4 minutos\" \/>\n<script type=\"application\/ld+json\" class=\"yoast-schema-graph\">{\"@context\":\"https:\/\/schema.org\",\"@graph\":[{\"@type\":\"WebPage\",\"@id\":\"https:\/\/www.manaus.am.gov.br\/semsa\/prefeitura-orienta-usuarios-sobre-os-criterios-para-a-realizacao-dos-exames-de-covid-19\/\",\"url\":\"https:\/\/www.manaus.am.gov.br\/semsa\/prefeitura-orienta-usuarios-sobre-os-criterios-para-a-realizacao-dos-exames-de-covid-19\/\",\"name\":\"Prefeitura orienta usu\u00e1rios sobre os crit\u00e9rios para a realiza\u00e7\u00e3o dos exames de Covid-19 - SEMSA\",\"isPartOf\":{\"@id\":\"https:\/\/www.manaus.am.gov.br\/semsa\/#website\"},\"primaryImageOfPage\":{\"@id\":\"https:\/\/www.manaus.am.gov.br\/semsa\/prefeitura-orienta-usuarios-sobre-os-criterios-para-a-realizacao-dos-exames-de-covid-19\/#primaryimage\"},\"image\":{\"@id\":\"https:\/\/www.manaus.am.gov.br\/semsa\/prefeitura-orienta-usuarios-sobre-os-criterios-para-a-realizacao-dos-exames-de-covid-19\/#primaryimage\"},\"thumbnailUrl\":\"https:\/\/www.manaus.am.gov.br\/semsa\/wp-content\/uploads\/sites\/8\/2024\/05\/50090942362_91e0d26f09_o-720x407-1.jpg\",\"datePublished\":\"2021-01-12T15:09:00+00:00\",\"dateModified\":\"2024-05-10T14:04:29+00:00\",\"author\":{\"@id\":\"https:\/\/www.manaus.am.gov.br\/semsa\/#\/schema\/person\/c6a949869c569fa922046ae33645bd1b\"},\"inLanguage\":\"pt-BR\",\"potentialAction\":[{\"@type\":\"ReadAction\",\"target\":[\"https:\/\/www.manaus.am.gov.br\/semsa\/prefeitura-orienta-usuarios-sobre-os-criterios-para-a-realizacao-dos-exames-de-covid-19\/\"]}]},{\"@type\":\"ImageObject\",\"inLanguage\":\"pt-BR\",\"@id\":\"https:\/\/www.manaus.am.gov.br\/semsa\/prefeitura-orienta-usuarios-sobre-os-criterios-para-a-realizacao-dos-exames-de-covid-19\/#primaryimage\",\"url\":\"https:\/\/www.manaus.am.gov.br\/semsa\/wp-content\/uploads\/sites\/8\/2024\/05\/50090942362_91e0d26f09_o-720x407-1.jpg\",\"contentUrl\":\"https:\/\/www.manaus.am.gov.br\/semsa\/wp-content\/uploads\/sites\/8\/2024\/05\/50090942362_91e0d26f09_o-720x407-1.jpg\",\"width\":720,\"height\":407},{\"@type\":\"WebSite\",\"@id\":\"https:\/\/www.manaus.am.gov.br\/semsa\/#website\",\"url\":\"https:\/\/www.manaus.am.gov.br\/semsa\/\",\"name\":\"SEMSA\",\"description\":\"Secretaria Municipal de Sa\u00fade\",\"alternateName\":\"Secretaria Municipal de Sa\u00fade\",\"potentialAction\":[{\"@type\":\"SearchAction\",\"target\":{\"@type\":\"EntryPoint\",\"urlTemplate\":\"https:\/\/www.manaus.am.gov.br\/semsa\/?s={search_term_string}\"},\"query-input\":\"required name=search_term_string\"}],\"inLanguage\":\"pt-BR\"},{\"@type\":\"Person\",\"@id\":\"https:\/\/www.manaus.am.gov.br\/semsa\/#\/schema\/person\/c6a949869c569fa922046ae33645bd1b\",\"name\":\"Luana Abecassis\",\"image\":{\"@type\":\"ImageObject\",\"inLanguage\":\"pt-BR\",\"@id\":\"https:\/\/www.manaus.am.gov.br\/semsa\/#\/schema\/person\/image\/\",\"url\":\"https:\/\/secure.gravatar.com\/avatar\/49f5bfb42a36a0ec57a2a2b4adad3180?s=96&d=mm&r=g\",\"contentUrl\":\"https:\/\/secure.gravatar.com\/avatar\/49f5bfb42a36a0ec57a2a2b4adad3180?s=96&d=mm&r=g\",\"caption\":\"Luana Abecassis\"}}]}<\/script>\n<!-- \/ Yoast SEO plugin. -->","yoast_head_json":{"title":"Prefeitura orienta usu\u00e1rios sobre os crit\u00e9rios para a realiza\u00e7\u00e3o dos exames de Covid-19 - SEMSA","robots":{"index":"index","follow":"follow","max-snippet":"max-snippet:-1","max-image-preview":"max-image-preview:large","max-video-preview":"max-video-preview:-1"},"canonical":"https:\/\/www.manaus.am.gov.br\/semsa\/prefeitura-orienta-usuarios-sobre-os-criterios-para-a-realizacao-dos-exames-de-covid-19\/","og_locale":"pt_BR","og_type":"article","og_title":"Prefeitura orienta usu\u00e1rios sobre os crit\u00e9rios para a realiza\u00e7\u00e3o dos exames de Covid-19 - SEMSA","og_url":"https:\/\/www.manaus.am.gov.br\/semsa\/prefeitura-orienta-usuarios-sobre-os-criterios-para-a-realizacao-dos-exames-de-covid-19\/","og_site_name":"SEMSA","article_published_time":"2021-01-12T15:09:00+00:00","article_modified_time":"2024-05-10T14:04:29+00:00","og_image":[{"width":720,"height":407,"url":"https:\/\/www.manaus.am.gov.br\/semsa\/wp-content\/uploads\/sites\/8\/2024\/05\/50090942362_91e0d26f09_o-720x407-1.jpg","type":"image\/jpeg"}],"author":"Luana Abecassis","twitter_card":"summary_large_image","twitter_misc":{"Written by":"Luana Abecassis","Est. reading time":"4 minutos"},"schema":{"@context":"https:\/\/schema.org","@graph":[{"@type":"WebPage","@id":"https:\/\/www.manaus.am.gov.br\/semsa\/prefeitura-orienta-usuarios-sobre-os-criterios-para-a-realizacao-dos-exames-de-covid-19\/","url":"https:\/\/www.manaus.am.gov.br\/semsa\/prefeitura-orienta-usuarios-sobre-os-criterios-para-a-realizacao-dos-exames-de-covid-19\/","name":"Prefeitura orienta usu\u00e1rios sobre os crit\u00e9rios para a realiza\u00e7\u00e3o dos exames de Covid-19 - SEMSA","isPartOf":{"@id":"https:\/\/www.manaus.am.gov.br\/semsa\/#website"},"primaryImageOfPage":{"@id":"https:\/\/www.manaus.am.gov.br\/semsa\/prefeitura-orienta-usuarios-sobre-os-criterios-para-a-realizacao-dos-exames-de-covid-19\/#primaryimage"},"image":{"@id":"https:\/\/www.manaus.am.gov.br\/semsa\/prefeitura-orienta-usuarios-sobre-os-criterios-para-a-realizacao-dos-exames-de-covid-19\/#primaryimage"},"thumbnailUrl":"https:\/\/www.manaus.am.gov.br\/semsa\/wp-content\/uploads\/sites\/8\/2024\/05\/50090942362_91e0d26f09_o-720x407-1.jpg","datePublished":"2021-01-12T15:09:00+00:00","dateModified":"2024-05-10T14:04:29+00:00","author":{"@id":"https:\/\/www.manaus.am.gov.br\/semsa\/#\/schema\/person\/c6a949869c569fa922046ae33645bd1b"},"inLanguage":"pt-BR","potentialAction":[{"@type":"ReadAction","target":["https:\/\/www.manaus.am.gov.br\/semsa\/prefeitura-orienta-usuarios-sobre-os-criterios-para-a-realizacao-dos-exames-de-covid-19\/"]}]},{"@type":"ImageObject","inLanguage":"pt-BR","@id":"https:\/\/www.manaus.am.gov.br\/semsa\/prefeitura-orienta-usuarios-sobre-os-criterios-para-a-realizacao-dos-exames-de-covid-19\/#primaryimage","url":"https:\/\/www.manaus.am.gov.br\/semsa\/wp-content\/uploads\/sites\/8\/2024\/05\/50090942362_91e0d26f09_o-720x407-1.jpg","contentUrl":"https:\/\/www.manaus.am.gov.br\/semsa\/wp-content\/uploads\/sites\/8\/2024\/05\/50090942362_91e0d26f09_o-720x407-1.jpg","width":720,"height":407},{"@type":"WebSite","@id":"https:\/\/www.manaus.am.gov.br\/semsa\/#website","url":"https:\/\/www.manaus.am.gov.br\/semsa\/","name":"SEMSA","description":"Secretaria Municipal de Sa\u00fade","alternateName":"Secretaria Municipal de Sa\u00fade","potentialAction":[{"@type":"SearchAction","target":{"@type":"EntryPoint","urlTemplate":"https:\/\/www.manaus.am.gov.br\/semsa\/?s={search_term_string}"},"query-input":"required name=search_term_string"}],"inLanguage":"pt-BR"},{"@type":"Person","@id":"https:\/\/www.manaus.am.gov.br\/semsa\/#\/schema\/person\/c6a949869c569fa922046ae33645bd1b","name":"Luana Abecassis","image":{"@type":"ImageObject","inLanguage":"pt-BR","@id":"https:\/\/www.manaus.am.gov.br\/semsa\/#\/schema\/person\/image\/","url":"https:\/\/secure.gravatar.com\/avatar\/49f5bfb42a36a0ec57a2a2b4adad3180?s=96&d=mm&r=g","contentUrl":"https:\/\/secure.gravatar.com\/avatar\/49f5bfb42a36a0ec57a2a2b4adad3180?s=96&d=mm&r=g","caption":"Luana Abecassis"}}]}},"_links":{"self":[{"href":"https:\/\/www.manaus.am.gov.br\/semsa\/wp-json\/wp\/v2\/posts\/215421"}],"collection":[{"href":"https:\/\/www.manaus.am.gov.br\/semsa\/wp-json\/wp\/v2\/posts"}],"about":[{"href":"https:\/\/www.manaus.am.gov.br\/semsa\/wp-json\/wp\/v2\/types\/post"}],"author":[{"embeddable":true,"href":"https:\/\/www.manaus.am.gov.br\/semsa\/wp-json\/wp\/v2\/users\/65"}],"replies":[{"embeddable":true,"href":"https:\/\/www.manaus.am.gov.br\/semsa\/wp-json\/wp\/v2\/comments?post=215421"}],"version-history":[{"count":1,"href":"https:\/\/www.manaus.am.gov.br\/semsa\/wp-json\/wp\/v2\/posts\/215421\/revisions"}],"predecessor-version":[{"id":215423,"href":"https:\/\/www.manaus.am.gov.br\/semsa\/wp-json\/wp\/v2\/posts\/215421\/revisions\/215423"}],"wp:featuredmedia":[{"embeddable":true,"href":"https:\/\/www.manaus.am.gov.br\/semsa\/wp-json\/wp\/v2\/media\/215422"}],"wp:attachment":[{"href":"https:\/\/www.manaus.am.gov.br\/semsa\/wp-json\/wp\/v2\/media?parent=215421"}],"wp:term":[{"taxonomy":"category","embeddable":true,"href":"https:\/\/www.manaus.am.gov.br\/semsa\/wp-json\/wp\/v2\/categories?post=215421"},{"taxonomy":"post_tag","embeddable":true,"href":"https:\/\/www.manaus.am.gov.br\/semsa\/wp-json\/wp\/v2\/tags?post=215421"}],"curies":[{"name":"wp","href":"https:\/\/api.w.org\/{rel}","templated":true}]}}