{"id":215413,"date":"2021-01-01T08:00:00","date_gmt":"2021-01-01T12:00:00","guid":{"rendered":"https:\/\/www.manaus.am.gov.br\/semsa\/?p=215413"},"modified":"2024-05-09T17:32:23","modified_gmt":"2024-05-09T21:32:23","slug":"prefeitura-instala-gabinete-de-crise-para-enfrentamento-da-covid-19","status":"publish","type":"post","link":"https:\/\/www.manaus.am.gov.br\/semsa\/prefeitura-instala-gabinete-de-crise-para-enfrentamento-da-covid-19\/","title":{"rendered":"Prefeitura instala Gabinete de Crise para enfrentamento da Covid-19"},"content":{"rendered":"\n<p>Como mais um desdobramento da parceria estabelecida com o Minist\u00e9rio da Sa\u00fade e o governo do Amazonas para o enfrentamento da Covid-19, em Manaus, a Prefeitura de Manaus, por meio da Secretaria Municipal de Sa\u00fade (Semsa), instalou no in\u00edcio da noite desta quinta-feira, 7\/1, um Gabinete de Crise para conduzir, de modo unificado, as estrat\u00e9gias de opera\u00e7\u00e3o do plano conjunto que ser\u00e1 apresentado na pr\u00f3xima segunda-feira, 11, pelas tr\u00eas esferas de governo. Fazem parte do gabinete representantes das \u00e1reas t\u00e9cnicas de Opera\u00e7\u00f5es, Log\u00edstica, Administra\u00e7\u00e3o, Planejamento e Comunica\u00e7\u00e3o, sob um comando \u00fanico.<\/p>\n\n\n\n<p>O Gabinete de Crise faz parte do modelo de gest\u00e3o apresentado \u00e0 Semsa pelo hospital S\u00edrio Liban\u00eas com o objetivo de aprimorar a assist\u00eancia prestada \u00e0 popula\u00e7\u00e3o, especificamente no que se refere \u00e0 atual pandemia. \u201cEstamos, com o empenho do prefeito David Almeida, buscando todos os caminhos para enfrentar esta crise e a colabora\u00e7\u00e3o da iniciativa privada, com modelos diferenciados de gest\u00e3o, vem somar com nossos esfor\u00e7os para aumentar a efici\u00eancia e a qualidade do atendimento oferecido nas nossas unidades\u201d, afirmou a secret\u00e1ria municipal de Sa\u00fade, Sh\u00e1dia Fraxe.<\/p>\n\n\n\n<p>A secret\u00e1ria destacou que Estado e munic\u00edpio devem trabalhar a partir de um modelo integrado, cada um no seu n\u00edvel de compet\u00eancia, com as estrat\u00e9gias que entram em vigor na semana que vem. \u201cEm um momento como esse, em que as respostas s\u00e3o urgentes, n\u00e3o podemos trabalhar de modo isolado. Estamos vivendo um desafio nunca visto, ent\u00e3o o modo de fazer as coisas tamb\u00e9m precisa ser inovador\u201d, afirmou.<\/p>\n\n\n\n<p>O m\u00e9dico consultor do S\u00edrio Liban\u00eas, Leonardo Leite, destacou que a ado\u00e7\u00e3o de um modelo de gest\u00e3o de crise unificado pode otimizar tempo, recursos e pr\u00e1ticas, com resultados mais satisfat\u00f3rios, para a popula\u00e7\u00e3o que usa o servi\u00e7o p\u00fablico de sa\u00fade. Ele defendeu que os comit\u00eas de crise municipal e estadual, que acabam de ser instalados, fa\u00e7am o monitoramento di\u00e1rio da situa\u00e7\u00e3o nas suas \u00e1reas de compet\u00eancia e utilizem as informa\u00e7\u00f5es de cen\u00e1rio para a tomada de decis\u00f5es.<\/p>\n\n\n\n<p>De acordo com Sh\u00e1dia, o objetivo da Prefeitura de Manaus \u00e9 refor\u00e7ar a preven\u00e7\u00e3o e a assist\u00eancia dentro de um fluxo de acolhimento, diagn\u00f3stico e tratamento precoce da Covid-19 e outras s\u00edndromes gripais, cuidando dos casos antes do agravamento e reduzindo, assim, a press\u00e3o nas unidades de m\u00e9dia e alta complexidades administradas pelo Estado.<\/p>\n\n\n\n<p>Al\u00e9m do plano conjunto de enfrentamento \u00e0 Covid, a secret\u00e1ria destacou que j\u00e1 nos primeiros dias da atual gest\u00e3o municipal foram instaladas tr\u00eas unidades m\u00f3veis de sa\u00fade, para atendimento exclusivo de casos suspeitos, com consulta, diagn\u00f3stico por teste r\u00e1pido e RT-PCR, e um elenco de 22 tipos de medicamentos a serem prescritos e entregues ao usu\u00e1rio, de acordo com a orienta\u00e7\u00e3o m\u00e9dica. \u201cEssas unidades est\u00e3o em regi\u00f5es de maior necessidade assistencial e se somam \u00e0s 19 unidades fixas, que j\u00e1 funcionam nas diversas regi\u00f5es da capital\u201d, disse a secret\u00e1ria, ressaltando que a Semsa, sempre que necess\u00e1rio, vai promover ajustes para evitar falhas na assist\u00eancia. \u201cComo o volume de atendimento tem sido muito alto, estamos monitorando os resultados e, de acordo com as necessidades, vamos tomar as medidas necess\u00e1rias\u201d, observou.<\/p>\n\n\n\n<p>A secret\u00e1ria lembrou ainda que o enfrentamento da crise requer a participa\u00e7\u00e3o da popula\u00e7\u00e3o, que deve continuar a seguir as regras b\u00e1sicas de preven\u00e7\u00e3o, estar atenta aos sintomas e buscar as unidades corretas para o atendimento prim\u00e1rio.&nbsp; A lista de unidades que fazem atendimento exclusivo \u00e0 Covid est\u00e1 dispon\u00edvel no site da Semsa e pode ser acessada pelo link&nbsp;<a href=\"https:\/\/bit.ly\/3hQY0HU\">https:\/\/bit.ly\/3hQY0HU<\/a>.<\/p>\n\n\n\n<p><strong>Texto<\/strong>&nbsp;\u2013 Andr\u00e9a Arruda \/ Semsa<\/p>\n\n\n\n<p><strong>Fotos<\/strong>&nbsp;\u2013 Dhyeizo Lemos \/ Semcom<\/p>\n\n\n\n<p><strong>Dispon\u00edveis em<\/strong>&nbsp;\u2013&nbsp;<a href=\"https:\/\/flic.kr\/s\/aHsmTvwoBV\">https:\/\/flic.kr\/s\/aHsmTvwoBV<\/a><\/p>\n","protected":false},"excerpt":{"rendered":"","protected":false},"author":65,"featured_media":215414,"comment_status":"closed","ping_status":"closed","sticky":false,"template":"","format":"standard","meta":{"footnotes":""},"categories":[13],"tags":[],"acf":[],"yoast_head":"<!-- This site is optimized with the Yoast SEO plugin v23.0 - https:\/\/yoast.com\/wordpress\/plugins\/seo\/ -->\n<title>Prefeitura instala Gabinete de Crise para enfrentamento da Covid-19 - SEMSA<\/title>\n<meta name=\"robots\" content=\"index, follow, max-snippet:-1, max-image-preview:large, max-video-preview:-1\" \/>\n<link rel=\"canonical\" href=\"https:\/\/www.manaus.am.gov.br\/semsa\/prefeitura-instala-gabinete-de-crise-para-enfrentamento-da-covid-19\/\" \/>\n<meta property=\"og:locale\" content=\"pt_BR\" \/>\n<meta property=\"og:type\" content=\"article\" \/>\n<meta property=\"og:title\" content=\"Prefeitura instala Gabinete de Crise para enfrentamento da Covid-19 - SEMSA\" \/>\n<meta property=\"og:url\" content=\"https:\/\/www.manaus.am.gov.br\/semsa\/prefeitura-instala-gabinete-de-crise-para-enfrentamento-da-covid-19\/\" \/>\n<meta property=\"og:site_name\" content=\"SEMSA\" \/>\n<meta property=\"article:published_time\" content=\"2021-01-01T12:00:00+00:00\" \/>\n<meta property=\"article:modified_time\" content=\"2024-05-09T21:32:23+00:00\" \/>\n<meta property=\"og:image\" content=\"https:\/\/www.manaus.am.gov.br\/semsa\/wp-content\/uploads\/sites\/8\/2024\/05\/50812169696_3dc8c30ca4_c-768x513-1.jpg\" \/>\n\t<meta property=\"og:image:width\" content=\"768\" \/>\n\t<meta property=\"og:image:height\" content=\"513\" \/>\n\t<meta property=\"og:image:type\" content=\"image\/jpeg\" \/>\n<meta name=\"author\" content=\"Luana Abecassis\" \/>\n<meta name=\"twitter:card\" content=\"summary_large_image\" \/>\n<meta name=\"twitter:label1\" content=\"Written by\" \/>\n\t<meta name=\"twitter:data1\" content=\"Luana Abecassis\" \/>\n\t<meta name=\"twitter:label2\" content=\"Est. reading time\" \/>\n\t<meta name=\"twitter:data2\" content=\"4 minutos\" \/>\n<script type=\"application\/ld+json\" class=\"yoast-schema-graph\">{\"@context\":\"https:\/\/schema.org\",\"@graph\":[{\"@type\":\"WebPage\",\"@id\":\"https:\/\/www.manaus.am.gov.br\/semsa\/prefeitura-instala-gabinete-de-crise-para-enfrentamento-da-covid-19\/\",\"url\":\"https:\/\/www.manaus.am.gov.br\/semsa\/prefeitura-instala-gabinete-de-crise-para-enfrentamento-da-covid-19\/\",\"name\":\"Prefeitura instala Gabinete de Crise para enfrentamento da Covid-19 - SEMSA\",\"isPartOf\":{\"@id\":\"https:\/\/www.manaus.am.gov.br\/semsa\/#website\"},\"primaryImageOfPage\":{\"@id\":\"https:\/\/www.manaus.am.gov.br\/semsa\/prefeitura-instala-gabinete-de-crise-para-enfrentamento-da-covid-19\/#primaryimage\"},\"image\":{\"@id\":\"https:\/\/www.manaus.am.gov.br\/semsa\/prefeitura-instala-gabinete-de-crise-para-enfrentamento-da-covid-19\/#primaryimage\"},\"thumbnailUrl\":\"https:\/\/www.manaus.am.gov.br\/semsa\/wp-content\/uploads\/sites\/8\/2024\/05\/50812169696_3dc8c30ca4_c-768x513-1.jpg\",\"datePublished\":\"2021-01-01T12:00:00+00:00\",\"dateModified\":\"2024-05-09T21:32:23+00:00\",\"author\":{\"@id\":\"https:\/\/www.manaus.am.gov.br\/semsa\/#\/schema\/person\/c6a949869c569fa922046ae33645bd1b\"},\"inLanguage\":\"pt-BR\",\"potentialAction\":[{\"@type\":\"ReadAction\",\"target\":[\"https:\/\/www.manaus.am.gov.br\/semsa\/prefeitura-instala-gabinete-de-crise-para-enfrentamento-da-covid-19\/\"]}]},{\"@type\":\"ImageObject\",\"inLanguage\":\"pt-BR\",\"@id\":\"https:\/\/www.manaus.am.gov.br\/semsa\/prefeitura-instala-gabinete-de-crise-para-enfrentamento-da-covid-19\/#primaryimage\",\"url\":\"https:\/\/www.manaus.am.gov.br\/semsa\/wp-content\/uploads\/sites\/8\/2024\/05\/50812169696_3dc8c30ca4_c-768x513-1.jpg\",\"contentUrl\":\"https:\/\/www.manaus.am.gov.br\/semsa\/wp-content\/uploads\/sites\/8\/2024\/05\/50812169696_3dc8c30ca4_c-768x513-1.jpg\",\"width\":768,\"height\":513},{\"@type\":\"WebSite\",\"@id\":\"https:\/\/www.manaus.am.gov.br\/semsa\/#website\",\"url\":\"https:\/\/www.manaus.am.gov.br\/semsa\/\",\"name\":\"SEMSA\",\"description\":\"Secretaria Municipal de Sa\u00fade\",\"alternateName\":\"Secretaria Municipal de Sa\u00fade\",\"potentialAction\":[{\"@type\":\"SearchAction\",\"target\":{\"@type\":\"EntryPoint\",\"urlTemplate\":\"https:\/\/www.manaus.am.gov.br\/semsa\/?s={search_term_string}\"},\"query-input\":\"required name=search_term_string\"}],\"inLanguage\":\"pt-BR\"},{\"@type\":\"Person\",\"@id\":\"https:\/\/www.manaus.am.gov.br\/semsa\/#\/schema\/person\/c6a949869c569fa922046ae33645bd1b\",\"name\":\"Luana Abecassis\",\"image\":{\"@type\":\"ImageObject\",\"inLanguage\":\"pt-BR\",\"@id\":\"https:\/\/www.manaus.am.gov.br\/semsa\/#\/schema\/person\/image\/\",\"url\":\"https:\/\/secure.gravatar.com\/avatar\/49f5bfb42a36a0ec57a2a2b4adad3180?s=96&d=mm&r=g\",\"contentUrl\":\"https:\/\/secure.gravatar.com\/avatar\/49f5bfb42a36a0ec57a2a2b4adad3180?s=96&d=mm&r=g\",\"caption\":\"Luana Abecassis\"}}]}<\/script>\n<!-- \/ Yoast SEO plugin. -->","yoast_head_json":{"title":"Prefeitura instala Gabinete de Crise para enfrentamento da Covid-19 - SEMSA","robots":{"index":"index","follow":"follow","max-snippet":"max-snippet:-1","max-image-preview":"max-image-preview:large","max-video-preview":"max-video-preview:-1"},"canonical":"https:\/\/www.manaus.am.gov.br\/semsa\/prefeitura-instala-gabinete-de-crise-para-enfrentamento-da-covid-19\/","og_locale":"pt_BR","og_type":"article","og_title":"Prefeitura instala Gabinete de Crise para enfrentamento da Covid-19 - SEMSA","og_url":"https:\/\/www.manaus.am.gov.br\/semsa\/prefeitura-instala-gabinete-de-crise-para-enfrentamento-da-covid-19\/","og_site_name":"SEMSA","article_published_time":"2021-01-01T12:00:00+00:00","article_modified_time":"2024-05-09T21:32:23+00:00","og_image":[{"width":768,"height":513,"url":"https:\/\/www.manaus.am.gov.br\/semsa\/wp-content\/uploads\/sites\/8\/2024\/05\/50812169696_3dc8c30ca4_c-768x513-1.jpg","type":"image\/jpeg"}],"author":"Luana Abecassis","twitter_card":"summary_large_image","twitter_misc":{"Written by":"Luana Abecassis","Est. reading time":"4 minutos"},"schema":{"@context":"https:\/\/schema.org","@graph":[{"@type":"WebPage","@id":"https:\/\/www.manaus.am.gov.br\/semsa\/prefeitura-instala-gabinete-de-crise-para-enfrentamento-da-covid-19\/","url":"https:\/\/www.manaus.am.gov.br\/semsa\/prefeitura-instala-gabinete-de-crise-para-enfrentamento-da-covid-19\/","name":"Prefeitura instala Gabinete de Crise para enfrentamento da Covid-19 - SEMSA","isPartOf":{"@id":"https:\/\/www.manaus.am.gov.br\/semsa\/#website"},"primaryImageOfPage":{"@id":"https:\/\/www.manaus.am.gov.br\/semsa\/prefeitura-instala-gabinete-de-crise-para-enfrentamento-da-covid-19\/#primaryimage"},"image":{"@id":"https:\/\/www.manaus.am.gov.br\/semsa\/prefeitura-instala-gabinete-de-crise-para-enfrentamento-da-covid-19\/#primaryimage"},"thumbnailUrl":"https:\/\/www.manaus.am.gov.br\/semsa\/wp-content\/uploads\/sites\/8\/2024\/05\/50812169696_3dc8c30ca4_c-768x513-1.jpg","datePublished":"2021-01-01T12:00:00+00:00","dateModified":"2024-05-09T21:32:23+00:00","author":{"@id":"https:\/\/www.manaus.am.gov.br\/semsa\/#\/schema\/person\/c6a949869c569fa922046ae33645bd1b"},"inLanguage":"pt-BR","potentialAction":[{"@type":"ReadAction","target":["https:\/\/www.manaus.am.gov.br\/semsa\/prefeitura-instala-gabinete-de-crise-para-enfrentamento-da-covid-19\/"]}]},{"@type":"ImageObject","inLanguage":"pt-BR","@id":"https:\/\/www.manaus.am.gov.br\/semsa\/prefeitura-instala-gabinete-de-crise-para-enfrentamento-da-covid-19\/#primaryimage","url":"https:\/\/www.manaus.am.gov.br\/semsa\/wp-content\/uploads\/sites\/8\/2024\/05\/50812169696_3dc8c30ca4_c-768x513-1.jpg","contentUrl":"https:\/\/www.manaus.am.gov.br\/semsa\/wp-content\/uploads\/sites\/8\/2024\/05\/50812169696_3dc8c30ca4_c-768x513-1.jpg","width":768,"height":513},{"@type":"WebSite","@id":"https:\/\/www.manaus.am.gov.br\/semsa\/#website","url":"https:\/\/www.manaus.am.gov.br\/semsa\/","name":"SEMSA","description":"Secretaria Municipal de Sa\u00fade","alternateName":"Secretaria Municipal de Sa\u00fade","potentialAction":[{"@type":"SearchAction","target":{"@type":"EntryPoint","urlTemplate":"https:\/\/www.manaus.am.gov.br\/semsa\/?s={search_term_string}"},"query-input":"required name=search_term_string"}],"inLanguage":"pt-BR"},{"@type":"Person","@id":"https:\/\/www.manaus.am.gov.br\/semsa\/#\/schema\/person\/c6a949869c569fa922046ae33645bd1b","name":"Luana Abecassis","image":{"@type":"ImageObject","inLanguage":"pt-BR","@id":"https:\/\/www.manaus.am.gov.br\/semsa\/#\/schema\/person\/image\/","url":"https:\/\/secure.gravatar.com\/avatar\/49f5bfb42a36a0ec57a2a2b4adad3180?s=96&d=mm&r=g","contentUrl":"https:\/\/secure.gravatar.com\/avatar\/49f5bfb42a36a0ec57a2a2b4adad3180?s=96&d=mm&r=g","caption":"Luana Abecassis"}}]}},"_links":{"self":[{"href":"https:\/\/www.manaus.am.gov.br\/semsa\/wp-json\/wp\/v2\/posts\/215413"}],"collection":[{"href":"https:\/\/www.manaus.am.gov.br\/semsa\/wp-json\/wp\/v2\/posts"}],"about":[{"href":"https:\/\/www.manaus.am.gov.br\/semsa\/wp-json\/wp\/v2\/types\/post"}],"author":[{"embeddable":true,"href":"https:\/\/www.manaus.am.gov.br\/semsa\/wp-json\/wp\/v2\/users\/65"}],"replies":[{"embeddable":true,"href":"https:\/\/www.manaus.am.gov.br\/semsa\/wp-json\/wp\/v2\/comments?post=215413"}],"version-history":[{"count":1,"href":"https:\/\/www.manaus.am.gov.br\/semsa\/wp-json\/wp\/v2\/posts\/215413\/revisions"}],"predecessor-version":[{"id":215415,"href":"https:\/\/www.manaus.am.gov.br\/semsa\/wp-json\/wp\/v2\/posts\/215413\/revisions\/215415"}],"wp:featuredmedia":[{"embeddable":true,"href":"https:\/\/www.manaus.am.gov.br\/semsa\/wp-json\/wp\/v2\/media\/215414"}],"wp:attachment":[{"href":"https:\/\/www.manaus.am.gov.br\/semsa\/wp-json\/wp\/v2\/media?parent=215413"}],"wp:term":[{"taxonomy":"category","embeddable":true,"href":"https:\/\/www.manaus.am.gov.br\/semsa\/wp-json\/wp\/v2\/categories?post=215413"},{"taxonomy":"post_tag","embeddable":true,"href":"https:\/\/www.manaus.am.gov.br\/semsa\/wp-json\/wp\/v2\/tags?post=215413"}],"curies":[{"name":"wp","href":"https:\/\/api.w.org\/{rel}","templated":true}]}}