{"id":215378,"date":"2024-05-06T17:08:58","date_gmt":"2024-05-06T21:08:58","guid":{"rendered":"https:\/\/www.manaus.am.gov.br\/semsa\/samu-manaus-recebe-selo-ouro-premiacao-internacional\/"},"modified":"2024-05-06T17:18:13","modified_gmt":"2024-05-06T21:18:13","slug":"samu-manaus-recebe-selo-ouro-premiacao-internacional","status":"publish","type":"post","link":"https:\/\/www.manaus.am.gov.br\/semsa\/samu-manaus-recebe-selo-ouro-premiacao-internacional\/","title":{"rendered":"Samu Manaus recebe selo Ouro em premia\u00e7\u00e3o internacional que avalia socorro a pacientes com AVC"},"content":{"rendered":"\n<p>O Samu Manaus, gerenciado pela Secretaria Municipal de Sa\u00fade (Semsa), recebeu o selo Ouro do programa internacional EMS Angels Awards, em reconhecimento \u00e0 qualidade do atendimento m\u00f3vel de urg\u00eancia prestado a pacientes com Acidente Vascular Cerebral (AVC). Para receber o selo, o Samu foi monitorado durante o primeiro quadrimestre deste ano e avaliado em cinco crit\u00e9rios relacionados ao socorro a este tipo de paciente na sua \u00e1rea de abrang\u00eancia.<\/p>\n\n\n\n<p>Sete servi\u00e7os de sa\u00fade brasileiros participaram da disputa pelos selos Ouro, Platina e Diamante concedidos pelo programa, vinculado \u00e0 Boehringer Ingelheim, e apenas dois \u2013 o Samu Manaus e o Samu Curitiba \u2013 foram contemplados com a categoria Ouro nesta edi\u00e7\u00e3o do pr\u00eamio. A premia\u00e7\u00e3o acontece tr\u00eas vezes por ano e visa reconhecer, em n\u00edvel mundial, equipes e indiv\u00edduos comprometidos com a melhoria da qualidade na pr\u00e1tica dos cuidados ao paciente acometido por AVC.<\/p>\n\n\n\n<p>Para o prefeito de Manaus, David Almeida, o selo \u00e9 mais uma conquista da sa\u00fade municipal, que tem avan\u00e7ado nos servi\u00e7os assistenciais com investimentos cont\u00ednuos em infraestrutura e no corpo t\u00e9cnico, al\u00e9m do aperfei\u00e7oamento de processos de trabalho e incorpora\u00e7\u00e3o de tecnologias de monitoramento e an\u00e1lise de resultados.<\/p>\n\n\n\n<p>\u201cNosso Samu realiza um trabalho de excel\u00eancia e esse selo internacional representa o reconhecimento de uma avalia\u00e7\u00e3o externa ao empenho da equipe de servidores durante todo o processo de socorro, que vai do atendimento da liga\u00e7\u00e3o telef\u00f4nica at\u00e9 o atendimento do paciente no local do acidente\u201d, afirmou Almeida.<\/p>\n\n\n\n<p>Os cinco crit\u00e9rios usados pelo programa para avaliar a performance do Samu Manaus no atendimento a pacientes de AVC foram: tempo m\u00e9dio no local (em minutos); percentual de pr\u00e9-notifica\u00e7\u00e3o para o hospital; percentual de doentes entregues em hospitais preparados para AVC; percentual de doentes aos quais os detalhes da medica\u00e7\u00e3o s\u00e3o comunicados; e percentual de doentes em que a hora conhecida em que o doente foi visto pela \u00faltima vez \u00e9 comunicada.<\/p>\n\n\n\n<p>No per\u00edodo analisado, o Samu Manaus atendeu 317 chamados relacionados \u00e0 AVC, dos quais 310 na capital, cinco em Itacoatiara, um em Presidente Figueiredo e um em Rio Preto da Eva.<\/p>\n\n\n\n<figure class=\"wp-block-image size-large\"><img decoding=\"async\" src=\"https:\/\/www.manaus.am.gov.br\/wp-content\/uploads\/2024\/02\/Fevereiro-27_Samu-Manaus-18-Anos-1-1024x683.jpg\" alt=\"Samu Manaus\" class=\"wp-image-239273\" \/><\/figure>\n\n\n\n<p>A secret\u00e1ria municipal de Sa\u00fade, Sh\u00e1dia Fraxe, disse que o reconhecimento da performance elevada do Samu neste tipo de atendimento demonstra que a gest\u00e3o est\u00e1 no caminho certo e \u00e9 um incentivo \u00e0s equipes para que busquem resultados cada vez melhores.<\/p>\n\n\n\n<p>\u201cJ\u00e1 temos projetos em andamento que ir\u00e3o incrementar os servi\u00e7os do Samu, como novas ambul\u00e2ncias, a constru\u00e7\u00e3o de uma nova Central e o desenvolvimento de uma plataforma para otimizar os registros de atendimento, regula\u00e7\u00e3o e resultados e, com certeza esses avan\u00e7os v\u00e3o nos ajudar a conquistar selos ainda maiores, como o Diamante nos pr\u00f3ximos quadrimestres\u201d, adiantou a secret\u00e1ria.&nbsp;&nbsp;&nbsp;<\/p>\n\n\n\n<p>Com 18 anos em funcionamento, o Samu Manaus realiza, em m\u00e9dia, cinco mil atendimentos por m\u00eas relacionados a casos de urg\u00eancia e emerg\u00eancia de agravos cl\u00ednicos, traum\u00e1ticos, obst\u00e9tricos, pedi\u00e1tricos e psiqui\u00e1tricos, entre outros. A diretora da Rede Pr\u00e9-Hospitalar M\u00f3vel e Sanit\u00e1ria da Semsa, Elen Assun\u00e7\u00e3o, informa que apenas em 2023 o Samu recebeu 248 mil chamados de socorro.<\/p>\n\n\n\n<p>De acordo com Elen, o Samu conta atualmente com 38 Unidades de Suporte B\u00e1sico (USBs), sete Unidades de Suporte Avan\u00e7ado (USAs), que s\u00e3o como UTIs m\u00f3veis, e 16 motol\u00e2ncias, para atendimento de casos com acesso terrestres, e duas unidades de Suporte Avan\u00e7ado Fluvial (Usaf) para atendimento \u00e0s comunidades rurais ribeirinhas.<\/p>\n\n\n\n<p>&#8212; &#8212; &#8212;<\/p>\n\n\n\n<p><strong>Texto &#8211;<\/strong> Andr\u00e9a Arruda \/ Semsa<\/p>\n\n\n\n<p><strong>Fotos &#8211;<\/strong> Arquivo \/ Semsa e Semcom<\/p>\n","protected":false},"excerpt":{"rendered":"","protected":false},"author":39,"featured_media":215379,"comment_status":"closed","ping_status":"closed","sticky":false,"template":"","format":"standard","meta":{"footnotes":""},"categories":[144],"tags":[54,2402,1018,2403,28,2404,2405],"acf":[],"yoast_head":"<!-- This site is optimized with the Yoast SEO plugin v23.0 - https:\/\/yoast.com\/wordpress\/plugins\/seo\/ -->\n<title>Samu Manaus recebe selo Ouro em premia\u00e7\u00e3o internacional<\/title>\n<meta name=\"description\" content=\"Samu Manaus recebe selo Ouro, do programa internacional EMS Angels Awards, que avalia socorro a pacientes com AVC.\" \/>\n<meta name=\"robots\" content=\"index, follow, max-snippet:-1, max-image-preview:large, max-video-preview:-1\" \/>\n<link rel=\"canonical\" href=\"https:\/\/www.manaus.am.gov.br\/semsa\/samu-manaus-recebe-selo-ouro-premiacao-internacional\/\" \/>\n<meta property=\"og:locale\" content=\"pt_BR\" \/>\n<meta property=\"og:type\" content=\"article\" \/>\n<meta property=\"og:title\" content=\"Samu Manaus recebe selo Ouro em premia\u00e7\u00e3o internacional\" \/>\n<meta property=\"og:description\" content=\"Samu Manaus recebe selo Ouro, do programa internacional EMS Angels Awards, que avalia socorro a pacientes com AVC.\" \/>\n<meta property=\"og:url\" content=\"https:\/\/www.manaus.am.gov.br\/semsa\/samu-manaus-recebe-selo-ouro-premiacao-internacional\/\" \/>\n<meta property=\"og:site_name\" content=\"SEMSA\" \/>\n<meta property=\"article:published_time\" content=\"2024-05-06T21:08:58+00:00\" \/>\n<meta property=\"article:modified_time\" content=\"2024-05-06T21:18:13+00:00\" \/>\n<meta property=\"og:image\" content=\"https:\/\/www.manaus.am.gov.br\/semsa\/wp-content\/uploads\/sites\/8\/2024\/05\/WhatsApp-Image-2024-05-06-at-16.59.29.jpeg\" \/>\n\t<meta property=\"og:image:width\" content=\"1600\" \/>\n\t<meta property=\"og:image:height\" content=\"1066\" \/>\n\t<meta property=\"og:image:type\" content=\"image\/jpeg\" \/>\n<meta name=\"author\" content=\"Bruna Greco\" \/>\n<meta name=\"twitter:card\" content=\"summary_large_image\" \/>\n<meta name=\"twitter:label1\" content=\"Written by\" \/>\n\t<meta name=\"twitter:data1\" content=\"Bruna Greco\" \/>\n\t<meta name=\"twitter:label2\" content=\"Est. reading time\" \/>\n\t<meta name=\"twitter:data2\" content=\"4 minutos\" \/>\n<script type=\"application\/ld+json\" class=\"yoast-schema-graph\">{\"@context\":\"https:\/\/schema.org\",\"@graph\":[{\"@type\":\"WebPage\",\"@id\":\"https:\/\/www.manaus.am.gov.br\/semsa\/samu-manaus-recebe-selo-ouro-premiacao-internacional\/\",\"url\":\"https:\/\/www.manaus.am.gov.br\/semsa\/samu-manaus-recebe-selo-ouro-premiacao-internacional\/\",\"name\":\"Samu Manaus recebe selo Ouro em premia\u00e7\u00e3o internacional\",\"isPartOf\":{\"@id\":\"https:\/\/www.manaus.am.gov.br\/semsa\/#website\"},\"primaryImageOfPage\":{\"@id\":\"https:\/\/www.manaus.am.gov.br\/semsa\/samu-manaus-recebe-selo-ouro-premiacao-internacional\/#primaryimage\"},\"image\":{\"@id\":\"https:\/\/www.manaus.am.gov.br\/semsa\/samu-manaus-recebe-selo-ouro-premiacao-internacional\/#primaryimage\"},\"thumbnailUrl\":\"https:\/\/www.manaus.am.gov.br\/semsa\/wp-content\/uploads\/sites\/8\/2024\/05\/WhatsApp-Image-2024-05-06-at-16.59.29.jpeg\",\"datePublished\":\"2024-05-06T21:08:58+00:00\",\"dateModified\":\"2024-05-06T21:18:13+00:00\",\"author\":{\"@id\":\"https:\/\/www.manaus.am.gov.br\/semsa\/#\/schema\/person\/05d223aea2bf115f9883a6ff3683d81b\"},\"description\":\"Samu Manaus recebe selo Ouro, do programa internacional EMS Angels Awards, que avalia socorro a pacientes com AVC.\",\"inLanguage\":\"pt-BR\",\"potentialAction\":[{\"@type\":\"ReadAction\",\"target\":[\"https:\/\/www.manaus.am.gov.br\/semsa\/samu-manaus-recebe-selo-ouro-premiacao-internacional\/\"]}]},{\"@type\":\"ImageObject\",\"inLanguage\":\"pt-BR\",\"@id\":\"https:\/\/www.manaus.am.gov.br\/semsa\/samu-manaus-recebe-selo-ouro-premiacao-internacional\/#primaryimage\",\"url\":\"https:\/\/www.manaus.am.gov.br\/semsa\/wp-content\/uploads\/sites\/8\/2024\/05\/WhatsApp-Image-2024-05-06-at-16.59.29.jpeg\",\"contentUrl\":\"https:\/\/www.manaus.am.gov.br\/semsa\/wp-content\/uploads\/sites\/8\/2024\/05\/WhatsApp-Image-2024-05-06-at-16.59.29.jpeg\",\"width\":1600,\"height\":1066,\"caption\":\"#paratodosverem - Prefeito de Manaus, David Almeida, cumprimentando os agentes do Samu 192\"},{\"@type\":\"WebSite\",\"@id\":\"https:\/\/www.manaus.am.gov.br\/semsa\/#website\",\"url\":\"https:\/\/www.manaus.am.gov.br\/semsa\/\",\"name\":\"SEMSA\",\"description\":\"Secretaria Municipal de Sa\u00fade\",\"alternateName\":\"Secretaria Municipal de Sa\u00fade\",\"potentialAction\":[{\"@type\":\"SearchAction\",\"target\":{\"@type\":\"EntryPoint\",\"urlTemplate\":\"https:\/\/www.manaus.am.gov.br\/semsa\/?s={search_term_string}\"},\"query-input\":\"required name=search_term_string\"}],\"inLanguage\":\"pt-BR\"},{\"@type\":\"Person\",\"@id\":\"https:\/\/www.manaus.am.gov.br\/semsa\/#\/schema\/person\/05d223aea2bf115f9883a6ff3683d81b\",\"name\":\"Bruna Greco\",\"image\":{\"@type\":\"ImageObject\",\"inLanguage\":\"pt-BR\",\"@id\":\"https:\/\/www.manaus.am.gov.br\/semsa\/#\/schema\/person\/image\/\",\"url\":\"https:\/\/secure.gravatar.com\/avatar\/9c877d1a6adc2a055330e5c09a8653ce?s=96&d=mm&r=g\",\"contentUrl\":\"https:\/\/secure.gravatar.com\/avatar\/9c877d1a6adc2a055330e5c09a8653ce?s=96&d=mm&r=g\",\"caption\":\"Bruna Greco\"}}]}<\/script>\n<!-- \/ Yoast SEO plugin. -->","yoast_head_json":{"title":"Samu Manaus recebe selo Ouro em premia\u00e7\u00e3o internacional","description":"Samu Manaus recebe selo Ouro, do programa internacional EMS Angels Awards, que avalia socorro a pacientes com AVC.","robots":{"index":"index","follow":"follow","max-snippet":"max-snippet:-1","max-image-preview":"max-image-preview:large","max-video-preview":"max-video-preview:-1"},"canonical":"https:\/\/www.manaus.am.gov.br\/semsa\/samu-manaus-recebe-selo-ouro-premiacao-internacional\/","og_locale":"pt_BR","og_type":"article","og_title":"Samu Manaus recebe selo Ouro em premia\u00e7\u00e3o internacional","og_description":"Samu Manaus recebe selo Ouro, do programa internacional EMS Angels Awards, que avalia socorro a pacientes com AVC.","og_url":"https:\/\/www.manaus.am.gov.br\/semsa\/samu-manaus-recebe-selo-ouro-premiacao-internacional\/","og_site_name":"SEMSA","article_published_time":"2024-05-06T21:08:58+00:00","article_modified_time":"2024-05-06T21:18:13+00:00","og_image":[{"width":1600,"height":1066,"url":"https:\/\/www.manaus.am.gov.br\/semsa\/wp-content\/uploads\/sites\/8\/2024\/05\/WhatsApp-Image-2024-05-06-at-16.59.29.jpeg","type":"image\/jpeg"}],"author":"Bruna Greco","twitter_card":"summary_large_image","twitter_misc":{"Written by":"Bruna Greco","Est. reading time":"4 minutos"},"schema":{"@context":"https:\/\/schema.org","@graph":[{"@type":"WebPage","@id":"https:\/\/www.manaus.am.gov.br\/semsa\/samu-manaus-recebe-selo-ouro-premiacao-internacional\/","url":"https:\/\/www.manaus.am.gov.br\/semsa\/samu-manaus-recebe-selo-ouro-premiacao-internacional\/","name":"Samu Manaus recebe selo Ouro em premia\u00e7\u00e3o internacional","isPartOf":{"@id":"https:\/\/www.manaus.am.gov.br\/semsa\/#website"},"primaryImageOfPage":{"@id":"https:\/\/www.manaus.am.gov.br\/semsa\/samu-manaus-recebe-selo-ouro-premiacao-internacional\/#primaryimage"},"image":{"@id":"https:\/\/www.manaus.am.gov.br\/semsa\/samu-manaus-recebe-selo-ouro-premiacao-internacional\/#primaryimage"},"thumbnailUrl":"https:\/\/www.manaus.am.gov.br\/semsa\/wp-content\/uploads\/sites\/8\/2024\/05\/WhatsApp-Image-2024-05-06-at-16.59.29.jpeg","datePublished":"2024-05-06T21:08:58+00:00","dateModified":"2024-05-06T21:18:13+00:00","author":{"@id":"https:\/\/www.manaus.am.gov.br\/semsa\/#\/schema\/person\/05d223aea2bf115f9883a6ff3683d81b"},"description":"Samu Manaus recebe selo Ouro, do programa internacional EMS Angels Awards, que avalia socorro a pacientes com AVC.","inLanguage":"pt-BR","potentialAction":[{"@type":"ReadAction","target":["https:\/\/www.manaus.am.gov.br\/semsa\/samu-manaus-recebe-selo-ouro-premiacao-internacional\/"]}]},{"@type":"ImageObject","inLanguage":"pt-BR","@id":"https:\/\/www.manaus.am.gov.br\/semsa\/samu-manaus-recebe-selo-ouro-premiacao-internacional\/#primaryimage","url":"https:\/\/www.manaus.am.gov.br\/semsa\/wp-content\/uploads\/sites\/8\/2024\/05\/WhatsApp-Image-2024-05-06-at-16.59.29.jpeg","contentUrl":"https:\/\/www.manaus.am.gov.br\/semsa\/wp-content\/uploads\/sites\/8\/2024\/05\/WhatsApp-Image-2024-05-06-at-16.59.29.jpeg","width":1600,"height":1066,"caption":"#paratodosverem - Prefeito de Manaus, David Almeida, cumprimentando os agentes do Samu 192"},{"@type":"WebSite","@id":"https:\/\/www.manaus.am.gov.br\/semsa\/#website","url":"https:\/\/www.manaus.am.gov.br\/semsa\/","name":"SEMSA","description":"Secretaria Municipal de Sa\u00fade","alternateName":"Secretaria Municipal de Sa\u00fade","potentialAction":[{"@type":"SearchAction","target":{"@type":"EntryPoint","urlTemplate":"https:\/\/www.manaus.am.gov.br\/semsa\/?s={search_term_string}"},"query-input":"required name=search_term_string"}],"inLanguage":"pt-BR"},{"@type":"Person","@id":"https:\/\/www.manaus.am.gov.br\/semsa\/#\/schema\/person\/05d223aea2bf115f9883a6ff3683d81b","name":"Bruna Greco","image":{"@type":"ImageObject","inLanguage":"pt-BR","@id":"https:\/\/www.manaus.am.gov.br\/semsa\/#\/schema\/person\/image\/","url":"https:\/\/secure.gravatar.com\/avatar\/9c877d1a6adc2a055330e5c09a8653ce?s=96&d=mm&r=g","contentUrl":"https:\/\/secure.gravatar.com\/avatar\/9c877d1a6adc2a055330e5c09a8653ce?s=96&d=mm&r=g","caption":"Bruna Greco"}}]}},"_links":{"self":[{"href":"https:\/\/www.manaus.am.gov.br\/semsa\/wp-json\/wp\/v2\/posts\/215378"}],"collection":[{"href":"https:\/\/www.manaus.am.gov.br\/semsa\/wp-json\/wp\/v2\/posts"}],"about":[{"href":"https:\/\/www.manaus.am.gov.br\/semsa\/wp-json\/wp\/v2\/types\/post"}],"author":[{"embeddable":true,"href":"https:\/\/www.manaus.am.gov.br\/semsa\/wp-json\/wp\/v2\/users\/39"}],"replies":[{"embeddable":true,"href":"https:\/\/www.manaus.am.gov.br\/semsa\/wp-json\/wp\/v2\/comments?post=215378"}],"version-history":[{"count":1,"href":"https:\/\/www.manaus.am.gov.br\/semsa\/wp-json\/wp\/v2\/posts\/215378\/revisions"}],"predecessor-version":[{"id":215380,"href":"https:\/\/www.manaus.am.gov.br\/semsa\/wp-json\/wp\/v2\/posts\/215378\/revisions\/215380"}],"wp:featuredmedia":[{"embeddable":true,"href":"https:\/\/www.manaus.am.gov.br\/semsa\/wp-json\/wp\/v2\/media\/215379"}],"wp:attachment":[{"href":"https:\/\/www.manaus.am.gov.br\/semsa\/wp-json\/wp\/v2\/media?parent=215378"}],"wp:term":[{"taxonomy":"category","embeddable":true,"href":"https:\/\/www.manaus.am.gov.br\/semsa\/wp-json\/wp\/v2\/categories?post=215378"},{"taxonomy":"post_tag","embeddable":true,"href":"https:\/\/www.manaus.am.gov.br\/semsa\/wp-json\/wp\/v2\/tags?post=215378"}],"curies":[{"name":"wp","href":"https:\/\/api.w.org\/{rel}","templated":true}]}}