{"id":215028,"date":"2024-04-16T16:54:19","date_gmt":"2024-04-16T20:54:19","guid":{"rendered":"https:\/\/www.manaus.am.gov.br\/semsa\/proibicao-venda-alcool-70\/"},"modified":"2024-04-16T16:54:21","modified_gmt":"2024-04-16T20:54:21","slug":"proibicao-venda-alcool-70","status":"publish","type":"post","link":"https:\/\/www.manaus.am.gov.br\/semsa\/proibicao-venda-alcool-70\/","title":{"rendered":"Visa Manaus alerta sobre proibi\u00e7\u00e3o da comercializa\u00e7\u00e3o do \u00e1lcool l\u00edquido 70%"},"content":{"rendered":"\n<p>A Prefeitura de Manaus, por meio da Diretoria de Vigil\u00e2ncia Sanit\u00e1ria (Visa Manaus) da Secretaria Municipal de Sa\u00fade (Semsa), alerta a popula\u00e7\u00e3o sobre a proibi\u00e7\u00e3o de comercializa\u00e7\u00e3o do \u00e1lcool l\u00edquido 70%, que entra em vigor no dia 1\u00ba de maio, conforme determinado pela Ag\u00eancia Nacional de Vigil\u00e2ncia Sanit\u00e1ria (Anvisa).<\/p>\n\n\n\n<p>\u201cAt\u00e9 o dia 30 de abril, os supermercados, mercadinhos, mercearias e farm\u00e1cias que ainda tiverem estoques do produto poder\u00e3o vend\u00ea-lo normalmente \u00e0 popula\u00e7\u00e3o. De 1\u00ba de maio em diante, por\u00e9m, o com\u00e9rcio do \u00e1lcool l\u00edquido 70% n\u00e3o ser\u00e1 mais permitido, e os produtos que ainda n\u00e3o tiverem sido vendidos dever\u00e3o ser devolvidos ao fornecedor ou aproveitados exclusivamente para a higieniza\u00e7\u00e3o dos estabelecimentos\u201d, explica o diretor da Visa Manaus, Ewerton Wanderley.<\/p>\n\n\n\n<p>O \u00e1lcool l\u00edquido 70% \u00e9 um produto altamente inflam\u00e1vel, utilizado com frequ\u00eancia no acendimento de fogueiras e churrasqueiras. A sua venda havia sido proibida pela Anvisa pela primeira vez em 2002, por meio da Resolu\u00e7\u00e3o de Diretoria Colegiada (RDC) n\u00ba 46, editada naquele ano devido ao grande n\u00famero de acidentes dom\u00e9sticos envolvendo o produto, que iam desde queimaduras at\u00e9 a intoxica\u00e7\u00e3o por ingest\u00e3o do \u00e1lcool, sobretudo entre crian\u00e7as.<\/p>\n\n\n\n<p>\u201cA venda do \u00e1lcool 70% voltou a ser permitida, de forma tempor\u00e1ria e excepcional, durante a pandemia de Covid-19, para atender a grande demanda da popula\u00e7\u00e3o por \u00e1lcool gel. Naquele momento, a higieniza\u00e7\u00e3o das m\u00e3os e superf\u00edcies era prioridade para combater o risco de contamina\u00e7\u00e3o pelo Coronav\u00edrus\u201d, conta o diretor Ewerton.<\/p>\n\n\n\n<p>\u201cCom a decreta\u00e7\u00e3o do fim da Emerg\u00eancia em Sa\u00fade P\u00fablica da Covid-19, o \u00e1lcool l\u00edquido 70% foi considerado, mais uma vez, um produto com grandes riscos potenciais para uso dom\u00e9stico, raz\u00e3o da nova proibi\u00e7\u00e3o\u201d, completa.<\/p>\n\n\n\n<p>O gerente de Vigil\u00e2ncia de Medicamentos da Visa Manaus, Jo\u00e3o Kinsey, acrescenta ainda que a higieniza\u00e7\u00e3o das m\u00e3os com \u00e1gua e sabonete continua sendo a mais recomendada.<\/p>\n\n\n\n<p>\u201cA efic\u00e1cia da limpeza \u00e9 a mesma que a do \u00e1lcool 70%, com a vantagem de evitar exposi\u00e7\u00f5es desnecess\u00e1rias ao \u00e1lcool\u201d, afirma.<\/p>\n\n\n\n<p>De acordo com a resolu\u00e7\u00e3o da Anvisa (RDC n\u00ba 691\/2022), a venda do \u00e1lcool l\u00edquido 70% ficar\u00e1 restrita a servi\u00e7os de sa\u00fade, como hospitais e laborat\u00f3rios, e tamb\u00e9m a empresas que necessitem de uma esteriliza\u00e7\u00e3o espec\u00edfica. O produto, por\u00e9m, ainda poder\u00e1 ser comercializado na forma de \u00e1lcool gel e spray aerossol, por serem formatos que dificultam a ingest\u00e3o, causa de grande parte dos acidentes dom\u00e9sticos.<\/p>\n\n\n\n<p><strong>Monitoramento<\/strong><\/p>\n\n\n\n<p>Com a vig\u00eancia da proibi\u00e7\u00e3o, a Visa Manaus ir\u00e1 realizar a\u00e7\u00f5es de fiscaliza\u00e7\u00e3o para verificar o com\u00e9rcio do \u00e1lcool l\u00edquido 70% na capital amazonense.<\/p>\n\n\n\n<p>\u201cNossos fiscais ir\u00e3o monitorar se o produto ainda est\u00e1 dispon\u00edvel para venda nos estabelecimentos que costumam ofert\u00e1-lo, como farm\u00e1cias, supermercados e com\u00e9rcios varejistas, para orientar sobre a decis\u00e3o do Governo Federal\u201d, afirma o diretor Ewerton.<\/p>\n\n\n\n<p><strong>Servi\u00e7o<\/strong><\/p>\n\n\n\n<p>A popula\u00e7\u00e3o pode denunciar irregularidades sanit\u00e1rias relativas a produtos e servi\u00e7os por meio da Ouvidoria da Visa Manaus, no n\u00famero (92) 98842-8481, ou pelo e-mail&nbsp;visamanaus.ouvidoria@gmail.com.<\/p>\n\n\n\n<p>Em caso de emerg\u00eancias toxicol\u00f3gicas, a pessoa n\u00e3o precisa provocar v\u00f4mito. A Visa refor\u00e7a que orienta\u00e7\u00f5es podem ser buscadas pelo n\u00famero 0800-722-6001, do Centro de Intoxica\u00e7\u00f5es (CIATox).<\/p>\n\n\n\n<p>Nos casos de queimadura, o aconselhamento \u00e9 que, logo ap\u00f3s o acidente, o local lesionado seja resfriado com \u00e1gua corrente em temperatura ambiente e protegido com um pano limpo para que n\u00e3o tenha nenhuma infec\u00e7\u00e3o. Depois disso, \u00e9 essencial buscar o atendimento de sa\u00fade.&nbsp;<\/p>\n\n\n\n<p>&#8212; &#8212; &#8212;<\/p>\n\n\n\n<p><strong>Texto <\/strong>&#8211;&nbsp;Renildo Rodrigues \/ Semsa<\/p>\n\n\n\n<p><strong>Fotos <\/strong>&#8211;&nbsp;Divulga\u00e7\u00e3o \/ Semsa<\/p>\n","protected":false},"excerpt":{"rendered":"","protected":false},"author":57,"featured_media":215029,"comment_status":"closed","ping_status":"closed","sticky":false,"template":"","format":"standard","meta":{"footnotes":""},"categories":[1433,3],"tags":[2372,173,54,79],"acf":[],"yoast_head":"<!-- This site is optimized with the Yoast SEO plugin v23.0 - https:\/\/yoast.com\/wordpress\/plugins\/seo\/ -->\n<title>Visa Manaus alerta sobre proibi\u00e7\u00e3o da venda do \u00e1lcool l\u00edquido 70%<\/title>\n<meta name=\"description\" content=\"A Prefeitura de Manaus alerta a popula\u00e7\u00e3o sobre a proibi\u00e7\u00e3o de comercializa\u00e7\u00e3o do \u00e1lcool l\u00edquido 70%, que entra em vigor no dia 1\u00ba de maio.\" \/>\n<meta name=\"robots\" content=\"index, follow, max-snippet:-1, max-image-preview:large, max-video-preview:-1\" \/>\n<link rel=\"canonical\" href=\"https:\/\/www.manaus.am.gov.br\/semsa\/proibicao-venda-alcool-70\/\" \/>\n<meta property=\"og:locale\" content=\"pt_BR\" \/>\n<meta property=\"og:type\" content=\"article\" \/>\n<meta property=\"og:title\" content=\"Visa Manaus alerta sobre proibi\u00e7\u00e3o da venda do \u00e1lcool l\u00edquido 70%\" \/>\n<meta property=\"og:description\" content=\"A Prefeitura de Manaus alerta a popula\u00e7\u00e3o sobre a proibi\u00e7\u00e3o de comercializa\u00e7\u00e3o do \u00e1lcool l\u00edquido 70%, que entra em vigor no dia 1\u00ba de maio.\" \/>\n<meta property=\"og:url\" content=\"https:\/\/www.manaus.am.gov.br\/semsa\/proibicao-venda-alcool-70\/\" \/>\n<meta property=\"og:site_name\" content=\"SEMSA\" \/>\n<meta property=\"article:published_time\" content=\"2024-04-16T20:54:19+00:00\" \/>\n<meta property=\"article:modified_time\" content=\"2024-04-16T20:54:21+00:00\" \/>\n<meta property=\"og:image\" content=\"https:\/\/www.manaus.am.gov.br\/semsa\/wp-content\/uploads\/sites\/8\/2024\/04\/Abril-16_Visa-Proibicao-alcool-70-4.jpeg\" \/>\n\t<meta property=\"og:image:width\" content=\"1600\" \/>\n\t<meta property=\"og:image:height\" content=\"1067\" \/>\n\t<meta property=\"og:image:type\" content=\"image\/jpeg\" \/>\n<meta name=\"author\" content=\"Thiago Fernando\" \/>\n<meta name=\"twitter:card\" content=\"summary_large_image\" \/>\n<meta name=\"twitter:label1\" content=\"Written by\" \/>\n\t<meta name=\"twitter:data1\" content=\"Thiago Fernando\" \/>\n\t<meta name=\"twitter:label2\" content=\"Est. reading time\" \/>\n\t<meta name=\"twitter:data2\" content=\"4 minutos\" \/>\n<script type=\"application\/ld+json\" class=\"yoast-schema-graph\">{\"@context\":\"https:\/\/schema.org\",\"@graph\":[{\"@type\":\"WebPage\",\"@id\":\"https:\/\/www.manaus.am.gov.br\/semsa\/proibicao-venda-alcool-70\/\",\"url\":\"https:\/\/www.manaus.am.gov.br\/semsa\/proibicao-venda-alcool-70\/\",\"name\":\"Visa Manaus alerta sobre proibi\u00e7\u00e3o da venda do \u00e1lcool l\u00edquido 70%\",\"isPartOf\":{\"@id\":\"https:\/\/www.manaus.am.gov.br\/semsa\/#website\"},\"primaryImageOfPage\":{\"@id\":\"https:\/\/www.manaus.am.gov.br\/semsa\/proibicao-venda-alcool-70\/#primaryimage\"},\"image\":{\"@id\":\"https:\/\/www.manaus.am.gov.br\/semsa\/proibicao-venda-alcool-70\/#primaryimage\"},\"thumbnailUrl\":\"https:\/\/www.manaus.am.gov.br\/semsa\/wp-content\/uploads\/sites\/8\/2024\/04\/Abril-16_Visa-Proibicao-alcool-70-4.jpeg\",\"datePublished\":\"2024-04-16T20:54:19+00:00\",\"dateModified\":\"2024-04-16T20:54:21+00:00\",\"author\":{\"@id\":\"https:\/\/www.manaus.am.gov.br\/semsa\/#\/schema\/person\/a5ee5376db6e21af026374b369f30882\"},\"description\":\"A Prefeitura de Manaus alerta a popula\u00e7\u00e3o sobre a proibi\u00e7\u00e3o de comercializa\u00e7\u00e3o do \u00e1lcool l\u00edquido 70%, que entra em vigor no dia 1\u00ba de maio.\",\"inLanguage\":\"pt-BR\",\"potentialAction\":[{\"@type\":\"ReadAction\",\"target\":[\"https:\/\/www.manaus.am.gov.br\/semsa\/proibicao-venda-alcool-70\/\"]}]},{\"@type\":\"ImageObject\",\"inLanguage\":\"pt-BR\",\"@id\":\"https:\/\/www.manaus.am.gov.br\/semsa\/proibicao-venda-alcool-70\/#primaryimage\",\"url\":\"https:\/\/www.manaus.am.gov.br\/semsa\/wp-content\/uploads\/sites\/8\/2024\/04\/Abril-16_Visa-Proibicao-alcool-70-4.jpeg\",\"contentUrl\":\"https:\/\/www.manaus.am.gov.br\/semsa\/wp-content\/uploads\/sites\/8\/2024\/04\/Abril-16_Visa-Proibicao-alcool-70-4.jpeg\",\"width\":1600,\"height\":1067,\"caption\":\"#paratodosverem - Imagem de uma pessoa utilizando o \u00e1lcool l\u00edquido 70%\"},{\"@type\":\"WebSite\",\"@id\":\"https:\/\/www.manaus.am.gov.br\/semsa\/#website\",\"url\":\"https:\/\/www.manaus.am.gov.br\/semsa\/\",\"name\":\"SEMSA\",\"description\":\"Secretaria Municipal de Sa\u00fade\",\"alternateName\":\"Secretaria Municipal de Sa\u00fade\",\"potentialAction\":[{\"@type\":\"SearchAction\",\"target\":{\"@type\":\"EntryPoint\",\"urlTemplate\":\"https:\/\/www.manaus.am.gov.br\/semsa\/?s={search_term_string}\"},\"query-input\":\"required name=search_term_string\"}],\"inLanguage\":\"pt-BR\"},{\"@type\":\"Person\",\"@id\":\"https:\/\/www.manaus.am.gov.br\/semsa\/#\/schema\/person\/a5ee5376db6e21af026374b369f30882\",\"name\":\"Thiago Fernando\",\"image\":{\"@type\":\"ImageObject\",\"inLanguage\":\"pt-BR\",\"@id\":\"https:\/\/www.manaus.am.gov.br\/semsa\/#\/schema\/person\/image\/\",\"url\":\"https:\/\/secure.gravatar.com\/avatar\/f5aab8722444041451501c077052ac07?s=96&d=mm&r=g\",\"contentUrl\":\"https:\/\/secure.gravatar.com\/avatar\/f5aab8722444041451501c077052ac07?s=96&d=mm&r=g\",\"caption\":\"Thiago Fernando\"}}]}<\/script>\n<!-- \/ Yoast SEO plugin. -->","yoast_head_json":{"title":"Visa Manaus alerta sobre proibi\u00e7\u00e3o da venda do \u00e1lcool l\u00edquido 70%","description":"A Prefeitura de Manaus alerta a popula\u00e7\u00e3o sobre a proibi\u00e7\u00e3o de comercializa\u00e7\u00e3o do \u00e1lcool l\u00edquido 70%, que entra em vigor no dia 1\u00ba de maio.","robots":{"index":"index","follow":"follow","max-snippet":"max-snippet:-1","max-image-preview":"max-image-preview:large","max-video-preview":"max-video-preview:-1"},"canonical":"https:\/\/www.manaus.am.gov.br\/semsa\/proibicao-venda-alcool-70\/","og_locale":"pt_BR","og_type":"article","og_title":"Visa Manaus alerta sobre proibi\u00e7\u00e3o da venda do \u00e1lcool l\u00edquido 70%","og_description":"A Prefeitura de Manaus alerta a popula\u00e7\u00e3o sobre a proibi\u00e7\u00e3o de comercializa\u00e7\u00e3o do \u00e1lcool l\u00edquido 70%, que entra em vigor no dia 1\u00ba de maio.","og_url":"https:\/\/www.manaus.am.gov.br\/semsa\/proibicao-venda-alcool-70\/","og_site_name":"SEMSA","article_published_time":"2024-04-16T20:54:19+00:00","article_modified_time":"2024-04-16T20:54:21+00:00","og_image":[{"width":1600,"height":1067,"url":"https:\/\/www.manaus.am.gov.br\/semsa\/wp-content\/uploads\/sites\/8\/2024\/04\/Abril-16_Visa-Proibicao-alcool-70-4.jpeg","type":"image\/jpeg"}],"author":"Thiago Fernando","twitter_card":"summary_large_image","twitter_misc":{"Written by":"Thiago Fernando","Est. reading time":"4 minutos"},"schema":{"@context":"https:\/\/schema.org","@graph":[{"@type":"WebPage","@id":"https:\/\/www.manaus.am.gov.br\/semsa\/proibicao-venda-alcool-70\/","url":"https:\/\/www.manaus.am.gov.br\/semsa\/proibicao-venda-alcool-70\/","name":"Visa Manaus alerta sobre proibi\u00e7\u00e3o da venda do \u00e1lcool l\u00edquido 70%","isPartOf":{"@id":"https:\/\/www.manaus.am.gov.br\/semsa\/#website"},"primaryImageOfPage":{"@id":"https:\/\/www.manaus.am.gov.br\/semsa\/proibicao-venda-alcool-70\/#primaryimage"},"image":{"@id":"https:\/\/www.manaus.am.gov.br\/semsa\/proibicao-venda-alcool-70\/#primaryimage"},"thumbnailUrl":"https:\/\/www.manaus.am.gov.br\/semsa\/wp-content\/uploads\/sites\/8\/2024\/04\/Abril-16_Visa-Proibicao-alcool-70-4.jpeg","datePublished":"2024-04-16T20:54:19+00:00","dateModified":"2024-04-16T20:54:21+00:00","author":{"@id":"https:\/\/www.manaus.am.gov.br\/semsa\/#\/schema\/person\/a5ee5376db6e21af026374b369f30882"},"description":"A Prefeitura de Manaus alerta a popula\u00e7\u00e3o sobre a proibi\u00e7\u00e3o de comercializa\u00e7\u00e3o do \u00e1lcool l\u00edquido 70%, que entra em vigor no dia 1\u00ba de maio.","inLanguage":"pt-BR","potentialAction":[{"@type":"ReadAction","target":["https:\/\/www.manaus.am.gov.br\/semsa\/proibicao-venda-alcool-70\/"]}]},{"@type":"ImageObject","inLanguage":"pt-BR","@id":"https:\/\/www.manaus.am.gov.br\/semsa\/proibicao-venda-alcool-70\/#primaryimage","url":"https:\/\/www.manaus.am.gov.br\/semsa\/wp-content\/uploads\/sites\/8\/2024\/04\/Abril-16_Visa-Proibicao-alcool-70-4.jpeg","contentUrl":"https:\/\/www.manaus.am.gov.br\/semsa\/wp-content\/uploads\/sites\/8\/2024\/04\/Abril-16_Visa-Proibicao-alcool-70-4.jpeg","width":1600,"height":1067,"caption":"#paratodosverem - Imagem de uma pessoa utilizando o \u00e1lcool l\u00edquido 70%"},{"@type":"WebSite","@id":"https:\/\/www.manaus.am.gov.br\/semsa\/#website","url":"https:\/\/www.manaus.am.gov.br\/semsa\/","name":"SEMSA","description":"Secretaria Municipal de Sa\u00fade","alternateName":"Secretaria Municipal de Sa\u00fade","potentialAction":[{"@type":"SearchAction","target":{"@type":"EntryPoint","urlTemplate":"https:\/\/www.manaus.am.gov.br\/semsa\/?s={search_term_string}"},"query-input":"required name=search_term_string"}],"inLanguage":"pt-BR"},{"@type":"Person","@id":"https:\/\/www.manaus.am.gov.br\/semsa\/#\/schema\/person\/a5ee5376db6e21af026374b369f30882","name":"Thiago Fernando","image":{"@type":"ImageObject","inLanguage":"pt-BR","@id":"https:\/\/www.manaus.am.gov.br\/semsa\/#\/schema\/person\/image\/","url":"https:\/\/secure.gravatar.com\/avatar\/f5aab8722444041451501c077052ac07?s=96&d=mm&r=g","contentUrl":"https:\/\/secure.gravatar.com\/avatar\/f5aab8722444041451501c077052ac07?s=96&d=mm&r=g","caption":"Thiago Fernando"}}]}},"_links":{"self":[{"href":"https:\/\/www.manaus.am.gov.br\/semsa\/wp-json\/wp\/v2\/posts\/215028"}],"collection":[{"href":"https:\/\/www.manaus.am.gov.br\/semsa\/wp-json\/wp\/v2\/posts"}],"about":[{"href":"https:\/\/www.manaus.am.gov.br\/semsa\/wp-json\/wp\/v2\/types\/post"}],"author":[{"embeddable":true,"href":"https:\/\/www.manaus.am.gov.br\/semsa\/wp-json\/wp\/v2\/users\/57"}],"replies":[{"embeddable":true,"href":"https:\/\/www.manaus.am.gov.br\/semsa\/wp-json\/wp\/v2\/comments?post=215028"}],"version-history":[{"count":0,"href":"https:\/\/www.manaus.am.gov.br\/semsa\/wp-json\/wp\/v2\/posts\/215028\/revisions"}],"wp:featuredmedia":[{"embeddable":true,"href":"https:\/\/www.manaus.am.gov.br\/semsa\/wp-json\/wp\/v2\/media\/215029"}],"wp:attachment":[{"href":"https:\/\/www.manaus.am.gov.br\/semsa\/wp-json\/wp\/v2\/media?parent=215028"}],"wp:term":[{"taxonomy":"category","embeddable":true,"href":"https:\/\/www.manaus.am.gov.br\/semsa\/wp-json\/wp\/v2\/categories?post=215028"},{"taxonomy":"post_tag","embeddable":true,"href":"https:\/\/www.manaus.am.gov.br\/semsa\/wp-json\/wp\/v2\/tags?post=215028"}],"curies":[{"name":"wp","href":"https:\/\/api.w.org\/{rel}","templated":true}]}}