{"id":215026,"date":"2024-04-16T15:41:14","date_gmt":"2024-04-16T19:41:14","guid":{"rendered":"https:\/\/www.manaus.am.gov.br\/semsa\/semana-qualidade-vida-servidor\/"},"modified":"2024-04-16T15:41:15","modified_gmt":"2024-04-16T19:41:15","slug":"semana-qualidade-vida-servidor","status":"publish","type":"post","link":"https:\/\/www.manaus.am.gov.br\/semsa\/semana-qualidade-vida-servidor\/","title":{"rendered":"Maternidade Dr. Moura Tapaj\u00f3z promove Semana de Qualidade de Vida do Servidor"},"content":{"rendered":"\n<p>O Servi\u00e7o de Qualidade de Vida no Trabalho (SQVT) do Setor de Gest\u00e3o e da Regula\u00e7\u00e3o do Trabalho em Sa\u00fade (Seget-DMMT)&nbsp;da Maternidade Dr. Moura Tapaj\u00f3z (MMT), da Prefeitura de Manaus, promoveu na manh\u00e3 desta&nbsp;ter\u00e7a-feira, 16\/4, a abertura da Semana de Qualidade de Vida do Servidor MMT 2024.<\/p>\n\n\n\n<p>A enfermeira obstetra e diretora da MMT, N\u00fabia Cruz, abriu o evento falando sobre os v\u00e1rios aspectos que envolvem e influenciam a qualidade de vida do servidor. \u201cUm estilo de vida saud\u00e1vel na vida pessoal e a\u00e7\u00f5es e pr\u00e1ticas que melhorem o ambiente de trabalho s\u00e3o de suma import\u00e2ncia para que os servidores tenham uma boa qualidade de vida, por isso, com nossa equipe agora estruturada, buscamos trabalhar tanto a parte social, quanto a f\u00edsica e psicol\u00f3gica\u201d, explicou a diretora.<\/p>\n\n\n\n<p>A semana ainda ter\u00e1 palestras sobre a import\u00e2ncia da reeduca\u00e7\u00e3o alimentar, com a nutricionista da MMT, Bernadete Medeiros; e sobre sa\u00fade financeira e educa\u00e7\u00e3o para os dias atuais, com o educador financeiro Daniel Floriano, diretor presidente do Instituto de Inova\u00e7\u00e3o e Tecnologia do Amazonas (ITAM).<\/p>\n\n\n\n<p>Durante o evento, que tamb\u00e9m contou com a participa\u00e7\u00e3o da fisioterapeuta Fl\u00e1via Palhares, da Divis\u00e3o de Qualidade de Vida no Trabalho da Secretaria Municipal de Sa\u00fade (Semsa), a chefe&nbsp;do SEGET-DMMT, Nat\u00e1lia Andrade Teixeira, destacou que uma das principais metas da equipe do SQVT \u00e9 contemplar todos os temas e \u00e1reas necess\u00e1rios para o equil\u00edbrio do ambiente organizacional, promovendo n\u00e3o apenas o bem-estar f\u00edsico, mas tamb\u00e9m o emocional.<\/p>\n\n\n\n<p>\u201cEstamos colocando em pr\u00e1tica projetos que buscam contemplar todas essas \u00e1reas. O nosso sonho come\u00e7ou a ser realizado com a formaliza\u00e7\u00e3o do setor e com a forma\u00e7\u00e3o de nossa equipe multiprofissional, mas \u00e9 um sonho que ainda n\u00e3o est\u00e1 completo, porque estamos apenas no in\u00edcio da nossa caminhada e ainda temos muito projetos para desenvolver\u201d, ressaltou Nat\u00e1lia.<\/p>\n\n\n\n<p>A equipe multidisciplinar do SQVT, formada pela psic\u00f3loga Raquel Floriano, pela assistente social K\u00e1tia Souza e pelo m\u00e9dico Marcos Oliveira, apresentou novos projetos do servi\u00e7o para o ano de 2024, como o Medida Certa, que busca promover mudan\u00e7as nos h\u00e1bitos alimentares dos servidores, com acompanhamento m\u00e9dico, psicol\u00f3gico e nutricional. A a\u00e7\u00e3o \u00e9 realizada em parceria com a nutricionista da MMT Bernardete Medeiros e tamb\u00e9m conta com a colabora\u00e7\u00e3o volunt\u00e1ria do educador f\u00edsico Elkjaer Sousa, que orienta os servidores em rela\u00e7\u00e3o \u00e0s atividades f\u00edsicas.<\/p>\n\n\n\n<p>Tamb\u00e9m foram apresentados os projetos da Caderneta e do Prontu\u00e1rio do Servidor, que v\u00e3o manter um registro sigiloso tanto da parte m\u00e9dica, quanto da social e psicol\u00f3gica dos servidores, para que haja um acompanhamento do indiv\u00edduo sob todos os aspectos; das Sextas de Medita\u00e7\u00e3o; da Feira do Servidor Empreendedor; dos Caf\u00e9s da manh\u00e3 com os pais de filhos com necessidades especiais; e da Biblioterapia.<\/p>\n\n\n\n<p>Participante do projeto piloto do Medida Certa, o servidor Wellington Lib\u00f3rio deu um depoimento sobre seus dois primeiros meses na empreitada. \u201cEstou mudando n\u00e3o apenas meus h\u00e1bitos alimentares, mas tamb\u00e9m minha rotina de sono e de atividade f\u00edsica. \u00c9 impressionante a minha mudan\u00e7a de disposi\u00e7\u00e3o f\u00edsica e mental nesse per\u00edodo. Em apenas dois meses, comecei caminhando e agora j\u00e1 consigo correr, coisa que nunca me imaginei fazendo na vida. Garanto para voc\u00eas: a perda de peso \u00e9 s\u00f3 uma consequ\u00eancia\u201d, afirmou Wellington.<\/p>\n\n\n\n<p>&#8212; &#8212; &#8212;<\/p>\n\n\n\n<p><strong>Texto &#8211;<\/strong>&nbsp;Marcella Normando \/ MMT\/Semsa<\/p>\n\n\n\n<p><strong>Fotos \u2013<\/strong>&nbsp;Divulga\u00e7\u00e3o \/ Semsa&nbsp;<\/p>\n","protected":false},"excerpt":{"rendered":"","protected":false},"author":61,"featured_media":215027,"comment_status":"closed","ping_status":"closed","sticky":false,"template":"","format":"standard","meta":{"footnotes":""},"categories":[15],"tags":[871,54,2371,28],"acf":[],"yoast_head":"<!-- This site is optimized with the Yoast SEO plugin v23.0 - https:\/\/yoast.com\/wordpress\/plugins\/seo\/ -->\n<title>MMT promove Semana de Qualidade de Vida do Servidor<\/title>\n<meta name=\"description\" content=\"A Prefeitura de Manaus promoveu, na manh\u00e3 desta\u00a0ter\u00e7a-feira, 16\/4, a abertura da Semana de Qualidade de Vida do Servidor MMT 2024.\" \/>\n<meta name=\"robots\" content=\"index, follow, max-snippet:-1, max-image-preview:large, max-video-preview:-1\" \/>\n<link rel=\"canonical\" href=\"https:\/\/www.manaus.am.gov.br\/semsa\/semana-qualidade-vida-servidor\/\" \/>\n<meta property=\"og:locale\" content=\"pt_BR\" \/>\n<meta property=\"og:type\" content=\"article\" \/>\n<meta property=\"og:title\" content=\"MMT promove Semana de Qualidade de Vida do Servidor\" \/>\n<meta property=\"og:description\" content=\"A Prefeitura de Manaus promoveu, na manh\u00e3 desta\u00a0ter\u00e7a-feira, 16\/4, a abertura da Semana de Qualidade de Vida do Servidor MMT 2024.\" \/>\n<meta property=\"og:url\" content=\"https:\/\/www.manaus.am.gov.br\/semsa\/semana-qualidade-vida-servidor\/\" \/>\n<meta property=\"og:site_name\" content=\"SEMSA\" \/>\n<meta property=\"article:published_time\" content=\"2024-04-16T19:41:14+00:00\" \/>\n<meta property=\"article:modified_time\" content=\"2024-04-16T19:41:15+00:00\" \/>\n<meta property=\"og:image\" content=\"https:\/\/www.manaus.am.gov.br\/semsa\/wp-content\/uploads\/sites\/8\/2024\/04\/Abril-16_MMT-Semana-Aulidade-de-VIda-1.jpeg\" \/>\n\t<meta property=\"og:image:width\" content=\"1600\" \/>\n\t<meta property=\"og:image:height\" content=\"1200\" \/>\n\t<meta property=\"og:image:type\" content=\"image\/jpeg\" \/>\n<meta name=\"author\" content=\"smonteiro\" \/>\n<meta name=\"twitter:card\" content=\"summary_large_image\" \/>\n<meta name=\"twitter:label1\" content=\"Written by\" \/>\n\t<meta name=\"twitter:data1\" content=\"smonteiro\" \/>\n\t<meta name=\"twitter:label2\" content=\"Est. reading time\" \/>\n\t<meta name=\"twitter:data2\" content=\"4 minutos\" \/>\n<script type=\"application\/ld+json\" class=\"yoast-schema-graph\">{\"@context\":\"https:\/\/schema.org\",\"@graph\":[{\"@type\":\"WebPage\",\"@id\":\"https:\/\/www.manaus.am.gov.br\/semsa\/semana-qualidade-vida-servidor\/\",\"url\":\"https:\/\/www.manaus.am.gov.br\/semsa\/semana-qualidade-vida-servidor\/\",\"name\":\"MMT promove Semana de Qualidade de Vida do Servidor\",\"isPartOf\":{\"@id\":\"https:\/\/www.manaus.am.gov.br\/semsa\/#website\"},\"primaryImageOfPage\":{\"@id\":\"https:\/\/www.manaus.am.gov.br\/semsa\/semana-qualidade-vida-servidor\/#primaryimage\"},\"image\":{\"@id\":\"https:\/\/www.manaus.am.gov.br\/semsa\/semana-qualidade-vida-servidor\/#primaryimage\"},\"thumbnailUrl\":\"https:\/\/www.manaus.am.gov.br\/semsa\/wp-content\/uploads\/sites\/8\/2024\/04\/Abril-16_MMT-Semana-Aulidade-de-VIda-1.jpeg\",\"datePublished\":\"2024-04-16T19:41:14+00:00\",\"dateModified\":\"2024-04-16T19:41:15+00:00\",\"author\":{\"@id\":\"https:\/\/www.manaus.am.gov.br\/semsa\/#\/schema\/person\/ab4dcf766a54dff74e8d267f5c591961\"},\"description\":\"A Prefeitura de Manaus promoveu, na manh\u00e3 desta\u00a0ter\u00e7a-feira, 16\/4, a abertura da Semana de Qualidade de Vida do Servidor MMT 2024.\",\"inLanguage\":\"pt-BR\",\"potentialAction\":[{\"@type\":\"ReadAction\",\"target\":[\"https:\/\/www.manaus.am.gov.br\/semsa\/semana-qualidade-vida-servidor\/\"]}]},{\"@type\":\"ImageObject\",\"inLanguage\":\"pt-BR\",\"@id\":\"https:\/\/www.manaus.am.gov.br\/semsa\/semana-qualidade-vida-servidor\/#primaryimage\",\"url\":\"https:\/\/www.manaus.am.gov.br\/semsa\/wp-content\/uploads\/sites\/8\/2024\/04\/Abril-16_MMT-Semana-Aulidade-de-VIda-1.jpeg\",\"contentUrl\":\"https:\/\/www.manaus.am.gov.br\/semsa\/wp-content\/uploads\/sites\/8\/2024\/04\/Abril-16_MMT-Semana-Aulidade-de-VIda-1.jpeg\",\"width\":1600,\"height\":1200,\"caption\":\"#paratodosverem - imagem geral da abertura do evento\"},{\"@type\":\"WebSite\",\"@id\":\"https:\/\/www.manaus.am.gov.br\/semsa\/#website\",\"url\":\"https:\/\/www.manaus.am.gov.br\/semsa\/\",\"name\":\"SEMSA\",\"description\":\"Secretaria Municipal de Sa\u00fade\",\"alternateName\":\"Secretaria Municipal de Sa\u00fade\",\"potentialAction\":[{\"@type\":\"SearchAction\",\"target\":{\"@type\":\"EntryPoint\",\"urlTemplate\":\"https:\/\/www.manaus.am.gov.br\/semsa\/?s={search_term_string}\"},\"query-input\":\"required name=search_term_string\"}],\"inLanguage\":\"pt-BR\"},{\"@type\":\"Person\",\"@id\":\"https:\/\/www.manaus.am.gov.br\/semsa\/#\/schema\/person\/ab4dcf766a54dff74e8d267f5c591961\",\"name\":\"smonteiro\",\"image\":{\"@type\":\"ImageObject\",\"inLanguage\":\"pt-BR\",\"@id\":\"https:\/\/www.manaus.am.gov.br\/semsa\/#\/schema\/person\/image\/\",\"url\":\"https:\/\/secure.gravatar.com\/avatar\/21c8776ef61d9272c73322052e042d77?s=96&d=mm&r=g\",\"contentUrl\":\"https:\/\/secure.gravatar.com\/avatar\/21c8776ef61d9272c73322052e042d77?s=96&d=mm&r=g\",\"caption\":\"smonteiro\"}}]}<\/script>\n<!-- \/ Yoast SEO plugin. -->","yoast_head_json":{"title":"MMT promove Semana de Qualidade de Vida do Servidor","description":"A Prefeitura de Manaus promoveu, na manh\u00e3 desta\u00a0ter\u00e7a-feira, 16\/4, a abertura da Semana de Qualidade de Vida do Servidor MMT 2024.","robots":{"index":"index","follow":"follow","max-snippet":"max-snippet:-1","max-image-preview":"max-image-preview:large","max-video-preview":"max-video-preview:-1"},"canonical":"https:\/\/www.manaus.am.gov.br\/semsa\/semana-qualidade-vida-servidor\/","og_locale":"pt_BR","og_type":"article","og_title":"MMT promove Semana de Qualidade de Vida do Servidor","og_description":"A Prefeitura de Manaus promoveu, na manh\u00e3 desta\u00a0ter\u00e7a-feira, 16\/4, a abertura da Semana de Qualidade de Vida do Servidor MMT 2024.","og_url":"https:\/\/www.manaus.am.gov.br\/semsa\/semana-qualidade-vida-servidor\/","og_site_name":"SEMSA","article_published_time":"2024-04-16T19:41:14+00:00","article_modified_time":"2024-04-16T19:41:15+00:00","og_image":[{"width":1600,"height":1200,"url":"https:\/\/www.manaus.am.gov.br\/semsa\/wp-content\/uploads\/sites\/8\/2024\/04\/Abril-16_MMT-Semana-Aulidade-de-VIda-1.jpeg","type":"image\/jpeg"}],"author":"smonteiro","twitter_card":"summary_large_image","twitter_misc":{"Written by":"smonteiro","Est. reading time":"4 minutos"},"schema":{"@context":"https:\/\/schema.org","@graph":[{"@type":"WebPage","@id":"https:\/\/www.manaus.am.gov.br\/semsa\/semana-qualidade-vida-servidor\/","url":"https:\/\/www.manaus.am.gov.br\/semsa\/semana-qualidade-vida-servidor\/","name":"MMT promove Semana de Qualidade de Vida do Servidor","isPartOf":{"@id":"https:\/\/www.manaus.am.gov.br\/semsa\/#website"},"primaryImageOfPage":{"@id":"https:\/\/www.manaus.am.gov.br\/semsa\/semana-qualidade-vida-servidor\/#primaryimage"},"image":{"@id":"https:\/\/www.manaus.am.gov.br\/semsa\/semana-qualidade-vida-servidor\/#primaryimage"},"thumbnailUrl":"https:\/\/www.manaus.am.gov.br\/semsa\/wp-content\/uploads\/sites\/8\/2024\/04\/Abril-16_MMT-Semana-Aulidade-de-VIda-1.jpeg","datePublished":"2024-04-16T19:41:14+00:00","dateModified":"2024-04-16T19:41:15+00:00","author":{"@id":"https:\/\/www.manaus.am.gov.br\/semsa\/#\/schema\/person\/ab4dcf766a54dff74e8d267f5c591961"},"description":"A Prefeitura de Manaus promoveu, na manh\u00e3 desta\u00a0ter\u00e7a-feira, 16\/4, a abertura da Semana de Qualidade de Vida do Servidor MMT 2024.","inLanguage":"pt-BR","potentialAction":[{"@type":"ReadAction","target":["https:\/\/www.manaus.am.gov.br\/semsa\/semana-qualidade-vida-servidor\/"]}]},{"@type":"ImageObject","inLanguage":"pt-BR","@id":"https:\/\/www.manaus.am.gov.br\/semsa\/semana-qualidade-vida-servidor\/#primaryimage","url":"https:\/\/www.manaus.am.gov.br\/semsa\/wp-content\/uploads\/sites\/8\/2024\/04\/Abril-16_MMT-Semana-Aulidade-de-VIda-1.jpeg","contentUrl":"https:\/\/www.manaus.am.gov.br\/semsa\/wp-content\/uploads\/sites\/8\/2024\/04\/Abril-16_MMT-Semana-Aulidade-de-VIda-1.jpeg","width":1600,"height":1200,"caption":"#paratodosverem - imagem geral da abertura do evento"},{"@type":"WebSite","@id":"https:\/\/www.manaus.am.gov.br\/semsa\/#website","url":"https:\/\/www.manaus.am.gov.br\/semsa\/","name":"SEMSA","description":"Secretaria Municipal de Sa\u00fade","alternateName":"Secretaria Municipal de Sa\u00fade","potentialAction":[{"@type":"SearchAction","target":{"@type":"EntryPoint","urlTemplate":"https:\/\/www.manaus.am.gov.br\/semsa\/?s={search_term_string}"},"query-input":"required name=search_term_string"}],"inLanguage":"pt-BR"},{"@type":"Person","@id":"https:\/\/www.manaus.am.gov.br\/semsa\/#\/schema\/person\/ab4dcf766a54dff74e8d267f5c591961","name":"smonteiro","image":{"@type":"ImageObject","inLanguage":"pt-BR","@id":"https:\/\/www.manaus.am.gov.br\/semsa\/#\/schema\/person\/image\/","url":"https:\/\/secure.gravatar.com\/avatar\/21c8776ef61d9272c73322052e042d77?s=96&d=mm&r=g","contentUrl":"https:\/\/secure.gravatar.com\/avatar\/21c8776ef61d9272c73322052e042d77?s=96&d=mm&r=g","caption":"smonteiro"}}]}},"_links":{"self":[{"href":"https:\/\/www.manaus.am.gov.br\/semsa\/wp-json\/wp\/v2\/posts\/215026"}],"collection":[{"href":"https:\/\/www.manaus.am.gov.br\/semsa\/wp-json\/wp\/v2\/posts"}],"about":[{"href":"https:\/\/www.manaus.am.gov.br\/semsa\/wp-json\/wp\/v2\/types\/post"}],"author":[{"embeddable":true,"href":"https:\/\/www.manaus.am.gov.br\/semsa\/wp-json\/wp\/v2\/users\/61"}],"replies":[{"embeddable":true,"href":"https:\/\/www.manaus.am.gov.br\/semsa\/wp-json\/wp\/v2\/comments?post=215026"}],"version-history":[{"count":0,"href":"https:\/\/www.manaus.am.gov.br\/semsa\/wp-json\/wp\/v2\/posts\/215026\/revisions"}],"wp:featuredmedia":[{"embeddable":true,"href":"https:\/\/www.manaus.am.gov.br\/semsa\/wp-json\/wp\/v2\/media\/215027"}],"wp:attachment":[{"href":"https:\/\/www.manaus.am.gov.br\/semsa\/wp-json\/wp\/v2\/media?parent=215026"}],"wp:term":[{"taxonomy":"category","embeddable":true,"href":"https:\/\/www.manaus.am.gov.br\/semsa\/wp-json\/wp\/v2\/categories?post=215026"},{"taxonomy":"post_tag","embeddable":true,"href":"https:\/\/www.manaus.am.gov.br\/semsa\/wp-json\/wp\/v2\/tags?post=215026"}],"curies":[{"name":"wp","href":"https:\/\/api.w.org\/{rel}","templated":true}]}}