{"id":214870,"date":"2024-03-30T09:51:57","date_gmt":"2024-03-30T13:51:57","guid":{"rendered":"https:\/\/www.manaus.am.gov.br\/semsa\/unidades-de-saude-semsa\/"},"modified":"2024-03-30T09:51:59","modified_gmt":"2024-03-30T13:51:59","slug":"unidades-de-saude-semsa","status":"publish","type":"post","link":"https:\/\/www.manaus.am.gov.br\/semsa\/unidades-de-saude-semsa\/","title":{"rendered":"Prefeitura informa endere\u00e7os de atendimento das Unidades M\u00f3veis de Sa\u00fade da Mulher"},"content":{"rendered":"\n<p>As Unidades M\u00f3veis de Sa\u00fade da Mulher, da Prefeitura de Manaus, refor\u00e7am os atendimentos da assist\u00eancia b\u00e1sica para moradoras dos bairros Grande Vit\u00f3ria, Novo Aleixo e da Paz, nas zonas Leste, Norte e Centro-Oeste, respectivamente, ao longo das pr\u00f3ximas semanas. O servi\u00e7o, gerenciado pela Secretaria Municipal de Sa\u00fade (Semsa), conta com tr\u00eas estruturas itinerantes, que ofertam procedimentos e servi\u00e7os da aten\u00e7\u00e3o prim\u00e1ria exclusivamente para a popula\u00e7\u00e3o feminina.<\/p>\n\n\n\n<p>As moradoras da zona Leste poder\u00e3o buscar os atendimentos da Unidade M\u00f3vel de Sa\u00fade da Mulher na rua Vit\u00f3ria-R\u00e9gia, no Grande Vit\u00f3ria, a partir da segunda-feira, 1\u00ba\/4. A previs\u00e3o de funcionamento da estrutura no local \u00e9 at\u00e9 o dia 12 de abril.<\/p>\n\n\n\n<p>Na zona Oeste, o servi\u00e7o itinerante voltado \u00e0 popula\u00e7\u00e3o feminina segue atendendo as usu\u00e1rias do bairro da Paz e entorno, posicionada na rua Comandante Edno Rios, ao lado da Unidade de Sa\u00fade da Fam\u00edlia (USF) Santos Dumont. A estrutura tem previs\u00e3o de funcionar no local tamb\u00e9m at\u00e9 12 de abril.<\/p>\n\n\n\n<p>A unidade m\u00f3vel, atualmente localizada na zona Norte, continua em funcionamento na rua Junqueiro, n\u00ba 1.259, na \u00e1rea da escola estadual Belarmino Marreiro, onde dever\u00e1 permanecer at\u00e9 o dia 5 de abril.<\/p>\n\n\n\n<p><strong>Acesso e cobertura<\/strong><\/p>\n\n\n\n<p>As Unidades M\u00f3veis de Sa\u00fade da Mulher fazem parte das estrat\u00e9gias da Semsa para facilitar o acesso da popula\u00e7\u00e3o aos servi\u00e7os da Aten\u00e7\u00e3o Prim\u00e1ria \u00e0 Sa\u00fade (APS). As estruturas est\u00e3o em atividade h\u00e1 oito meses, ampliando a cobertura da aten\u00e7\u00e3o b\u00e1sica e beneficiando moradoras de \u00e1reas de maior demanda e vazios assistenciais.<\/p>\n\n\n\n<p>O servi\u00e7o tem \u00eanfase nas a\u00e7\u00f5es de preven\u00e7\u00e3o e rastreio de casos de c\u00e2ncer de mama e do colo do \u00fatero, bem como o acompanhamento pr\u00e9-natal em suas \u00e1reas de abrang\u00eancia.<\/p>\n\n\n\n<p>Cada estrutura conta com uma equipe de profissionais de sa\u00fade, composta de dois m\u00e9dicos (um cl\u00ednico geral e um especialista em radiologia e diagn\u00f3stico por imagem), um enfermeiro, um t\u00e9cnico de enfermagem, um t\u00e9cnico em radiologia e imaginologia, e dois assistentes administrativos.<\/p>\n\n\n\n<p>&#8212; &#8212; &#8212;<\/p>\n\n\n\n<p><strong>Texto &#8211;&nbsp;<\/strong>Jony Clay Borges \/ Semsa<\/p>\n\n\n\n<p><strong>Fotos &#8211;&nbsp;<\/strong>Divulga\u00e7\u00e3o \/ Semsa<\/p>\n","protected":false},"excerpt":{"rendered":"","protected":false},"author":23,"featured_media":214871,"comment_status":"closed","ping_status":"closed","sticky":false,"template":"","format":"standard","meta":{"footnotes":""},"categories":[155],"tags":[74,54,82,28,2340],"acf":[],"yoast_head":"<!-- This site is optimized with the Yoast SEO plugin v23.0 - https:\/\/yoast.com\/wordpress\/plugins\/seo\/ -->\n<title>Prefeitura informa endere\u00e7os de atendimento das Unidades M\u00f3veis de Sa\u00fade da Mulher<\/title>\n<meta name=\"description\" content=\"As Unidades M\u00f3veis de Sa\u00fade da Mulher, da Prefeitura de Manaus, refor\u00e7am os atendimentos da assist\u00eancia b\u00e1sica para moradoras dos bairros Grande Vit\u00f3ria, Novo Aleixo e da Paz, nas zonas Leste, Norte e Centro-Oeste, respectivamente, ao longo das pr\u00f3ximas semanas. O servi\u00e7o, gerenciado pela Secretaria Municipal de Sa\u00fade (Semsa), conta com tr\u00eas estruturas itinerantes, que ofertam procedimentos e servi\u00e7os da aten\u00e7\u00e3o prim\u00e1ria exclusivamente para a popula\u00e7\u00e3o feminina.\" \/>\n<meta name=\"robots\" content=\"index, follow, max-snippet:-1, max-image-preview:large, max-video-preview:-1\" \/>\n<link rel=\"canonical\" href=\"https:\/\/www.manaus.am.gov.br\/semsa\/unidades-de-saude-semsa\/\" \/>\n<meta property=\"og:locale\" content=\"pt_BR\" \/>\n<meta property=\"og:type\" content=\"article\" \/>\n<meta property=\"og:title\" content=\"Prefeitura informa endere\u00e7os de atendimento das Unidades M\u00f3veis de Sa\u00fade da Mulher\" \/>\n<meta property=\"og:description\" content=\"As Unidades M\u00f3veis de Sa\u00fade da Mulher, da Prefeitura de Manaus, refor\u00e7am os atendimentos da assist\u00eancia b\u00e1sica para moradoras dos bairros Grande Vit\u00f3ria, Novo Aleixo e da Paz, nas zonas Leste, Norte e Centro-Oeste, respectivamente, ao longo das pr\u00f3ximas semanas. O servi\u00e7o, gerenciado pela Secretaria Municipal de Sa\u00fade (Semsa), conta com tr\u00eas estruturas itinerantes, que ofertam procedimentos e servi\u00e7os da aten\u00e7\u00e3o prim\u00e1ria exclusivamente para a popula\u00e7\u00e3o feminina.\" \/>\n<meta property=\"og:url\" content=\"https:\/\/www.manaus.am.gov.br\/semsa\/unidades-de-saude-semsa\/\" \/>\n<meta property=\"og:site_name\" content=\"SEMSA\" \/>\n<meta property=\"article:published_time\" content=\"2024-03-30T13:51:57+00:00\" \/>\n<meta property=\"article:modified_time\" content=\"2024-03-30T13:51:59+00:00\" \/>\n<meta property=\"og:image\" content=\"https:\/\/www.manaus.am.gov.br\/semsa\/wp-content\/uploads\/sites\/8\/2024\/03\/WhatsApp-Image-2024-03-30-at-09.34.03.jpeg\" \/>\n\t<meta property=\"og:image:width\" content=\"1600\" \/>\n\t<meta property=\"og:image:height\" content=\"1066\" \/>\n\t<meta property=\"og:image:type\" content=\"image\/jpeg\" \/>\n<meta name=\"author\" content=\"Adriana Costa\" \/>\n<meta name=\"twitter:card\" content=\"summary_large_image\" \/>\n<meta name=\"twitter:label1\" content=\"Written by\" \/>\n\t<meta name=\"twitter:data1\" content=\"Adriana Costa\" \/>\n\t<meta name=\"twitter:label2\" content=\"Est. reading time\" \/>\n\t<meta name=\"twitter:data2\" content=\"3 minutos\" \/>\n<script type=\"application\/ld+json\" class=\"yoast-schema-graph\">{\"@context\":\"https:\/\/schema.org\",\"@graph\":[{\"@type\":\"WebPage\",\"@id\":\"https:\/\/www.manaus.am.gov.br\/semsa\/unidades-de-saude-semsa\/\",\"url\":\"https:\/\/www.manaus.am.gov.br\/semsa\/unidades-de-saude-semsa\/\",\"name\":\"Prefeitura informa endere\u00e7os de atendimento das Unidades M\u00f3veis de Sa\u00fade da Mulher\",\"isPartOf\":{\"@id\":\"https:\/\/www.manaus.am.gov.br\/semsa\/#website\"},\"primaryImageOfPage\":{\"@id\":\"https:\/\/www.manaus.am.gov.br\/semsa\/unidades-de-saude-semsa\/#primaryimage\"},\"image\":{\"@id\":\"https:\/\/www.manaus.am.gov.br\/semsa\/unidades-de-saude-semsa\/#primaryimage\"},\"thumbnailUrl\":\"https:\/\/www.manaus.am.gov.br\/semsa\/wp-content\/uploads\/sites\/8\/2024\/03\/WhatsApp-Image-2024-03-30-at-09.34.03.jpeg\",\"datePublished\":\"2024-03-30T13:51:57+00:00\",\"dateModified\":\"2024-03-30T13:51:59+00:00\",\"author\":{\"@id\":\"https:\/\/www.manaus.am.gov.br\/semsa\/#\/schema\/person\/4e49f4e267757a06ca072ec61b2b9968\"},\"description\":\"As Unidades M\u00f3veis de Sa\u00fade da Mulher, da Prefeitura de Manaus, refor\u00e7am os atendimentos da assist\u00eancia b\u00e1sica para moradoras dos bairros Grande Vit\u00f3ria, Novo Aleixo e da Paz, nas zonas Leste, Norte e Centro-Oeste, respectivamente, ao longo das pr\u00f3ximas semanas. O servi\u00e7o, gerenciado pela Secretaria Municipal de Sa\u00fade (Semsa), conta com tr\u00eas estruturas itinerantes, que ofertam procedimentos e servi\u00e7os da aten\u00e7\u00e3o prim\u00e1ria exclusivamente para a popula\u00e7\u00e3o feminina.\",\"inLanguage\":\"pt-BR\",\"potentialAction\":[{\"@type\":\"ReadAction\",\"target\":[\"https:\/\/www.manaus.am.gov.br\/semsa\/unidades-de-saude-semsa\/\"]}]},{\"@type\":\"ImageObject\",\"inLanguage\":\"pt-BR\",\"@id\":\"https:\/\/www.manaus.am.gov.br\/semsa\/unidades-de-saude-semsa\/#primaryimage\",\"url\":\"https:\/\/www.manaus.am.gov.br\/semsa\/wp-content\/uploads\/sites\/8\/2024\/03\/WhatsApp-Image-2024-03-30-at-09.34.03.jpeg\",\"contentUrl\":\"https:\/\/www.manaus.am.gov.br\/semsa\/wp-content\/uploads\/sites\/8\/2024\/03\/WhatsApp-Image-2024-03-30-at-09.34.03.jpeg\",\"width\":1600,\"height\":1066},{\"@type\":\"WebSite\",\"@id\":\"https:\/\/www.manaus.am.gov.br\/semsa\/#website\",\"url\":\"https:\/\/www.manaus.am.gov.br\/semsa\/\",\"name\":\"SEMSA\",\"description\":\"Secretaria Municipal de Sa\u00fade\",\"alternateName\":\"Secretaria Municipal de Sa\u00fade\",\"potentialAction\":[{\"@type\":\"SearchAction\",\"target\":{\"@type\":\"EntryPoint\",\"urlTemplate\":\"https:\/\/www.manaus.am.gov.br\/semsa\/?s={search_term_string}\"},\"query-input\":\"required name=search_term_string\"}],\"inLanguage\":\"pt-BR\"},{\"@type\":\"Person\",\"@id\":\"https:\/\/www.manaus.am.gov.br\/semsa\/#\/schema\/person\/4e49f4e267757a06ca072ec61b2b9968\",\"name\":\"Adriana Costa\",\"image\":{\"@type\":\"ImageObject\",\"inLanguage\":\"pt-BR\",\"@id\":\"https:\/\/www.manaus.am.gov.br\/semsa\/#\/schema\/person\/image\/\",\"url\":\"https:\/\/secure.gravatar.com\/avatar\/576258617ef7194f718179e766d57bd4?s=96&d=mm&r=g\",\"contentUrl\":\"https:\/\/secure.gravatar.com\/avatar\/576258617ef7194f718179e766d57bd4?s=96&d=mm&r=g\",\"caption\":\"Adriana Costa\"}}]}<\/script>\n<!-- \/ Yoast SEO plugin. -->","yoast_head_json":{"title":"Prefeitura informa endere\u00e7os de atendimento das Unidades M\u00f3veis de Sa\u00fade da Mulher","description":"As Unidades M\u00f3veis de Sa\u00fade da Mulher, da Prefeitura de Manaus, refor\u00e7am os atendimentos da assist\u00eancia b\u00e1sica para moradoras dos bairros Grande Vit\u00f3ria, Novo Aleixo e da Paz, nas zonas Leste, Norte e Centro-Oeste, respectivamente, ao longo das pr\u00f3ximas semanas. O servi\u00e7o, gerenciado pela Secretaria Municipal de Sa\u00fade (Semsa), conta com tr\u00eas estruturas itinerantes, que ofertam procedimentos e servi\u00e7os da aten\u00e7\u00e3o prim\u00e1ria exclusivamente para a popula\u00e7\u00e3o feminina.","robots":{"index":"index","follow":"follow","max-snippet":"max-snippet:-1","max-image-preview":"max-image-preview:large","max-video-preview":"max-video-preview:-1"},"canonical":"https:\/\/www.manaus.am.gov.br\/semsa\/unidades-de-saude-semsa\/","og_locale":"pt_BR","og_type":"article","og_title":"Prefeitura informa endere\u00e7os de atendimento das Unidades M\u00f3veis de Sa\u00fade da Mulher","og_description":"As Unidades M\u00f3veis de Sa\u00fade da Mulher, da Prefeitura de Manaus, refor\u00e7am os atendimentos da assist\u00eancia b\u00e1sica para moradoras dos bairros Grande Vit\u00f3ria, Novo Aleixo e da Paz, nas zonas Leste, Norte e Centro-Oeste, respectivamente, ao longo das pr\u00f3ximas semanas. O servi\u00e7o, gerenciado pela Secretaria Municipal de Sa\u00fade (Semsa), conta com tr\u00eas estruturas itinerantes, que ofertam procedimentos e servi\u00e7os da aten\u00e7\u00e3o prim\u00e1ria exclusivamente para a popula\u00e7\u00e3o feminina.","og_url":"https:\/\/www.manaus.am.gov.br\/semsa\/unidades-de-saude-semsa\/","og_site_name":"SEMSA","article_published_time":"2024-03-30T13:51:57+00:00","article_modified_time":"2024-03-30T13:51:59+00:00","og_image":[{"width":1600,"height":1066,"url":"https:\/\/www.manaus.am.gov.br\/semsa\/wp-content\/uploads\/sites\/8\/2024\/03\/WhatsApp-Image-2024-03-30-at-09.34.03.jpeg","type":"image\/jpeg"}],"author":"Adriana Costa","twitter_card":"summary_large_image","twitter_misc":{"Written by":"Adriana Costa","Est. reading time":"3 minutos"},"schema":{"@context":"https:\/\/schema.org","@graph":[{"@type":"WebPage","@id":"https:\/\/www.manaus.am.gov.br\/semsa\/unidades-de-saude-semsa\/","url":"https:\/\/www.manaus.am.gov.br\/semsa\/unidades-de-saude-semsa\/","name":"Prefeitura informa endere\u00e7os de atendimento das Unidades M\u00f3veis de Sa\u00fade da Mulher","isPartOf":{"@id":"https:\/\/www.manaus.am.gov.br\/semsa\/#website"},"primaryImageOfPage":{"@id":"https:\/\/www.manaus.am.gov.br\/semsa\/unidades-de-saude-semsa\/#primaryimage"},"image":{"@id":"https:\/\/www.manaus.am.gov.br\/semsa\/unidades-de-saude-semsa\/#primaryimage"},"thumbnailUrl":"https:\/\/www.manaus.am.gov.br\/semsa\/wp-content\/uploads\/sites\/8\/2024\/03\/WhatsApp-Image-2024-03-30-at-09.34.03.jpeg","datePublished":"2024-03-30T13:51:57+00:00","dateModified":"2024-03-30T13:51:59+00:00","author":{"@id":"https:\/\/www.manaus.am.gov.br\/semsa\/#\/schema\/person\/4e49f4e267757a06ca072ec61b2b9968"},"description":"As Unidades M\u00f3veis de Sa\u00fade da Mulher, da Prefeitura de Manaus, refor\u00e7am os atendimentos da assist\u00eancia b\u00e1sica para moradoras dos bairros Grande Vit\u00f3ria, Novo Aleixo e da Paz, nas zonas Leste, Norte e Centro-Oeste, respectivamente, ao longo das pr\u00f3ximas semanas. O servi\u00e7o, gerenciado pela Secretaria Municipal de Sa\u00fade (Semsa), conta com tr\u00eas estruturas itinerantes, que ofertam procedimentos e servi\u00e7os da aten\u00e7\u00e3o prim\u00e1ria exclusivamente para a popula\u00e7\u00e3o feminina.","inLanguage":"pt-BR","potentialAction":[{"@type":"ReadAction","target":["https:\/\/www.manaus.am.gov.br\/semsa\/unidades-de-saude-semsa\/"]}]},{"@type":"ImageObject","inLanguage":"pt-BR","@id":"https:\/\/www.manaus.am.gov.br\/semsa\/unidades-de-saude-semsa\/#primaryimage","url":"https:\/\/www.manaus.am.gov.br\/semsa\/wp-content\/uploads\/sites\/8\/2024\/03\/WhatsApp-Image-2024-03-30-at-09.34.03.jpeg","contentUrl":"https:\/\/www.manaus.am.gov.br\/semsa\/wp-content\/uploads\/sites\/8\/2024\/03\/WhatsApp-Image-2024-03-30-at-09.34.03.jpeg","width":1600,"height":1066},{"@type":"WebSite","@id":"https:\/\/www.manaus.am.gov.br\/semsa\/#website","url":"https:\/\/www.manaus.am.gov.br\/semsa\/","name":"SEMSA","description":"Secretaria Municipal de Sa\u00fade","alternateName":"Secretaria Municipal de Sa\u00fade","potentialAction":[{"@type":"SearchAction","target":{"@type":"EntryPoint","urlTemplate":"https:\/\/www.manaus.am.gov.br\/semsa\/?s={search_term_string}"},"query-input":"required name=search_term_string"}],"inLanguage":"pt-BR"},{"@type":"Person","@id":"https:\/\/www.manaus.am.gov.br\/semsa\/#\/schema\/person\/4e49f4e267757a06ca072ec61b2b9968","name":"Adriana Costa","image":{"@type":"ImageObject","inLanguage":"pt-BR","@id":"https:\/\/www.manaus.am.gov.br\/semsa\/#\/schema\/person\/image\/","url":"https:\/\/secure.gravatar.com\/avatar\/576258617ef7194f718179e766d57bd4?s=96&d=mm&r=g","contentUrl":"https:\/\/secure.gravatar.com\/avatar\/576258617ef7194f718179e766d57bd4?s=96&d=mm&r=g","caption":"Adriana Costa"}}]}},"_links":{"self":[{"href":"https:\/\/www.manaus.am.gov.br\/semsa\/wp-json\/wp\/v2\/posts\/214870"}],"collection":[{"href":"https:\/\/www.manaus.am.gov.br\/semsa\/wp-json\/wp\/v2\/posts"}],"about":[{"href":"https:\/\/www.manaus.am.gov.br\/semsa\/wp-json\/wp\/v2\/types\/post"}],"author":[{"embeddable":true,"href":"https:\/\/www.manaus.am.gov.br\/semsa\/wp-json\/wp\/v2\/users\/23"}],"replies":[{"embeddable":true,"href":"https:\/\/www.manaus.am.gov.br\/semsa\/wp-json\/wp\/v2\/comments?post=214870"}],"version-history":[{"count":0,"href":"https:\/\/www.manaus.am.gov.br\/semsa\/wp-json\/wp\/v2\/posts\/214870\/revisions"}],"wp:featuredmedia":[{"embeddable":true,"href":"https:\/\/www.manaus.am.gov.br\/semsa\/wp-json\/wp\/v2\/media\/214871"}],"wp:attachment":[{"href":"https:\/\/www.manaus.am.gov.br\/semsa\/wp-json\/wp\/v2\/media?parent=214870"}],"wp:term":[{"taxonomy":"category","embeddable":true,"href":"https:\/\/www.manaus.am.gov.br\/semsa\/wp-json\/wp\/v2\/categories?post=214870"},{"taxonomy":"post_tag","embeddable":true,"href":"https:\/\/www.manaus.am.gov.br\/semsa\/wp-json\/wp\/v2\/tags?post=214870"}],"curies":[{"name":"wp","href":"https:\/\/api.w.org\/{rel}","templated":true}]}}