{"id":214767,"date":"2024-03-19T17:15:13","date_gmt":"2024-03-19T21:15:13","guid":{"rendered":"https:\/\/www.manaus.am.gov.br\/semsa\/boas-praticas-sanitarias\/"},"modified":"2024-03-19T17:15:15","modified_gmt":"2024-03-19T21:15:15","slug":"boas-praticas-sanitarias","status":"publish","type":"post","link":"https:\/\/www.manaus.am.gov.br\/semsa\/boas-praticas-sanitarias\/","title":{"rendered":"Prefeitura de Manaus promove capacita\u00e7\u00e3o sobre seguran\u00e7a sanit\u00e1ria\u00a0"},"content":{"rendered":"\n<p>A Prefeitura de Manaus, por meio da Secretaria Municipal de Sa\u00fade (Semsa), promoveu, nesta ter\u00e7a-feira, 19\/3, uma capacita\u00e7\u00e3o sobre boas pr\u00e1ticas sanit\u00e1rias para os permission\u00e1rios que trabalham com com\u00e9rcio de peixes na Feira Coronel Jorge Teixeira, conhecida como Feira da Manaus Moderna, localizada no centro da cidade.<\/p>\n\n\n\n<p>A iniciativa da Diretoria de Vigil\u00e2ncia Sanit\u00e1ria (Visa Manaus), com o apoio da Secretaria Municipal de Agricultura, Abastecimento, Centro e Com\u00e9rcio Informal (Semacc), busca refor\u00e7ar a seguran\u00e7a sanit\u00e1ria do pescado vendido \u00e0 popula\u00e7\u00e3o no per\u00edodo da Semana Santa e da P\u00e1scoa, quando h\u00e1 maior demanda pelo alimento.<\/p>\n\n\n\n<p>Al\u00e9m dos feirantes da Manaus Moderna, os permission\u00e1rios do mercado municipal Adolpho Lisboa tamb\u00e9m participaram da capacita\u00e7\u00e3o, que aconteceu no audit\u00f3rio da pr\u00f3pria feira.<\/p>\n\n\n\n<p>\u201cA a\u00e7\u00e3o educativa de hoje \u00e9 parte de uma programa\u00e7\u00e3o denominada \u2018Semana Santa com Sa\u00fade\u2019, em que os fiscais da Ger\u00eancia de Vigil\u00e2ncia de Alimentos da Visa Manaus, a Gevali, relembram, junto aos feirantes, preceitos fundamentais sobre a conserva\u00e7\u00e3o e a manipula\u00e7\u00e3o adequada dos alimentos. Nesta ter\u00e7a, capacitamos os permission\u00e1rios da Manaus Moderna e do Mercado Adolpho Lisboa, e na quarta ser\u00e1 a vez da feira da Panair\u201d, explica o diretor da Visa Manaus, Ewerton Wanderley.<\/p>\n\n\n\n<p>Foram abordados aspectos como o asseio dos pontos de venda, a import\u00e2ncia da higieniza\u00e7\u00e3o constante das m\u00e3os por parte dos feirantes, cuidados para o manuseio e exposi\u00e7\u00e3o do pescado, condi\u00e7\u00f5es ideais de refrigera\u00e7\u00e3o, entre outros. A partir de registros colhidos em inspe\u00e7\u00f5es anteriores, os fiscais da Gevali puderam demonstrar v\u00e1rios exemplos de pr\u00e1ticas que devem ser estimuladas para sanar as irregularidades encontradas.<\/p>\n\n\n\n<p>\u201cNossa inten\u00e7\u00e3o foi demonstrar a import\u00e2ncia da higiene em todas as etapas do processo de comercializa\u00e7\u00e3o do pescado, que \u00e9 uma carne que requer procedimentos pr\u00f3prios de manipula\u00e7\u00e3o e conserva\u00e7\u00e3o, muito diferentes da carne bovina e de aves, por exemplo, al\u00e9m de exigir cuidado constante para evitar a contamina\u00e7\u00e3o. A import\u00e2ncia dessa iniciativa \u00e9 incentivar a continuidade das boas pr\u00e1ticas junto ao p\u00fablico feirante, e tamb\u00e9m ajudar a corrigir eventuais equ\u00edvocos, trazendo maior seguran\u00e7a sanit\u00e1ria e qualidade aos produtos\u201d, afirma o gerente de Vigil\u00e2ncia de Alimentos da Visa Manaus, Ricardo Celestino.<\/p>\n\n\n\n<p>Para o feirante Wanderson Dias da Silva, de 32 anos, o conhecimento adquirido na capacita\u00e7\u00e3o vai servir tamb\u00e9m fora da rotina de trabalho.<\/p>\n\n\n\n<p>\u201cFoi muito importante pra mim aprender todo esse conte\u00fado, que vai me ajudar n\u00e3o s\u00f3 no com\u00e9rcio, mas tamb\u00e9m em outras coisas do dia a dia. Precisamos dar mais aten\u00e7\u00e3o \u00e0 higiene no cuidado com os alimentos, \u00e9 de suma import\u00e2ncia\u201d, afirma.<\/p>\n\n\n\n<p>A popula\u00e7\u00e3o de Manaus pode denunciar irregularidades sanit\u00e1rias relativas a produtos e servi\u00e7os por meio da Ouvidoria da Visa Manaus, no n\u00famero (92) 98842-8481 ou pelo e-mail visamanaus.ouvidoria@gmail.com.<\/p>\n\n\n\n<p><strong>\u2014 \u2014 \u2014<\/strong><\/p>\n\n\n\n<p><strong>Texto &#8211; <\/strong>Renildo Rodrigues \/ Semsa<\/p>\n\n\n\n<p><strong>Fotos &#8211; <\/strong>Divulga\u00e7\u00e3o\/Semsa<\/p>\n","protected":false},"excerpt":{"rendered":"","protected":false},"author":68,"featured_media":214768,"comment_status":"closed","ping_status":"closed","sticky":false,"template":"","format":"standard","meta":{"footnotes":""},"categories":[172],"tags":[909,2315,28],"acf":[],"yoast_head":"<!-- This site is optimized with the Yoast SEO plugin v23.0 - https:\/\/yoast.com\/wordpress\/plugins\/seo\/ -->\n<title>Prefeitura promove capacita\u00e7\u00e3o sobre seguran\u00e7a sanit\u00e1ria\u00a0<\/title>\n<meta name=\"description\" content=\"A Prefeitura de Manaus, por meio da Secretaria Municipal de Sa\u00fade (Semsa), promoveu, uma capacita\u00e7\u00e3o sobre boas pr\u00e1ticas sanit\u00e1rias.\" \/>\n<meta name=\"robots\" content=\"index, follow, max-snippet:-1, max-image-preview:large, max-video-preview:-1\" \/>\n<link rel=\"canonical\" href=\"https:\/\/www.manaus.am.gov.br\/semsa\/boas-praticas-sanitarias\/\" \/>\n<meta property=\"og:locale\" content=\"pt_BR\" \/>\n<meta property=\"og:type\" content=\"article\" \/>\n<meta property=\"og:title\" content=\"Prefeitura promove capacita\u00e7\u00e3o sobre seguran\u00e7a sanit\u00e1ria\u00a0\" \/>\n<meta property=\"og:description\" content=\"A Prefeitura de Manaus, por meio da Secretaria Municipal de Sa\u00fade (Semsa), promoveu, uma capacita\u00e7\u00e3o sobre boas pr\u00e1ticas sanit\u00e1rias.\" \/>\n<meta property=\"og:url\" content=\"https:\/\/www.manaus.am.gov.br\/semsa\/boas-praticas-sanitarias\/\" \/>\n<meta property=\"og:site_name\" content=\"SEMSA\" \/>\n<meta property=\"article:published_time\" content=\"2024-03-19T21:15:13+00:00\" \/>\n<meta property=\"article:modified_time\" content=\"2024-03-19T21:15:15+00:00\" \/>\n<meta property=\"og:image\" content=\"https:\/\/www.manaus.am.gov.br\/semsa\/wp-content\/uploads\/sites\/8\/2024\/03\/VIGILANCIA.jpg\" \/>\n\t<meta property=\"og:image:width\" content=\"800\" \/>\n\t<meta property=\"og:image:height\" content=\"600\" \/>\n\t<meta property=\"og:image:type\" content=\"image\/jpeg\" \/>\n<meta name=\"author\" content=\"bvalente\" \/>\n<meta name=\"twitter:card\" content=\"summary_large_image\" \/>\n<meta name=\"twitter:label1\" content=\"Written by\" \/>\n\t<meta name=\"twitter:data1\" content=\"bvalente\" \/>\n\t<meta name=\"twitter:label2\" content=\"Est. reading time\" \/>\n\t<meta name=\"twitter:data2\" content=\"3 minutos\" \/>\n<script type=\"application\/ld+json\" class=\"yoast-schema-graph\">{\"@context\":\"https:\/\/schema.org\",\"@graph\":[{\"@type\":\"WebPage\",\"@id\":\"https:\/\/www.manaus.am.gov.br\/semsa\/boas-praticas-sanitarias\/\",\"url\":\"https:\/\/www.manaus.am.gov.br\/semsa\/boas-praticas-sanitarias\/\",\"name\":\"Prefeitura promove capacita\u00e7\u00e3o sobre seguran\u00e7a sanit\u00e1ria\u00a0\",\"isPartOf\":{\"@id\":\"https:\/\/www.manaus.am.gov.br\/semsa\/#website\"},\"primaryImageOfPage\":{\"@id\":\"https:\/\/www.manaus.am.gov.br\/semsa\/boas-praticas-sanitarias\/#primaryimage\"},\"image\":{\"@id\":\"https:\/\/www.manaus.am.gov.br\/semsa\/boas-praticas-sanitarias\/#primaryimage\"},\"thumbnailUrl\":\"https:\/\/www.manaus.am.gov.br\/semsa\/wp-content\/uploads\/sites\/8\/2024\/03\/VIGILANCIA.jpg\",\"datePublished\":\"2024-03-19T21:15:13+00:00\",\"dateModified\":\"2024-03-19T21:15:15+00:00\",\"author\":{\"@id\":\"https:\/\/www.manaus.am.gov.br\/semsa\/#\/schema\/person\/466a0e03ae4b6062809046bd560ac955\"},\"description\":\"A Prefeitura de Manaus, por meio da Secretaria Municipal de Sa\u00fade (Semsa), promoveu, uma capacita\u00e7\u00e3o sobre boas pr\u00e1ticas sanit\u00e1rias.\",\"inLanguage\":\"pt-BR\",\"potentialAction\":[{\"@type\":\"ReadAction\",\"target\":[\"https:\/\/www.manaus.am.gov.br\/semsa\/boas-praticas-sanitarias\/\"]}]},{\"@type\":\"ImageObject\",\"inLanguage\":\"pt-BR\",\"@id\":\"https:\/\/www.manaus.am.gov.br\/semsa\/boas-praticas-sanitarias\/#primaryimage\",\"url\":\"https:\/\/www.manaus.am.gov.br\/semsa\/wp-content\/uploads\/sites\/8\/2024\/03\/VIGILANCIA.jpg\",\"contentUrl\":\"https:\/\/www.manaus.am.gov.br\/semsa\/wp-content\/uploads\/sites\/8\/2024\/03\/VIGILANCIA.jpg\",\"width\":800,\"height\":600},{\"@type\":\"WebSite\",\"@id\":\"https:\/\/www.manaus.am.gov.br\/semsa\/#website\",\"url\":\"https:\/\/www.manaus.am.gov.br\/semsa\/\",\"name\":\"SEMSA\",\"description\":\"Secretaria Municipal de Sa\u00fade\",\"alternateName\":\"Secretaria Municipal de Sa\u00fade\",\"potentialAction\":[{\"@type\":\"SearchAction\",\"target\":{\"@type\":\"EntryPoint\",\"urlTemplate\":\"https:\/\/www.manaus.am.gov.br\/semsa\/?s={search_term_string}\"},\"query-input\":\"required name=search_term_string\"}],\"inLanguage\":\"pt-BR\"},{\"@type\":\"Person\",\"@id\":\"https:\/\/www.manaus.am.gov.br\/semsa\/#\/schema\/person\/466a0e03ae4b6062809046bd560ac955\",\"name\":\"bvalente\",\"image\":{\"@type\":\"ImageObject\",\"inLanguage\":\"pt-BR\",\"@id\":\"https:\/\/www.manaus.am.gov.br\/semsa\/#\/schema\/person\/image\/\",\"url\":\"https:\/\/secure.gravatar.com\/avatar\/3e69bc2b014bdad41adfec3a39de07d2?s=96&d=mm&r=g\",\"contentUrl\":\"https:\/\/secure.gravatar.com\/avatar\/3e69bc2b014bdad41adfec3a39de07d2?s=96&d=mm&r=g\",\"caption\":\"bvalente\"}}]}<\/script>\n<!-- \/ Yoast SEO plugin. -->","yoast_head_json":{"title":"Prefeitura promove capacita\u00e7\u00e3o sobre seguran\u00e7a sanit\u00e1ria\u00a0","description":"A Prefeitura de Manaus, por meio da Secretaria Municipal de Sa\u00fade (Semsa), promoveu, uma capacita\u00e7\u00e3o sobre boas pr\u00e1ticas sanit\u00e1rias.","robots":{"index":"index","follow":"follow","max-snippet":"max-snippet:-1","max-image-preview":"max-image-preview:large","max-video-preview":"max-video-preview:-1"},"canonical":"https:\/\/www.manaus.am.gov.br\/semsa\/boas-praticas-sanitarias\/","og_locale":"pt_BR","og_type":"article","og_title":"Prefeitura promove capacita\u00e7\u00e3o sobre seguran\u00e7a sanit\u00e1ria\u00a0","og_description":"A Prefeitura de Manaus, por meio da Secretaria Municipal de Sa\u00fade (Semsa), promoveu, uma capacita\u00e7\u00e3o sobre boas pr\u00e1ticas sanit\u00e1rias.","og_url":"https:\/\/www.manaus.am.gov.br\/semsa\/boas-praticas-sanitarias\/","og_site_name":"SEMSA","article_published_time":"2024-03-19T21:15:13+00:00","article_modified_time":"2024-03-19T21:15:15+00:00","og_image":[{"width":800,"height":600,"url":"https:\/\/www.manaus.am.gov.br\/semsa\/wp-content\/uploads\/sites\/8\/2024\/03\/VIGILANCIA.jpg","type":"image\/jpeg"}],"author":"bvalente","twitter_card":"summary_large_image","twitter_misc":{"Written by":"bvalente","Est. reading time":"3 minutos"},"schema":{"@context":"https:\/\/schema.org","@graph":[{"@type":"WebPage","@id":"https:\/\/www.manaus.am.gov.br\/semsa\/boas-praticas-sanitarias\/","url":"https:\/\/www.manaus.am.gov.br\/semsa\/boas-praticas-sanitarias\/","name":"Prefeitura promove capacita\u00e7\u00e3o sobre seguran\u00e7a sanit\u00e1ria\u00a0","isPartOf":{"@id":"https:\/\/www.manaus.am.gov.br\/semsa\/#website"},"primaryImageOfPage":{"@id":"https:\/\/www.manaus.am.gov.br\/semsa\/boas-praticas-sanitarias\/#primaryimage"},"image":{"@id":"https:\/\/www.manaus.am.gov.br\/semsa\/boas-praticas-sanitarias\/#primaryimage"},"thumbnailUrl":"https:\/\/www.manaus.am.gov.br\/semsa\/wp-content\/uploads\/sites\/8\/2024\/03\/VIGILANCIA.jpg","datePublished":"2024-03-19T21:15:13+00:00","dateModified":"2024-03-19T21:15:15+00:00","author":{"@id":"https:\/\/www.manaus.am.gov.br\/semsa\/#\/schema\/person\/466a0e03ae4b6062809046bd560ac955"},"description":"A Prefeitura de Manaus, por meio da Secretaria Municipal de Sa\u00fade (Semsa), promoveu, uma capacita\u00e7\u00e3o sobre boas pr\u00e1ticas sanit\u00e1rias.","inLanguage":"pt-BR","potentialAction":[{"@type":"ReadAction","target":["https:\/\/www.manaus.am.gov.br\/semsa\/boas-praticas-sanitarias\/"]}]},{"@type":"ImageObject","inLanguage":"pt-BR","@id":"https:\/\/www.manaus.am.gov.br\/semsa\/boas-praticas-sanitarias\/#primaryimage","url":"https:\/\/www.manaus.am.gov.br\/semsa\/wp-content\/uploads\/sites\/8\/2024\/03\/VIGILANCIA.jpg","contentUrl":"https:\/\/www.manaus.am.gov.br\/semsa\/wp-content\/uploads\/sites\/8\/2024\/03\/VIGILANCIA.jpg","width":800,"height":600},{"@type":"WebSite","@id":"https:\/\/www.manaus.am.gov.br\/semsa\/#website","url":"https:\/\/www.manaus.am.gov.br\/semsa\/","name":"SEMSA","description":"Secretaria Municipal de Sa\u00fade","alternateName":"Secretaria Municipal de Sa\u00fade","potentialAction":[{"@type":"SearchAction","target":{"@type":"EntryPoint","urlTemplate":"https:\/\/www.manaus.am.gov.br\/semsa\/?s={search_term_string}"},"query-input":"required name=search_term_string"}],"inLanguage":"pt-BR"},{"@type":"Person","@id":"https:\/\/www.manaus.am.gov.br\/semsa\/#\/schema\/person\/466a0e03ae4b6062809046bd560ac955","name":"bvalente","image":{"@type":"ImageObject","inLanguage":"pt-BR","@id":"https:\/\/www.manaus.am.gov.br\/semsa\/#\/schema\/person\/image\/","url":"https:\/\/secure.gravatar.com\/avatar\/3e69bc2b014bdad41adfec3a39de07d2?s=96&d=mm&r=g","contentUrl":"https:\/\/secure.gravatar.com\/avatar\/3e69bc2b014bdad41adfec3a39de07d2?s=96&d=mm&r=g","caption":"bvalente"}}]}},"_links":{"self":[{"href":"https:\/\/www.manaus.am.gov.br\/semsa\/wp-json\/wp\/v2\/posts\/214767"}],"collection":[{"href":"https:\/\/www.manaus.am.gov.br\/semsa\/wp-json\/wp\/v2\/posts"}],"about":[{"href":"https:\/\/www.manaus.am.gov.br\/semsa\/wp-json\/wp\/v2\/types\/post"}],"author":[{"embeddable":true,"href":"https:\/\/www.manaus.am.gov.br\/semsa\/wp-json\/wp\/v2\/users\/68"}],"replies":[{"embeddable":true,"href":"https:\/\/www.manaus.am.gov.br\/semsa\/wp-json\/wp\/v2\/comments?post=214767"}],"version-history":[{"count":0,"href":"https:\/\/www.manaus.am.gov.br\/semsa\/wp-json\/wp\/v2\/posts\/214767\/revisions"}],"wp:featuredmedia":[{"embeddable":true,"href":"https:\/\/www.manaus.am.gov.br\/semsa\/wp-json\/wp\/v2\/media\/214768"}],"wp:attachment":[{"href":"https:\/\/www.manaus.am.gov.br\/semsa\/wp-json\/wp\/v2\/media?parent=214767"}],"wp:term":[{"taxonomy":"category","embeddable":true,"href":"https:\/\/www.manaus.am.gov.br\/semsa\/wp-json\/wp\/v2\/categories?post=214767"},{"taxonomy":"post_tag","embeddable":true,"href":"https:\/\/www.manaus.am.gov.br\/semsa\/wp-json\/wp\/v2\/tags?post=214767"}],"curies":[{"name":"wp","href":"https:\/\/api.w.org\/{rel}","templated":true}]}}