{"id":214676,"date":"2024-03-13T10:11:31","date_gmt":"2024-03-13T14:11:31","guid":{"rendered":"https:\/\/www.manaus.am.gov.br\/semsa\/semsa-seleciona-bolsistas\/"},"modified":"2024-03-13T10:11:32","modified_gmt":"2024-03-13T14:11:32","slug":"semsa-seleciona-bolsistas","status":"publish","type":"post","link":"https:\/\/www.manaus.am.gov.br\/semsa\/semsa-seleciona-bolsistas\/","title":{"rendered":"Prefeitura de Manaus seleciona bolsistas para programa de inicia\u00e7\u00e3o cient\u00edfica da Escola de Sa\u00fade P\u00fablica"},"content":{"rendered":"\n<p>A Prefeitura de Manaus seleciona bolsistas para atua\u00e7\u00e3o no Programa de Apoio \u00e0 Inicia\u00e7\u00e3o Cient\u00edfica (Paic) da Escola de Sa\u00fade P\u00fablica (Esap), da Secretaria Municipal de Sa\u00fade (Semsa), edi\u00e7\u00e3o 2024-2025. As inscri\u00e7\u00f5es podem ser feitas de quinta-feira, 14\/3, at\u00e9 8 de abril de 2024, de forma on-line, sendo ofertadas cinco bolsas para alunos de cursos de gradua\u00e7\u00e3o, para o desenvolvimento de projetos cient\u00edficos inseridos nas linhas de pesquisa da Esap\/Semsa, sob a orienta\u00e7\u00e3o de servidores da pasta municipal de sa\u00fade.<\/p>\n\n\n\n<p>O edital de sele\u00e7\u00e3o do Paic Esap\/Semsa \u2013 Edi\u00e7\u00e3o 2024-2025 consta no Di\u00e1rio Oficial do Munic\u00edpio (DOM), edi\u00e7\u00e3o n\u00ba 5.782, de segunda-feira, 11\/3, e pode ser consultado no site&nbsp;<a href=\"https:\/\/semsa.manaus.am.gov.br\/\" target=\"_blank\" rel=\"noreferrer noopener\">semsa.manaus.am.gov.br<\/a>, na aba \u201cEscola de Sa\u00fade P\u00fablica\u201d, item \u201cSele\u00e7\u00f5es P\u00fablicas\u201d. O programa, coordenado pela Esap Manaus, conta com o apoio da Funda\u00e7\u00e3o de Amparo \u00e0 Pesquisa do Estado do Amazonas (Fapeam) no financiamento de bolsas para o desenvolvimento de pesquisas cient\u00edficas em cen\u00e1rios de pr\u00e1ticas da Semsa.<\/p>\n\n\n\n<p>A coordenadora do Paic Esap\/Semsa, Priscilla Naiff, aponta que o programa tem como objetivo despertar e incentivar a voca\u00e7\u00e3o cient\u00edfica entre estudantes de gradua\u00e7\u00e3o, de institui\u00e7\u00f5es p\u00fablicas e privadas da cidade de Manaus, e estimular a participa\u00e7\u00e3o de profissionais de sa\u00fade e de discentes em pesquisas e em eventos cient\u00edficos.<\/p>\n\n\n\n<p>\u201cO programa oferece aos bolsistas a oportunidade de desenvolver pesquisas cient\u00edficas nos cen\u00e1rios de pr\u00e1tica da Semsa, com a orienta\u00e7\u00e3o de servidores mestres ou doutores. Essa ser\u00e1 a terceira edi\u00e7\u00e3o do Paic, que ter\u00e1 a dura\u00e7\u00e3o de 12 meses\u201d, informa.<\/p>\n\n\n\n<p>Conforme Priscilla, a segunda edi\u00e7\u00e3o do Paic Esap\/Semsa se encerra em julho deste ano, tendo cinco projetos da \u00e1rea de Ci\u00eancias da Sa\u00fade em andamento, com \u00eanfase na sa\u00fade da mulher, sa\u00fade ind\u00edgena e associa\u00e7\u00e3o da tuberculose ao HIV. Na primeira edi\u00e7\u00e3o, recorda a coordenadora, os trabalhos selecionados inclu\u00edram temas como o tratamento do bruxismo na Aten\u00e7\u00e3o Prim\u00e1ria \u00e0 Sa\u00fade e a autopercep\u00e7\u00e3o da sa\u00fade bucal entre idosos, al\u00e9m do impacto da Covid-19 na tuberculose pulmonar.<\/p>\n\n\n\n<p>\u201cA implanta\u00e7\u00e3o do Paic na Semsa conflui com a necessidade de consolida\u00e7\u00e3o das atividades de pesquisa na pr\u00f3pria secretaria, subsidiando a cria\u00e7\u00e3o e o fortalecimento de grupos de pesquisa e estudos como possibilidade de qualifica\u00e7\u00e3o da gest\u00e3o, tomada de decis\u00f5es, bem como da operacionaliza\u00e7\u00e3o das a\u00e7\u00f5es de interesse do Sistema \u00danico de Sa\u00fade (SUS)\u201d, afirma.<\/p>\n\n\n\n<p><strong>Requisitos e inscri\u00e7\u00f5es<\/strong><\/p>\n\n\n\n<p>Para concorrer a uma bolsa no Paic Esap\/Semsa, os alunos de gradua\u00e7\u00e3o devem estar regularmente matriculados em institui\u00e7\u00f5es de ensino superior do Estado do Amazonas, credenciadas pelo Minist\u00e9rio da Educa\u00e7\u00e3o, e vinculados a um projeto de pesquisa sob a orienta\u00e7\u00e3o de um servidor estatut\u00e1rio da Semsa, com o t\u00edtulo de mestre e\/ou doutor.<\/p>\n\n\n\n<p>Os alunos devem, ainda, ser brasileiros, ou estrangeiros com visto de aluno ou permanente, residentes no Amazonas e quites com a Justi\u00e7a Eleitoral, e ter cadastro atualizado no sistema de Curr\u00edculo Lattes do Conselho Nacional de Desenvolvimento Cient\u00edfico e Tecnol\u00f3gico (CNPq) e no Banco de Pesquisadores da Fapeam (SigFapeam), entre outros requisitos. Para orientadores, os requisitos incluem, entre outros, experi\u00eancia compat\u00edvel com a fun\u00e7\u00e3o de orientador e formador de recursos humanos qualificados, expressa em curr\u00edculo Lattes na base do CNPq.<\/p>\n\n\n\n<p>Podem ser submetidos para sele\u00e7\u00e3o projetos nas linhas de pesquisa: Aten\u00e7\u00e3o Prim\u00e1ria \u00e0 Sa\u00fade; Aten\u00e7\u00e3o Psicossocial; Educa\u00e7\u00e3o, Promo\u00e7\u00e3o e Comunica\u00e7\u00e3o na Sa\u00fade; Pol\u00edticas P\u00fablicas na Amaz\u00f4nia; Sa\u00fade Bucal e Vigil\u00e2ncia em Sa\u00fade. Al\u00e9m de m\u00e9rito t\u00e9cnico-cient\u00edfico e \u00e9tico, a pesquisa deve ter viabilidade para execu\u00e7\u00e3o nos cen\u00e1rios de pr\u00e1ticas da Semsa, no prazo de at\u00e9 12 meses.<\/p>\n\n\n\n<p>As inscri\u00e7\u00f5es podem ser realizadas a partir desta quinta-feira, 14\/3, at\u00e9 o pr\u00f3ximo dia 8 de abril, de forma on-line. A documenta\u00e7\u00e3o do aluno de gradua\u00e7\u00e3o e do orientador deve ser encaminhada pelo orientador do aluno candidato, para o endere\u00e7o eletr\u00f4nico&nbsp;<a href=\"mailto:paicsemsa.esap@gmail.com\" target=\"_blank\" rel=\"noreferrer noopener\">paicsemsa.esap@gmail.com<\/a>, com a indica\u00e7\u00e3o \u201cINSCRI\u00c7\u00c3O PAIC 24\/25\u201d no campo Assunto.<\/p>\n\n\n\n<p>Tanto para o orientador quanto para o aluno, os documentos devem ser juntados em um \u00fanico arquivo em formato PDF, com tamanho at\u00e9 8Mb. A lista de documentos exigidos e a forma de apresenta\u00e7\u00e3o e envio podem ser conferidas no edital.<\/p>\n\n\n\n<p>O projeto deve ser enviado para o mesmo endere\u00e7o eletr\u00f4nico citado, em formato PDF e Word, com no m\u00e1ximo 1Mb, sem identifica\u00e7\u00e3o do aluno ou do orientador, ou quaisquer outras informa\u00e7\u00f5es que possam identificar a equipe de pesquisa.<\/p>\n\n\n\n<p><strong>Bolsas e etapas de sele\u00e7\u00e3o<\/strong><\/p>\n\n\n\n<p>Ser\u00e3o oferecidas aos alunos de gradua\u00e7\u00e3o selecionados cinco bolsas, com vig\u00eancia de at\u00e9 12 meses, financiadas exclusivamente com recursos da Fapeam e de valor estabelecido conforme as normas desse \u00f3rg\u00e3o de fomento. N\u00e3o s\u00e3o disponibilizadas bolsas aos servidores orientadores selecionados.<\/p>\n\n\n\n<p>As inscri\u00e7\u00f5es homologadas passar\u00e3o por an\u00e1lise de viabilidade pelo Comit\u00ea Cient\u00edfico, no per\u00edodo de 12 a 29 de abril, sendo aquelas consideradas vi\u00e1veis avaliadas pelo Comit\u00ea Institucional da Semsa, de 1\u00ba a 17 de maio.<\/p>\n\n\n\n<p>O resultado preliminar da sele\u00e7\u00e3o ser\u00e1 divulgado no dia 20 do mesmo m\u00eas, com interposi\u00e7\u00e3o de recursos at\u00e9 o dia 22 seguinte. O resultado final, juntamente com o resultado dos recursos, ser\u00e1 anunciado em 27 de maio.<\/p>\n\n\n\n<p>Os resultados referentes a cada etapa do edital ser\u00e3o divulgados no site&nbsp;<a href=\"https:\/\/semsa.manaus.am.gov.br\/pesquisa-e-extensao\/paic\/\" target=\"_blank\" rel=\"noreferrer noopener\">semsa.manaus.am.gov.br\/pesquisa-e-extensao\/paic\/<\/a>.<\/p>\n\n\n\n<p>Para informa\u00e7\u00f5es adicionais ou esclarecimento de d\u00favidas, os interessados podem entrar em contato com a Coordena\u00e7\u00e3o do Paic Esap\/Semsa pelo endere\u00e7o eletr\u00f4nico&nbsp;<a href=\"mailto:paicsemsa.esap@gmail.com\" target=\"_blank\" rel=\"noreferrer noopener\">paicsemsa.esap@gmail.com<\/a>, indicando no campo Assunto \u201cD\u00daVIDAS PAIC 24\/25\u201d.<\/p>\n\n\n\n<p>&#8212; &#8212; &#8212;<\/p>\n\n\n\n<p><strong>Texto &#8211;&nbsp;<\/strong>Jony Clay Borges \/ Semsa<\/p>\n\n\n\n<p><strong>Fotos &#8211;<\/strong>&nbsp;Divulga\u00e7\u00e3o \/ Semsa<\/p>\n","protected":false},"excerpt":{"rendered":"","protected":false},"author":23,"featured_media":214677,"comment_status":"closed","ping_status":"closed","sticky":false,"template":"","format":"standard","meta":{"footnotes":""},"categories":[2297],"tags":[2298,2299,525,2300,1383,54,28],"acf":[],"yoast_head":"<!-- This site is optimized with the Yoast SEO plugin v23.0 - https:\/\/yoast.com\/wordpress\/plugins\/seo\/ -->\n<title>Prefeitura de Manaus seleciona bolsistas para programa de inicia\u00e7\u00e3o cient\u00edfica da Escola de Sa\u00fade P\u00fablica<\/title>\n<meta name=\"description\" content=\"A Prefeitura de Manaus seleciona bolsistas para atua\u00e7\u00e3o no Programa de Apoio \u00e0 Inicia\u00e7\u00e3o Cient\u00edfica (Paic) da Escola de Sa\u00fade P\u00fablica (Esap), da Secretaria Municipal de Sa\u00fade (Semsa), edi\u00e7\u00e3o 2024-2025. As inscri\u00e7\u00f5es podem ser feitas de quinta-feira, 14\/3, at\u00e9 8 de abril de 2024, de forma on-line, sendo ofertadas cinco bolsas para alunos de cursos de gradua\u00e7\u00e3o, para o desenvolvimento de projetos cient\u00edficos inseridos nas linhas de pesquisa da Esap\/Semsa, sob a orienta\u00e7\u00e3o de servidores da pasta municipal de sa\u00fade.\" \/>\n<meta name=\"robots\" content=\"index, follow, max-snippet:-1, max-image-preview:large, max-video-preview:-1\" \/>\n<link rel=\"canonical\" href=\"https:\/\/www.manaus.am.gov.br\/semsa\/semsa-seleciona-bolsistas\/\" \/>\n<meta property=\"og:locale\" content=\"pt_BR\" \/>\n<meta property=\"og:type\" content=\"article\" \/>\n<meta property=\"og:title\" content=\"Prefeitura de Manaus seleciona bolsistas para programa de inicia\u00e7\u00e3o cient\u00edfica da Escola de Sa\u00fade P\u00fablica\" \/>\n<meta property=\"og:description\" content=\"A Prefeitura de Manaus seleciona bolsistas para atua\u00e7\u00e3o no Programa de Apoio \u00e0 Inicia\u00e7\u00e3o Cient\u00edfica (Paic) da Escola de Sa\u00fade P\u00fablica (Esap), da Secretaria Municipal de Sa\u00fade (Semsa), edi\u00e7\u00e3o 2024-2025. As inscri\u00e7\u00f5es podem ser feitas de quinta-feira, 14\/3, at\u00e9 8 de abril de 2024, de forma on-line, sendo ofertadas cinco bolsas para alunos de cursos de gradua\u00e7\u00e3o, para o desenvolvimento de projetos cient\u00edficos inseridos nas linhas de pesquisa da Esap\/Semsa, sob a orienta\u00e7\u00e3o de servidores da pasta municipal de sa\u00fade.\" \/>\n<meta property=\"og:url\" content=\"https:\/\/www.manaus.am.gov.br\/semsa\/semsa-seleciona-bolsistas\/\" \/>\n<meta property=\"og:site_name\" content=\"SEMSA\" \/>\n<meta property=\"article:published_time\" content=\"2024-03-13T14:11:31+00:00\" \/>\n<meta property=\"article:modified_time\" content=\"2024-03-13T14:11:32+00:00\" \/>\n<meta property=\"og:image\" content=\"https:\/\/www.manaus.am.gov.br\/semsa\/wp-content\/uploads\/sites\/8\/2024\/03\/Marco-13_Selecao-Paic-Esap-Semsa-2.jpg\" \/>\n\t<meta property=\"og:image:width\" content=\"593\" \/>\n\t<meta property=\"og:image:height\" content=\"445\" \/>\n\t<meta property=\"og:image:type\" content=\"image\/jpeg\" \/>\n<meta name=\"author\" content=\"Adriana Costa\" \/>\n<meta name=\"twitter:card\" content=\"summary_large_image\" \/>\n<meta name=\"twitter:label1\" content=\"Written by\" \/>\n\t<meta name=\"twitter:data1\" content=\"Adriana Costa\" \/>\n\t<meta name=\"twitter:label2\" content=\"Est. reading time\" \/>\n\t<meta name=\"twitter:data2\" content=\"5 minutos\" \/>\n<script type=\"application\/ld+json\" class=\"yoast-schema-graph\">{\"@context\":\"https:\/\/schema.org\",\"@graph\":[{\"@type\":\"WebPage\",\"@id\":\"https:\/\/www.manaus.am.gov.br\/semsa\/semsa-seleciona-bolsistas\/\",\"url\":\"https:\/\/www.manaus.am.gov.br\/semsa\/semsa-seleciona-bolsistas\/\",\"name\":\"Prefeitura de Manaus seleciona bolsistas para programa de inicia\u00e7\u00e3o cient\u00edfica da Escola de Sa\u00fade P\u00fablica\",\"isPartOf\":{\"@id\":\"https:\/\/www.manaus.am.gov.br\/semsa\/#website\"},\"primaryImageOfPage\":{\"@id\":\"https:\/\/www.manaus.am.gov.br\/semsa\/semsa-seleciona-bolsistas\/#primaryimage\"},\"image\":{\"@id\":\"https:\/\/www.manaus.am.gov.br\/semsa\/semsa-seleciona-bolsistas\/#primaryimage\"},\"thumbnailUrl\":\"https:\/\/www.manaus.am.gov.br\/semsa\/wp-content\/uploads\/sites\/8\/2024\/03\/Marco-13_Selecao-Paic-Esap-Semsa-2.jpg\",\"datePublished\":\"2024-03-13T14:11:31+00:00\",\"dateModified\":\"2024-03-13T14:11:32+00:00\",\"author\":{\"@id\":\"https:\/\/www.manaus.am.gov.br\/semsa\/#\/schema\/person\/4e49f4e267757a06ca072ec61b2b9968\"},\"description\":\"A Prefeitura de Manaus seleciona bolsistas para atua\u00e7\u00e3o no Programa de Apoio \u00e0 Inicia\u00e7\u00e3o Cient\u00edfica (Paic) da Escola de Sa\u00fade P\u00fablica (Esap), da Secretaria Municipal de Sa\u00fade (Semsa), edi\u00e7\u00e3o 2024-2025. As inscri\u00e7\u00f5es podem ser feitas de quinta-feira, 14\/3, at\u00e9 8 de abril de 2024, de forma on-line, sendo ofertadas cinco bolsas para alunos de cursos de gradua\u00e7\u00e3o, para o desenvolvimento de projetos cient\u00edficos inseridos nas linhas de pesquisa da Esap\/Semsa, sob a orienta\u00e7\u00e3o de servidores da pasta municipal de sa\u00fade.\",\"inLanguage\":\"pt-BR\",\"potentialAction\":[{\"@type\":\"ReadAction\",\"target\":[\"https:\/\/www.manaus.am.gov.br\/semsa\/semsa-seleciona-bolsistas\/\"]}]},{\"@type\":\"ImageObject\",\"inLanguage\":\"pt-BR\",\"@id\":\"https:\/\/www.manaus.am.gov.br\/semsa\/semsa-seleciona-bolsistas\/#primaryimage\",\"url\":\"https:\/\/www.manaus.am.gov.br\/semsa\/wp-content\/uploads\/sites\/8\/2024\/03\/Marco-13_Selecao-Paic-Esap-Semsa-2.jpg\",\"contentUrl\":\"https:\/\/www.manaus.am.gov.br\/semsa\/wp-content\/uploads\/sites\/8\/2024\/03\/Marco-13_Selecao-Paic-Esap-Semsa-2.jpg\",\"width\":593,\"height\":445},{\"@type\":\"WebSite\",\"@id\":\"https:\/\/www.manaus.am.gov.br\/semsa\/#website\",\"url\":\"https:\/\/www.manaus.am.gov.br\/semsa\/\",\"name\":\"SEMSA\",\"description\":\"Secretaria Municipal de Sa\u00fade\",\"alternateName\":\"Secretaria Municipal de Sa\u00fade\",\"potentialAction\":[{\"@type\":\"SearchAction\",\"target\":{\"@type\":\"EntryPoint\",\"urlTemplate\":\"https:\/\/www.manaus.am.gov.br\/semsa\/?s={search_term_string}\"},\"query-input\":\"required name=search_term_string\"}],\"inLanguage\":\"pt-BR\"},{\"@type\":\"Person\",\"@id\":\"https:\/\/www.manaus.am.gov.br\/semsa\/#\/schema\/person\/4e49f4e267757a06ca072ec61b2b9968\",\"name\":\"Adriana Costa\",\"image\":{\"@type\":\"ImageObject\",\"inLanguage\":\"pt-BR\",\"@id\":\"https:\/\/www.manaus.am.gov.br\/semsa\/#\/schema\/person\/image\/\",\"url\":\"https:\/\/secure.gravatar.com\/avatar\/576258617ef7194f718179e766d57bd4?s=96&d=mm&r=g\",\"contentUrl\":\"https:\/\/secure.gravatar.com\/avatar\/576258617ef7194f718179e766d57bd4?s=96&d=mm&r=g\",\"caption\":\"Adriana Costa\"}}]}<\/script>\n<!-- \/ Yoast SEO plugin. -->","yoast_head_json":{"title":"Prefeitura de Manaus seleciona bolsistas para programa de inicia\u00e7\u00e3o cient\u00edfica da Escola de Sa\u00fade P\u00fablica","description":"A Prefeitura de Manaus seleciona bolsistas para atua\u00e7\u00e3o no Programa de Apoio \u00e0 Inicia\u00e7\u00e3o Cient\u00edfica (Paic) da Escola de Sa\u00fade P\u00fablica (Esap), da Secretaria Municipal de Sa\u00fade (Semsa), edi\u00e7\u00e3o 2024-2025. As inscri\u00e7\u00f5es podem ser feitas de quinta-feira, 14\/3, at\u00e9 8 de abril de 2024, de forma on-line, sendo ofertadas cinco bolsas para alunos de cursos de gradua\u00e7\u00e3o, para o desenvolvimento de projetos cient\u00edficos inseridos nas linhas de pesquisa da Esap\/Semsa, sob a orienta\u00e7\u00e3o de servidores da pasta municipal de sa\u00fade.","robots":{"index":"index","follow":"follow","max-snippet":"max-snippet:-1","max-image-preview":"max-image-preview:large","max-video-preview":"max-video-preview:-1"},"canonical":"https:\/\/www.manaus.am.gov.br\/semsa\/semsa-seleciona-bolsistas\/","og_locale":"pt_BR","og_type":"article","og_title":"Prefeitura de Manaus seleciona bolsistas para programa de inicia\u00e7\u00e3o cient\u00edfica da Escola de Sa\u00fade P\u00fablica","og_description":"A Prefeitura de Manaus seleciona bolsistas para atua\u00e7\u00e3o no Programa de Apoio \u00e0 Inicia\u00e7\u00e3o Cient\u00edfica (Paic) da Escola de Sa\u00fade P\u00fablica (Esap), da Secretaria Municipal de Sa\u00fade (Semsa), edi\u00e7\u00e3o 2024-2025. As inscri\u00e7\u00f5es podem ser feitas de quinta-feira, 14\/3, at\u00e9 8 de abril de 2024, de forma on-line, sendo ofertadas cinco bolsas para alunos de cursos de gradua\u00e7\u00e3o, para o desenvolvimento de projetos cient\u00edficos inseridos nas linhas de pesquisa da Esap\/Semsa, sob a orienta\u00e7\u00e3o de servidores da pasta municipal de sa\u00fade.","og_url":"https:\/\/www.manaus.am.gov.br\/semsa\/semsa-seleciona-bolsistas\/","og_site_name":"SEMSA","article_published_time":"2024-03-13T14:11:31+00:00","article_modified_time":"2024-03-13T14:11:32+00:00","og_image":[{"width":593,"height":445,"url":"https:\/\/www.manaus.am.gov.br\/semsa\/wp-content\/uploads\/sites\/8\/2024\/03\/Marco-13_Selecao-Paic-Esap-Semsa-2.jpg","type":"image\/jpeg"}],"author":"Adriana Costa","twitter_card":"summary_large_image","twitter_misc":{"Written by":"Adriana Costa","Est. reading time":"5 minutos"},"schema":{"@context":"https:\/\/schema.org","@graph":[{"@type":"WebPage","@id":"https:\/\/www.manaus.am.gov.br\/semsa\/semsa-seleciona-bolsistas\/","url":"https:\/\/www.manaus.am.gov.br\/semsa\/semsa-seleciona-bolsistas\/","name":"Prefeitura de Manaus seleciona bolsistas para programa de inicia\u00e7\u00e3o cient\u00edfica da Escola de Sa\u00fade P\u00fablica","isPartOf":{"@id":"https:\/\/www.manaus.am.gov.br\/semsa\/#website"},"primaryImageOfPage":{"@id":"https:\/\/www.manaus.am.gov.br\/semsa\/semsa-seleciona-bolsistas\/#primaryimage"},"image":{"@id":"https:\/\/www.manaus.am.gov.br\/semsa\/semsa-seleciona-bolsistas\/#primaryimage"},"thumbnailUrl":"https:\/\/www.manaus.am.gov.br\/semsa\/wp-content\/uploads\/sites\/8\/2024\/03\/Marco-13_Selecao-Paic-Esap-Semsa-2.jpg","datePublished":"2024-03-13T14:11:31+00:00","dateModified":"2024-03-13T14:11:32+00:00","author":{"@id":"https:\/\/www.manaus.am.gov.br\/semsa\/#\/schema\/person\/4e49f4e267757a06ca072ec61b2b9968"},"description":"A Prefeitura de Manaus seleciona bolsistas para atua\u00e7\u00e3o no Programa de Apoio \u00e0 Inicia\u00e7\u00e3o Cient\u00edfica (Paic) da Escola de Sa\u00fade P\u00fablica (Esap), da Secretaria Municipal de Sa\u00fade (Semsa), edi\u00e7\u00e3o 2024-2025. As inscri\u00e7\u00f5es podem ser feitas de quinta-feira, 14\/3, at\u00e9 8 de abril de 2024, de forma on-line, sendo ofertadas cinco bolsas para alunos de cursos de gradua\u00e7\u00e3o, para o desenvolvimento de projetos cient\u00edficos inseridos nas linhas de pesquisa da Esap\/Semsa, sob a orienta\u00e7\u00e3o de servidores da pasta municipal de sa\u00fade.","inLanguage":"pt-BR","potentialAction":[{"@type":"ReadAction","target":["https:\/\/www.manaus.am.gov.br\/semsa\/semsa-seleciona-bolsistas\/"]}]},{"@type":"ImageObject","inLanguage":"pt-BR","@id":"https:\/\/www.manaus.am.gov.br\/semsa\/semsa-seleciona-bolsistas\/#primaryimage","url":"https:\/\/www.manaus.am.gov.br\/semsa\/wp-content\/uploads\/sites\/8\/2024\/03\/Marco-13_Selecao-Paic-Esap-Semsa-2.jpg","contentUrl":"https:\/\/www.manaus.am.gov.br\/semsa\/wp-content\/uploads\/sites\/8\/2024\/03\/Marco-13_Selecao-Paic-Esap-Semsa-2.jpg","width":593,"height":445},{"@type":"WebSite","@id":"https:\/\/www.manaus.am.gov.br\/semsa\/#website","url":"https:\/\/www.manaus.am.gov.br\/semsa\/","name":"SEMSA","description":"Secretaria Municipal de Sa\u00fade","alternateName":"Secretaria Municipal de Sa\u00fade","potentialAction":[{"@type":"SearchAction","target":{"@type":"EntryPoint","urlTemplate":"https:\/\/www.manaus.am.gov.br\/semsa\/?s={search_term_string}"},"query-input":"required name=search_term_string"}],"inLanguage":"pt-BR"},{"@type":"Person","@id":"https:\/\/www.manaus.am.gov.br\/semsa\/#\/schema\/person\/4e49f4e267757a06ca072ec61b2b9968","name":"Adriana Costa","image":{"@type":"ImageObject","inLanguage":"pt-BR","@id":"https:\/\/www.manaus.am.gov.br\/semsa\/#\/schema\/person\/image\/","url":"https:\/\/secure.gravatar.com\/avatar\/576258617ef7194f718179e766d57bd4?s=96&d=mm&r=g","contentUrl":"https:\/\/secure.gravatar.com\/avatar\/576258617ef7194f718179e766d57bd4?s=96&d=mm&r=g","caption":"Adriana Costa"}}]}},"_links":{"self":[{"href":"https:\/\/www.manaus.am.gov.br\/semsa\/wp-json\/wp\/v2\/posts\/214676"}],"collection":[{"href":"https:\/\/www.manaus.am.gov.br\/semsa\/wp-json\/wp\/v2\/posts"}],"about":[{"href":"https:\/\/www.manaus.am.gov.br\/semsa\/wp-json\/wp\/v2\/types\/post"}],"author":[{"embeddable":true,"href":"https:\/\/www.manaus.am.gov.br\/semsa\/wp-json\/wp\/v2\/users\/23"}],"replies":[{"embeddable":true,"href":"https:\/\/www.manaus.am.gov.br\/semsa\/wp-json\/wp\/v2\/comments?post=214676"}],"version-history":[{"count":0,"href":"https:\/\/www.manaus.am.gov.br\/semsa\/wp-json\/wp\/v2\/posts\/214676\/revisions"}],"wp:featuredmedia":[{"embeddable":true,"href":"https:\/\/www.manaus.am.gov.br\/semsa\/wp-json\/wp\/v2\/media\/214677"}],"wp:attachment":[{"href":"https:\/\/www.manaus.am.gov.br\/semsa\/wp-json\/wp\/v2\/media?parent=214676"}],"wp:term":[{"taxonomy":"category","embeddable":true,"href":"https:\/\/www.manaus.am.gov.br\/semsa\/wp-json\/wp\/v2\/categories?post=214676"},{"taxonomy":"post_tag","embeddable":true,"href":"https:\/\/www.manaus.am.gov.br\/semsa\/wp-json\/wp\/v2\/tags?post=214676"}],"curies":[{"name":"wp","href":"https:\/\/api.w.org\/{rel}","templated":true}]}}