{"id":214657,"date":"2024-03-11T13:51:39","date_gmt":"2024-03-11T17:51:39","guid":{"rendered":"https:\/\/www.manaus.am.gov.br\/semsa\/leite-do-meu-filho-2\/"},"modified":"2024-03-11T13:51:40","modified_gmt":"2024-03-11T17:51:40","slug":"leite-do-meu-filho-2","status":"publish","type":"post","link":"https:\/\/www.manaus.am.gov.br\/semsa\/leite-do-meu-filho-2\/","title":{"rendered":"Respons\u00e1veis por crian\u00e7as com cadastro aprovado no \u2018Leite do Meu Filho\u2019 devem comparecer \u00e0 central do programa"},"content":{"rendered":"\n<p>A Prefeitura de Manaus, por meio da Secretaria Municipal de Sa\u00fade (Semsa), orienta pais, m\u00e3es e respons\u00e1veis legais pelas crian\u00e7as que tiveram o cadastro aprovado no programa \u2018Leite do meu Filho\u201d (inscritas at\u00e9 mar\u00e7o de 2023) a comparecerem \u00e0 Central do Programa, na galeria dos Rem\u00e9dios, localizada na rua Miranda Le\u00e3o, 82, Centro, para efetivar o acesso ao benef\u00edcio. O atendimento \u00e9 feito de segunda a sexta-feira, das 8h \u00e0s 15h.<\/p>\n\n\n\n<p>O novo lote est\u00e1 dispon\u00edvel para retirada desde o dia 29\/1 e de um total de 3,7 mil crian\u00e7as que t\u00eam direito ao benef\u00edcio, apenas 1,2 mil tiveram os cadastros ativados at\u00e9 esta segunda-feira, 11\/3. A Semsa orienta que antes de irem at\u00e9 a central, os respons\u00e1veis devem verificar a situa\u00e7\u00e3o da crian\u00e7a beneficiada por meio do link (https:\/\/ldmf.manaus.am.gov.br\/). Se ao clicar no link, o status exibido for \u201cLote liberado\u201d, o cadastro poder\u00e1 ser ativado e o benef\u00edcio retirado.<\/p>\n\n\n\n<p>Para ativar o cadastro, \u00e9 necess\u00e1rio que os respons\u00e1veis apresentem documento oficial de identidade com foto e a certid\u00e3o de nascimento da crian\u00e7a. O prazo para efetiva\u00e7\u00e3o do acesso ao benef\u00edcio \u00e9 de 60 dias, caso contr\u00e1rio ser\u00e3o considerados inaptos.<\/p>\n\n\n\n<p>Do total de 3,7 mil novos benefici\u00e1rios, 1.878 s\u00e3o crian\u00e7as de 1 a 3 anos, e 1.831 de 4 e 5 anos de idade.<\/p>\n\n\n\n<p>Com o objetivo de apoiar no combate \u00e0 desnutri\u00e7\u00e3o infantil, por meio da distribui\u00e7\u00e3o gratuita do insumo para crian\u00e7as de fam\u00edlias em situa\u00e7\u00e3o de vulnerabilidade social, o programa Leite do Meu Filho atende crian\u00e7as de 1 ano at\u00e9 menores de 5 anos, e tamb\u00e9m menores de 12 meses com prescri\u00e7\u00e3o m\u00e9dica para substitui\u00e7\u00e3o do leite materno por f\u00f3rmula infantil.<\/p>\n\n\n\n<p>&#8212; &#8212; &#8212;&nbsp;<\/p>\n\n\n\n<p><strong>Texto<\/strong><strong> \u2013<\/strong> Divulga\u00e7\u00e3o \/ Semsa<\/p>\n","protected":false},"excerpt":{"rendered":"","protected":false},"author":57,"featured_media":210308,"comment_status":"closed","ping_status":"closed","sticky":false,"template":"","format":"standard","meta":{"footnotes":""},"categories":[3],"tags":[441,234,2252,54,28],"acf":[],"yoast_head":"<!-- This site is optimized with the Yoast SEO plugin v23.0 - https:\/\/yoast.com\/wordpress\/plugins\/seo\/ -->\n<title>Aprovados no \u2018Leite do Meu Filho\u2019 devem comparecer \u00e0 central do programa<\/title>\n<meta name=\"description\" content=\"A PMM orienta respons\u00e1veis legais pelas crian\u00e7as aprovadas no programa \u2018Leite do meu Filho\u201d a comparecerem \u00e0 Central do Programa\" \/>\n<meta name=\"robots\" content=\"index, follow, max-snippet:-1, max-image-preview:large, max-video-preview:-1\" \/>\n<link rel=\"canonical\" href=\"https:\/\/www.manaus.am.gov.br\/semsa\/leite-do-meu-filho-2\/\" \/>\n<meta property=\"og:locale\" content=\"pt_BR\" \/>\n<meta property=\"og:type\" content=\"article\" \/>\n<meta property=\"og:title\" content=\"Aprovados no \u2018Leite do Meu Filho\u2019 devem comparecer \u00e0 central do programa\" \/>\n<meta property=\"og:description\" content=\"A PMM orienta respons\u00e1veis legais pelas crian\u00e7as aprovadas no programa \u2018Leite do meu Filho\u201d a comparecerem \u00e0 Central do Programa\" \/>\n<meta property=\"og:url\" content=\"https:\/\/www.manaus.am.gov.br\/semsa\/leite-do-meu-filho-2\/\" \/>\n<meta property=\"og:site_name\" content=\"SEMSA\" \/>\n<meta property=\"article:published_time\" content=\"2024-03-11T17:51:39+00:00\" \/>\n<meta property=\"article:modified_time\" content=\"2024-03-11T17:51:40+00:00\" \/>\n<meta property=\"og:image\" content=\"https:\/\/www.manaus.am.gov.br\/semsa\/wp-content\/uploads\/sites\/8\/2023\/01\/Nota-1.png\" \/>\n\t<meta property=\"og:image:width\" content=\"900\" \/>\n\t<meta property=\"og:image:height\" content=\"509\" \/>\n\t<meta property=\"og:image:type\" content=\"image\/png\" \/>\n<meta name=\"author\" content=\"Thiago Fernando\" \/>\n<meta name=\"twitter:card\" content=\"summary_large_image\" \/>\n<meta name=\"twitter:label1\" content=\"Written by\" \/>\n\t<meta name=\"twitter:data1\" content=\"Thiago Fernando\" \/>\n\t<meta name=\"twitter:label2\" content=\"Est. reading time\" \/>\n\t<meta name=\"twitter:data2\" content=\"2 minutos\" \/>\n<script type=\"application\/ld+json\" class=\"yoast-schema-graph\">{\"@context\":\"https:\/\/schema.org\",\"@graph\":[{\"@type\":\"WebPage\",\"@id\":\"https:\/\/www.manaus.am.gov.br\/semsa\/leite-do-meu-filho-2\/\",\"url\":\"https:\/\/www.manaus.am.gov.br\/semsa\/leite-do-meu-filho-2\/\",\"name\":\"Aprovados no \u2018Leite do Meu Filho\u2019 devem comparecer \u00e0 central do programa\",\"isPartOf\":{\"@id\":\"https:\/\/www.manaus.am.gov.br\/semsa\/#website\"},\"primaryImageOfPage\":{\"@id\":\"https:\/\/www.manaus.am.gov.br\/semsa\/leite-do-meu-filho-2\/#primaryimage\"},\"image\":{\"@id\":\"https:\/\/www.manaus.am.gov.br\/semsa\/leite-do-meu-filho-2\/#primaryimage\"},\"thumbnailUrl\":\"https:\/\/www.manaus.am.gov.br\/semsa\/wp-content\/uploads\/sites\/8\/2023\/01\/Nota-1.png\",\"datePublished\":\"2024-03-11T17:51:39+00:00\",\"dateModified\":\"2024-03-11T17:51:40+00:00\",\"author\":{\"@id\":\"https:\/\/www.manaus.am.gov.br\/semsa\/#\/schema\/person\/a5ee5376db6e21af026374b369f30882\"},\"description\":\"A PMM orienta respons\u00e1veis legais pelas crian\u00e7as aprovadas no programa \u2018Leite do meu Filho\u201d a comparecerem \u00e0 Central do Programa\",\"inLanguage\":\"pt-BR\",\"potentialAction\":[{\"@type\":\"ReadAction\",\"target\":[\"https:\/\/www.manaus.am.gov.br\/semsa\/leite-do-meu-filho-2\/\"]}]},{\"@type\":\"ImageObject\",\"inLanguage\":\"pt-BR\",\"@id\":\"https:\/\/www.manaus.am.gov.br\/semsa\/leite-do-meu-filho-2\/#primaryimage\",\"url\":\"https:\/\/www.manaus.am.gov.br\/semsa\/wp-content\/uploads\/sites\/8\/2023\/01\/Nota-1.png\",\"contentUrl\":\"https:\/\/www.manaus.am.gov.br\/semsa\/wp-content\/uploads\/sites\/8\/2023\/01\/Nota-1.png\",\"width\":900,\"height\":509},{\"@type\":\"WebSite\",\"@id\":\"https:\/\/www.manaus.am.gov.br\/semsa\/#website\",\"url\":\"https:\/\/www.manaus.am.gov.br\/semsa\/\",\"name\":\"SEMSA\",\"description\":\"Secretaria Municipal de Sa\u00fade\",\"alternateName\":\"Secretaria Municipal de Sa\u00fade\",\"potentialAction\":[{\"@type\":\"SearchAction\",\"target\":{\"@type\":\"EntryPoint\",\"urlTemplate\":\"https:\/\/www.manaus.am.gov.br\/semsa\/?s={search_term_string}\"},\"query-input\":\"required name=search_term_string\"}],\"inLanguage\":\"pt-BR\"},{\"@type\":\"Person\",\"@id\":\"https:\/\/www.manaus.am.gov.br\/semsa\/#\/schema\/person\/a5ee5376db6e21af026374b369f30882\",\"name\":\"Thiago Fernando\",\"image\":{\"@type\":\"ImageObject\",\"inLanguage\":\"pt-BR\",\"@id\":\"https:\/\/www.manaus.am.gov.br\/semsa\/#\/schema\/person\/image\/\",\"url\":\"https:\/\/secure.gravatar.com\/avatar\/f5aab8722444041451501c077052ac07?s=96&d=mm&r=g\",\"contentUrl\":\"https:\/\/secure.gravatar.com\/avatar\/f5aab8722444041451501c077052ac07?s=96&d=mm&r=g\",\"caption\":\"Thiago Fernando\"}}]}<\/script>\n<!-- \/ Yoast SEO plugin. -->","yoast_head_json":{"title":"Aprovados no \u2018Leite do Meu Filho\u2019 devem comparecer \u00e0 central do programa","description":"A PMM orienta respons\u00e1veis legais pelas crian\u00e7as aprovadas no programa \u2018Leite do meu Filho\u201d a comparecerem \u00e0 Central do Programa","robots":{"index":"index","follow":"follow","max-snippet":"max-snippet:-1","max-image-preview":"max-image-preview:large","max-video-preview":"max-video-preview:-1"},"canonical":"https:\/\/www.manaus.am.gov.br\/semsa\/leite-do-meu-filho-2\/","og_locale":"pt_BR","og_type":"article","og_title":"Aprovados no \u2018Leite do Meu Filho\u2019 devem comparecer \u00e0 central do programa","og_description":"A PMM orienta respons\u00e1veis legais pelas crian\u00e7as aprovadas no programa \u2018Leite do meu Filho\u201d a comparecerem \u00e0 Central do Programa","og_url":"https:\/\/www.manaus.am.gov.br\/semsa\/leite-do-meu-filho-2\/","og_site_name":"SEMSA","article_published_time":"2024-03-11T17:51:39+00:00","article_modified_time":"2024-03-11T17:51:40+00:00","og_image":[{"width":900,"height":509,"url":"https:\/\/www.manaus.am.gov.br\/semsa\/wp-content\/uploads\/sites\/8\/2023\/01\/Nota-1.png","type":"image\/png"}],"author":"Thiago Fernando","twitter_card":"summary_large_image","twitter_misc":{"Written by":"Thiago Fernando","Est. reading time":"2 minutos"},"schema":{"@context":"https:\/\/schema.org","@graph":[{"@type":"WebPage","@id":"https:\/\/www.manaus.am.gov.br\/semsa\/leite-do-meu-filho-2\/","url":"https:\/\/www.manaus.am.gov.br\/semsa\/leite-do-meu-filho-2\/","name":"Aprovados no \u2018Leite do Meu Filho\u2019 devem comparecer \u00e0 central do programa","isPartOf":{"@id":"https:\/\/www.manaus.am.gov.br\/semsa\/#website"},"primaryImageOfPage":{"@id":"https:\/\/www.manaus.am.gov.br\/semsa\/leite-do-meu-filho-2\/#primaryimage"},"image":{"@id":"https:\/\/www.manaus.am.gov.br\/semsa\/leite-do-meu-filho-2\/#primaryimage"},"thumbnailUrl":"https:\/\/www.manaus.am.gov.br\/semsa\/wp-content\/uploads\/sites\/8\/2023\/01\/Nota-1.png","datePublished":"2024-03-11T17:51:39+00:00","dateModified":"2024-03-11T17:51:40+00:00","author":{"@id":"https:\/\/www.manaus.am.gov.br\/semsa\/#\/schema\/person\/a5ee5376db6e21af026374b369f30882"},"description":"A PMM orienta respons\u00e1veis legais pelas crian\u00e7as aprovadas no programa \u2018Leite do meu Filho\u201d a comparecerem \u00e0 Central do Programa","inLanguage":"pt-BR","potentialAction":[{"@type":"ReadAction","target":["https:\/\/www.manaus.am.gov.br\/semsa\/leite-do-meu-filho-2\/"]}]},{"@type":"ImageObject","inLanguage":"pt-BR","@id":"https:\/\/www.manaus.am.gov.br\/semsa\/leite-do-meu-filho-2\/#primaryimage","url":"https:\/\/www.manaus.am.gov.br\/semsa\/wp-content\/uploads\/sites\/8\/2023\/01\/Nota-1.png","contentUrl":"https:\/\/www.manaus.am.gov.br\/semsa\/wp-content\/uploads\/sites\/8\/2023\/01\/Nota-1.png","width":900,"height":509},{"@type":"WebSite","@id":"https:\/\/www.manaus.am.gov.br\/semsa\/#website","url":"https:\/\/www.manaus.am.gov.br\/semsa\/","name":"SEMSA","description":"Secretaria Municipal de Sa\u00fade","alternateName":"Secretaria Municipal de Sa\u00fade","potentialAction":[{"@type":"SearchAction","target":{"@type":"EntryPoint","urlTemplate":"https:\/\/www.manaus.am.gov.br\/semsa\/?s={search_term_string}"},"query-input":"required name=search_term_string"}],"inLanguage":"pt-BR"},{"@type":"Person","@id":"https:\/\/www.manaus.am.gov.br\/semsa\/#\/schema\/person\/a5ee5376db6e21af026374b369f30882","name":"Thiago Fernando","image":{"@type":"ImageObject","inLanguage":"pt-BR","@id":"https:\/\/www.manaus.am.gov.br\/semsa\/#\/schema\/person\/image\/","url":"https:\/\/secure.gravatar.com\/avatar\/f5aab8722444041451501c077052ac07?s=96&d=mm&r=g","contentUrl":"https:\/\/secure.gravatar.com\/avatar\/f5aab8722444041451501c077052ac07?s=96&d=mm&r=g","caption":"Thiago Fernando"}}]}},"_links":{"self":[{"href":"https:\/\/www.manaus.am.gov.br\/semsa\/wp-json\/wp\/v2\/posts\/214657"}],"collection":[{"href":"https:\/\/www.manaus.am.gov.br\/semsa\/wp-json\/wp\/v2\/posts"}],"about":[{"href":"https:\/\/www.manaus.am.gov.br\/semsa\/wp-json\/wp\/v2\/types\/post"}],"author":[{"embeddable":true,"href":"https:\/\/www.manaus.am.gov.br\/semsa\/wp-json\/wp\/v2\/users\/57"}],"replies":[{"embeddable":true,"href":"https:\/\/www.manaus.am.gov.br\/semsa\/wp-json\/wp\/v2\/comments?post=214657"}],"version-history":[{"count":0,"href":"https:\/\/www.manaus.am.gov.br\/semsa\/wp-json\/wp\/v2\/posts\/214657\/revisions"}],"wp:featuredmedia":[{"embeddable":true,"href":"https:\/\/www.manaus.am.gov.br\/semsa\/wp-json\/wp\/v2\/media\/210308"}],"wp:attachment":[{"href":"https:\/\/www.manaus.am.gov.br\/semsa\/wp-json\/wp\/v2\/media?parent=214657"}],"wp:term":[{"taxonomy":"category","embeddable":true,"href":"https:\/\/www.manaus.am.gov.br\/semsa\/wp-json\/wp\/v2\/categories?post=214657"},{"taxonomy":"post_tag","embeddable":true,"href":"https:\/\/www.manaus.am.gov.br\/semsa\/wp-json\/wp\/v2\/tags?post=214657"}],"curies":[{"name":"wp","href":"https:\/\/api.w.org\/{rel}","templated":true}]}}