{"id":214634,"date":"2024-03-06T18:02:59","date_gmt":"2024-03-06T22:02:59","guid":{"rendered":"https:\/\/www.manaus.am.gov.br\/semsa\/ampliacao-vacina-contra-dengue\/"},"modified":"2024-03-07T10:55:19","modified_gmt":"2024-03-07T14:55:19","slug":"ampliacao-vacina-contra-dengue","status":"publish","type":"post","link":"https:\/\/www.manaus.am.gov.br\/semsa\/ampliacao-vacina-contra-dengue\/","title":{"rendered":"Prefeitura de Manaus amplia vacina\u00e7\u00e3o contra dengue a partir desta quinta-feira, 7\/3"},"content":{"rendered":"\n<p>A Prefeitura de Manaus amplia o p\u00fablico da vacina\u00e7\u00e3o contra a dengue a partir desta quinta-feira, 7\/3, passando a contemplar o p\u00fablico de 10 a 14 anos, que soma o total de 162.708 crian\u00e7as e adolescentes.&nbsp; As 171 salas de vacina\u00e7\u00e3o da Secretaria Municipal de Sa\u00fade (Semsa) estar\u00e3o de portas abertas para vacinar o novo grupo, seguindo as diretrizes do Minist\u00e9rio de Sa\u00fade, que adotou a medida como estrat\u00e9gia para estimular a prote\u00e7\u00e3o de crian\u00e7as contra a arbovirose.<\/p>\n\n\n\n<p>Os endere\u00e7os e hor\u00e1rios de funcionamento podem ser conferidos no site da Semsa (manaus.am.gov.br\/semsa) e pelo link bit.ly\/SalasVacinaManaus. Do total de unidades, oito funcionam de segunda a sexta-feira, das 8h \u00e0s 20h, e aos s\u00e1bados, das 8h \u00e0s 12h.<\/p>\n\n\n\n<p>Iniciada no dia 22\/2 para crian\u00e7as de 10 e 11 anos, a vacina\u00e7\u00e3o contra a dengue est\u00e1 registrando uma procura baixa em todo o Brasil. Em Manaus, segundo os registros da Semsa, at\u00e9 o dia 1\u00b0\/3, apenas 7.290 doses haviam sido aplicadas, o que corresponde a 11,21% da meta de imunizar 65.037 crian\u00e7as deste grupo et\u00e1rio.<\/p>\n\n\n\n<p>A secret\u00e1ria municipal de Sa\u00fade, Sh\u00e1dia Fraxe, acentua que o envolvimento dos pais e dos respons\u00e1veis na prote\u00e7\u00e3o de suas crian\u00e7as \u00e9 fundamental para que a campanha cumpra o papel de imunizar as crian\u00e7as contra a dengue.<\/p>\n\n\n\n<p>\u201cA intensifica\u00e7\u00e3o da vacina\u00e7\u00e3o \u00e9 uma forma de estimular a busca pelo imunizante. No entanto, por mais que a Prefeitura se esforce, n\u00e3o temos como avan\u00e7ar sem o engajamento dos pais. Estamos disponibilizando a vacina nas unidades de hor\u00e1rio regular e ampliado, e tamb\u00e9m aos s\u00e1bados como forma de aumentar a ades\u00e3o, mas precisamos que os pais levem suas crian\u00e7as \u00e0s unidades\u201d, apela Sh\u00e1dia Fraxe.&nbsp;&nbsp;<\/p>\n\n\n\n<p><strong>Estrat\u00e9gia<\/strong><\/p>\n\n\n\n<p>Uma das estrat\u00e9gias que a Semsa vem colocando em pr\u00e1tica conta com a parceria com Secretaria Municipal de Educa\u00e7\u00e3o da (Semed), e consiste na vacina\u00e7\u00e3o dos estudantes nas escolas da rede municipal de ensino. Mas para que as crian\u00e7as recebam a vacina, os pais precisam assinar o documento de autoriza\u00e7\u00e3o, previamente enviado pelos gestores.&nbsp;<\/p>\n\n\n\n<p>A gerente de Imuniza\u00e7\u00e3o da Semsa, Isabel Hernandes, explica que o esquema vacinal da Qdenga contempla duas doses, sendo necess\u00e1rio um intervalo de tr\u00eas meses entre as doses.&nbsp;<\/p>\n\n\n\n<p>\u201cEssa vacina pode ser aplicada juntamente com os demais imunizantes do calend\u00e1rio b\u00e1sico das crian\u00e7as, mas \u00e9 importante pontuar que a exce\u00e7\u00e3o \u00e9 para as vacinas contra a febre amarela, a varicela e a tr\u00edplice viral. Para essas situa\u00e7\u00f5es os pais precisam esperar os 30 dias de intervalo antes ou depois da aplica\u00e7\u00e3o da vacina contra a dengue, para seguir com as demais vacinas\u201d, observou.<\/p>\n\n\n\n<p>Outro aspecto importante, observa Isabel, \u00e9 que as crian\u00e7as contempladas com vacina\u00e7\u00e3o que tiveram diagn\u00f3stico confirmado de dengue, precisam esperar seis meses para iniciar o esquema vacinal.<\/p>\n\n\n\n<p>\u201cAs crian\u00e7as infectadas depois da primeira dose, precisam aguardar 30 dias a partir do surgimento dos sintomas, para receber a segunda dose do imunobiol\u00f3gico. Outra recomenda\u00e7\u00e3o \u00e9 que aquelas com &nbsp; imunodefici\u00eancia cong\u00eanita ou adquirida, as que convivem com HIV, as que usam medicamentos imunossupressores, al\u00e9m de gestantes e mulheres em per\u00edodo de amamenta\u00e7\u00e3o, tamb\u00e9m n\u00e3o devem receber a Qdenga\u201d.<\/p>\n\n\n\n<p>Para que as crian\u00e7as e adolescentes sejam vacinados \u00e9 necess\u00e1rio que estejam acompanhadas de um dos pais ou de um respons\u00e1vel e apresente documento oficial de identifica\u00e7\u00e3o, Cart\u00e3o Nacional de Sa\u00fade (CNS) ou CPF, e o cart\u00e3o de vacina.<\/p>\n\n\n\n<p>&#8212; &#8212; \u2013<br><strong>Texto &#8211;<\/strong> T\u00e2nia Brand\u00e3o\/Semsa<br><strong>Fotos &#8211;<\/strong> Divulga\u00e7\u00e3o\/Semsa<\/p>\n","protected":false},"excerpt":{"rendered":"","protected":false},"author":68,"featured_media":214635,"comment_status":"closed","ping_status":"closed","sticky":false,"template":"","format":"standard","meta":{"footnotes":""},"categories":[5],"tags":[2218,2274,2275],"acf":[],"yoast_head":"<!-- This site is optimized with the Yoast SEO plugin v23.0 - https:\/\/yoast.com\/wordpress\/plugins\/seo\/ -->\n<title>Prefeitura amplia vacina\u00e7\u00e3o contra dengue a partir desta quinta<\/title>\n<meta name=\"description\" content=\"A Prefeitura de Manaus amplia o p\u00fablico da vacina\u00e7\u00e3o contra a dengue, passando a contemplar o p\u00fablico de 10 a 14 anos.\" \/>\n<meta name=\"robots\" content=\"index, follow, max-snippet:-1, max-image-preview:large, max-video-preview:-1\" \/>\n<link rel=\"canonical\" href=\"https:\/\/www.manaus.am.gov.br\/semsa\/ampliacao-vacina-contra-dengue\/\" \/>\n<meta property=\"og:locale\" content=\"pt_BR\" \/>\n<meta property=\"og:type\" content=\"article\" \/>\n<meta property=\"og:title\" content=\"Prefeitura amplia vacina\u00e7\u00e3o contra dengue a partir desta quinta\" \/>\n<meta property=\"og:description\" content=\"A Prefeitura de Manaus amplia o p\u00fablico da vacina\u00e7\u00e3o contra a dengue, passando a contemplar o p\u00fablico de 10 a 14 anos.\" \/>\n<meta property=\"og:url\" content=\"https:\/\/www.manaus.am.gov.br\/semsa\/ampliacao-vacina-contra-dengue\/\" \/>\n<meta property=\"og:site_name\" content=\"SEMSA\" \/>\n<meta property=\"article:published_time\" content=\"2024-03-06T22:02:59+00:00\" \/>\n<meta property=\"article:modified_time\" content=\"2024-03-07T14:55:19+00:00\" \/>\n<meta property=\"og:image\" content=\"https:\/\/www.manaus.am.gov.br\/semsa\/wp-content\/uploads\/sites\/8\/2024\/03\/VACINACAO.jpg\" \/>\n\t<meta property=\"og:image:width\" content=\"799\" \/>\n\t<meta property=\"og:image:height\" content=\"533\" \/>\n\t<meta property=\"og:image:type\" content=\"image\/jpeg\" \/>\n<meta name=\"author\" content=\"bvalente\" \/>\n<meta name=\"twitter:card\" content=\"summary_large_image\" \/>\n<meta name=\"twitter:label1\" content=\"Written by\" \/>\n\t<meta name=\"twitter:data1\" content=\"bvalente\" \/>\n\t<meta name=\"twitter:label2\" content=\"Est. reading time\" \/>\n\t<meta name=\"twitter:data2\" content=\"4 minutos\" \/>\n<script type=\"application\/ld+json\" class=\"yoast-schema-graph\">{\"@context\":\"https:\/\/schema.org\",\"@graph\":[{\"@type\":\"WebPage\",\"@id\":\"https:\/\/www.manaus.am.gov.br\/semsa\/ampliacao-vacina-contra-dengue\/\",\"url\":\"https:\/\/www.manaus.am.gov.br\/semsa\/ampliacao-vacina-contra-dengue\/\",\"name\":\"Prefeitura amplia vacina\u00e7\u00e3o contra dengue a partir desta quinta\",\"isPartOf\":{\"@id\":\"https:\/\/www.manaus.am.gov.br\/semsa\/#website\"},\"primaryImageOfPage\":{\"@id\":\"https:\/\/www.manaus.am.gov.br\/semsa\/ampliacao-vacina-contra-dengue\/#primaryimage\"},\"image\":{\"@id\":\"https:\/\/www.manaus.am.gov.br\/semsa\/ampliacao-vacina-contra-dengue\/#primaryimage\"},\"thumbnailUrl\":\"https:\/\/www.manaus.am.gov.br\/semsa\/wp-content\/uploads\/sites\/8\/2024\/03\/VACINACAO.jpg\",\"datePublished\":\"2024-03-06T22:02:59+00:00\",\"dateModified\":\"2024-03-07T14:55:19+00:00\",\"author\":{\"@id\":\"https:\/\/www.manaus.am.gov.br\/semsa\/#\/schema\/person\/466a0e03ae4b6062809046bd560ac955\"},\"description\":\"A Prefeitura de Manaus amplia o p\u00fablico da vacina\u00e7\u00e3o contra a dengue, passando a contemplar o p\u00fablico de 10 a 14 anos.\",\"inLanguage\":\"pt-BR\",\"potentialAction\":[{\"@type\":\"ReadAction\",\"target\":[\"https:\/\/www.manaus.am.gov.br\/semsa\/ampliacao-vacina-contra-dengue\/\"]}]},{\"@type\":\"ImageObject\",\"inLanguage\":\"pt-BR\",\"@id\":\"https:\/\/www.manaus.am.gov.br\/semsa\/ampliacao-vacina-contra-dengue\/#primaryimage\",\"url\":\"https:\/\/www.manaus.am.gov.br\/semsa\/wp-content\/uploads\/sites\/8\/2024\/03\/VACINACAO.jpg\",\"contentUrl\":\"https:\/\/www.manaus.am.gov.br\/semsa\/wp-content\/uploads\/sites\/8\/2024\/03\/VACINACAO.jpg\",\"width\":799,\"height\":533},{\"@type\":\"WebSite\",\"@id\":\"https:\/\/www.manaus.am.gov.br\/semsa\/#website\",\"url\":\"https:\/\/www.manaus.am.gov.br\/semsa\/\",\"name\":\"SEMSA\",\"description\":\"Secretaria Municipal de Sa\u00fade\",\"alternateName\":\"Secretaria Municipal de Sa\u00fade\",\"potentialAction\":[{\"@type\":\"SearchAction\",\"target\":{\"@type\":\"EntryPoint\",\"urlTemplate\":\"https:\/\/www.manaus.am.gov.br\/semsa\/?s={search_term_string}\"},\"query-input\":\"required name=search_term_string\"}],\"inLanguage\":\"pt-BR\"},{\"@type\":\"Person\",\"@id\":\"https:\/\/www.manaus.am.gov.br\/semsa\/#\/schema\/person\/466a0e03ae4b6062809046bd560ac955\",\"name\":\"bvalente\",\"image\":{\"@type\":\"ImageObject\",\"inLanguage\":\"pt-BR\",\"@id\":\"https:\/\/www.manaus.am.gov.br\/semsa\/#\/schema\/person\/image\/\",\"url\":\"https:\/\/secure.gravatar.com\/avatar\/3e69bc2b014bdad41adfec3a39de07d2?s=96&d=mm&r=g\",\"contentUrl\":\"https:\/\/secure.gravatar.com\/avatar\/3e69bc2b014bdad41adfec3a39de07d2?s=96&d=mm&r=g\",\"caption\":\"bvalente\"}}]}<\/script>\n<!-- \/ Yoast SEO plugin. -->","yoast_head_json":{"title":"Prefeitura amplia vacina\u00e7\u00e3o contra dengue a partir desta quinta","description":"A Prefeitura de Manaus amplia o p\u00fablico da vacina\u00e7\u00e3o contra a dengue, passando a contemplar o p\u00fablico de 10 a 14 anos.","robots":{"index":"index","follow":"follow","max-snippet":"max-snippet:-1","max-image-preview":"max-image-preview:large","max-video-preview":"max-video-preview:-1"},"canonical":"https:\/\/www.manaus.am.gov.br\/semsa\/ampliacao-vacina-contra-dengue\/","og_locale":"pt_BR","og_type":"article","og_title":"Prefeitura amplia vacina\u00e7\u00e3o contra dengue a partir desta quinta","og_description":"A Prefeitura de Manaus amplia o p\u00fablico da vacina\u00e7\u00e3o contra a dengue, passando a contemplar o p\u00fablico de 10 a 14 anos.","og_url":"https:\/\/www.manaus.am.gov.br\/semsa\/ampliacao-vacina-contra-dengue\/","og_site_name":"SEMSA","article_published_time":"2024-03-06T22:02:59+00:00","article_modified_time":"2024-03-07T14:55:19+00:00","og_image":[{"width":799,"height":533,"url":"https:\/\/www.manaus.am.gov.br\/semsa\/wp-content\/uploads\/sites\/8\/2024\/03\/VACINACAO.jpg","type":"image\/jpeg"}],"author":"bvalente","twitter_card":"summary_large_image","twitter_misc":{"Written by":"bvalente","Est. reading time":"4 minutos"},"schema":{"@context":"https:\/\/schema.org","@graph":[{"@type":"WebPage","@id":"https:\/\/www.manaus.am.gov.br\/semsa\/ampliacao-vacina-contra-dengue\/","url":"https:\/\/www.manaus.am.gov.br\/semsa\/ampliacao-vacina-contra-dengue\/","name":"Prefeitura amplia vacina\u00e7\u00e3o contra dengue a partir desta quinta","isPartOf":{"@id":"https:\/\/www.manaus.am.gov.br\/semsa\/#website"},"primaryImageOfPage":{"@id":"https:\/\/www.manaus.am.gov.br\/semsa\/ampliacao-vacina-contra-dengue\/#primaryimage"},"image":{"@id":"https:\/\/www.manaus.am.gov.br\/semsa\/ampliacao-vacina-contra-dengue\/#primaryimage"},"thumbnailUrl":"https:\/\/www.manaus.am.gov.br\/semsa\/wp-content\/uploads\/sites\/8\/2024\/03\/VACINACAO.jpg","datePublished":"2024-03-06T22:02:59+00:00","dateModified":"2024-03-07T14:55:19+00:00","author":{"@id":"https:\/\/www.manaus.am.gov.br\/semsa\/#\/schema\/person\/466a0e03ae4b6062809046bd560ac955"},"description":"A Prefeitura de Manaus amplia o p\u00fablico da vacina\u00e7\u00e3o contra a dengue, passando a contemplar o p\u00fablico de 10 a 14 anos.","inLanguage":"pt-BR","potentialAction":[{"@type":"ReadAction","target":["https:\/\/www.manaus.am.gov.br\/semsa\/ampliacao-vacina-contra-dengue\/"]}]},{"@type":"ImageObject","inLanguage":"pt-BR","@id":"https:\/\/www.manaus.am.gov.br\/semsa\/ampliacao-vacina-contra-dengue\/#primaryimage","url":"https:\/\/www.manaus.am.gov.br\/semsa\/wp-content\/uploads\/sites\/8\/2024\/03\/VACINACAO.jpg","contentUrl":"https:\/\/www.manaus.am.gov.br\/semsa\/wp-content\/uploads\/sites\/8\/2024\/03\/VACINACAO.jpg","width":799,"height":533},{"@type":"WebSite","@id":"https:\/\/www.manaus.am.gov.br\/semsa\/#website","url":"https:\/\/www.manaus.am.gov.br\/semsa\/","name":"SEMSA","description":"Secretaria Municipal de Sa\u00fade","alternateName":"Secretaria Municipal de Sa\u00fade","potentialAction":[{"@type":"SearchAction","target":{"@type":"EntryPoint","urlTemplate":"https:\/\/www.manaus.am.gov.br\/semsa\/?s={search_term_string}"},"query-input":"required name=search_term_string"}],"inLanguage":"pt-BR"},{"@type":"Person","@id":"https:\/\/www.manaus.am.gov.br\/semsa\/#\/schema\/person\/466a0e03ae4b6062809046bd560ac955","name":"bvalente","image":{"@type":"ImageObject","inLanguage":"pt-BR","@id":"https:\/\/www.manaus.am.gov.br\/semsa\/#\/schema\/person\/image\/","url":"https:\/\/secure.gravatar.com\/avatar\/3e69bc2b014bdad41adfec3a39de07d2?s=96&d=mm&r=g","contentUrl":"https:\/\/secure.gravatar.com\/avatar\/3e69bc2b014bdad41adfec3a39de07d2?s=96&d=mm&r=g","caption":"bvalente"}}]}},"_links":{"self":[{"href":"https:\/\/www.manaus.am.gov.br\/semsa\/wp-json\/wp\/v2\/posts\/214634"}],"collection":[{"href":"https:\/\/www.manaus.am.gov.br\/semsa\/wp-json\/wp\/v2\/posts"}],"about":[{"href":"https:\/\/www.manaus.am.gov.br\/semsa\/wp-json\/wp\/v2\/types\/post"}],"author":[{"embeddable":true,"href":"https:\/\/www.manaus.am.gov.br\/semsa\/wp-json\/wp\/v2\/users\/68"}],"replies":[{"embeddable":true,"href":"https:\/\/www.manaus.am.gov.br\/semsa\/wp-json\/wp\/v2\/comments?post=214634"}],"version-history":[{"count":0,"href":"https:\/\/www.manaus.am.gov.br\/semsa\/wp-json\/wp\/v2\/posts\/214634\/revisions"}],"wp:featuredmedia":[{"embeddable":true,"href":"https:\/\/www.manaus.am.gov.br\/semsa\/wp-json\/wp\/v2\/media\/214635"}],"wp:attachment":[{"href":"https:\/\/www.manaus.am.gov.br\/semsa\/wp-json\/wp\/v2\/media?parent=214634"}],"wp:term":[{"taxonomy":"category","embeddable":true,"href":"https:\/\/www.manaus.am.gov.br\/semsa\/wp-json\/wp\/v2\/categories?post=214634"},{"taxonomy":"post_tag","embeddable":true,"href":"https:\/\/www.manaus.am.gov.br\/semsa\/wp-json\/wp\/v2\/tags?post=214634"}],"curies":[{"name":"wp","href":"https:\/\/api.w.org\/{rel}","templated":true}]}}