{"id":214552,"date":"2024-03-01T17:05:07","date_gmt":"2024-03-01T21:05:07","guid":{"rendered":"https:\/\/www.manaus.am.gov.br\/semsa\/vacina-dengue-unidades-de-saude\/"},"modified":"2024-03-01T17:05:43","modified_gmt":"2024-03-01T21:05:43","slug":"vacina-dengue-unidades-de-saude","status":"publish","type":"post","link":"https:\/\/www.manaus.am.gov.br\/semsa\/vacina-dengue-unidades-de-saude\/","title":{"rendered":"Prefeitura oferta vacina contra dengue em oito unidades de sa\u00fade neste s\u00e1bado, 2\/3"},"content":{"rendered":"\n<p>A Prefeitura de Manaus informa que, neste s\u00e1bado, 2\/3, oito unidades da Secretaria Municipal de Sa\u00fade (Semsa) estar\u00e3o ofertando a vacina contra a dengue, Qdenga, no hor\u00e1rio das 8h \u00e0s 12h. O atendimento inicialmente \u00e9 voltado a crian\u00e7as de 10 e 11 anos, conforme orienta\u00e7\u00f5es do Minist\u00e9rio da Sa\u00fade.<\/p>\n\n\n\n<p>O subsecret\u00e1rio de Gest\u00e3o da Sa\u00fade da Semsa, Djalma Coelho, destaca que das oito unidades de hor\u00e1rio ampliado, uma funciona aos s\u00e1bados e domingos das 8h \u00e0s 18h: a Cl\u00ednica da Fam\u00edlia Carmen Nicolau, localizada no Lago Azul, na zona Norte da capital.<\/p>\n\n\n\n<p>\u201cO dado mais recente da Semsa aponta que 6.388 doses da vacina haviam sido aplicadas, embora o n\u00famero esteja em crescimento, precisamos refor\u00e7ar que os pais e m\u00e3es devem levar a s\u00e9rio o compromisso de proteger as crian\u00e7as. Nossas unidades funcionam todos os s\u00e1bados para ampliar o acesso ao imunizante\u201d, destacou.<\/p>\n\n\n\n<p>Al\u00e9m das unidades tradicionais, a vacina ser\u00e1 sendo ofertada neste s\u00e1bado, das 8h \u00e0s 11h, no Mercado Municipal Adolpho Lisboa, no Centro, onde ser\u00e3o realizadas diversas a\u00e7\u00f5es de esclarecimento e sensibiliza\u00e7\u00e3o da popula\u00e7\u00e3o para o combate ao Aedes aegypti, mosquito transmissor da dengue e tamb\u00e9m de zika e Chikungunya.<\/p>\n\n\n\n<p>Em Manaus, a meta da vacina\u00e7\u00e3o contra a dengue \u00e9 alcan\u00e7ar 90% das 65.037 crian\u00e7as de 10 e 11 anos de idade. Para chegar a esse resultado, a Semsa est\u00e1 desenvolvendo um planejamento junto a Secretaria Municipal de Educa\u00e7\u00e3o (Semed), para que a vacina seja ofertada nas escolas da rede municipal.<\/p>\n\n\n\n<p>Para que as crian\u00e7as sejam vacinadas, precisam estar acompanhadas de um dos pais ou respons\u00e1vel, que deve apresentar documento oficial de identifica\u00e7\u00e3o, Cart\u00e3o Nacional de Sa\u00fade (CNS) ou CPF, e o cart\u00e3o de vacina.<\/p>\n\n\n\n<p>O esquema vacinal da Qdenga contempla duas doses, sendo que o intervalo entre as doses precisa ser de tr\u00eas meses. \u201cAs crian\u00e7as com diagn\u00f3stico confirmado de dengue precisam aguardar seis meses para come\u00e7ar seu esquema vacinal, e se depois de tomar a primeira dose, houver infec\u00e7\u00e3o por dengue, \u00e9 preciso esperar 30 dias, depois que os sintomas da dengue passarem, para poder para receber a segunda dose do imunizante\u201d, explica Coelho.<\/p>\n\n\n\n<p>A Semsa refor\u00e7a que a Qdenga pode ser aplicada junto com as outras vacinas do calend\u00e1rio b\u00e1sico infantil, sem necessidade de intervalo. Mas no caso em que a crian\u00e7a precisa tomar as vacinas contra a febre amarela, contra a varicela e a tr\u00edplice viral, os pais precisam aguardar 30 dias antes ou depois da vacina\u00e7\u00e3o contra a dengue, para prosseguir com a prote\u00e7\u00e3o vacinal contra essas doen\u00e7as.<\/p>\n\n\n\n<p><strong>Unidades em funcionamento neste s\u00e1bado 2\/3:<\/strong><\/p>\n\n\n\n<p><strong>zona Norte<\/strong><\/p>\n\n\n\n<p>Cl\u00ednica da Fam\u00edlia Carmen Nicolau \u2013 Rua Santa Tereza D\u2019\u00c1vila, s\/n\u00ba, Lago Azul (que funciona das 8h \u00e0s 18h aos s\u00e1bados, domingos e feriados)<\/p>\n\n\n\n<p>USF \u00c1ugias Gadelha \u2013 Rua A, s\/n\u00ba, Cidade Nova 1<\/p>\n\n\n\n<p>USF Major PM S\u00e1lvio Belota \u2013 Rua Jo\u00e3o Monte Fusco (antiga rua das Samambaias), n\u00ba 786, Santa Etelvina<\/p>\n\n\n\n<p><strong>zona Sul<\/strong><\/p>\n\n\n\n<p>USF Doutor Jos\u00e9 Rayol dos Santos \u2013 Avenida Constantino Nery, s\/n\u00ba, Flores<\/p>\n\n\n\n<p><strong>zona Leste<\/strong><\/p>\n\n\n\n<p>USF Alfredo Campos \u2013 Alameda Cosme Ferreira, s\/n\u00ba, Zumbi dos Palmares<\/p>\n\n\n\n<p>USF Amazonas Palhano \u2013 Rua Ant\u00f4nio Matias, s\/n\u00ba, S\u00e3o Jos\u00e9 Oper\u00e1rio<\/p>\n\n\n\n<p><strong>zona Oeste<\/strong><\/p>\n\n\n\n<p>USF Deodato de Miranda Le\u00e3o \u2013 Avenida Presidente Dutra, s\/n\u00ba, Gl\u00f3ria<\/p>\n\n\n\n<p>USF Leonor de Freitas \u2013 Avenida Brasil, s\/n\u00ba, Compensa 1<\/p>\n\n\n\n<p>\u2014 \u2014 \u2014<br><strong>Texto e fotos &#8211; <\/strong>Divulga\u00e7\u00e3o \/ Semsa<\/p>\n","protected":false},"excerpt":{"rendered":"","protected":false},"author":68,"featured_media":214553,"comment_status":"closed","ping_status":"closed","sticky":false,"template":"","format":"standard","meta":{"footnotes":""},"categories":[5],"tags":[134,49,28],"acf":[],"yoast_head":"<!-- This site is optimized with the Yoast SEO plugin v23.0 - https:\/\/yoast.com\/wordpress\/plugins\/seo\/ -->\n<title>Prefeitura oferta vacina contra dengue em oito unidades de sa\u00fade<\/title>\n<meta name=\"description\" content=\"A Prefeitura de Manaus informa que, neste s\u00e1bado, 2\/3, oito unidades de sa\u00fade estar\u00e3o ofertando a vacina contra a dengue.\" \/>\n<meta name=\"robots\" content=\"index, follow, max-snippet:-1, max-image-preview:large, max-video-preview:-1\" \/>\n<link rel=\"canonical\" href=\"https:\/\/www.manaus.am.gov.br\/semsa\/vacina-dengue-unidades-de-saude\/\" \/>\n<meta property=\"og:locale\" content=\"pt_BR\" \/>\n<meta property=\"og:type\" content=\"article\" \/>\n<meta property=\"og:title\" content=\"Prefeitura oferta vacina contra dengue em oito unidades de sa\u00fade\" \/>\n<meta property=\"og:description\" content=\"A Prefeitura de Manaus informa que, neste s\u00e1bado, 2\/3, oito unidades de sa\u00fade estar\u00e3o ofertando a vacina contra a dengue.\" \/>\n<meta property=\"og:url\" content=\"https:\/\/www.manaus.am.gov.br\/semsa\/vacina-dengue-unidades-de-saude\/\" \/>\n<meta property=\"og:site_name\" content=\"SEMSA\" \/>\n<meta property=\"article:published_time\" content=\"2024-03-01T21:05:07+00:00\" \/>\n<meta property=\"article:modified_time\" content=\"2024-03-01T21:05:43+00:00\" \/>\n<meta property=\"og:image\" content=\"https:\/\/www.manaus.am.gov.br\/semsa\/wp-content\/uploads\/sites\/8\/2024\/03\/IMUNIZACAO.jpg\" \/>\n\t<meta property=\"og:image:width\" content=\"799\" \/>\n\t<meta property=\"og:image:height\" content=\"533\" \/>\n\t<meta property=\"og:image:type\" content=\"image\/jpeg\" \/>\n<meta name=\"author\" content=\"bvalente\" \/>\n<meta name=\"twitter:card\" content=\"summary_large_image\" \/>\n<meta name=\"twitter:label1\" content=\"Written by\" \/>\n\t<meta name=\"twitter:data1\" content=\"bvalente\" \/>\n\t<meta name=\"twitter:label2\" content=\"Est. reading time\" \/>\n\t<meta name=\"twitter:data2\" content=\"4 minutos\" \/>\n<script type=\"application\/ld+json\" class=\"yoast-schema-graph\">{\"@context\":\"https:\/\/schema.org\",\"@graph\":[{\"@type\":\"WebPage\",\"@id\":\"https:\/\/www.manaus.am.gov.br\/semsa\/vacina-dengue-unidades-de-saude\/\",\"url\":\"https:\/\/www.manaus.am.gov.br\/semsa\/vacina-dengue-unidades-de-saude\/\",\"name\":\"Prefeitura oferta vacina contra dengue em oito unidades de sa\u00fade\",\"isPartOf\":{\"@id\":\"https:\/\/www.manaus.am.gov.br\/semsa\/#website\"},\"primaryImageOfPage\":{\"@id\":\"https:\/\/www.manaus.am.gov.br\/semsa\/vacina-dengue-unidades-de-saude\/#primaryimage\"},\"image\":{\"@id\":\"https:\/\/www.manaus.am.gov.br\/semsa\/vacina-dengue-unidades-de-saude\/#primaryimage\"},\"thumbnailUrl\":\"https:\/\/www.manaus.am.gov.br\/semsa\/wp-content\/uploads\/sites\/8\/2024\/03\/IMUNIZACAO.jpg\",\"datePublished\":\"2024-03-01T21:05:07+00:00\",\"dateModified\":\"2024-03-01T21:05:43+00:00\",\"author\":{\"@id\":\"https:\/\/www.manaus.am.gov.br\/semsa\/#\/schema\/person\/466a0e03ae4b6062809046bd560ac955\"},\"description\":\"A Prefeitura de Manaus informa que, neste s\u00e1bado, 2\/3, oito unidades de sa\u00fade estar\u00e3o ofertando a vacina contra a dengue.\",\"inLanguage\":\"pt-BR\",\"potentialAction\":[{\"@type\":\"ReadAction\",\"target\":[\"https:\/\/www.manaus.am.gov.br\/semsa\/vacina-dengue-unidades-de-saude\/\"]}]},{\"@type\":\"ImageObject\",\"inLanguage\":\"pt-BR\",\"@id\":\"https:\/\/www.manaus.am.gov.br\/semsa\/vacina-dengue-unidades-de-saude\/#primaryimage\",\"url\":\"https:\/\/www.manaus.am.gov.br\/semsa\/wp-content\/uploads\/sites\/8\/2024\/03\/IMUNIZACAO.jpg\",\"contentUrl\":\"https:\/\/www.manaus.am.gov.br\/semsa\/wp-content\/uploads\/sites\/8\/2024\/03\/IMUNIZACAO.jpg\",\"width\":799,\"height\":533},{\"@type\":\"WebSite\",\"@id\":\"https:\/\/www.manaus.am.gov.br\/semsa\/#website\",\"url\":\"https:\/\/www.manaus.am.gov.br\/semsa\/\",\"name\":\"SEMSA\",\"description\":\"Secretaria Municipal de Sa\u00fade\",\"alternateName\":\"Secretaria Municipal de Sa\u00fade\",\"potentialAction\":[{\"@type\":\"SearchAction\",\"target\":{\"@type\":\"EntryPoint\",\"urlTemplate\":\"https:\/\/www.manaus.am.gov.br\/semsa\/?s={search_term_string}\"},\"query-input\":\"required name=search_term_string\"}],\"inLanguage\":\"pt-BR\"},{\"@type\":\"Person\",\"@id\":\"https:\/\/www.manaus.am.gov.br\/semsa\/#\/schema\/person\/466a0e03ae4b6062809046bd560ac955\",\"name\":\"bvalente\",\"image\":{\"@type\":\"ImageObject\",\"inLanguage\":\"pt-BR\",\"@id\":\"https:\/\/www.manaus.am.gov.br\/semsa\/#\/schema\/person\/image\/\",\"url\":\"https:\/\/secure.gravatar.com\/avatar\/3e69bc2b014bdad41adfec3a39de07d2?s=96&d=mm&r=g\",\"contentUrl\":\"https:\/\/secure.gravatar.com\/avatar\/3e69bc2b014bdad41adfec3a39de07d2?s=96&d=mm&r=g\",\"caption\":\"bvalente\"}}]}<\/script>\n<!-- \/ Yoast SEO plugin. -->","yoast_head_json":{"title":"Prefeitura oferta vacina contra dengue em oito unidades de sa\u00fade","description":"A Prefeitura de Manaus informa que, neste s\u00e1bado, 2\/3, oito unidades de sa\u00fade estar\u00e3o ofertando a vacina contra a dengue.","robots":{"index":"index","follow":"follow","max-snippet":"max-snippet:-1","max-image-preview":"max-image-preview:large","max-video-preview":"max-video-preview:-1"},"canonical":"https:\/\/www.manaus.am.gov.br\/semsa\/vacina-dengue-unidades-de-saude\/","og_locale":"pt_BR","og_type":"article","og_title":"Prefeitura oferta vacina contra dengue em oito unidades de sa\u00fade","og_description":"A Prefeitura de Manaus informa que, neste s\u00e1bado, 2\/3, oito unidades de sa\u00fade estar\u00e3o ofertando a vacina contra a dengue.","og_url":"https:\/\/www.manaus.am.gov.br\/semsa\/vacina-dengue-unidades-de-saude\/","og_site_name":"SEMSA","article_published_time":"2024-03-01T21:05:07+00:00","article_modified_time":"2024-03-01T21:05:43+00:00","og_image":[{"width":799,"height":533,"url":"https:\/\/www.manaus.am.gov.br\/semsa\/wp-content\/uploads\/sites\/8\/2024\/03\/IMUNIZACAO.jpg","type":"image\/jpeg"}],"author":"bvalente","twitter_card":"summary_large_image","twitter_misc":{"Written by":"bvalente","Est. reading time":"4 minutos"},"schema":{"@context":"https:\/\/schema.org","@graph":[{"@type":"WebPage","@id":"https:\/\/www.manaus.am.gov.br\/semsa\/vacina-dengue-unidades-de-saude\/","url":"https:\/\/www.manaus.am.gov.br\/semsa\/vacina-dengue-unidades-de-saude\/","name":"Prefeitura oferta vacina contra dengue em oito unidades de sa\u00fade","isPartOf":{"@id":"https:\/\/www.manaus.am.gov.br\/semsa\/#website"},"primaryImageOfPage":{"@id":"https:\/\/www.manaus.am.gov.br\/semsa\/vacina-dengue-unidades-de-saude\/#primaryimage"},"image":{"@id":"https:\/\/www.manaus.am.gov.br\/semsa\/vacina-dengue-unidades-de-saude\/#primaryimage"},"thumbnailUrl":"https:\/\/www.manaus.am.gov.br\/semsa\/wp-content\/uploads\/sites\/8\/2024\/03\/IMUNIZACAO.jpg","datePublished":"2024-03-01T21:05:07+00:00","dateModified":"2024-03-01T21:05:43+00:00","author":{"@id":"https:\/\/www.manaus.am.gov.br\/semsa\/#\/schema\/person\/466a0e03ae4b6062809046bd560ac955"},"description":"A Prefeitura de Manaus informa que, neste s\u00e1bado, 2\/3, oito unidades de sa\u00fade estar\u00e3o ofertando a vacina contra a dengue.","inLanguage":"pt-BR","potentialAction":[{"@type":"ReadAction","target":["https:\/\/www.manaus.am.gov.br\/semsa\/vacina-dengue-unidades-de-saude\/"]}]},{"@type":"ImageObject","inLanguage":"pt-BR","@id":"https:\/\/www.manaus.am.gov.br\/semsa\/vacina-dengue-unidades-de-saude\/#primaryimage","url":"https:\/\/www.manaus.am.gov.br\/semsa\/wp-content\/uploads\/sites\/8\/2024\/03\/IMUNIZACAO.jpg","contentUrl":"https:\/\/www.manaus.am.gov.br\/semsa\/wp-content\/uploads\/sites\/8\/2024\/03\/IMUNIZACAO.jpg","width":799,"height":533},{"@type":"WebSite","@id":"https:\/\/www.manaus.am.gov.br\/semsa\/#website","url":"https:\/\/www.manaus.am.gov.br\/semsa\/","name":"SEMSA","description":"Secretaria Municipal de Sa\u00fade","alternateName":"Secretaria Municipal de Sa\u00fade","potentialAction":[{"@type":"SearchAction","target":{"@type":"EntryPoint","urlTemplate":"https:\/\/www.manaus.am.gov.br\/semsa\/?s={search_term_string}"},"query-input":"required name=search_term_string"}],"inLanguage":"pt-BR"},{"@type":"Person","@id":"https:\/\/www.manaus.am.gov.br\/semsa\/#\/schema\/person\/466a0e03ae4b6062809046bd560ac955","name":"bvalente","image":{"@type":"ImageObject","inLanguage":"pt-BR","@id":"https:\/\/www.manaus.am.gov.br\/semsa\/#\/schema\/person\/image\/","url":"https:\/\/secure.gravatar.com\/avatar\/3e69bc2b014bdad41adfec3a39de07d2?s=96&d=mm&r=g","contentUrl":"https:\/\/secure.gravatar.com\/avatar\/3e69bc2b014bdad41adfec3a39de07d2?s=96&d=mm&r=g","caption":"bvalente"}}]}},"_links":{"self":[{"href":"https:\/\/www.manaus.am.gov.br\/semsa\/wp-json\/wp\/v2\/posts\/214552"}],"collection":[{"href":"https:\/\/www.manaus.am.gov.br\/semsa\/wp-json\/wp\/v2\/posts"}],"about":[{"href":"https:\/\/www.manaus.am.gov.br\/semsa\/wp-json\/wp\/v2\/types\/post"}],"author":[{"embeddable":true,"href":"https:\/\/www.manaus.am.gov.br\/semsa\/wp-json\/wp\/v2\/users\/68"}],"replies":[{"embeddable":true,"href":"https:\/\/www.manaus.am.gov.br\/semsa\/wp-json\/wp\/v2\/comments?post=214552"}],"version-history":[{"count":1,"href":"https:\/\/www.manaus.am.gov.br\/semsa\/wp-json\/wp\/v2\/posts\/214552\/revisions"}],"predecessor-version":[{"id":214554,"href":"https:\/\/www.manaus.am.gov.br\/semsa\/wp-json\/wp\/v2\/posts\/214552\/revisions\/214554"}],"wp:featuredmedia":[{"embeddable":true,"href":"https:\/\/www.manaus.am.gov.br\/semsa\/wp-json\/wp\/v2\/media\/214553"}],"wp:attachment":[{"href":"https:\/\/www.manaus.am.gov.br\/semsa\/wp-json\/wp\/v2\/media?parent=214552"}],"wp:term":[{"taxonomy":"category","embeddable":true,"href":"https:\/\/www.manaus.am.gov.br\/semsa\/wp-json\/wp\/v2\/categories?post=214552"},{"taxonomy":"post_tag","embeddable":true,"href":"https:\/\/www.manaus.am.gov.br\/semsa\/wp-json\/wp\/v2\/tags?post=214552"}],"curies":[{"name":"wp","href":"https:\/\/api.w.org\/{rel}","templated":true}]}}