{"id":214494,"date":"2021-06-08T18:22:07","date_gmt":"2021-06-08T22:22:07","guid":{"rendered":"https:\/\/www.manaus.am.gov.br\/semsa\/prefeitura-de-manaus-reforca-a-importancia-do-teste-do-pezinho\/"},"modified":"2024-02-26T15:55:50","modified_gmt":"2024-02-26T19:55:50","slug":"prefeitura-de-manaus-reforca-a-importancia-do-teste-do-pezinho","status":"publish","type":"post","link":"https:\/\/www.manaus.am.gov.br\/semsa\/prefeitura-de-manaus-reforca-a-importancia-do-teste-do-pezinho\/","title":{"rendered":"Prefeitura de Manaus refor\u00e7a a import\u00e2ncia do teste do pezinho"},"content":{"rendered":"\n<p>O teste de pezinho, direito assegurado por lei, permite o diagn\u00f3stico precoce de doen\u00e7as metab\u00f3licas, gen\u00e9ticas e infec\u00e7\u00f5es capazes de afetar o desenvolvimento neuropsicomotor do rec\u00e9m-nascido. No Dia Nacional do Teste do Pezinho, celebrado no&nbsp; \u00faltimo domingo, 6\/6, a Prefeitura de Manaus salienta a import\u00e2ncia do exame para assegurar a qualidade de vida das crian\u00e7as. A data foi institu\u00edda em 2007 com a proposta de orientar a popula\u00e7\u00e3o sobre o car\u00e1ter preventivo das doen\u00e7as que n\u00e3o se manifestam nos primeiros dias de vida.<\/p>\n\n\n\n<p>Dados registrados pela maternidade gerenciada pela Secretaria Municipal de Sa\u00fade (Semsa), a Moura Tapaj\u00f3z, localizada na avenida Brasil, Compensa, zona Oeste, indicam que em 2020 foram realizados 2.604 testes do pezinho naquela unidade, enquanto que de 1\u00ba de janeiro a 1\u00ba de junho deste ano foram feitos 1.244.<\/p>\n\n\n\n<p>A titular da Semsa, Sh\u00e1dia Fraxe, evidencia a import\u00e2ncia do exame para a detec\u00e7\u00e3o de uma s\u00e9rie de condi\u00e7\u00f5es que, tratadas de forma antecipada, asseguram a qualidade de vida das crian\u00e7as.<\/p>\n\n\n\n<p>\u201cO prefeito David Almeida \u00e9 muito comprometido com a garantia de direitos das crian\u00e7as, por isso sua gest\u00e3o tem atuado fortemente no sentido de assegurar que o teste do pezinho seja realidade em nossas unidades de sa\u00fade\u201d, acentua.<\/p>\n\n\n\n<p>Segundo a chefe do N\u00facleo de Sa\u00fade da Crian\u00e7a e do Adolescente da Semsa, enfermeira Ivone Amazonas, as Unidades B\u00e1sicas de Sa\u00fade de refer\u00eancia \u00e0s m\u00e3es est\u00e3o organizadas para realizar o teste do pezinho, quando a crian\u00e7a n\u00e3o o realiza na maternidade. Para isso \u00e9 preciso apresentar a Caderneta da Crian\u00e7a, cart\u00e3o do SUS e solicita\u00e7\u00e3o do pediatra, dada na maternidade.<\/p>\n\n\n\n<p>\u201cO agendamento do exame \u00e9 feito pela pr\u00f3pria maternidade onde a crian\u00e7a nasce, na UBS mais pr\u00f3xima da resid\u00eancia da m\u00e3e e do beb\u00ea. Tudo \u00e9 feito de forma a facilitar a realiza\u00e7\u00e3o desse exame, que \u00e9 fundamental para que uma s\u00e9rie de atitudes sejam tomadas em favor da sa\u00fade da crian\u00e7a\u201d, afirma.<\/p>\n\n\n\n<h2 class=\"wp-block-heading\">Coleta<\/h2>\n\n\n\n<p>O teste do pezinho \u00e9 a coleta de sangue no calcanhar do rec\u00e9m-nascido, local rico em vasos sangu\u00edneos, que deve ser realizada de prefer\u00eancia entre o terceiro e quinto dia de vida. Embora n\u00e3o exista impedimento para que as crian\u00e7as realizem o teste ap\u00f3s esse per\u00edodo, a indica\u00e7\u00e3o \u00e9 que este prazo seja obedecido, para que um tratamento precoce seja iniciado, quando necess\u00e1rio.<\/p>\n\n\n\n<p>Dentre as doen\u00e7as detectadas precocemente est\u00e3o&nbsp;Hipotireoidismo Cong\u00eanito (HC), Fenilceton\u00faria (PKU), Doen\u00e7a Falciforme (DF), Aminoacidopatias (AA), Fibrose C\u00edstica (FC), Hiperplasia Adrenal Cong\u00eanita (HAC) e Defici\u00eancia de Biotinidase (BIO).<\/p>\n\n\n\n<p>Investindo no trabalho de sensibiliza\u00e7\u00e3o, os profissionais de sa\u00fade da Semsa promovem a\u00e7\u00f5es de educa\u00e7\u00e3o em sa\u00fade nas UBS e na maternidade Moura Tapaj\u00f3s. Al\u00e9m de sinalizar a import\u00e2ncia do teste, quando altera\u00e7\u00f5es s\u00e3o detectadas, as crian\u00e7as s\u00e3o encaminhadas para tratamento com especialistas na rede p\u00fablica de sa\u00fade.<\/p>\n\n\n\n<h2 class=\"wp-block-heading\">Direito assegurado<\/h2>\n\n\n\n<p>O dia 6 de junho, Dia Nacional do Teste do Pezinho, &nbsp;foi&nbsp; institu\u00eddo pela&nbsp;<a href=\"http:\/\/www.planalto.gov.br\/ccivil_03\/_ato2007-2010\/2007\/lei\/l11605.htm\">Lei n\u00ba 11.605\/2007<\/a>, com a proposta de informar \u00e0 popula\u00e7\u00e3o sobre o&nbsp;<a href=\"http:\/\/bvsms.saude.gov.br\/bvs\/saudelegis\/gm\/2001\/prt0822_06_06_2001.html\">Programa Nacional de Triagem Neonatal<\/a>, destacando&nbsp;a import\u00e2ncia da realiza\u00e7\u00e3o do teste e sua obrigatoriedade para todos os rec\u00e9m-nascidos.<\/p>\n\n\n\n<p>O programa tem o objetivo de prevenir as complica\u00e7\u00f5es e sintomas das doen\u00e7as investigadas e que n\u00e3o apresentam sintomas no per\u00edodo neonatal, compreendido nos primeiros 28 dias de vida, que sem os cuidados necess\u00e1rios podem ter um forte impacto na sa\u00fade da crian\u00e7a, afetando seu desenvolvimento mental. Uma vez que as doen\u00e7as s\u00e3o confirmadas e tratadas, a crian\u00e7a tem mais possibilidades de se desenvolver sem sequelas, com mais qualidade de vida.<\/p>\n\n\n\n<h2 class=\"wp-block-heading\">Locais onde o Teste do Pezinho \u00e9 ofertado<\/h2>\n\n\n\n<h3 class=\"wp-block-heading\">Zona Norte<\/h3>\n\n\n\n<p>UBS Armando Mendes<\/p>\n\n\n\n<p>Rua Aragar\u00e7as, s\/n\u00ba \u2013 Manoa<\/p>\n\n\n\n<p>UBS Jos\u00e9 Figliuolo<\/p>\n\n\n\n<p>Rua Rio Maicuru, s\/n\u00ba &#8211; Lago Azul<\/p>\n\n\n\n<h3 class=\"wp-block-heading\">Zona Sul<\/h3>\n\n\n\n<p>UBS Almir Pedreira<\/p>\n\n\n\n<p>Rua 09, s\/n\u00ba &#8211; Lagoa Verde<\/p>\n\n\n\n<p>UBS Louren\u00e7o Borghi<\/p>\n\n\n\n<p>Travessa S\/6, s\/n\u00ba \u2013 Japiinl\u00e2ndia<\/p>\n\n\n\n<p>UBS S\u00e3o Francisco<\/p>\n\n\n\n<p>Rua Rodolfo Valle, s\/n\u00ba &#8211; S\u00e3o Francisco<\/p>\n\n\n\n<p>UBS Frank Calderon<\/p>\n\n\n\n<p>Rua Boa Esperan\u00e7a, s\/n\u00ba &#8211; Crespo<\/p>\n\n\n\n<p>UBS Japiim<\/p>\n\n\n\n<p>Travessa Sauim, 70 \u2013 Conjunto 31 de Mar\u00e7o<\/p>\n\n\n\n<p>UBS Santa Luzia<\/p>\n\n\n\n<p>Rua Leopoldo Neves, s\/n\u00ba &#8211; Santa Luzia<\/p>\n\n\n\n<p>UBS Nilton Lins<\/p>\n\n\n\n<p>Av. Prof. Nilton Lins, 2.344 \u2013 Flores<\/p>\n\n\n\n<h3 class=\"wp-block-heading\">Zona Leste<\/h3>\n\n\n\n<p>UBS Luiza do Carmo Ribeiro<\/p>\n\n\n\n<p>Rodovia BR-319, 5.585 &#8211; Vila da Felicidade<\/p>\n\n\n\n<p>UBS Geraldo Magela<\/p>\n\n\n\n<p>Rua I, s\/n\u00ba &#8211; Armando Mendes<\/p>\n\n\n\n<p>UBS Avelino Pereira<\/p>\n\n\n\n<p>Rua Cravinho, s\/n\u00ba &#8211; Jorge Teixeira<\/p>\n\n\n\n<p>UBS Cacilda de Freitas<\/p>\n\n\n\n<p>Rua da Penetra\u00e7\u00e3o, s\/n\u00ba &#8211; S\u00e3o Jos\u00e9 II<\/p>\n\n\n\n<p>UBS Gilson Moreira<\/p>\n\n\n\n<p>Rua Natal, s\/n\u00ba 7 \u2013 Zumbi<\/p>\n\n\n\n<p>UBS Lago do Aleixo<\/p>\n\n\n\n<p>Rua Raoul Fulleraou, 112 \u2013 Col\u00f4nia Ant\u00f4nio Aleixo<\/p>\n\n\n\n<p>UBS Silas Santos<\/p>\n\n\n\n<p>Rua Guapor\u00e9, s\/n\u00ba &#8211; S\u00e3o Jos\u00e9<\/p>\n\n\n\n<p>UBS Josephina de Melo<\/p>\n\n\n\n<p>Rua Cupi\u00faba, s\/n &#8211; Jorge Teixeira<\/p>\n\n\n\n<p>UBS Plat\u00e3o Ara\u00fajo<\/p>\n\n\n\n<p>Rua Barroso, s\/n\u00ba \u2013 Puraquequara<\/p>\n\n\n\n<h3 class=\"wp-block-heading\">Zona Oeste<\/h3>\n\n\n\n<p>UBS Santo Ant\u00f4nio<\/p>\n\n\n\n<p>Rua Lauro Bittencourt, s\/n\u00ba &#8211; Santo Ant\u00f4nio<\/p>\n\n\n\n<p>UBS Bairro da Paz<\/p>\n\n\n\n<p>Av. Esperan\u00e7a, 51 &#8211; Bairro da Paz<\/p>\n\n\n\n<h3 class=\"wp-block-heading\">Zona Rural<\/h3>\n\n\n\n<p>UBSR S\u00e3o Pedro<\/p>\n\n\n\n<p>Rodovia AM-010, Km 35<\/p>\n\n\n\n<p>UBSR Efhig\u00eanio Salles<\/p>\n\n\n\n<p>Rodovia AM-010, Km 41<\/p>\n\n\n\n<p>UBSR Pau-Rosa<\/p>\n\n\n\n<p>BR-174, Km 15<\/p>\n\n\n\n<p>UBSR Ada Viana<\/p>\n\n\n\n<p>BR-174, Km 41<\/p>\n\n\n\n<h2 class=\"wp-block-heading\">Unidade Fluvial<\/h2>\n\n\n\n<p>Durante as viagens peri\u00f3dicas para atendimento \u00e0s comunidades ribeirinhas<\/p>\n\n\n\n<p>UBSR Nossa Senhora do Livramento<\/p>\n\n\n\n<p>Margem esquerda do rio Negro<\/p>\n\n\n\n<p>UBSR Nossa Senhora de F\u00e1tima<\/p>\n\n\n\n<p>Margem esquerda do rio Negro<\/p>\n\n\n\n<p>UBSR Nossa Senhora Auxiliadora<\/p>\n\n\n\n<p>Margem esquerda do rio Tarum\u00e3-A\u00e7u<\/p>\n\n\n\n<p>&#8212; &#8212; &#8212;<\/p>\n\n\n\n<p><strong>Texto &#8211; <\/strong>T\u00e2nia Brand\u00e3o \/ Semsa<br><strong>Foto \u2013 <\/strong>Jo\u00e3o Viana \/ Arquivo Semcom<br><strong>Dispon\u00edvel em<\/strong> &#8211; <a href=\"https:\/\/flic.kr\/p\/2kNhN4f\" target=\"_blank\" rel=\"noreferrer noopener\">https:\/\/flic.kr\/p\/2kNhN4f<\/a><\/p>\n","protected":false},"excerpt":{"rendered":"","protected":false},"author":31,"featured_media":214495,"comment_status":"closed","ping_status":"closed","sticky":false,"template":"","format":"standard","meta":{"footnotes":""},"categories":[3],"tags":[420,1489,1042],"acf":[],"yoast_head":"<!-- This site is optimized with the Yoast SEO plugin v23.0 - https:\/\/yoast.com\/wordpress\/plugins\/seo\/ -->\n<title>Prefeitura de Manaus refor\u00e7a a import\u00e2ncia do teste do pezinho - SEMSA<\/title>\n<meta name=\"robots\" content=\"index, follow, max-snippet:-1, max-image-preview:large, max-video-preview:-1\" \/>\n<link rel=\"canonical\" href=\"https:\/\/www.manaus.am.gov.br\/semsa\/prefeitura-de-manaus-reforca-a-importancia-do-teste-do-pezinho\/\" \/>\n<meta property=\"og:locale\" content=\"pt_BR\" \/>\n<meta property=\"og:type\" content=\"article\" \/>\n<meta property=\"og:title\" content=\"Prefeitura de Manaus refor\u00e7a a import\u00e2ncia do teste do pezinho - SEMSA\" \/>\n<meta property=\"og:url\" content=\"https:\/\/www.manaus.am.gov.br\/semsa\/prefeitura-de-manaus-reforca-a-importancia-do-teste-do-pezinho\/\" \/>\n<meta property=\"og:site_name\" content=\"SEMSA\" \/>\n<meta property=\"article:published_time\" content=\"2021-06-08T22:22:07+00:00\" \/>\n<meta property=\"article:modified_time\" content=\"2024-02-26T19:55:50+00:00\" \/>\n<meta property=\"og:image\" content=\"https:\/\/www.manaus.am.gov.br\/semsa\/wp-content\/uploads\/sites\/8\/2024\/02\/Prefeitura-de-Manaus-reforca-a-importancia-do-teste-do-pezinho.jpg\" \/>\n\t<meta property=\"og:image:width\" content=\"799\" \/>\n\t<meta property=\"og:image:height\" content=\"533\" \/>\n\t<meta property=\"og:image:type\" content=\"image\/jpeg\" \/>\n<meta name=\"author\" content=\"Renata Felix\" \/>\n<meta name=\"twitter:card\" content=\"summary_large_image\" \/>\n<meta name=\"twitter:label1\" content=\"Written by\" \/>\n\t<meta name=\"twitter:data1\" content=\"Renata Felix\" \/>\n\t<meta name=\"twitter:label2\" content=\"Est. reading time\" \/>\n\t<meta name=\"twitter:data2\" content=\"5 minutos\" \/>\n<script type=\"application\/ld+json\" class=\"yoast-schema-graph\">{\"@context\":\"https:\/\/schema.org\",\"@graph\":[{\"@type\":\"WebPage\",\"@id\":\"https:\/\/www.manaus.am.gov.br\/semsa\/prefeitura-de-manaus-reforca-a-importancia-do-teste-do-pezinho\/\",\"url\":\"https:\/\/www.manaus.am.gov.br\/semsa\/prefeitura-de-manaus-reforca-a-importancia-do-teste-do-pezinho\/\",\"name\":\"Prefeitura de Manaus refor\u00e7a a import\u00e2ncia do teste do pezinho - SEMSA\",\"isPartOf\":{\"@id\":\"https:\/\/www.manaus.am.gov.br\/semsa\/#website\"},\"primaryImageOfPage\":{\"@id\":\"https:\/\/www.manaus.am.gov.br\/semsa\/prefeitura-de-manaus-reforca-a-importancia-do-teste-do-pezinho\/#primaryimage\"},\"image\":{\"@id\":\"https:\/\/www.manaus.am.gov.br\/semsa\/prefeitura-de-manaus-reforca-a-importancia-do-teste-do-pezinho\/#primaryimage\"},\"thumbnailUrl\":\"https:\/\/www.manaus.am.gov.br\/semsa\/wp-content\/uploads\/sites\/8\/2024\/02\/Prefeitura-de-Manaus-reforca-a-importancia-do-teste-do-pezinho.jpg\",\"datePublished\":\"2021-06-08T22:22:07+00:00\",\"dateModified\":\"2024-02-26T19:55:50+00:00\",\"author\":{\"@id\":\"https:\/\/www.manaus.am.gov.br\/semsa\/#\/schema\/person\/4eea2a8f78dc853097abb026f728aa06\"},\"inLanguage\":\"pt-BR\",\"potentialAction\":[{\"@type\":\"ReadAction\",\"target\":[\"https:\/\/www.manaus.am.gov.br\/semsa\/prefeitura-de-manaus-reforca-a-importancia-do-teste-do-pezinho\/\"]}]},{\"@type\":\"ImageObject\",\"inLanguage\":\"pt-BR\",\"@id\":\"https:\/\/www.manaus.am.gov.br\/semsa\/prefeitura-de-manaus-reforca-a-importancia-do-teste-do-pezinho\/#primaryimage\",\"url\":\"https:\/\/www.manaus.am.gov.br\/semsa\/wp-content\/uploads\/sites\/8\/2024\/02\/Prefeitura-de-Manaus-reforca-a-importancia-do-teste-do-pezinho.jpg\",\"contentUrl\":\"https:\/\/www.manaus.am.gov.br\/semsa\/wp-content\/uploads\/sites\/8\/2024\/02\/Prefeitura-de-Manaus-reforca-a-importancia-do-teste-do-pezinho.jpg\",\"width\":799,\"height\":533,\"caption\":\"Prefeitura de Manaus refor\u00e7a a import\u00e2ncia do teste do pezinho\"},{\"@type\":\"WebSite\",\"@id\":\"https:\/\/www.manaus.am.gov.br\/semsa\/#website\",\"url\":\"https:\/\/www.manaus.am.gov.br\/semsa\/\",\"name\":\"SEMSA\",\"description\":\"Secretaria Municipal de Sa\u00fade\",\"alternateName\":\"Secretaria Municipal de Sa\u00fade\",\"potentialAction\":[{\"@type\":\"SearchAction\",\"target\":{\"@type\":\"EntryPoint\",\"urlTemplate\":\"https:\/\/www.manaus.am.gov.br\/semsa\/?s={search_term_string}\"},\"query-input\":\"required name=search_term_string\"}],\"inLanguage\":\"pt-BR\"},{\"@type\":\"Person\",\"@id\":\"https:\/\/www.manaus.am.gov.br\/semsa\/#\/schema\/person\/4eea2a8f78dc853097abb026f728aa06\",\"name\":\"Renata Felix\",\"image\":{\"@type\":\"ImageObject\",\"inLanguage\":\"pt-BR\",\"@id\":\"https:\/\/www.manaus.am.gov.br\/semsa\/#\/schema\/person\/image\/\",\"url\":\"https:\/\/secure.gravatar.com\/avatar\/3c196cf9d3b837b24c8edb2c50fd8f29?s=96&d=mm&r=g\",\"contentUrl\":\"https:\/\/secure.gravatar.com\/avatar\/3c196cf9d3b837b24c8edb2c50fd8f29?s=96&d=mm&r=g\",\"caption\":\"Renata Felix\"}}]}<\/script>\n<!-- \/ Yoast SEO plugin. -->","yoast_head_json":{"title":"Prefeitura de Manaus refor\u00e7a a import\u00e2ncia do teste do pezinho - SEMSA","robots":{"index":"index","follow":"follow","max-snippet":"max-snippet:-1","max-image-preview":"max-image-preview:large","max-video-preview":"max-video-preview:-1"},"canonical":"https:\/\/www.manaus.am.gov.br\/semsa\/prefeitura-de-manaus-reforca-a-importancia-do-teste-do-pezinho\/","og_locale":"pt_BR","og_type":"article","og_title":"Prefeitura de Manaus refor\u00e7a a import\u00e2ncia do teste do pezinho - SEMSA","og_url":"https:\/\/www.manaus.am.gov.br\/semsa\/prefeitura-de-manaus-reforca-a-importancia-do-teste-do-pezinho\/","og_site_name":"SEMSA","article_published_time":"2021-06-08T22:22:07+00:00","article_modified_time":"2024-02-26T19:55:50+00:00","og_image":[{"width":799,"height":533,"url":"https:\/\/www.manaus.am.gov.br\/semsa\/wp-content\/uploads\/sites\/8\/2024\/02\/Prefeitura-de-Manaus-reforca-a-importancia-do-teste-do-pezinho.jpg","type":"image\/jpeg"}],"author":"Renata Felix","twitter_card":"summary_large_image","twitter_misc":{"Written by":"Renata Felix","Est. reading time":"5 minutos"},"schema":{"@context":"https:\/\/schema.org","@graph":[{"@type":"WebPage","@id":"https:\/\/www.manaus.am.gov.br\/semsa\/prefeitura-de-manaus-reforca-a-importancia-do-teste-do-pezinho\/","url":"https:\/\/www.manaus.am.gov.br\/semsa\/prefeitura-de-manaus-reforca-a-importancia-do-teste-do-pezinho\/","name":"Prefeitura de Manaus refor\u00e7a a import\u00e2ncia do teste do pezinho - SEMSA","isPartOf":{"@id":"https:\/\/www.manaus.am.gov.br\/semsa\/#website"},"primaryImageOfPage":{"@id":"https:\/\/www.manaus.am.gov.br\/semsa\/prefeitura-de-manaus-reforca-a-importancia-do-teste-do-pezinho\/#primaryimage"},"image":{"@id":"https:\/\/www.manaus.am.gov.br\/semsa\/prefeitura-de-manaus-reforca-a-importancia-do-teste-do-pezinho\/#primaryimage"},"thumbnailUrl":"https:\/\/www.manaus.am.gov.br\/semsa\/wp-content\/uploads\/sites\/8\/2024\/02\/Prefeitura-de-Manaus-reforca-a-importancia-do-teste-do-pezinho.jpg","datePublished":"2021-06-08T22:22:07+00:00","dateModified":"2024-02-26T19:55:50+00:00","author":{"@id":"https:\/\/www.manaus.am.gov.br\/semsa\/#\/schema\/person\/4eea2a8f78dc853097abb026f728aa06"},"inLanguage":"pt-BR","potentialAction":[{"@type":"ReadAction","target":["https:\/\/www.manaus.am.gov.br\/semsa\/prefeitura-de-manaus-reforca-a-importancia-do-teste-do-pezinho\/"]}]},{"@type":"ImageObject","inLanguage":"pt-BR","@id":"https:\/\/www.manaus.am.gov.br\/semsa\/prefeitura-de-manaus-reforca-a-importancia-do-teste-do-pezinho\/#primaryimage","url":"https:\/\/www.manaus.am.gov.br\/semsa\/wp-content\/uploads\/sites\/8\/2024\/02\/Prefeitura-de-Manaus-reforca-a-importancia-do-teste-do-pezinho.jpg","contentUrl":"https:\/\/www.manaus.am.gov.br\/semsa\/wp-content\/uploads\/sites\/8\/2024\/02\/Prefeitura-de-Manaus-reforca-a-importancia-do-teste-do-pezinho.jpg","width":799,"height":533,"caption":"Prefeitura de Manaus refor\u00e7a a import\u00e2ncia do teste do pezinho"},{"@type":"WebSite","@id":"https:\/\/www.manaus.am.gov.br\/semsa\/#website","url":"https:\/\/www.manaus.am.gov.br\/semsa\/","name":"SEMSA","description":"Secretaria Municipal de Sa\u00fade","alternateName":"Secretaria Municipal de Sa\u00fade","potentialAction":[{"@type":"SearchAction","target":{"@type":"EntryPoint","urlTemplate":"https:\/\/www.manaus.am.gov.br\/semsa\/?s={search_term_string}"},"query-input":"required name=search_term_string"}],"inLanguage":"pt-BR"},{"@type":"Person","@id":"https:\/\/www.manaus.am.gov.br\/semsa\/#\/schema\/person\/4eea2a8f78dc853097abb026f728aa06","name":"Renata Felix","image":{"@type":"ImageObject","inLanguage":"pt-BR","@id":"https:\/\/www.manaus.am.gov.br\/semsa\/#\/schema\/person\/image\/","url":"https:\/\/secure.gravatar.com\/avatar\/3c196cf9d3b837b24c8edb2c50fd8f29?s=96&d=mm&r=g","contentUrl":"https:\/\/secure.gravatar.com\/avatar\/3c196cf9d3b837b24c8edb2c50fd8f29?s=96&d=mm&r=g","caption":"Renata Felix"}}]}},"_links":{"self":[{"href":"https:\/\/www.manaus.am.gov.br\/semsa\/wp-json\/wp\/v2\/posts\/214494"}],"collection":[{"href":"https:\/\/www.manaus.am.gov.br\/semsa\/wp-json\/wp\/v2\/posts"}],"about":[{"href":"https:\/\/www.manaus.am.gov.br\/semsa\/wp-json\/wp\/v2\/types\/post"}],"author":[{"embeddable":true,"href":"https:\/\/www.manaus.am.gov.br\/semsa\/wp-json\/wp\/v2\/users\/31"}],"replies":[{"embeddable":true,"href":"https:\/\/www.manaus.am.gov.br\/semsa\/wp-json\/wp\/v2\/comments?post=214494"}],"version-history":[{"count":0,"href":"https:\/\/www.manaus.am.gov.br\/semsa\/wp-json\/wp\/v2\/posts\/214494\/revisions"}],"wp:featuredmedia":[{"embeddable":true,"href":"https:\/\/www.manaus.am.gov.br\/semsa\/wp-json\/wp\/v2\/media\/214495"}],"wp:attachment":[{"href":"https:\/\/www.manaus.am.gov.br\/semsa\/wp-json\/wp\/v2\/media?parent=214494"}],"wp:term":[{"taxonomy":"category","embeddable":true,"href":"https:\/\/www.manaus.am.gov.br\/semsa\/wp-json\/wp\/v2\/categories?post=214494"},{"taxonomy":"post_tag","embeddable":true,"href":"https:\/\/www.manaus.am.gov.br\/semsa\/wp-json\/wp\/v2\/tags?post=214494"}],"curies":[{"name":"wp","href":"https:\/\/api.w.org\/{rel}","templated":true}]}}