{"id":214422,"date":"2024-02-16T15:54:11","date_gmt":"2024-02-16T19:54:11","guid":{"rendered":"https:\/\/www.manaus.am.gov.br\/semsa\/prefeitura-inicia-imunizacao-de-criancas-de-10-e-11-anos-contra-dengue-no-proximo-dia-22-2\/"},"modified":"2024-02-16T15:54:11","modified_gmt":"2024-02-16T19:54:11","slug":"prefeitura-inicia-imunizacao-de-criancas-de-10-e-11-anos-contra-dengue-no-proximo-dia-22-2","status":"publish","type":"post","link":"https:\/\/www.manaus.am.gov.br\/semsa\/prefeitura-inicia-imunizacao-de-criancas-de-10-e-11-anos-contra-dengue-no-proximo-dia-22-2\/","title":{"rendered":"Prefeitura inicia imuniza\u00e7\u00e3o de crian\u00e7as de 10 e 11 anos contra dengue no pr\u00f3ximo dia 22\/2"},"content":{"rendered":"\n<p>A Prefeitura de Manaus dar\u00e1 in\u00edcio \u00e0 vacina\u00e7\u00e3o contra a dengue na pr\u00f3xima quinta-feira, 22\/2, para crian\u00e7as de 10 e 11 anos de idade, com a oferta do imunizante em 171 salas de vacina gerenciadas pela Secretaria Municipal de Sa\u00fade (Semsa). A estrat\u00e9gia de imuniza\u00e7\u00e3o \u00e9 coordenada pela Semsa e complementa as a\u00e7\u00f5es da gest\u00e3o municipal para preven\u00e7\u00e3o e controle das arboviroses.<\/p>\n\n\n\n<p>Para a secret\u00e1ria municipal de Sa\u00fade, Sh\u00e1dia Fraxe, a vacina\u00e7\u00e3o representa um avan\u00e7o no enfrentamento da dengue, que teve aumento de casos em todo o pa\u00eds neste in\u00edcio de ano. Em Manaus, at\u00e9 o \u00faltimo dia 10\/2, foram confirmados 923 casos da arbovirose, transmitida por mosquitos da esp\u00e9cie Aedes aegypti.<\/p>\n\n\n\n<p>\u201cA vacina \u00e9 mais uma conquista da sa\u00fade p\u00fablica, e ficamos felizes em contar com essa prote\u00e7\u00e3o para nossas crian\u00e7as. Pedimos aos pais que n\u00e3o deixem de vacinar os filhos, e sigam atentos para eliminar os focos de \u00e1gua parada nas casas e quintais, que servem de criadouros para os mosquitos\u201d, afirma.<\/p>\n\n\n\n<p>Sh\u00e1dia aponta que a vacina\u00e7\u00e3o vai contribuir para a diminui\u00e7\u00e3o da incid\u00eancia e dos agravos decorrentes da dengue. \u201cA vacina previne a infec\u00e7\u00e3o por qualquer sorotipo do v\u00edrus, reduzindo o risco de adoecimento, hospitaliza\u00e7\u00e3o ou \u00f3bito. O impacto da estrat\u00e9gia vai ficar mais evidente em m\u00e9dio e longo prazo, \u00e0 medida que tivermos mais jovens imunizados\u201d.<\/p>\n\n\n\n<p>Para receber a vacina nos pontos de imuniza\u00e7\u00e3o da Semsa, a crian\u00e7a deve estar acompanhada dos pais ou respons\u00e1veis, levando o documento oficial de identifica\u00e7\u00e3o, Cart\u00e3o Nacional de Sa\u00fade (CNS) ou CPF, e cart\u00e3o de vacina.<\/p>\n\n\n\n<p>Dentre os estabelecimentos da secretaria que participam da estrat\u00e9gia de imuniza\u00e7\u00e3o est\u00e3o nove unidades de sa\u00fade que atendem em hor\u00e1rio ampliado, das 8h \u00e0s 20h, de segunda a sexta-feira, e das 8h \u00e0s 12h, aos s\u00e1bados. A lista completa de unidades, com endere\u00e7os e hor\u00e1rios de funcionamento, est\u00e1 dispon\u00edvel em no site <a href=\"https:\/\/manaus.am.gov.br\/semsa\">https:\/\/manaus.am.gov.br\/semsa<\/a> ou diretamente pelo link <a href=\"https:\/\/bit.ly\/SalasVacinaManaus\">https:\/\/bit.ly\/SalasVacinaManaus<\/a>.<\/p>\n\n\n\n<p>Al\u00e9m da oferta da vacina nos pontos de imuniza\u00e7\u00e3o, a estrat\u00e9gia da Semsa incluir\u00e1 a vacina\u00e7\u00e3o em unidades de ensino vinculadas ao Programa Sa\u00fade na Escola (PSE), da secretaria, e em escolas situadas pr\u00f3ximas de unidades da rede b\u00e1sica.<\/p>\n\n\n\n<p><strong>Imuniza\u00e7\u00e3o<\/strong><\/p>\n\n\n\n<p>Para o in\u00edcio da imuniza\u00e7\u00e3o em Manaus, a Semsa recebeu um primeiro lote do Minist\u00e9rio da Sa\u00fade, com pouco mais de 65 mil doses da vacina Qdenga, indicada para a preven\u00e7\u00e3o da dengue causada por qualquer sorotipo do v\u00edrus. O imunizante foi incorporado no Sistema \u00danico de Sa\u00fade (SUS) no ano passado, sendo o Brasil o primeiro pa\u00eds do mundo a ofert\u00e1-lo no sistema p\u00fablico de assist\u00eancia.<\/p>\n\n\n\n<p>Conforme a gerente de Imuniza\u00e7\u00e3o da Semsa, Isabel Hernandes, nesta fase inicial, a vacina\u00e7\u00e3o \u00e9 voltada a crian\u00e7as de 10 e 11 anos, com popula\u00e7\u00e3o estimada em 65.037 pessoas no munic\u00edpio, segundo recomenda\u00e7\u00e3o do Minist\u00e9rio da Sa\u00fade. A estrat\u00e9gia dever\u00e1 alcan\u00e7ar progressivamente as demais popula\u00e7\u00f5es dentro da faixa et\u00e1ria de 10 a 14 anos, incorporada no Programa Nacional de Imuniza\u00e7\u00e3o (PNI).<\/p>\n\n\n\n<p>\u201cA meta da estrat\u00e9gia \u00e9 imunizar 90% da popula\u00e7\u00e3o de 10 a 14 anos no munic\u00edpio. \u00c0 medida que formos recebendo novos lotes, vamos avan\u00e7ar dentro da faixa et\u00e1ria prevista no PNI, alcan\u00e7ando tamb\u00e9m os adolescentes\u201d, antecipa a gerente.<\/p>\n\n\n\n<p>Conforme Isabel, o esquema completo da Qdenga prev\u00ea duas doses, com intervalo recomendado de tr\u00eas meses entre cada aplica\u00e7\u00e3o. Caso tenha tido infec\u00e7\u00e3o recente por dengue, ela explica, \u00e9 recomendado que a pessoa aguarde seis meses antes de iniciar o esquema vacinal. Se a infec\u00e7\u00e3o ocorrer ap\u00f3s a primeira dose, deve-se assegurar que a segunda seja aplicada ao menos 30 dias ap\u00f3s o in\u00edcio dos sintomas.<\/p>\n\n\n\n<p>\u201cA crian\u00e7a pode tomar a vacina contra a dengue junto com as demais do Calend\u00e1rio Nacional de Vacina\u00e7\u00e3o, exceto as de febre amarela, tr\u00edplice viral e varicela, que requerem um intervalo de 30 dias\u201d, complementa.<\/p>\n\n\n\n<p>A gerente de Imuniza\u00e7\u00e3o da Semsa alerta ainda que a vacina \u00e9 contraindicada para gestantes, mulheres que estejam amamentando e pessoas com HIV ou com imunodefici\u00eancia cong\u00eanita ou adquirida, ou que estejam em uso de medicamentos imunossupressores.<\/p>\n\n\n\n<p>&#8212; &#8212; &#8212;<\/p>\n\n\n\n<p><strong>Texto<\/strong> &#8211; Jony Clay Borges \/ Semsa<strong>Fotos<\/strong> &#8211; Divulga\u00e7\u00e3o \/ Semsa<\/p>\n","protected":false},"excerpt":{"rendered":"","protected":false},"author":61,"featured_media":214423,"comment_status":"closed","ping_status":"closed","sticky":false,"template":"","format":"standard","meta":{"footnotes":""},"categories":[15],"tags":[134,49,54,28],"acf":[],"yoast_head":"<!-- This site is optimized with the Yoast SEO plugin v23.0 - https:\/\/yoast.com\/wordpress\/plugins\/seo\/ -->\n<title>Prefeitura vacina crian\u00e7as de 10 e 11 anos contra dengue<\/title>\n<meta name=\"robots\" content=\"index, follow, max-snippet:-1, max-image-preview:large, max-video-preview:-1\" \/>\n<link rel=\"canonical\" href=\"https:\/\/www.manaus.am.gov.br\/semsa\/prefeitura-inicia-imunizacao-de-criancas-de-10-e-11-anos-contra-dengue-no-proximo-dia-22-2\/\" \/>\n<meta property=\"og:locale\" content=\"pt_BR\" \/>\n<meta property=\"og:type\" content=\"article\" \/>\n<meta property=\"og:title\" content=\"Prefeitura vacina crian\u00e7as de 10 e 11 anos contra dengue\" \/>\n<meta property=\"og:url\" content=\"https:\/\/www.manaus.am.gov.br\/semsa\/prefeitura-inicia-imunizacao-de-criancas-de-10-e-11-anos-contra-dengue-no-proximo-dia-22-2\/\" \/>\n<meta property=\"og:site_name\" content=\"SEMSA\" \/>\n<meta property=\"article:published_time\" content=\"2024-02-16T19:54:11+00:00\" \/>\n<meta property=\"og:image\" content=\"https:\/\/www.manaus.am.gov.br\/semsa\/wp-content\/uploads\/sites\/8\/2024\/02\/Vacina-Dengue-1.jpg\" \/>\n\t<meta property=\"og:image:width\" content=\"799\" \/>\n\t<meta property=\"og:image:height\" content=\"533\" \/>\n\t<meta property=\"og:image:type\" content=\"image\/jpeg\" \/>\n<meta name=\"author\" content=\"smonteiro\" \/>\n<meta name=\"twitter:card\" content=\"summary_large_image\" \/>\n<meta name=\"twitter:label1\" content=\"Written by\" \/>\n\t<meta name=\"twitter:data1\" content=\"smonteiro\" \/>\n\t<meta name=\"twitter:label2\" content=\"Est. reading time\" \/>\n\t<meta name=\"twitter:data2\" content=\"4 minutos\" \/>\n<script type=\"application\/ld+json\" class=\"yoast-schema-graph\">{\"@context\":\"https:\/\/schema.org\",\"@graph\":[{\"@type\":\"WebPage\",\"@id\":\"https:\/\/www.manaus.am.gov.br\/semsa\/prefeitura-inicia-imunizacao-de-criancas-de-10-e-11-anos-contra-dengue-no-proximo-dia-22-2\/\",\"url\":\"https:\/\/www.manaus.am.gov.br\/semsa\/prefeitura-inicia-imunizacao-de-criancas-de-10-e-11-anos-contra-dengue-no-proximo-dia-22-2\/\",\"name\":\"Prefeitura vacina crian\u00e7as de 10 e 11 anos contra dengue\",\"isPartOf\":{\"@id\":\"https:\/\/www.manaus.am.gov.br\/semsa\/#website\"},\"primaryImageOfPage\":{\"@id\":\"https:\/\/www.manaus.am.gov.br\/semsa\/prefeitura-inicia-imunizacao-de-criancas-de-10-e-11-anos-contra-dengue-no-proximo-dia-22-2\/#primaryimage\"},\"image\":{\"@id\":\"https:\/\/www.manaus.am.gov.br\/semsa\/prefeitura-inicia-imunizacao-de-criancas-de-10-e-11-anos-contra-dengue-no-proximo-dia-22-2\/#primaryimage\"},\"thumbnailUrl\":\"https:\/\/www.manaus.am.gov.br\/semsa\/wp-content\/uploads\/sites\/8\/2024\/02\/Vacina-Dengue-1.jpg\",\"datePublished\":\"2024-02-16T19:54:11+00:00\",\"dateModified\":\"2024-02-16T19:54:11+00:00\",\"author\":{\"@id\":\"https:\/\/www.manaus.am.gov.br\/semsa\/#\/schema\/person\/ab4dcf766a54dff74e8d267f5c591961\"},\"inLanguage\":\"pt-BR\",\"potentialAction\":[{\"@type\":\"ReadAction\",\"target\":[\"https:\/\/www.manaus.am.gov.br\/semsa\/prefeitura-inicia-imunizacao-de-criancas-de-10-e-11-anos-contra-dengue-no-proximo-dia-22-2\/\"]}]},{\"@type\":\"ImageObject\",\"inLanguage\":\"pt-BR\",\"@id\":\"https:\/\/www.manaus.am.gov.br\/semsa\/prefeitura-inicia-imunizacao-de-criancas-de-10-e-11-anos-contra-dengue-no-proximo-dia-22-2\/#primaryimage\",\"url\":\"https:\/\/www.manaus.am.gov.br\/semsa\/wp-content\/uploads\/sites\/8\/2024\/02\/Vacina-Dengue-1.jpg\",\"contentUrl\":\"https:\/\/www.manaus.am.gov.br\/semsa\/wp-content\/uploads\/sites\/8\/2024\/02\/Vacina-Dengue-1.jpg\",\"width\":799,\"height\":533,\"caption\":\"#paratodosverem - servidora da Semsa segura caixas da vacina contra a dengue\"},{\"@type\":\"WebSite\",\"@id\":\"https:\/\/www.manaus.am.gov.br\/semsa\/#website\",\"url\":\"https:\/\/www.manaus.am.gov.br\/semsa\/\",\"name\":\"SEMSA\",\"description\":\"Secretaria Municipal de Sa\u00fade\",\"alternateName\":\"Secretaria Municipal de Sa\u00fade\",\"potentialAction\":[{\"@type\":\"SearchAction\",\"target\":{\"@type\":\"EntryPoint\",\"urlTemplate\":\"https:\/\/www.manaus.am.gov.br\/semsa\/?s={search_term_string}\"},\"query-input\":\"required name=search_term_string\"}],\"inLanguage\":\"pt-BR\"},{\"@type\":\"Person\",\"@id\":\"https:\/\/www.manaus.am.gov.br\/semsa\/#\/schema\/person\/ab4dcf766a54dff74e8d267f5c591961\",\"name\":\"smonteiro\",\"image\":{\"@type\":\"ImageObject\",\"inLanguage\":\"pt-BR\",\"@id\":\"https:\/\/www.manaus.am.gov.br\/semsa\/#\/schema\/person\/image\/\",\"url\":\"https:\/\/secure.gravatar.com\/avatar\/21c8776ef61d9272c73322052e042d77?s=96&d=mm&r=g\",\"contentUrl\":\"https:\/\/secure.gravatar.com\/avatar\/21c8776ef61d9272c73322052e042d77?s=96&d=mm&r=g\",\"caption\":\"smonteiro\"}}]}<\/script>\n<!-- \/ Yoast SEO plugin. -->","yoast_head_json":{"title":"Prefeitura vacina crian\u00e7as de 10 e 11 anos contra dengue","robots":{"index":"index","follow":"follow","max-snippet":"max-snippet:-1","max-image-preview":"max-image-preview:large","max-video-preview":"max-video-preview:-1"},"canonical":"https:\/\/www.manaus.am.gov.br\/semsa\/prefeitura-inicia-imunizacao-de-criancas-de-10-e-11-anos-contra-dengue-no-proximo-dia-22-2\/","og_locale":"pt_BR","og_type":"article","og_title":"Prefeitura vacina crian\u00e7as de 10 e 11 anos contra dengue","og_url":"https:\/\/www.manaus.am.gov.br\/semsa\/prefeitura-inicia-imunizacao-de-criancas-de-10-e-11-anos-contra-dengue-no-proximo-dia-22-2\/","og_site_name":"SEMSA","article_published_time":"2024-02-16T19:54:11+00:00","og_image":[{"width":799,"height":533,"url":"https:\/\/www.manaus.am.gov.br\/semsa\/wp-content\/uploads\/sites\/8\/2024\/02\/Vacina-Dengue-1.jpg","type":"image\/jpeg"}],"author":"smonteiro","twitter_card":"summary_large_image","twitter_misc":{"Written by":"smonteiro","Est. reading time":"4 minutos"},"schema":{"@context":"https:\/\/schema.org","@graph":[{"@type":"WebPage","@id":"https:\/\/www.manaus.am.gov.br\/semsa\/prefeitura-inicia-imunizacao-de-criancas-de-10-e-11-anos-contra-dengue-no-proximo-dia-22-2\/","url":"https:\/\/www.manaus.am.gov.br\/semsa\/prefeitura-inicia-imunizacao-de-criancas-de-10-e-11-anos-contra-dengue-no-proximo-dia-22-2\/","name":"Prefeitura vacina crian\u00e7as de 10 e 11 anos contra dengue","isPartOf":{"@id":"https:\/\/www.manaus.am.gov.br\/semsa\/#website"},"primaryImageOfPage":{"@id":"https:\/\/www.manaus.am.gov.br\/semsa\/prefeitura-inicia-imunizacao-de-criancas-de-10-e-11-anos-contra-dengue-no-proximo-dia-22-2\/#primaryimage"},"image":{"@id":"https:\/\/www.manaus.am.gov.br\/semsa\/prefeitura-inicia-imunizacao-de-criancas-de-10-e-11-anos-contra-dengue-no-proximo-dia-22-2\/#primaryimage"},"thumbnailUrl":"https:\/\/www.manaus.am.gov.br\/semsa\/wp-content\/uploads\/sites\/8\/2024\/02\/Vacina-Dengue-1.jpg","datePublished":"2024-02-16T19:54:11+00:00","dateModified":"2024-02-16T19:54:11+00:00","author":{"@id":"https:\/\/www.manaus.am.gov.br\/semsa\/#\/schema\/person\/ab4dcf766a54dff74e8d267f5c591961"},"inLanguage":"pt-BR","potentialAction":[{"@type":"ReadAction","target":["https:\/\/www.manaus.am.gov.br\/semsa\/prefeitura-inicia-imunizacao-de-criancas-de-10-e-11-anos-contra-dengue-no-proximo-dia-22-2\/"]}]},{"@type":"ImageObject","inLanguage":"pt-BR","@id":"https:\/\/www.manaus.am.gov.br\/semsa\/prefeitura-inicia-imunizacao-de-criancas-de-10-e-11-anos-contra-dengue-no-proximo-dia-22-2\/#primaryimage","url":"https:\/\/www.manaus.am.gov.br\/semsa\/wp-content\/uploads\/sites\/8\/2024\/02\/Vacina-Dengue-1.jpg","contentUrl":"https:\/\/www.manaus.am.gov.br\/semsa\/wp-content\/uploads\/sites\/8\/2024\/02\/Vacina-Dengue-1.jpg","width":799,"height":533,"caption":"#paratodosverem - servidora da Semsa segura caixas da vacina contra a dengue"},{"@type":"WebSite","@id":"https:\/\/www.manaus.am.gov.br\/semsa\/#website","url":"https:\/\/www.manaus.am.gov.br\/semsa\/","name":"SEMSA","description":"Secretaria Municipal de Sa\u00fade","alternateName":"Secretaria Municipal de Sa\u00fade","potentialAction":[{"@type":"SearchAction","target":{"@type":"EntryPoint","urlTemplate":"https:\/\/www.manaus.am.gov.br\/semsa\/?s={search_term_string}"},"query-input":"required name=search_term_string"}],"inLanguage":"pt-BR"},{"@type":"Person","@id":"https:\/\/www.manaus.am.gov.br\/semsa\/#\/schema\/person\/ab4dcf766a54dff74e8d267f5c591961","name":"smonteiro","image":{"@type":"ImageObject","inLanguage":"pt-BR","@id":"https:\/\/www.manaus.am.gov.br\/semsa\/#\/schema\/person\/image\/","url":"https:\/\/secure.gravatar.com\/avatar\/21c8776ef61d9272c73322052e042d77?s=96&d=mm&r=g","contentUrl":"https:\/\/secure.gravatar.com\/avatar\/21c8776ef61d9272c73322052e042d77?s=96&d=mm&r=g","caption":"smonteiro"}}]}},"_links":{"self":[{"href":"https:\/\/www.manaus.am.gov.br\/semsa\/wp-json\/wp\/v2\/posts\/214422"}],"collection":[{"href":"https:\/\/www.manaus.am.gov.br\/semsa\/wp-json\/wp\/v2\/posts"}],"about":[{"href":"https:\/\/www.manaus.am.gov.br\/semsa\/wp-json\/wp\/v2\/types\/post"}],"author":[{"embeddable":true,"href":"https:\/\/www.manaus.am.gov.br\/semsa\/wp-json\/wp\/v2\/users\/61"}],"replies":[{"embeddable":true,"href":"https:\/\/www.manaus.am.gov.br\/semsa\/wp-json\/wp\/v2\/comments?post=214422"}],"version-history":[{"count":0,"href":"https:\/\/www.manaus.am.gov.br\/semsa\/wp-json\/wp\/v2\/posts\/214422\/revisions"}],"wp:featuredmedia":[{"embeddable":true,"href":"https:\/\/www.manaus.am.gov.br\/semsa\/wp-json\/wp\/v2\/media\/214423"}],"wp:attachment":[{"href":"https:\/\/www.manaus.am.gov.br\/semsa\/wp-json\/wp\/v2\/media?parent=214422"}],"wp:term":[{"taxonomy":"category","embeddable":true,"href":"https:\/\/www.manaus.am.gov.br\/semsa\/wp-json\/wp\/v2\/categories?post=214422"},{"taxonomy":"post_tag","embeddable":true,"href":"https:\/\/www.manaus.am.gov.br\/semsa\/wp-json\/wp\/v2\/tags?post=214422"}],"curies":[{"name":"wp","href":"https:\/\/api.w.org\/{rel}","templated":true}]}}