{"id":214408,"date":"2024-02-09T13:01:40","date_gmt":"2024-02-09T17:01:40","guid":{"rendered":"https:\/\/www.manaus.am.gov.br\/semsa\/semsa-sensibilizacao-carnaval\/"},"modified":"2024-02-09T13:01:41","modified_gmt":"2024-02-09T17:01:41","slug":"semsa-sensibilizacao-carnaval","status":"publish","type":"post","link":"https:\/\/www.manaus.am.gov.br\/semsa\/semsa-sensibilizacao-carnaval\/","title":{"rendered":"Equipes de sa\u00fade fortalecem a\u00e7\u00f5es de sensibiliza\u00e7\u00e3o para reduzir vulnerabilidade \u00e0s ISTs no Carnaval"},"content":{"rendered":"\n<p>Desde o in\u00edcio de fevereiro, a Prefeitura de Manaus, por meio da Secretaria Municipal de Sa\u00fade (Semsa), est\u00e1 intensificando a\u00e7\u00f5es de educa\u00e7\u00e3o em sa\u00fade para orientar a popula\u00e7\u00e3o sobre as formas de preven\u00e7\u00e3o \u00e0s Infec\u00e7\u00f5es Sexualmente Transmiss\u00edveis (ISTs). A programa\u00e7\u00e3o \u00e9 realizada em locais de grande circula\u00e7\u00e3o de pessoas como feiras, terminais de \u00f4nibus, escolas e nas pr\u00f3prias unidades da rede de aten\u00e7\u00e3o prim\u00e1ria.<\/p>\n\n\n\n<p>Nesta sexta-feira, 9\/2, equipes das Unidades de Sa\u00fade da Fam\u00edlia (USFs) Mauazinho e Luiza do Carmo, que ficam na \u00e1rea de abrang\u00eancia do Distrito de Sa\u00fade (Disa) Leste, realizaram a\u00e7\u00f5es de preven\u00e7\u00e3o para o Carnaval. Al\u00e9m de percorrer as ruas das comunidades, distribuindo&nbsp;<em>folders<\/em>&nbsp;e preservativos, o trabalho de sensibiliza\u00e7\u00e3o tamb\u00e9m foi realizado junto aos motoristas que trafegavam por aquela \u00e1rea e ao p\u00fablico que foi ao porto da Ceasa pela manh\u00e3.<\/p>\n\n\n\n<p>Na quinta-feira, 8\/2, as a\u00e7\u00f5es haviam se concentrado no Terminal de \u00d4nibus 4 (T-4), localizado na zona Leste, onde as equipes realizaram a\u00e7\u00f5es de abordagem e oferta de preservativo ao p\u00fablico circulante.<\/p>\n\n\n\n<p>Outra frente de trabalho aconteceu na Unidade de Sa\u00fade da Fam\u00edlia (USF) Ajuricaba, localizada no bairro Alvorada, na zona Oeste, onde o tema foi discutido em rodas de conversa e palestras na sala de espera para refor\u00e7ar o papel da prote\u00e7\u00e3o com uso de preservativos internos (para as mulheres) e externos (para os homens).<\/p>\n\n\n\n<p>A diretora da unidade USF Ajuricaba, Nair Costa, informou que, tanto na roda de conversa quanto na palestra realizada pelos profissionais de sa\u00fade da unidade, o p\u00fablico foi bastante receptivo e p\u00f4de esclarecer d\u00favidas a respeito das ISTs e HIV.<\/p>\n\n\n\n<p>\u201cEsse trabalho de sensibiliza\u00e7\u00e3o foi conduzido de forma sens\u00edvel e respeitosa junto ao p\u00fablico, que muitas vezes fica envergonhado, porque h\u00e1 uma s\u00e9rie de estigmas envolvendo as ISTs e o HIV. Mas conseguimos abordar o tema enfocando a import\u00e2ncia de n\u00e3o se expor, garantindo prote\u00e7\u00e3o para si e para os outros\u201d, explicou Nair.<\/p>\n\n\n\n<p>No \u00faltimo s\u00e1bado, 3\/2, os servidores da sa\u00fade atuaram nas duas noites do desfile das escolas de samba no Centro de Conven\u00e7\u00f5es de Manaus, o samb\u00f3dromo, na zona Centro-Sul, com oferta de preservativos e de autoteste do HIV.<\/p>\n\n\n\n<p>O trabalho de sensibiliza\u00e7\u00e3o tamb\u00e9m contou com orienta\u00e7\u00f5es sobre as situa\u00e7\u00f5es em que a Profilaxia Pr\u00e9-Exposi\u00e7\u00e3o (PrEP) e P\u00f3s-Exposi\u00e7\u00e3o (PEP) devem ser utilizadas.<\/p>\n\n\n\n<p>Ao longo da programa\u00e7\u00e3o no samb\u00f3dromo, 47 autotestes para detec\u00e7\u00e3o do HIV foram distribu\u00eddos 28 mil caixas de lubrificantes, al\u00e9m de&nbsp;197 mil preservativos, sendo 190 mil masculinos e 7 mil femininos.<\/p>\n\n\n\n<p>&#8212; &#8212; &#8212; &nbsp;<\/p>\n\n\n\n<p><strong>Texto &#8211;&nbsp;<\/strong>T\u00e2nia Brand\u00e3o\/Semsa<\/p>\n\n\n\n<p><strong>Fotos &#8211;<\/strong>&nbsp; Divulga\u00e7\u00e3o\/Semsa&nbsp;<\/p>\n","protected":false},"excerpt":{"rendered":"","protected":false},"author":23,"featured_media":214409,"comment_status":"closed","ping_status":"closed","sticky":false,"template":"","format":"standard","meta":{"footnotes":""},"categories":[205],"tags":[168,281,177,54,717,28],"acf":[],"yoast_head":"<!-- This site is optimized with the Yoast SEO plugin v23.0 - https:\/\/yoast.com\/wordpress\/plugins\/seo\/ -->\n<title>Equipes de sa\u00fade fortalecem a\u00e7\u00f5es de sensibiliza\u00e7\u00e3o para reduzir vulnerabilidade \u00e0s ISTs no Carnaval<\/title>\n<meta name=\"description\" content=\"Desde o in\u00edcio de fevereiro, a Prefeitura de Manaus, por meio da Secretaria Municipal de Sa\u00fade (Semsa), est\u00e1 intensificando a\u00e7\u00f5es de educa\u00e7\u00e3o em sa\u00fade para orientar a popula\u00e7\u00e3o sobre as formas de preven\u00e7\u00e3o \u00e0s Infec\u00e7\u00f5es Sexualmente Transmiss\u00edveis (ISTs). A programa\u00e7\u00e3o \u00e9 realizada em locais de grande circula\u00e7\u00e3o de pessoas como feiras, terminais de \u00f4nibus, escolas e nas pr\u00f3prias unidades da rede de aten\u00e7\u00e3o prim\u00e1ria.\" \/>\n<meta name=\"robots\" content=\"index, follow, max-snippet:-1, max-image-preview:large, max-video-preview:-1\" \/>\n<link rel=\"canonical\" href=\"https:\/\/www.manaus.am.gov.br\/semsa\/semsa-sensibilizacao-carnaval\/\" \/>\n<meta property=\"og:locale\" content=\"pt_BR\" \/>\n<meta property=\"og:type\" content=\"article\" \/>\n<meta property=\"og:title\" content=\"Equipes de sa\u00fade fortalecem a\u00e7\u00f5es de sensibiliza\u00e7\u00e3o para reduzir vulnerabilidade \u00e0s ISTs no Carnaval\" \/>\n<meta property=\"og:description\" content=\"Desde o in\u00edcio de fevereiro, a Prefeitura de Manaus, por meio da Secretaria Municipal de Sa\u00fade (Semsa), est\u00e1 intensificando a\u00e7\u00f5es de educa\u00e7\u00e3o em sa\u00fade para orientar a popula\u00e7\u00e3o sobre as formas de preven\u00e7\u00e3o \u00e0s Infec\u00e7\u00f5es Sexualmente Transmiss\u00edveis (ISTs). A programa\u00e7\u00e3o \u00e9 realizada em locais de grande circula\u00e7\u00e3o de pessoas como feiras, terminais de \u00f4nibus, escolas e nas pr\u00f3prias unidades da rede de aten\u00e7\u00e3o prim\u00e1ria.\" \/>\n<meta property=\"og:url\" content=\"https:\/\/www.manaus.am.gov.br\/semsa\/semsa-sensibilizacao-carnaval\/\" \/>\n<meta property=\"og:site_name\" content=\"SEMSA\" \/>\n<meta property=\"article:published_time\" content=\"2024-02-09T17:01:40+00:00\" \/>\n<meta property=\"article:modified_time\" content=\"2024-02-09T17:01:41+00:00\" \/>\n<meta property=\"og:image\" content=\"https:\/\/www.manaus.am.gov.br\/semsa\/wp-content\/uploads\/sites\/8\/2024\/02\/Fevereiro-08_Carnaval-IST-USF-Ajuricaba-2r.jpeg\" \/>\n\t<meta property=\"og:image:width\" content=\"1280\" \/>\n\t<meta property=\"og:image:height\" content=\"902\" \/>\n\t<meta property=\"og:image:type\" content=\"image\/jpeg\" \/>\n<meta name=\"author\" content=\"Adriana Costa\" \/>\n<meta name=\"twitter:card\" content=\"summary_large_image\" \/>\n<meta name=\"twitter:label1\" content=\"Written by\" \/>\n\t<meta name=\"twitter:data1\" content=\"Adriana Costa\" \/>\n\t<meta name=\"twitter:label2\" content=\"Est. reading time\" \/>\n\t<meta name=\"twitter:data2\" content=\"3 minutos\" \/>\n<script type=\"application\/ld+json\" class=\"yoast-schema-graph\">{\"@context\":\"https:\/\/schema.org\",\"@graph\":[{\"@type\":\"WebPage\",\"@id\":\"https:\/\/www.manaus.am.gov.br\/semsa\/semsa-sensibilizacao-carnaval\/\",\"url\":\"https:\/\/www.manaus.am.gov.br\/semsa\/semsa-sensibilizacao-carnaval\/\",\"name\":\"Equipes de sa\u00fade fortalecem a\u00e7\u00f5es de sensibiliza\u00e7\u00e3o para reduzir vulnerabilidade \u00e0s ISTs no Carnaval\",\"isPartOf\":{\"@id\":\"https:\/\/www.manaus.am.gov.br\/semsa\/#website\"},\"primaryImageOfPage\":{\"@id\":\"https:\/\/www.manaus.am.gov.br\/semsa\/semsa-sensibilizacao-carnaval\/#primaryimage\"},\"image\":{\"@id\":\"https:\/\/www.manaus.am.gov.br\/semsa\/semsa-sensibilizacao-carnaval\/#primaryimage\"},\"thumbnailUrl\":\"https:\/\/www.manaus.am.gov.br\/semsa\/wp-content\/uploads\/sites\/8\/2024\/02\/Fevereiro-08_Carnaval-IST-USF-Ajuricaba-2r.jpeg\",\"datePublished\":\"2024-02-09T17:01:40+00:00\",\"dateModified\":\"2024-02-09T17:01:41+00:00\",\"author\":{\"@id\":\"https:\/\/www.manaus.am.gov.br\/semsa\/#\/schema\/person\/4e49f4e267757a06ca072ec61b2b9968\"},\"description\":\"Desde o in\u00edcio de fevereiro, a Prefeitura de Manaus, por meio da Secretaria Municipal de Sa\u00fade (Semsa), est\u00e1 intensificando a\u00e7\u00f5es de educa\u00e7\u00e3o em sa\u00fade para orientar a popula\u00e7\u00e3o sobre as formas de preven\u00e7\u00e3o \u00e0s Infec\u00e7\u00f5es Sexualmente Transmiss\u00edveis (ISTs). A programa\u00e7\u00e3o \u00e9 realizada em locais de grande circula\u00e7\u00e3o de pessoas como feiras, terminais de \u00f4nibus, escolas e nas pr\u00f3prias unidades da rede de aten\u00e7\u00e3o prim\u00e1ria.\",\"inLanguage\":\"pt-BR\",\"potentialAction\":[{\"@type\":\"ReadAction\",\"target\":[\"https:\/\/www.manaus.am.gov.br\/semsa\/semsa-sensibilizacao-carnaval\/\"]}]},{\"@type\":\"ImageObject\",\"inLanguage\":\"pt-BR\",\"@id\":\"https:\/\/www.manaus.am.gov.br\/semsa\/semsa-sensibilizacao-carnaval\/#primaryimage\",\"url\":\"https:\/\/www.manaus.am.gov.br\/semsa\/wp-content\/uploads\/sites\/8\/2024\/02\/Fevereiro-08_Carnaval-IST-USF-Ajuricaba-2r.jpeg\",\"contentUrl\":\"https:\/\/www.manaus.am.gov.br\/semsa\/wp-content\/uploads\/sites\/8\/2024\/02\/Fevereiro-08_Carnaval-IST-USF-Ajuricaba-2r.jpeg\",\"width\":1280,\"height\":902},{\"@type\":\"WebSite\",\"@id\":\"https:\/\/www.manaus.am.gov.br\/semsa\/#website\",\"url\":\"https:\/\/www.manaus.am.gov.br\/semsa\/\",\"name\":\"SEMSA\",\"description\":\"Secretaria Municipal de Sa\u00fade\",\"alternateName\":\"Secretaria Municipal de Sa\u00fade\",\"potentialAction\":[{\"@type\":\"SearchAction\",\"target\":{\"@type\":\"EntryPoint\",\"urlTemplate\":\"https:\/\/www.manaus.am.gov.br\/semsa\/?s={search_term_string}\"},\"query-input\":\"required name=search_term_string\"}],\"inLanguage\":\"pt-BR\"},{\"@type\":\"Person\",\"@id\":\"https:\/\/www.manaus.am.gov.br\/semsa\/#\/schema\/person\/4e49f4e267757a06ca072ec61b2b9968\",\"name\":\"Adriana Costa\",\"image\":{\"@type\":\"ImageObject\",\"inLanguage\":\"pt-BR\",\"@id\":\"https:\/\/www.manaus.am.gov.br\/semsa\/#\/schema\/person\/image\/\",\"url\":\"https:\/\/secure.gravatar.com\/avatar\/576258617ef7194f718179e766d57bd4?s=96&d=mm&r=g\",\"contentUrl\":\"https:\/\/secure.gravatar.com\/avatar\/576258617ef7194f718179e766d57bd4?s=96&d=mm&r=g\",\"caption\":\"Adriana Costa\"}}]}<\/script>\n<!-- \/ Yoast SEO plugin. -->","yoast_head_json":{"title":"Equipes de sa\u00fade fortalecem a\u00e7\u00f5es de sensibiliza\u00e7\u00e3o para reduzir vulnerabilidade \u00e0s ISTs no Carnaval","description":"Desde o in\u00edcio de fevereiro, a Prefeitura de Manaus, por meio da Secretaria Municipal de Sa\u00fade (Semsa), est\u00e1 intensificando a\u00e7\u00f5es de educa\u00e7\u00e3o em sa\u00fade para orientar a popula\u00e7\u00e3o sobre as formas de preven\u00e7\u00e3o \u00e0s Infec\u00e7\u00f5es Sexualmente Transmiss\u00edveis (ISTs). A programa\u00e7\u00e3o \u00e9 realizada em locais de grande circula\u00e7\u00e3o de pessoas como feiras, terminais de \u00f4nibus, escolas e nas pr\u00f3prias unidades da rede de aten\u00e7\u00e3o prim\u00e1ria.","robots":{"index":"index","follow":"follow","max-snippet":"max-snippet:-1","max-image-preview":"max-image-preview:large","max-video-preview":"max-video-preview:-1"},"canonical":"https:\/\/www.manaus.am.gov.br\/semsa\/semsa-sensibilizacao-carnaval\/","og_locale":"pt_BR","og_type":"article","og_title":"Equipes de sa\u00fade fortalecem a\u00e7\u00f5es de sensibiliza\u00e7\u00e3o para reduzir vulnerabilidade \u00e0s ISTs no Carnaval","og_description":"Desde o in\u00edcio de fevereiro, a Prefeitura de Manaus, por meio da Secretaria Municipal de Sa\u00fade (Semsa), est\u00e1 intensificando a\u00e7\u00f5es de educa\u00e7\u00e3o em sa\u00fade para orientar a popula\u00e7\u00e3o sobre as formas de preven\u00e7\u00e3o \u00e0s Infec\u00e7\u00f5es Sexualmente Transmiss\u00edveis (ISTs). A programa\u00e7\u00e3o \u00e9 realizada em locais de grande circula\u00e7\u00e3o de pessoas como feiras, terminais de \u00f4nibus, escolas e nas pr\u00f3prias unidades da rede de aten\u00e7\u00e3o prim\u00e1ria.","og_url":"https:\/\/www.manaus.am.gov.br\/semsa\/semsa-sensibilizacao-carnaval\/","og_site_name":"SEMSA","article_published_time":"2024-02-09T17:01:40+00:00","article_modified_time":"2024-02-09T17:01:41+00:00","og_image":[{"width":1280,"height":902,"url":"https:\/\/www.manaus.am.gov.br\/semsa\/wp-content\/uploads\/sites\/8\/2024\/02\/Fevereiro-08_Carnaval-IST-USF-Ajuricaba-2r.jpeg","type":"image\/jpeg"}],"author":"Adriana Costa","twitter_card":"summary_large_image","twitter_misc":{"Written by":"Adriana Costa","Est. reading time":"3 minutos"},"schema":{"@context":"https:\/\/schema.org","@graph":[{"@type":"WebPage","@id":"https:\/\/www.manaus.am.gov.br\/semsa\/semsa-sensibilizacao-carnaval\/","url":"https:\/\/www.manaus.am.gov.br\/semsa\/semsa-sensibilizacao-carnaval\/","name":"Equipes de sa\u00fade fortalecem a\u00e7\u00f5es de sensibiliza\u00e7\u00e3o para reduzir vulnerabilidade \u00e0s ISTs no Carnaval","isPartOf":{"@id":"https:\/\/www.manaus.am.gov.br\/semsa\/#website"},"primaryImageOfPage":{"@id":"https:\/\/www.manaus.am.gov.br\/semsa\/semsa-sensibilizacao-carnaval\/#primaryimage"},"image":{"@id":"https:\/\/www.manaus.am.gov.br\/semsa\/semsa-sensibilizacao-carnaval\/#primaryimage"},"thumbnailUrl":"https:\/\/www.manaus.am.gov.br\/semsa\/wp-content\/uploads\/sites\/8\/2024\/02\/Fevereiro-08_Carnaval-IST-USF-Ajuricaba-2r.jpeg","datePublished":"2024-02-09T17:01:40+00:00","dateModified":"2024-02-09T17:01:41+00:00","author":{"@id":"https:\/\/www.manaus.am.gov.br\/semsa\/#\/schema\/person\/4e49f4e267757a06ca072ec61b2b9968"},"description":"Desde o in\u00edcio de fevereiro, a Prefeitura de Manaus, por meio da Secretaria Municipal de Sa\u00fade (Semsa), est\u00e1 intensificando a\u00e7\u00f5es de educa\u00e7\u00e3o em sa\u00fade para orientar a popula\u00e7\u00e3o sobre as formas de preven\u00e7\u00e3o \u00e0s Infec\u00e7\u00f5es Sexualmente Transmiss\u00edveis (ISTs). A programa\u00e7\u00e3o \u00e9 realizada em locais de grande circula\u00e7\u00e3o de pessoas como feiras, terminais de \u00f4nibus, escolas e nas pr\u00f3prias unidades da rede de aten\u00e7\u00e3o prim\u00e1ria.","inLanguage":"pt-BR","potentialAction":[{"@type":"ReadAction","target":["https:\/\/www.manaus.am.gov.br\/semsa\/semsa-sensibilizacao-carnaval\/"]}]},{"@type":"ImageObject","inLanguage":"pt-BR","@id":"https:\/\/www.manaus.am.gov.br\/semsa\/semsa-sensibilizacao-carnaval\/#primaryimage","url":"https:\/\/www.manaus.am.gov.br\/semsa\/wp-content\/uploads\/sites\/8\/2024\/02\/Fevereiro-08_Carnaval-IST-USF-Ajuricaba-2r.jpeg","contentUrl":"https:\/\/www.manaus.am.gov.br\/semsa\/wp-content\/uploads\/sites\/8\/2024\/02\/Fevereiro-08_Carnaval-IST-USF-Ajuricaba-2r.jpeg","width":1280,"height":902},{"@type":"WebSite","@id":"https:\/\/www.manaus.am.gov.br\/semsa\/#website","url":"https:\/\/www.manaus.am.gov.br\/semsa\/","name":"SEMSA","description":"Secretaria Municipal de Sa\u00fade","alternateName":"Secretaria Municipal de Sa\u00fade","potentialAction":[{"@type":"SearchAction","target":{"@type":"EntryPoint","urlTemplate":"https:\/\/www.manaus.am.gov.br\/semsa\/?s={search_term_string}"},"query-input":"required name=search_term_string"}],"inLanguage":"pt-BR"},{"@type":"Person","@id":"https:\/\/www.manaus.am.gov.br\/semsa\/#\/schema\/person\/4e49f4e267757a06ca072ec61b2b9968","name":"Adriana Costa","image":{"@type":"ImageObject","inLanguage":"pt-BR","@id":"https:\/\/www.manaus.am.gov.br\/semsa\/#\/schema\/person\/image\/","url":"https:\/\/secure.gravatar.com\/avatar\/576258617ef7194f718179e766d57bd4?s=96&d=mm&r=g","contentUrl":"https:\/\/secure.gravatar.com\/avatar\/576258617ef7194f718179e766d57bd4?s=96&d=mm&r=g","caption":"Adriana Costa"}}]}},"_links":{"self":[{"href":"https:\/\/www.manaus.am.gov.br\/semsa\/wp-json\/wp\/v2\/posts\/214408"}],"collection":[{"href":"https:\/\/www.manaus.am.gov.br\/semsa\/wp-json\/wp\/v2\/posts"}],"about":[{"href":"https:\/\/www.manaus.am.gov.br\/semsa\/wp-json\/wp\/v2\/types\/post"}],"author":[{"embeddable":true,"href":"https:\/\/www.manaus.am.gov.br\/semsa\/wp-json\/wp\/v2\/users\/23"}],"replies":[{"embeddable":true,"href":"https:\/\/www.manaus.am.gov.br\/semsa\/wp-json\/wp\/v2\/comments?post=214408"}],"version-history":[{"count":0,"href":"https:\/\/www.manaus.am.gov.br\/semsa\/wp-json\/wp\/v2\/posts\/214408\/revisions"}],"wp:featuredmedia":[{"embeddable":true,"href":"https:\/\/www.manaus.am.gov.br\/semsa\/wp-json\/wp\/v2\/media\/214409"}],"wp:attachment":[{"href":"https:\/\/www.manaus.am.gov.br\/semsa\/wp-json\/wp\/v2\/media?parent=214408"}],"wp:term":[{"taxonomy":"category","embeddable":true,"href":"https:\/\/www.manaus.am.gov.br\/semsa\/wp-json\/wp\/v2\/categories?post=214408"},{"taxonomy":"post_tag","embeddable":true,"href":"https:\/\/www.manaus.am.gov.br\/semsa\/wp-json\/wp\/v2\/tags?post=214408"}],"curies":[{"name":"wp","href":"https:\/\/api.w.org\/{rel}","templated":true}]}}