{"id":214132,"date":"2024-01-15T12:55:04","date_gmt":"2024-01-15T16:55:04","guid":{"rendered":"https:\/\/www.manaus.am.gov.br\/semsa\/prefeitura-amplia-acesso-a-vacina-pfizer-baby-em-126-salas-de-imunizacao-a-partir-desta-segunda-feira-15-1\/"},"modified":"2024-01-15T13:23:04","modified_gmt":"2024-01-15T17:23:04","slug":"prefeitura-amplia-acesso-a-vacina-pfizer-baby-em-126-salas-de-imunizacao-a-partir-desta-segunda-feira-15-1","status":"publish","type":"post","link":"https:\/\/www.manaus.am.gov.br\/semsa\/prefeitura-amplia-acesso-a-vacina-pfizer-baby-em-126-salas-de-imunizacao-a-partir-desta-segunda-feira-15-1\/","title":{"rendered":"Prefeitura amplia acesso \u00e0 vacina Pfizer Baby em 126 salas de imuniza\u00e7\u00e3o a partir desta segunda-feira, 15\/1"},"content":{"rendered":"\n<p>Para facilitar o acesso \u00e0 imuniza\u00e7\u00e3o infantil contra a Covid-19, incorporada ao Calend\u00e1rio Nacional de Vacina\u00e7\u00e3o pelo Minist\u00e9rio da Sa\u00fade, a Prefeitura de Manaus ampliou a oferta da Pfizer Baby. A vacina, que at\u00e9 ent\u00e3o estava dispon\u00edvel em 14 pontos estrat\u00e9gicos, passa a ser ofertada, a partir desta segunda-feira, 15\/1, em 126 salas de vacina da rede assistencial da Secretaria Municipal Sa\u00fade (Semsa).<\/p>\n\n\n\n<p>O imunizante \u00e9 indicado para crian\u00e7as de 6 meses a menores de 5 anos e em tr\u00eas doses, com intervalo de quatro semanas entre a primeira e a segunda dose, e de oito semanas entre a segunda e a terceira dose. De acordo com o calend\u00e1rio b\u00e1sico, a vacina Pfizer Baby (frasco de tampa vinho) deve ser aplicada aos seis meses, aos sete meses e aos nove meses de idade.<\/p>\n\n\n\n<p>Para otimizar o uso e evitar desperd\u00edcio em raz\u00e3o do prazo de validade ap\u00f3s a abertura dos frascos, a vacina ser\u00e1 disponibilizada, de segunda a sexta-feira, nas unidades de grande porte e nas unidades de porte 1, somente uma vez por semana. Os endere\u00e7os e hor\u00e1rios de funcionamento das unidades que ofertam a Pfizer Baby podem ser conferidos no site oficial da secretaria (<a href=\"http:\/\/semsa.manaus.am.gov.br\/\" target=\"_blank\" rel=\"noreferrer noopener\">semsa.manaus.am.gov.br<\/a>) e no instagram @semsamanaus.<\/p>\n\n\n\n<p>O subsecret\u00e1rio de Gest\u00e3o da Sa\u00fade, Djalma Coelho, acentua que as salas de vacina est\u00e3o localizadas em todas as zonas geogr\u00e1ficas da capital para facilitar a vacina\u00e7\u00e3o desse p\u00fablico. Ele enfatiza a import\u00e2ncia do compromisso dos pais e respons\u00e1veis para garantir a prote\u00e7\u00e3o das crian\u00e7as contra as formas graves da Covid.<\/p>\n\n\n\n<p>\u201cA vacina contra a Covid representa uma conquista para todos e a incorpora\u00e7\u00e3o dela no calend\u00e1rio b\u00e1sico nacional visa fortalecer a estrat\u00e9gia de prote\u00e7\u00e3o das crian\u00e7as, que representam um dos grupos de maior vulnerabilidade \u00e0 doen\u00e7a\u201d, acentua Djalma.<\/p>\n\n\n\n<p>Para as crian\u00e7as de 5 a 11 anos, o esquema vacinal indicado s\u00e3o duas doses com os imunizantes autorizados. Em Manaus, a rede municipal est\u00e1 utilizando a Pfizer pedi\u00e1trica (frasco de tampa laranja), que prev\u00ea o intervalo de oito semanas entre as doses e a dose de refor\u00e7o quatro meses ap\u00f3s a segunda dose.<\/p>\n\n\n\n<p>Para serem vacinadas as crian\u00e7as devem ser levadas pelos pais ou por um respons\u00e1vel legal que apresente documento de identifica\u00e7\u00e3o da crian\u00e7a (certid\u00e3o de nascimento ou documento oficial com foto), o cart\u00e3o Nacional de Sa\u00fade (cart\u00e3o SUS) ou o CPF, e a caderneta de vacina\u00e7\u00e3o.<\/p>\n\n\n\n<p>O subsecret\u00e1rio orienta que as fam\u00edlias mantenham atualizada a caderneta de vacina\u00e7\u00e3o das crian\u00e7as e que, em caso de d\u00favida relacionada \u00e0 imuniza\u00e7\u00e3o contra a Covid-19, consultem o site Imuniza Manaus (<a href=\"https:\/\/imuniza.manaus.am.gov.br\/\" target=\"_blank\" rel=\"noreferrer noopener\">https:\/\/imuniza.manaus.am.gov.br\/<\/a>) que exibe as doses aplicadas e as datas de aplica\u00e7\u00e3o.<\/p>\n\n\n\n<p>&#8212; &#8212; &#8212;&nbsp;<\/p>\n\n\n\n<p><strong>Texto e foto \u2013<\/strong> Divulga\u00e7\u00e3o \/ Semsa<\/p>\n","protected":false},"excerpt":{"rendered":"","protected":false},"author":39,"featured_media":214133,"comment_status":"closed","ping_status":"closed","sticky":false,"template":"","format":"standard","meta":{"footnotes":""},"categories":[2],"tags":[2105,2106,1825,54,28,2107,800],"acf":[],"yoast_head":"<!-- This site is optimized with the Yoast SEO plugin v23.0 - https:\/\/yoast.com\/wordpress\/plugins\/seo\/ -->\n<title>Prefeitura amplia acesso \u00e0 vacina Pfizer Baby<\/title>\n<meta name=\"description\" content=\"Prefeitura amplia acesso \u00e0 vacina Pfizer Baby em 126 salas de imuniza\u00e7\u00e3o a partir desta segunda-feira, 15\/1\" \/>\n<meta name=\"robots\" content=\"index, follow, max-snippet:-1, max-image-preview:large, max-video-preview:-1\" \/>\n<link rel=\"canonical\" href=\"https:\/\/www.manaus.am.gov.br\/semsa\/prefeitura-amplia-acesso-a-vacina-pfizer-baby-em-126-salas-de-imunizacao-a-partir-desta-segunda-feira-15-1\/\" \/>\n<meta property=\"og:locale\" content=\"pt_BR\" \/>\n<meta property=\"og:type\" content=\"article\" \/>\n<meta property=\"og:title\" content=\"Prefeitura amplia acesso \u00e0 vacina Pfizer Baby\" \/>\n<meta property=\"og:description\" content=\"Prefeitura amplia acesso \u00e0 vacina Pfizer Baby em 126 salas de imuniza\u00e7\u00e3o a partir desta segunda-feira, 15\/1\" \/>\n<meta property=\"og:url\" content=\"https:\/\/www.manaus.am.gov.br\/semsa\/prefeitura-amplia-acesso-a-vacina-pfizer-baby-em-126-salas-de-imunizacao-a-partir-desta-segunda-feira-15-1\/\" \/>\n<meta property=\"og:site_name\" content=\"SEMSA\" \/>\n<meta property=\"article:published_time\" content=\"2024-01-15T16:55:04+00:00\" \/>\n<meta property=\"article:modified_time\" content=\"2024-01-15T17:23:04+00:00\" \/>\n<meta property=\"og:image\" content=\"https:\/\/www.manaus.am.gov.br\/semsa\/wp-content\/uploads\/sites\/8\/2024\/01\/Janeiro-10_Pfizer-baby-ampliacao-1.jpg\" \/>\n\t<meta property=\"og:image:width\" content=\"1280\" \/>\n\t<meta property=\"og:image:height\" content=\"853\" \/>\n\t<meta property=\"og:image:type\" content=\"image\/jpeg\" \/>\n<meta name=\"author\" content=\"Bruna Greco\" \/>\n<meta name=\"twitter:card\" content=\"summary_large_image\" \/>\n<meta name=\"twitter:label1\" content=\"Written by\" \/>\n\t<meta name=\"twitter:data1\" content=\"Bruna Greco\" \/>\n\t<meta name=\"twitter:label2\" content=\"Est. reading time\" \/>\n\t<meta name=\"twitter:data2\" content=\"3 minutos\" \/>\n<script type=\"application\/ld+json\" class=\"yoast-schema-graph\">{\"@context\":\"https:\/\/schema.org\",\"@graph\":[{\"@type\":\"WebPage\",\"@id\":\"https:\/\/www.manaus.am.gov.br\/semsa\/prefeitura-amplia-acesso-a-vacina-pfizer-baby-em-126-salas-de-imunizacao-a-partir-desta-segunda-feira-15-1\/\",\"url\":\"https:\/\/www.manaus.am.gov.br\/semsa\/prefeitura-amplia-acesso-a-vacina-pfizer-baby-em-126-salas-de-imunizacao-a-partir-desta-segunda-feira-15-1\/\",\"name\":\"Prefeitura amplia acesso \u00e0 vacina Pfizer Baby\",\"isPartOf\":{\"@id\":\"https:\/\/www.manaus.am.gov.br\/semsa\/#website\"},\"primaryImageOfPage\":{\"@id\":\"https:\/\/www.manaus.am.gov.br\/semsa\/prefeitura-amplia-acesso-a-vacina-pfizer-baby-em-126-salas-de-imunizacao-a-partir-desta-segunda-feira-15-1\/#primaryimage\"},\"image\":{\"@id\":\"https:\/\/www.manaus.am.gov.br\/semsa\/prefeitura-amplia-acesso-a-vacina-pfizer-baby-em-126-salas-de-imunizacao-a-partir-desta-segunda-feira-15-1\/#primaryimage\"},\"thumbnailUrl\":\"https:\/\/www.manaus.am.gov.br\/semsa\/wp-content\/uploads\/sites\/8\/2024\/01\/Janeiro-10_Pfizer-baby-ampliacao-1.jpg\",\"datePublished\":\"2024-01-15T16:55:04+00:00\",\"dateModified\":\"2024-01-15T17:23:04+00:00\",\"author\":{\"@id\":\"https:\/\/www.manaus.am.gov.br\/semsa\/#\/schema\/person\/05d223aea2bf115f9883a6ff3683d81b\"},\"description\":\"Prefeitura amplia acesso \u00e0 vacina Pfizer Baby em 126 salas de imuniza\u00e7\u00e3o a partir desta segunda-feira, 15\/1\",\"inLanguage\":\"pt-BR\",\"potentialAction\":[{\"@type\":\"ReadAction\",\"target\":[\"https:\/\/www.manaus.am.gov.br\/semsa\/prefeitura-amplia-acesso-a-vacina-pfizer-baby-em-126-salas-de-imunizacao-a-partir-desta-segunda-feira-15-1\/\"]}]},{\"@type\":\"ImageObject\",\"inLanguage\":\"pt-BR\",\"@id\":\"https:\/\/www.manaus.am.gov.br\/semsa\/prefeitura-amplia-acesso-a-vacina-pfizer-baby-em-126-salas-de-imunizacao-a-partir-desta-segunda-feira-15-1\/#primaryimage\",\"url\":\"https:\/\/www.manaus.am.gov.br\/semsa\/wp-content\/uploads\/sites\/8\/2024\/01\/Janeiro-10_Pfizer-baby-ampliacao-1.jpg\",\"contentUrl\":\"https:\/\/www.manaus.am.gov.br\/semsa\/wp-content\/uploads\/sites\/8\/2024\/01\/Janeiro-10_Pfizer-baby-ampliacao-1.jpg\",\"width\":1280,\"height\":853,\"caption\":\"#paratodosverem - Servidora da Semsa aplicando vacina na perna de beb\u00ea no colo de sua m\u00e3e\"},{\"@type\":\"WebSite\",\"@id\":\"https:\/\/www.manaus.am.gov.br\/semsa\/#website\",\"url\":\"https:\/\/www.manaus.am.gov.br\/semsa\/\",\"name\":\"SEMSA\",\"description\":\"Secretaria Municipal de Sa\u00fade\",\"alternateName\":\"Secretaria Municipal de Sa\u00fade\",\"potentialAction\":[{\"@type\":\"SearchAction\",\"target\":{\"@type\":\"EntryPoint\",\"urlTemplate\":\"https:\/\/www.manaus.am.gov.br\/semsa\/?s={search_term_string}\"},\"query-input\":\"required name=search_term_string\"}],\"inLanguage\":\"pt-BR\"},{\"@type\":\"Person\",\"@id\":\"https:\/\/www.manaus.am.gov.br\/semsa\/#\/schema\/person\/05d223aea2bf115f9883a6ff3683d81b\",\"name\":\"Bruna Greco\",\"image\":{\"@type\":\"ImageObject\",\"inLanguage\":\"pt-BR\",\"@id\":\"https:\/\/www.manaus.am.gov.br\/semsa\/#\/schema\/person\/image\/\",\"url\":\"https:\/\/secure.gravatar.com\/avatar\/9c877d1a6adc2a055330e5c09a8653ce?s=96&d=mm&r=g\",\"contentUrl\":\"https:\/\/secure.gravatar.com\/avatar\/9c877d1a6adc2a055330e5c09a8653ce?s=96&d=mm&r=g\",\"caption\":\"Bruna Greco\"}}]}<\/script>\n<!-- \/ Yoast SEO plugin. -->","yoast_head_json":{"title":"Prefeitura amplia acesso \u00e0 vacina Pfizer Baby","description":"Prefeitura amplia acesso \u00e0 vacina Pfizer Baby em 126 salas de imuniza\u00e7\u00e3o a partir desta segunda-feira, 15\/1","robots":{"index":"index","follow":"follow","max-snippet":"max-snippet:-1","max-image-preview":"max-image-preview:large","max-video-preview":"max-video-preview:-1"},"canonical":"https:\/\/www.manaus.am.gov.br\/semsa\/prefeitura-amplia-acesso-a-vacina-pfizer-baby-em-126-salas-de-imunizacao-a-partir-desta-segunda-feira-15-1\/","og_locale":"pt_BR","og_type":"article","og_title":"Prefeitura amplia acesso \u00e0 vacina Pfizer Baby","og_description":"Prefeitura amplia acesso \u00e0 vacina Pfizer Baby em 126 salas de imuniza\u00e7\u00e3o a partir desta segunda-feira, 15\/1","og_url":"https:\/\/www.manaus.am.gov.br\/semsa\/prefeitura-amplia-acesso-a-vacina-pfizer-baby-em-126-salas-de-imunizacao-a-partir-desta-segunda-feira-15-1\/","og_site_name":"SEMSA","article_published_time":"2024-01-15T16:55:04+00:00","article_modified_time":"2024-01-15T17:23:04+00:00","og_image":[{"width":1280,"height":853,"url":"https:\/\/www.manaus.am.gov.br\/semsa\/wp-content\/uploads\/sites\/8\/2024\/01\/Janeiro-10_Pfizer-baby-ampliacao-1.jpg","type":"image\/jpeg"}],"author":"Bruna Greco","twitter_card":"summary_large_image","twitter_misc":{"Written by":"Bruna Greco","Est. reading time":"3 minutos"},"schema":{"@context":"https:\/\/schema.org","@graph":[{"@type":"WebPage","@id":"https:\/\/www.manaus.am.gov.br\/semsa\/prefeitura-amplia-acesso-a-vacina-pfizer-baby-em-126-salas-de-imunizacao-a-partir-desta-segunda-feira-15-1\/","url":"https:\/\/www.manaus.am.gov.br\/semsa\/prefeitura-amplia-acesso-a-vacina-pfizer-baby-em-126-salas-de-imunizacao-a-partir-desta-segunda-feira-15-1\/","name":"Prefeitura amplia acesso \u00e0 vacina Pfizer Baby","isPartOf":{"@id":"https:\/\/www.manaus.am.gov.br\/semsa\/#website"},"primaryImageOfPage":{"@id":"https:\/\/www.manaus.am.gov.br\/semsa\/prefeitura-amplia-acesso-a-vacina-pfizer-baby-em-126-salas-de-imunizacao-a-partir-desta-segunda-feira-15-1\/#primaryimage"},"image":{"@id":"https:\/\/www.manaus.am.gov.br\/semsa\/prefeitura-amplia-acesso-a-vacina-pfizer-baby-em-126-salas-de-imunizacao-a-partir-desta-segunda-feira-15-1\/#primaryimage"},"thumbnailUrl":"https:\/\/www.manaus.am.gov.br\/semsa\/wp-content\/uploads\/sites\/8\/2024\/01\/Janeiro-10_Pfizer-baby-ampliacao-1.jpg","datePublished":"2024-01-15T16:55:04+00:00","dateModified":"2024-01-15T17:23:04+00:00","author":{"@id":"https:\/\/www.manaus.am.gov.br\/semsa\/#\/schema\/person\/05d223aea2bf115f9883a6ff3683d81b"},"description":"Prefeitura amplia acesso \u00e0 vacina Pfizer Baby em 126 salas de imuniza\u00e7\u00e3o a partir desta segunda-feira, 15\/1","inLanguage":"pt-BR","potentialAction":[{"@type":"ReadAction","target":["https:\/\/www.manaus.am.gov.br\/semsa\/prefeitura-amplia-acesso-a-vacina-pfizer-baby-em-126-salas-de-imunizacao-a-partir-desta-segunda-feira-15-1\/"]}]},{"@type":"ImageObject","inLanguage":"pt-BR","@id":"https:\/\/www.manaus.am.gov.br\/semsa\/prefeitura-amplia-acesso-a-vacina-pfizer-baby-em-126-salas-de-imunizacao-a-partir-desta-segunda-feira-15-1\/#primaryimage","url":"https:\/\/www.manaus.am.gov.br\/semsa\/wp-content\/uploads\/sites\/8\/2024\/01\/Janeiro-10_Pfizer-baby-ampliacao-1.jpg","contentUrl":"https:\/\/www.manaus.am.gov.br\/semsa\/wp-content\/uploads\/sites\/8\/2024\/01\/Janeiro-10_Pfizer-baby-ampliacao-1.jpg","width":1280,"height":853,"caption":"#paratodosverem - Servidora da Semsa aplicando vacina na perna de beb\u00ea no colo de sua m\u00e3e"},{"@type":"WebSite","@id":"https:\/\/www.manaus.am.gov.br\/semsa\/#website","url":"https:\/\/www.manaus.am.gov.br\/semsa\/","name":"SEMSA","description":"Secretaria Municipal de Sa\u00fade","alternateName":"Secretaria Municipal de Sa\u00fade","potentialAction":[{"@type":"SearchAction","target":{"@type":"EntryPoint","urlTemplate":"https:\/\/www.manaus.am.gov.br\/semsa\/?s={search_term_string}"},"query-input":"required name=search_term_string"}],"inLanguage":"pt-BR"},{"@type":"Person","@id":"https:\/\/www.manaus.am.gov.br\/semsa\/#\/schema\/person\/05d223aea2bf115f9883a6ff3683d81b","name":"Bruna Greco","image":{"@type":"ImageObject","inLanguage":"pt-BR","@id":"https:\/\/www.manaus.am.gov.br\/semsa\/#\/schema\/person\/image\/","url":"https:\/\/secure.gravatar.com\/avatar\/9c877d1a6adc2a055330e5c09a8653ce?s=96&d=mm&r=g","contentUrl":"https:\/\/secure.gravatar.com\/avatar\/9c877d1a6adc2a055330e5c09a8653ce?s=96&d=mm&r=g","caption":"Bruna Greco"}}]}},"_links":{"self":[{"href":"https:\/\/www.manaus.am.gov.br\/semsa\/wp-json\/wp\/v2\/posts\/214132"}],"collection":[{"href":"https:\/\/www.manaus.am.gov.br\/semsa\/wp-json\/wp\/v2\/posts"}],"about":[{"href":"https:\/\/www.manaus.am.gov.br\/semsa\/wp-json\/wp\/v2\/types\/post"}],"author":[{"embeddable":true,"href":"https:\/\/www.manaus.am.gov.br\/semsa\/wp-json\/wp\/v2\/users\/39"}],"replies":[{"embeddable":true,"href":"https:\/\/www.manaus.am.gov.br\/semsa\/wp-json\/wp\/v2\/comments?post=214132"}],"version-history":[{"count":1,"href":"https:\/\/www.manaus.am.gov.br\/semsa\/wp-json\/wp\/v2\/posts\/214132\/revisions"}],"predecessor-version":[{"id":214134,"href":"https:\/\/www.manaus.am.gov.br\/semsa\/wp-json\/wp\/v2\/posts\/214132\/revisions\/214134"}],"wp:featuredmedia":[{"embeddable":true,"href":"https:\/\/www.manaus.am.gov.br\/semsa\/wp-json\/wp\/v2\/media\/214133"}],"wp:attachment":[{"href":"https:\/\/www.manaus.am.gov.br\/semsa\/wp-json\/wp\/v2\/media?parent=214132"}],"wp:term":[{"taxonomy":"category","embeddable":true,"href":"https:\/\/www.manaus.am.gov.br\/semsa\/wp-json\/wp\/v2\/categories?post=214132"},{"taxonomy":"post_tag","embeddable":true,"href":"https:\/\/www.manaus.am.gov.br\/semsa\/wp-json\/wp\/v2\/tags?post=214132"}],"curies":[{"name":"wp","href":"https:\/\/api.w.org\/{rel}","templated":true}]}}