{"id":213860,"date":"2023-12-18T17:59:18","date_gmt":"2023-12-18T21:59:18","guid":{"rendered":"https:\/\/www.manaus.am.gov.br\/semsa\/idosos-e-usuarios-imunossuprimidos-que-se-vacinaram-ha-seis-meses-ja-podem-tomar-reforco-com-bivalente\/"},"modified":"2023-12-18T17:59:18","modified_gmt":"2023-12-18T21:59:18","slug":"idosos-e-usuarios-imunossuprimidos-que-se-vacinaram-ha-seis-meses-ja-podem-tomar-reforco-com-bivalente","status":"publish","type":"post","link":"https:\/\/www.manaus.am.gov.br\/semsa\/idosos-e-usuarios-imunossuprimidos-que-se-vacinaram-ha-seis-meses-ja-podem-tomar-reforco-com-bivalente\/","title":{"rendered":"Idosos e usu\u00e1rios imunossuprimidos que se vacinaram h\u00e1 seis meses, j\u00e1 podem tomar refor\u00e7o com bivalente"},"content":{"rendered":"\n<p>A Prefeitura de Manaus iniciou nesta segunda-feira, 18\/12, a oferta do refor\u00e7o da vacina Pfizer bivalente para pessoas com 60 anos ou mais e usu\u00e1rios com imunossupress\u00e3o a partir dos 12 anos.&nbsp; A Secretaria Municipal de Sa\u00fade (Semsa) est\u00e1 disponibilizando a vacina em mais de 70 unidades distribu\u00eddas em todas as zonas geogr\u00e1ficas da capital tanto no hor\u00e1rio regular, das 8h \u00e0s 17h, quando no hor\u00e1rio ampliado, das 7h \u00e0s 20h. A bivalente fortalece a imunidade contra as formas graves da Covid-19.<\/p>\n\n\n\n<p>A secret\u00e1ria municipal de sa\u00fade, Sh\u00e1dia Fraxe, reitera o compromisso da gest\u00e3o municipal em manter o cen\u00e1rio epidemiol\u00f3gico da Covid-19 sob controle na capital e apela \u00e0s pessoas que fazem parte desses grupos que se protejam da Covid-19, tomando a vacina.<\/p>\n\n\n\n<p>\u201cA bivalente \u00e9 conhecida por gerar uma resposta imune importante, que impede o desenvolvimento das formas graves, que debitam as pessoas e muitas vezes, requerem hospitaliza\u00e7\u00e3o. Refor\u00e7amos o pedido para os idosos com 60 anos ou mais e pessoas com imunossupress\u00e3o com intervalo de seis meses da \u00faltima dose, que busquem as nossas unidades para cumprir essa importante miss\u00e3o\u201d, enfatiza.<\/p>\n\n\n\n<p>A aut\u00f4noma Maria Santana, de 63 anos, decidiu abrir espa\u00e7o na agenda agitada para ir at\u00e9 \u00e0 Unidade de Sa\u00fade da Fam\u00edlia (USF) Dr. Jos\u00e9 Rayol dos Santos, localizada na avenida Constantino Nery, no bairro Chapada, zona Centro-Sul de Manaus, e se vacinar.<\/p>\n\n\n\n<p>\u201cEu fico sempre em alerta porque a vacina garante o meu bem-estar. Me informo, leio muito, consulto minhas doses. Mesmo na correria, a gente precisa dar um jeito pra se vacinar, pra ficar mais forte. Pe\u00e7o que todas as pessoas que venham tomar a&nbsp; vacina&nbsp; pra evitar que a doen\u00e7a ameace a vida deles e de quem convive com elas\u201d, aconselhou.<\/p>\n\n\n\n<p>A oferta do imunizante que protege contra a variante original da Covid-19 e as subvariantes da \u00f4microm, em Manaus est\u00e1 embasada na orienta\u00e7\u00e3o do Minist\u00e9rio da Sa\u00fade, que por meio da nota t\u00e9cnica n\u00ba 83\/2003, aconselha a oferta da vacina para grupos vulner\u00e1veis devido ao surgimento de novas cepas e ocorr\u00eancia de surto no Cear\u00e1.<\/p>\n\n\n\n<p>A popula\u00e7\u00e3o pode consultar os endere\u00e7os e hor\u00e1rios de funcionamento das 73 unidades de sa\u00fade da Semsa que ofertam a vacina bivalente, pelo link:&nbsp;<a href=\"http:\/\/bit.ly\/localvacinacovid19\" target=\"_blank\" rel=\"noreferrer noopener\">bit.ly\/localvacinacovid19<\/a>.<\/p>\n\n\n\n<p>Para receber a vacina \u00e9 necess\u00e1rio que os usu\u00e1rios apresentem documento oficial com foto, Cart\u00e3o Nacional do SUS e cart\u00e3o de vacina.<\/p>\n\n\n\n<p>Por meio da plataforma Imuniza Manaus (<a href=\"http:\/\/imuniza.manaus.am.gov.br\/\" target=\"_blank\" rel=\"noreferrer noopener\">imuniza.manaus.am.gov.br<\/a>), os usu\u00e1rios podem consultar as doses que j\u00e1 recebeu e se est\u00e1 apto a receber as doses de refor\u00e7o.<\/p>\n\n\n\n<p>&#8212; &#8212; &#8212;<\/p>\n\n\n\n<p><strong>Texto:<\/strong>&nbsp;Divulga\u00e7\u00e3o\/Semsa<\/p>\n\n\n\n<p><strong>Foto:<\/strong>&nbsp;Artur Barbosa\/Semsa<\/p>\n","protected":false},"excerpt":{"rendered":"","protected":false},"author":61,"featured_media":213861,"comment_status":"closed","ping_status":"closed","sticky":false,"template":"","format":"standard","meta":{"footnotes":""},"categories":[2],"tags":[24,340,2014,516],"acf":[],"yoast_head":"<!-- This site is optimized with the Yoast SEO plugin v23.0 - https:\/\/yoast.com\/wordpress\/plugins\/seo\/ -->\n<title>Idosos e imunossuprimidos j\u00e1 podem tomar refor\u00e7o com bivalente<\/title>\n<meta name=\"description\" content=\"A Prefeitura iniciou nesta segunda, 18\/12, o refor\u00e7o da vacina bivalente para idosos e imunossuprimidos a partir dos 12 anos.\u00a0\" \/>\n<meta name=\"robots\" content=\"index, follow, max-snippet:-1, max-image-preview:large, max-video-preview:-1\" \/>\n<link rel=\"canonical\" href=\"https:\/\/www.manaus.am.gov.br\/semsa\/idosos-e-usuarios-imunossuprimidos-que-se-vacinaram-ha-seis-meses-ja-podem-tomar-reforco-com-bivalente\/\" \/>\n<meta property=\"og:locale\" content=\"pt_BR\" \/>\n<meta property=\"og:type\" content=\"article\" \/>\n<meta property=\"og:title\" content=\"Idosos e imunossuprimidos j\u00e1 podem tomar refor\u00e7o com bivalente\" \/>\n<meta property=\"og:description\" content=\"A Prefeitura iniciou nesta segunda, 18\/12, o refor\u00e7o da vacina bivalente para idosos e imunossuprimidos a partir dos 12 anos.\u00a0\" \/>\n<meta property=\"og:url\" content=\"https:\/\/www.manaus.am.gov.br\/semsa\/idosos-e-usuarios-imunossuprimidos-que-se-vacinaram-ha-seis-meses-ja-podem-tomar-reforco-com-bivalente\/\" \/>\n<meta property=\"og:site_name\" content=\"SEMSA\" \/>\n<meta property=\"article:published_time\" content=\"2023-12-18T21:59:18+00:00\" \/>\n<meta property=\"og:image\" content=\"https:\/\/www.manaus.am.gov.br\/semsa\/wp-content\/uploads\/sites\/8\/2023\/12\/18DEZ23_INI\u0301CIO-DA-NOVA-ETAPA-DA-OFERTA-DA-VACINA-BIVALENTE-53.jpg\" \/>\n\t<meta property=\"og:image:width\" content=\"860\" \/>\n\t<meta property=\"og:image:height\" content=\"573\" \/>\n\t<meta property=\"og:image:type\" content=\"image\/jpeg\" \/>\n<meta name=\"author\" content=\"smonteiro\" \/>\n<meta name=\"twitter:card\" content=\"summary_large_image\" \/>\n<meta name=\"twitter:label1\" content=\"Written by\" \/>\n\t<meta name=\"twitter:data1\" content=\"smonteiro\" \/>\n\t<meta name=\"twitter:label2\" content=\"Est. reading time\" \/>\n\t<meta name=\"twitter:data2\" content=\"3 minutos\" \/>\n<script type=\"application\/ld+json\" class=\"yoast-schema-graph\">{\"@context\":\"https:\/\/schema.org\",\"@graph\":[{\"@type\":\"WebPage\",\"@id\":\"https:\/\/www.manaus.am.gov.br\/semsa\/idosos-e-usuarios-imunossuprimidos-que-se-vacinaram-ha-seis-meses-ja-podem-tomar-reforco-com-bivalente\/\",\"url\":\"https:\/\/www.manaus.am.gov.br\/semsa\/idosos-e-usuarios-imunossuprimidos-que-se-vacinaram-ha-seis-meses-ja-podem-tomar-reforco-com-bivalente\/\",\"name\":\"Idosos e imunossuprimidos j\u00e1 podem tomar refor\u00e7o com bivalente\",\"isPartOf\":{\"@id\":\"https:\/\/www.manaus.am.gov.br\/semsa\/#website\"},\"primaryImageOfPage\":{\"@id\":\"https:\/\/www.manaus.am.gov.br\/semsa\/idosos-e-usuarios-imunossuprimidos-que-se-vacinaram-ha-seis-meses-ja-podem-tomar-reforco-com-bivalente\/#primaryimage\"},\"image\":{\"@id\":\"https:\/\/www.manaus.am.gov.br\/semsa\/idosos-e-usuarios-imunossuprimidos-que-se-vacinaram-ha-seis-meses-ja-podem-tomar-reforco-com-bivalente\/#primaryimage\"},\"thumbnailUrl\":\"https:\/\/www.manaus.am.gov.br\/semsa\/wp-content\/uploads\/sites\/8\/2023\/12\/18DEZ23_INI\u0301CIO-DA-NOVA-ETAPA-DA-OFERTA-DA-VACINA-BIVALENTE-53.jpg\",\"datePublished\":\"2023-12-18T21:59:18+00:00\",\"dateModified\":\"2023-12-18T21:59:18+00:00\",\"author\":{\"@id\":\"https:\/\/www.manaus.am.gov.br\/semsa\/#\/schema\/person\/ab4dcf766a54dff74e8d267f5c591961\"},\"description\":\"A Prefeitura iniciou nesta segunda, 18\/12, o refor\u00e7o da vacina bivalente para idosos e imunossuprimidos a partir dos 12 anos.\u00a0\",\"inLanguage\":\"pt-BR\",\"potentialAction\":[{\"@type\":\"ReadAction\",\"target\":[\"https:\/\/www.manaus.am.gov.br\/semsa\/idosos-e-usuarios-imunossuprimidos-que-se-vacinaram-ha-seis-meses-ja-podem-tomar-reforco-com-bivalente\/\"]}]},{\"@type\":\"ImageObject\",\"inLanguage\":\"pt-BR\",\"@id\":\"https:\/\/www.manaus.am.gov.br\/semsa\/idosos-e-usuarios-imunossuprimidos-que-se-vacinaram-ha-seis-meses-ja-podem-tomar-reforco-com-bivalente\/#primaryimage\",\"url\":\"https:\/\/www.manaus.am.gov.br\/semsa\/wp-content\/uploads\/sites\/8\/2023\/12\/18DEZ23_INI\u0301CIO-DA-NOVA-ETAPA-DA-OFERTA-DA-VACINA-BIVALENTE-53.jpg\",\"contentUrl\":\"https:\/\/www.manaus.am.gov.br\/semsa\/wp-content\/uploads\/sites\/8\/2023\/12\/18DEZ23_INI\u0301CIO-DA-NOVA-ETAPA-DA-OFERTA-DA-VACINA-BIVALENTE-53.jpg\",\"width\":860,\"height\":573,\"caption\":\"#paratodosverem - mulher idosa tomando o refor\u00e7o da vacina bivalente\"},{\"@type\":\"WebSite\",\"@id\":\"https:\/\/www.manaus.am.gov.br\/semsa\/#website\",\"url\":\"https:\/\/www.manaus.am.gov.br\/semsa\/\",\"name\":\"SEMSA\",\"description\":\"Secretaria Municipal de Sa\u00fade\",\"alternateName\":\"Secretaria Municipal de Sa\u00fade\",\"potentialAction\":[{\"@type\":\"SearchAction\",\"target\":{\"@type\":\"EntryPoint\",\"urlTemplate\":\"https:\/\/www.manaus.am.gov.br\/semsa\/?s={search_term_string}\"},\"query-input\":\"required name=search_term_string\"}],\"inLanguage\":\"pt-BR\"},{\"@type\":\"Person\",\"@id\":\"https:\/\/www.manaus.am.gov.br\/semsa\/#\/schema\/person\/ab4dcf766a54dff74e8d267f5c591961\",\"name\":\"smonteiro\",\"image\":{\"@type\":\"ImageObject\",\"inLanguage\":\"pt-BR\",\"@id\":\"https:\/\/www.manaus.am.gov.br\/semsa\/#\/schema\/person\/image\/\",\"url\":\"https:\/\/secure.gravatar.com\/avatar\/21c8776ef61d9272c73322052e042d77?s=96&d=mm&r=g\",\"contentUrl\":\"https:\/\/secure.gravatar.com\/avatar\/21c8776ef61d9272c73322052e042d77?s=96&d=mm&r=g\",\"caption\":\"smonteiro\"}}]}<\/script>\n<!-- \/ Yoast SEO plugin. -->","yoast_head_json":{"title":"Idosos e imunossuprimidos j\u00e1 podem tomar refor\u00e7o com bivalente","description":"A Prefeitura iniciou nesta segunda, 18\/12, o refor\u00e7o da vacina bivalente para idosos e imunossuprimidos a partir dos 12 anos.\u00a0","robots":{"index":"index","follow":"follow","max-snippet":"max-snippet:-1","max-image-preview":"max-image-preview:large","max-video-preview":"max-video-preview:-1"},"canonical":"https:\/\/www.manaus.am.gov.br\/semsa\/idosos-e-usuarios-imunossuprimidos-que-se-vacinaram-ha-seis-meses-ja-podem-tomar-reforco-com-bivalente\/","og_locale":"pt_BR","og_type":"article","og_title":"Idosos e imunossuprimidos j\u00e1 podem tomar refor\u00e7o com bivalente","og_description":"A Prefeitura iniciou nesta segunda, 18\/12, o refor\u00e7o da vacina bivalente para idosos e imunossuprimidos a partir dos 12 anos.\u00a0","og_url":"https:\/\/www.manaus.am.gov.br\/semsa\/idosos-e-usuarios-imunossuprimidos-que-se-vacinaram-ha-seis-meses-ja-podem-tomar-reforco-com-bivalente\/","og_site_name":"SEMSA","article_published_time":"2023-12-18T21:59:18+00:00","og_image":[{"width":860,"height":573,"url":"https:\/\/www.manaus.am.gov.br\/semsa\/wp-content\/uploads\/sites\/8\/2023\/12\/18DEZ23_INI\u0301CIO-DA-NOVA-ETAPA-DA-OFERTA-DA-VACINA-BIVALENTE-53.jpg","type":"image\/jpeg"}],"author":"smonteiro","twitter_card":"summary_large_image","twitter_misc":{"Written by":"smonteiro","Est. reading time":"3 minutos"},"schema":{"@context":"https:\/\/schema.org","@graph":[{"@type":"WebPage","@id":"https:\/\/www.manaus.am.gov.br\/semsa\/idosos-e-usuarios-imunossuprimidos-que-se-vacinaram-ha-seis-meses-ja-podem-tomar-reforco-com-bivalente\/","url":"https:\/\/www.manaus.am.gov.br\/semsa\/idosos-e-usuarios-imunossuprimidos-que-se-vacinaram-ha-seis-meses-ja-podem-tomar-reforco-com-bivalente\/","name":"Idosos e imunossuprimidos j\u00e1 podem tomar refor\u00e7o com bivalente","isPartOf":{"@id":"https:\/\/www.manaus.am.gov.br\/semsa\/#website"},"primaryImageOfPage":{"@id":"https:\/\/www.manaus.am.gov.br\/semsa\/idosos-e-usuarios-imunossuprimidos-que-se-vacinaram-ha-seis-meses-ja-podem-tomar-reforco-com-bivalente\/#primaryimage"},"image":{"@id":"https:\/\/www.manaus.am.gov.br\/semsa\/idosos-e-usuarios-imunossuprimidos-que-se-vacinaram-ha-seis-meses-ja-podem-tomar-reforco-com-bivalente\/#primaryimage"},"thumbnailUrl":"https:\/\/www.manaus.am.gov.br\/semsa\/wp-content\/uploads\/sites\/8\/2023\/12\/18DEZ23_INI\u0301CIO-DA-NOVA-ETAPA-DA-OFERTA-DA-VACINA-BIVALENTE-53.jpg","datePublished":"2023-12-18T21:59:18+00:00","dateModified":"2023-12-18T21:59:18+00:00","author":{"@id":"https:\/\/www.manaus.am.gov.br\/semsa\/#\/schema\/person\/ab4dcf766a54dff74e8d267f5c591961"},"description":"A Prefeitura iniciou nesta segunda, 18\/12, o refor\u00e7o da vacina bivalente para idosos e imunossuprimidos a partir dos 12 anos.\u00a0","inLanguage":"pt-BR","potentialAction":[{"@type":"ReadAction","target":["https:\/\/www.manaus.am.gov.br\/semsa\/idosos-e-usuarios-imunossuprimidos-que-se-vacinaram-ha-seis-meses-ja-podem-tomar-reforco-com-bivalente\/"]}]},{"@type":"ImageObject","inLanguage":"pt-BR","@id":"https:\/\/www.manaus.am.gov.br\/semsa\/idosos-e-usuarios-imunossuprimidos-que-se-vacinaram-ha-seis-meses-ja-podem-tomar-reforco-com-bivalente\/#primaryimage","url":"https:\/\/www.manaus.am.gov.br\/semsa\/wp-content\/uploads\/sites\/8\/2023\/12\/18DEZ23_INI\u0301CIO-DA-NOVA-ETAPA-DA-OFERTA-DA-VACINA-BIVALENTE-53.jpg","contentUrl":"https:\/\/www.manaus.am.gov.br\/semsa\/wp-content\/uploads\/sites\/8\/2023\/12\/18DEZ23_INI\u0301CIO-DA-NOVA-ETAPA-DA-OFERTA-DA-VACINA-BIVALENTE-53.jpg","width":860,"height":573,"caption":"#paratodosverem - mulher idosa tomando o refor\u00e7o da vacina bivalente"},{"@type":"WebSite","@id":"https:\/\/www.manaus.am.gov.br\/semsa\/#website","url":"https:\/\/www.manaus.am.gov.br\/semsa\/","name":"SEMSA","description":"Secretaria Municipal de Sa\u00fade","alternateName":"Secretaria Municipal de Sa\u00fade","potentialAction":[{"@type":"SearchAction","target":{"@type":"EntryPoint","urlTemplate":"https:\/\/www.manaus.am.gov.br\/semsa\/?s={search_term_string}"},"query-input":"required name=search_term_string"}],"inLanguage":"pt-BR"},{"@type":"Person","@id":"https:\/\/www.manaus.am.gov.br\/semsa\/#\/schema\/person\/ab4dcf766a54dff74e8d267f5c591961","name":"smonteiro","image":{"@type":"ImageObject","inLanguage":"pt-BR","@id":"https:\/\/www.manaus.am.gov.br\/semsa\/#\/schema\/person\/image\/","url":"https:\/\/secure.gravatar.com\/avatar\/21c8776ef61d9272c73322052e042d77?s=96&d=mm&r=g","contentUrl":"https:\/\/secure.gravatar.com\/avatar\/21c8776ef61d9272c73322052e042d77?s=96&d=mm&r=g","caption":"smonteiro"}}]}},"_links":{"self":[{"href":"https:\/\/www.manaus.am.gov.br\/semsa\/wp-json\/wp\/v2\/posts\/213860"}],"collection":[{"href":"https:\/\/www.manaus.am.gov.br\/semsa\/wp-json\/wp\/v2\/posts"}],"about":[{"href":"https:\/\/www.manaus.am.gov.br\/semsa\/wp-json\/wp\/v2\/types\/post"}],"author":[{"embeddable":true,"href":"https:\/\/www.manaus.am.gov.br\/semsa\/wp-json\/wp\/v2\/users\/61"}],"replies":[{"embeddable":true,"href":"https:\/\/www.manaus.am.gov.br\/semsa\/wp-json\/wp\/v2\/comments?post=213860"}],"version-history":[{"count":0,"href":"https:\/\/www.manaus.am.gov.br\/semsa\/wp-json\/wp\/v2\/posts\/213860\/revisions"}],"wp:featuredmedia":[{"embeddable":true,"href":"https:\/\/www.manaus.am.gov.br\/semsa\/wp-json\/wp\/v2\/media\/213861"}],"wp:attachment":[{"href":"https:\/\/www.manaus.am.gov.br\/semsa\/wp-json\/wp\/v2\/media?parent=213860"}],"wp:term":[{"taxonomy":"category","embeddable":true,"href":"https:\/\/www.manaus.am.gov.br\/semsa\/wp-json\/wp\/v2\/categories?post=213860"},{"taxonomy":"post_tag","embeddable":true,"href":"https:\/\/www.manaus.am.gov.br\/semsa\/wp-json\/wp\/v2\/tags?post=213860"}],"curies":[{"name":"wp","href":"https:\/\/api.w.org\/{rel}","templated":true}]}}