{"id":213333,"date":"2023-11-14T19:55:54","date_gmt":"2023-11-14T23:55:54","guid":{"rendered":"https:\/\/www.manaus.am.gov.br\/semsa\/prefeitura-promove-evento-de-integracao-para-mais-de-800-novos-servidores-da-semsa\/"},"modified":"2023-11-14T20:01:43","modified_gmt":"2023-11-15T00:01:43","slug":"prefeitura-promove-evento-de-integracao-para-mais-de-800-novos-servidores-da-semsa","status":"publish","type":"post","link":"https:\/\/www.manaus.am.gov.br\/semsa\/prefeitura-promove-evento-de-integracao-para-mais-de-800-novos-servidores-da-semsa\/","title":{"rendered":"Prefeitura promove evento de integra\u00e7\u00e3o para mais de 800 novos servidores da Semsa"},"content":{"rendered":"\n<p>A Prefeitura de Manaus promoveu um evento de integra\u00e7\u00e3o para 835 novos servidores da Secretaria Municipal de Sa\u00fade (Semsa), nesta ter\u00e7a-feira, 14\/11, aprovados no concurso p\u00fablico de 2021 da pasta, visando acolher os profissionais e contribuir para o desenvolvimento qualitativo dos servi\u00e7os voltados \u00e0 popula\u00e7\u00e3o. A atividade ocorreu no audit\u00f3rio Nina Lins, da Universidade Nilton Lins, no bairro Parque das Laranjeiras, zona Centro-Sul, em duas turmas, pela manh\u00e3 e \u00e0 tarde.<\/p>\n\n\n\n<p>O encontro teve a presen\u00e7a da titular da Semsa Manaus, Sh\u00e1dia Fraxe, que deu as boas-vindas aos servidores empossados neste ano, ao lado dos subsecret\u00e1rios de Gest\u00e3o da Sa\u00fade, Djalma Coelho, e de Gest\u00e3o Administrativa e Planejamento, Nagib Salem, al\u00e9m de outros gestores, diretores e gerentes da pasta.<\/p>\n\n\n\n<p>Sh\u00e1dia lembrou que a realiza\u00e7\u00e3o de um concurso p\u00fablico era um sonho da sua gest\u00e3o \u00e0 frente da Semsa, prontamente atendido pelo prefeito David Almeida, e antecipou que uma nova convoca\u00e7\u00e3o do certame, realizado em 2022, ser\u00e1 realizada no pr\u00f3ximo m\u00eas. \u201cEm dezembro, chamaremos mais 500 aprovados, que come\u00e7ar\u00e3o o ano cheios de novidades\u201d.<\/p>\n\n\n\n<p>A secret\u00e1ria ainda refor\u00e7ou a import\u00e2ncia do Sistema \u00danico de Sa\u00fade (SUS), enfatizando que a aten\u00e7\u00e3o b\u00e1sica em Manaus foi avaliada pelo Minist\u00e9rio da Sa\u00fade como a melhor dentre as capitais, nos \u00faltimos seis quadrimestres.<\/p>\n\n\n\n<p>\u201cEsperamos que todos fa\u00e7am verdadeiramente parte da Semsa, e vamos juntos fazer o SUS melhor, vamos ser o diferencial do Brasil\u201d, declarou.<\/p>\n\n\n\n<p>Durante o evento, coordenado pela Diretoria de Gest\u00e3o e da Regula\u00e7\u00e3o do Trabalho em Sa\u00fade, diretores e gestores da Semsa apresentaram palestras enfocando a estrutura e o funcionamento da pasta, direitos e deveres do servidor, \u00e9tica profissional, regime previdenci\u00e1rio municipal, sa\u00fade e bem-estar no trabalho, entre outros temas.<\/p>\n\n\n\n<p>Conforme a diretora de Gest\u00e3o e da Regula\u00e7\u00e3o do Trabalho em Sa\u00fade, Mircleide Santana, a proposta da acolhida foi a de possibilitar uma integra\u00e7\u00e3o mais efetiva dos servidores na Semsa, assim permitindo a eles desenvolver melhor suas atividades na secretaria.<\/p>\n\n\n\n<p>\u201cApresentamos a eles a secretaria, incluindo sua miss\u00e3o, vis\u00e3o e valores, e tamb\u00e9m seus direitos e deveres como servidores. Esperamos que eles saiam fortalecidos, tendo um melhor conhecimento de como funciona a Secretaria Municipal de Sa\u00fade\u201d, apontou.<\/p>\n\n\n\n<p>Uma das participantes do evento de integra\u00e7\u00e3o, a agente comunit\u00e1ria de sa\u00fade, Karla Lima, de 26 anos, que j\u00e1 vem atuando nos \u00faltimos meses junto \u00e0 Unidade de Sa\u00fade da Fam\u00edlia (USF) Frei Val\u00e9rio Di Carlo, no bairro Novo Israel, zona Norte. Ela destacou que as apresenta\u00e7\u00f5es lhe permitiram conhecer mais sobre o funcionamento da secretaria, dos fluxos internos de trabalho aos servi\u00e7os ofertados \u00e0 popula\u00e7\u00e3o.<\/p>\n\n\n\n<p>\u201c\u00c9 importante para termos uma vis\u00e3o mais ampliada de como funciona a Semsa n\u00e3o na porta de entrada da sa\u00fade, na unidade b\u00e1sica ou no Samu (Servi\u00e7o M\u00e9dico de Atendimento de Urg\u00eancia), como tamb\u00e9m dos tr\u00e2mites administrativos, dos nossos direitos e deveres\u201d, disse.<\/p>\n\n\n\n<p>&#8212; &#8212; &#8212;&nbsp;<\/p>\n\n\n\n<p><strong>Texto &#8211;&nbsp;<\/strong>Jony Clay Borges \/ Semsa<\/p>\n\n\n\n<p><strong>Fotos &#8211;<\/strong>&nbsp;Artur Barbosa \/ Semsa<\/p>\n\n\n\n<p>Dispon\u00edveis em &#8211; <a href=\"https:\/\/flic.kr\/s\/aHBqjB3h5a\">https:\/\/flic.kr\/s\/aHBqjB3h5a<\/a><\/p>\n","protected":false},"excerpt":{"rendered":"","protected":false},"author":31,"featured_media":213334,"comment_status":"closed","ping_status":"closed","sticky":false,"template":"","format":"standard","meta":{"footnotes":""},"categories":[1845],"tags":[1846,1847,259,28],"acf":[],"yoast_head":"<!-- This site is optimized with the Yoast SEO plugin v23.0 - https:\/\/yoast.com\/wordpress\/plugins\/seo\/ -->\n<title>Prefeitura promove evento de integra\u00e7\u00e3o para mais de 800 novos servidores da Semsa - SEMSA<\/title>\n<meta name=\"robots\" content=\"index, follow, max-snippet:-1, max-image-preview:large, max-video-preview:-1\" \/>\n<link rel=\"canonical\" href=\"https:\/\/www.manaus.am.gov.br\/semsa\/prefeitura-promove-evento-de-integracao-para-mais-de-800-novos-servidores-da-semsa\/\" \/>\n<meta property=\"og:locale\" content=\"pt_BR\" \/>\n<meta property=\"og:type\" content=\"article\" \/>\n<meta property=\"og:title\" content=\"Prefeitura promove evento de integra\u00e7\u00e3o para mais de 800 novos servidores da Semsa - SEMSA\" \/>\n<meta property=\"og:url\" content=\"https:\/\/www.manaus.am.gov.br\/semsa\/prefeitura-promove-evento-de-integracao-para-mais-de-800-novos-servidores-da-semsa\/\" \/>\n<meta property=\"og:site_name\" content=\"SEMSA\" \/>\n<meta property=\"article:published_time\" content=\"2023-11-14T23:55:54+00:00\" \/>\n<meta property=\"article:modified_time\" content=\"2023-11-15T00:01:43+00:00\" \/>\n<meta property=\"og:image\" content=\"https:\/\/www.manaus.am.gov.br\/semsa\/wp-content\/uploads\/sites\/8\/2023\/11\/53332771435_04b4ace639_c.jpg\" \/>\n\t<meta property=\"og:image:width\" content=\"799\" \/>\n\t<meta property=\"og:image:height\" content=\"533\" \/>\n\t<meta property=\"og:image:type\" content=\"image\/jpeg\" \/>\n<meta name=\"author\" content=\"Renata Felix\" \/>\n<meta name=\"twitter:card\" content=\"summary_large_image\" \/>\n<meta name=\"twitter:label1\" content=\"Written by\" \/>\n\t<meta name=\"twitter:data1\" content=\"Renata Felix\" \/>\n\t<meta name=\"twitter:label2\" content=\"Est. reading time\" \/>\n\t<meta name=\"twitter:data2\" content=\"3 minutos\" \/>\n<script type=\"application\/ld+json\" class=\"yoast-schema-graph\">{\"@context\":\"https:\/\/schema.org\",\"@graph\":[{\"@type\":\"WebPage\",\"@id\":\"https:\/\/www.manaus.am.gov.br\/semsa\/prefeitura-promove-evento-de-integracao-para-mais-de-800-novos-servidores-da-semsa\/\",\"url\":\"https:\/\/www.manaus.am.gov.br\/semsa\/prefeitura-promove-evento-de-integracao-para-mais-de-800-novos-servidores-da-semsa\/\",\"name\":\"Prefeitura promove evento de integra\u00e7\u00e3o para mais de 800 novos servidores da Semsa - SEMSA\",\"isPartOf\":{\"@id\":\"https:\/\/www.manaus.am.gov.br\/semsa\/#website\"},\"primaryImageOfPage\":{\"@id\":\"https:\/\/www.manaus.am.gov.br\/semsa\/prefeitura-promove-evento-de-integracao-para-mais-de-800-novos-servidores-da-semsa\/#primaryimage\"},\"image\":{\"@id\":\"https:\/\/www.manaus.am.gov.br\/semsa\/prefeitura-promove-evento-de-integracao-para-mais-de-800-novos-servidores-da-semsa\/#primaryimage\"},\"thumbnailUrl\":\"https:\/\/www.manaus.am.gov.br\/semsa\/wp-content\/uploads\/sites\/8\/2023\/11\/53332771435_04b4ace639_c.jpg\",\"datePublished\":\"2023-11-14T23:55:54+00:00\",\"dateModified\":\"2023-11-15T00:01:43+00:00\",\"author\":{\"@id\":\"https:\/\/www.manaus.am.gov.br\/semsa\/#\/schema\/person\/4eea2a8f78dc853097abb026f728aa06\"},\"inLanguage\":\"pt-BR\",\"potentialAction\":[{\"@type\":\"ReadAction\",\"target\":[\"https:\/\/www.manaus.am.gov.br\/semsa\/prefeitura-promove-evento-de-integracao-para-mais-de-800-novos-servidores-da-semsa\/\"]}]},{\"@type\":\"ImageObject\",\"inLanguage\":\"pt-BR\",\"@id\":\"https:\/\/www.manaus.am.gov.br\/semsa\/prefeitura-promove-evento-de-integracao-para-mais-de-800-novos-servidores-da-semsa\/#primaryimage\",\"url\":\"https:\/\/www.manaus.am.gov.br\/semsa\/wp-content\/uploads\/sites\/8\/2023\/11\/53332771435_04b4ace639_c.jpg\",\"contentUrl\":\"https:\/\/www.manaus.am.gov.br\/semsa\/wp-content\/uploads\/sites\/8\/2023\/11\/53332771435_04b4ace639_c.jpg\",\"width\":799,\"height\":533},{\"@type\":\"WebSite\",\"@id\":\"https:\/\/www.manaus.am.gov.br\/semsa\/#website\",\"url\":\"https:\/\/www.manaus.am.gov.br\/semsa\/\",\"name\":\"SEMSA\",\"description\":\"Secretaria Municipal de Sa\u00fade\",\"alternateName\":\"Secretaria Municipal de Sa\u00fade\",\"potentialAction\":[{\"@type\":\"SearchAction\",\"target\":{\"@type\":\"EntryPoint\",\"urlTemplate\":\"https:\/\/www.manaus.am.gov.br\/semsa\/?s={search_term_string}\"},\"query-input\":\"required name=search_term_string\"}],\"inLanguage\":\"pt-BR\"},{\"@type\":\"Person\",\"@id\":\"https:\/\/www.manaus.am.gov.br\/semsa\/#\/schema\/person\/4eea2a8f78dc853097abb026f728aa06\",\"name\":\"Renata Felix\",\"image\":{\"@type\":\"ImageObject\",\"inLanguage\":\"pt-BR\",\"@id\":\"https:\/\/www.manaus.am.gov.br\/semsa\/#\/schema\/person\/image\/\",\"url\":\"https:\/\/secure.gravatar.com\/avatar\/3c196cf9d3b837b24c8edb2c50fd8f29?s=96&d=mm&r=g\",\"contentUrl\":\"https:\/\/secure.gravatar.com\/avatar\/3c196cf9d3b837b24c8edb2c50fd8f29?s=96&d=mm&r=g\",\"caption\":\"Renata Felix\"}}]}<\/script>\n<!-- \/ Yoast SEO plugin. -->","yoast_head_json":{"title":"Prefeitura promove evento de integra\u00e7\u00e3o para mais de 800 novos servidores da Semsa - SEMSA","robots":{"index":"index","follow":"follow","max-snippet":"max-snippet:-1","max-image-preview":"max-image-preview:large","max-video-preview":"max-video-preview:-1"},"canonical":"https:\/\/www.manaus.am.gov.br\/semsa\/prefeitura-promove-evento-de-integracao-para-mais-de-800-novos-servidores-da-semsa\/","og_locale":"pt_BR","og_type":"article","og_title":"Prefeitura promove evento de integra\u00e7\u00e3o para mais de 800 novos servidores da Semsa - SEMSA","og_url":"https:\/\/www.manaus.am.gov.br\/semsa\/prefeitura-promove-evento-de-integracao-para-mais-de-800-novos-servidores-da-semsa\/","og_site_name":"SEMSA","article_published_time":"2023-11-14T23:55:54+00:00","article_modified_time":"2023-11-15T00:01:43+00:00","og_image":[{"width":799,"height":533,"url":"https:\/\/www.manaus.am.gov.br\/semsa\/wp-content\/uploads\/sites\/8\/2023\/11\/53332771435_04b4ace639_c.jpg","type":"image\/jpeg"}],"author":"Renata Felix","twitter_card":"summary_large_image","twitter_misc":{"Written by":"Renata Felix","Est. reading time":"3 minutos"},"schema":{"@context":"https:\/\/schema.org","@graph":[{"@type":"WebPage","@id":"https:\/\/www.manaus.am.gov.br\/semsa\/prefeitura-promove-evento-de-integracao-para-mais-de-800-novos-servidores-da-semsa\/","url":"https:\/\/www.manaus.am.gov.br\/semsa\/prefeitura-promove-evento-de-integracao-para-mais-de-800-novos-servidores-da-semsa\/","name":"Prefeitura promove evento de integra\u00e7\u00e3o para mais de 800 novos servidores da Semsa - SEMSA","isPartOf":{"@id":"https:\/\/www.manaus.am.gov.br\/semsa\/#website"},"primaryImageOfPage":{"@id":"https:\/\/www.manaus.am.gov.br\/semsa\/prefeitura-promove-evento-de-integracao-para-mais-de-800-novos-servidores-da-semsa\/#primaryimage"},"image":{"@id":"https:\/\/www.manaus.am.gov.br\/semsa\/prefeitura-promove-evento-de-integracao-para-mais-de-800-novos-servidores-da-semsa\/#primaryimage"},"thumbnailUrl":"https:\/\/www.manaus.am.gov.br\/semsa\/wp-content\/uploads\/sites\/8\/2023\/11\/53332771435_04b4ace639_c.jpg","datePublished":"2023-11-14T23:55:54+00:00","dateModified":"2023-11-15T00:01:43+00:00","author":{"@id":"https:\/\/www.manaus.am.gov.br\/semsa\/#\/schema\/person\/4eea2a8f78dc853097abb026f728aa06"},"inLanguage":"pt-BR","potentialAction":[{"@type":"ReadAction","target":["https:\/\/www.manaus.am.gov.br\/semsa\/prefeitura-promove-evento-de-integracao-para-mais-de-800-novos-servidores-da-semsa\/"]}]},{"@type":"ImageObject","inLanguage":"pt-BR","@id":"https:\/\/www.manaus.am.gov.br\/semsa\/prefeitura-promove-evento-de-integracao-para-mais-de-800-novos-servidores-da-semsa\/#primaryimage","url":"https:\/\/www.manaus.am.gov.br\/semsa\/wp-content\/uploads\/sites\/8\/2023\/11\/53332771435_04b4ace639_c.jpg","contentUrl":"https:\/\/www.manaus.am.gov.br\/semsa\/wp-content\/uploads\/sites\/8\/2023\/11\/53332771435_04b4ace639_c.jpg","width":799,"height":533},{"@type":"WebSite","@id":"https:\/\/www.manaus.am.gov.br\/semsa\/#website","url":"https:\/\/www.manaus.am.gov.br\/semsa\/","name":"SEMSA","description":"Secretaria Municipal de Sa\u00fade","alternateName":"Secretaria Municipal de Sa\u00fade","potentialAction":[{"@type":"SearchAction","target":{"@type":"EntryPoint","urlTemplate":"https:\/\/www.manaus.am.gov.br\/semsa\/?s={search_term_string}"},"query-input":"required name=search_term_string"}],"inLanguage":"pt-BR"},{"@type":"Person","@id":"https:\/\/www.manaus.am.gov.br\/semsa\/#\/schema\/person\/4eea2a8f78dc853097abb026f728aa06","name":"Renata Felix","image":{"@type":"ImageObject","inLanguage":"pt-BR","@id":"https:\/\/www.manaus.am.gov.br\/semsa\/#\/schema\/person\/image\/","url":"https:\/\/secure.gravatar.com\/avatar\/3c196cf9d3b837b24c8edb2c50fd8f29?s=96&d=mm&r=g","contentUrl":"https:\/\/secure.gravatar.com\/avatar\/3c196cf9d3b837b24c8edb2c50fd8f29?s=96&d=mm&r=g","caption":"Renata Felix"}}]}},"_links":{"self":[{"href":"https:\/\/www.manaus.am.gov.br\/semsa\/wp-json\/wp\/v2\/posts\/213333"}],"collection":[{"href":"https:\/\/www.manaus.am.gov.br\/semsa\/wp-json\/wp\/v2\/posts"}],"about":[{"href":"https:\/\/www.manaus.am.gov.br\/semsa\/wp-json\/wp\/v2\/types\/post"}],"author":[{"embeddable":true,"href":"https:\/\/www.manaus.am.gov.br\/semsa\/wp-json\/wp\/v2\/users\/31"}],"replies":[{"embeddable":true,"href":"https:\/\/www.manaus.am.gov.br\/semsa\/wp-json\/wp\/v2\/comments?post=213333"}],"version-history":[{"count":1,"href":"https:\/\/www.manaus.am.gov.br\/semsa\/wp-json\/wp\/v2\/posts\/213333\/revisions"}],"predecessor-version":[{"id":213335,"href":"https:\/\/www.manaus.am.gov.br\/semsa\/wp-json\/wp\/v2\/posts\/213333\/revisions\/213335"}],"wp:featuredmedia":[{"embeddable":true,"href":"https:\/\/www.manaus.am.gov.br\/semsa\/wp-json\/wp\/v2\/media\/213334"}],"wp:attachment":[{"href":"https:\/\/www.manaus.am.gov.br\/semsa\/wp-json\/wp\/v2\/media?parent=213333"}],"wp:term":[{"taxonomy":"category","embeddable":true,"href":"https:\/\/www.manaus.am.gov.br\/semsa\/wp-json\/wp\/v2\/categories?post=213333"},{"taxonomy":"post_tag","embeddable":true,"href":"https:\/\/www.manaus.am.gov.br\/semsa\/wp-json\/wp\/v2\/tags?post=213333"}],"curies":[{"name":"wp","href":"https:\/\/api.w.org\/{rel}","templated":true}]}}