{"id":213128,"date":"2023-10-10T21:32:43","date_gmt":"2023-10-11T01:32:43","guid":{"rendered":"https:\/\/www.manaus.am.gov.br\/semsa\/rotina-de-trabalho-dos-profissionais-do-samu-manaus-e-destaque-em-evento-internacional-de-saude\/"},"modified":"2023-10-10T21:32:44","modified_gmt":"2023-10-11T01:32:44","slug":"rotina-de-trabalho-dos-profissionais-do-samu-manaus-e-destaque-em-evento-internacional-de-saude","status":"publish","type":"post","link":"https:\/\/www.manaus.am.gov.br\/semsa\/rotina-de-trabalho-dos-profissionais-do-samu-manaus-e-destaque-em-evento-internacional-de-saude\/","title":{"rendered":"<strong>Rotina de trabalho dos profissionais do Samu Manaus \u00e9 destaque em evento internacional de sa\u00fade<\/strong>"},"content":{"rendered":"\n<p>A rotina dos trabalhadores de sa\u00fade do Servi\u00e7o M\u00f3vel de Urg\u00eancia (Samu), vinculado \u00e0 Secretaria Municipal de Sa\u00fade (Semsa), est\u00e1 sendo destacada no 5\u00b0 Congresso Internacional de Sa\u00fade do Interior e Fronteiras, realizado no audit\u00f3rio Deputado Belarmino Lins, da Assembleia Legislativa do Estado do Amazonas (Aleam). Promovido pelo Sindicato dos M\u00e9dicos do Estado do Amazonas (Simeam), o evento ser\u00e1 conclu\u00eddo nesta quarta-feira, 11\/10.&nbsp;&nbsp;<\/p>\n\n\n\n<p>A participa\u00e7\u00e3o do Samu acontece por meio da exposi\u00e7\u00e3o de uma ambul\u00e2ncia, equipamentos e materiais que s\u00e3o utilizados no atendimento das ocorr\u00eancias de emerg\u00eancia na capital.&nbsp;<\/p>\n\n\n\n<p>Para a diretora do servi\u00e7o, Ellen Assun\u00e7\u00e3o, o evento \u00e9 uma oportunidade para que a extens\u00e3o do trabalho do Samu seja reconhecida.&nbsp;<\/p>\n\n\n\n<p>\u201cEstamos felizes em participar, porque esta \u00e9 uma oportunidade de mostrar o quanto o nosso trabalho \u00e9 importante para prestar os atendimentos de urg\u00eancia e emerg\u00eancia de forma a evitar que a pessoa tenha sequelas ou venha a \u00f3bito. Esse trabalho ganha mais relev\u00e2ncia agora, na seca, nas comunidades que ficam mais distantes\u201d, explicou.<\/p>\n\n\n\n<p>Al\u00e9m do estande de exposi\u00e7\u00e3o, o Samu participa do congresso com uma palestra, nesta quarta-feira, 11\/10, destacando o trabalho de atendimento \u00e0s ocorr\u00eancias \u00e0 popula\u00e7\u00e3o de \u00e1reas ribeirinhas, na zona rural da capital, inclusive as que, este ano, est\u00e3o isoladas devido ao fen\u00f4meno da seca, at\u00e9 agora a quinta maior da hist\u00f3ria do Amazonas.<\/p>\n\n\n\n<p>O tema ser\u00e1 desenvolvido pela chefe do N\u00facleo de Educa\u00e7\u00e3o em Urg\u00eancia do Samu Manaus, Leda Sobral, que vai destacar a parceria com institui\u00e7\u00f5es que disp\u00f5em de helic\u00f3ptero, como \u00e9 o caso do Departamento Integrado de Opera\u00e7\u00f5es A\u00e9reas do Amazonas (Dioa) e da Marinha, que apoiam as equipes m\u00e9dicas do Samu.&nbsp;<\/p>\n\n\n\n<p>\u201cEsse trabalho colaborativo tem sido fundamental para apoiar essas popula\u00e7\u00f5es que vivem um contexto que tem sido bem desafiador para eles. Queremos discutir o impacto desse trabalho e fortalecer nossas a\u00e7\u00f5es de sa\u00fade\u201d, assinalou.<\/p>\n\n\n\n<p>A quinta edi\u00e7\u00e3o do Congresso Internacional de Sa\u00fade do Interior e Fronteiras, promovido pelo Simeam, re\u00fane profissionais de sa\u00fade e gestores e demais envolvidos com o objetivo de aprimorar o servi\u00e7o de sa\u00fade no interior.<\/p>\n\n\n\n<p>\u201cO evento est\u00e1 sendo proveitoso, porque iremos discutir estrat\u00e9gias para lidar com preven\u00e7\u00e3o e combate a doen\u00e7as, cat\u00e1strofes e outras situa\u00e7\u00f5es que exigem preparo e planejamento de gestores e profissionais de sa\u00fade\u201d, explicou o presidente do Simeam, M\u00e1rio Viana.&nbsp;&nbsp;<\/p>\n\n\n\n<p>&#8212; &#8212; &#8212;<\/p>\n\n\n\n<p><strong>Texto<\/strong>&nbsp;&#8211; Divulga\u00e7\u00e3o\/Semsa&nbsp;&nbsp;<\/p>\n\n\n\n<p><strong>Fotos<\/strong>&nbsp;&#8211; Artur Barbosa\/Semsa<\/p>\n","protected":false},"excerpt":{"rendered":"","protected":false},"author":31,"featured_media":213129,"comment_status":"closed","ping_status":"closed","sticky":false,"template":"","format":"standard","meta":{"footnotes":""},"categories":[144],"tags":[1065,1682,765],"acf":[],"yoast_head":"<!-- This site is optimized with the Yoast SEO plugin v23.0 - https:\/\/yoast.com\/wordpress\/plugins\/seo\/ -->\n<title>Rotina de trabalho dos profissionais do Samu Manaus \u00e9 destaque em evento internacional de sa\u00fade - SEMSA<\/title>\n<meta name=\"robots\" content=\"index, follow, max-snippet:-1, max-image-preview:large, max-video-preview:-1\" \/>\n<link rel=\"canonical\" href=\"https:\/\/www.manaus.am.gov.br\/semsa\/rotina-de-trabalho-dos-profissionais-do-samu-manaus-e-destaque-em-evento-internacional-de-saude\/\" \/>\n<meta property=\"og:locale\" content=\"pt_BR\" \/>\n<meta property=\"og:type\" content=\"article\" \/>\n<meta property=\"og:title\" content=\"Rotina de trabalho dos profissionais do Samu Manaus \u00e9 destaque em evento internacional de sa\u00fade - SEMSA\" \/>\n<meta property=\"og:url\" content=\"https:\/\/www.manaus.am.gov.br\/semsa\/rotina-de-trabalho-dos-profissionais-do-samu-manaus-e-destaque-em-evento-internacional-de-saude\/\" \/>\n<meta property=\"og:site_name\" content=\"SEMSA\" \/>\n<meta property=\"article:published_time\" content=\"2023-10-11T01:32:43+00:00\" \/>\n<meta property=\"article:modified_time\" content=\"2023-10-11T01:32:44+00:00\" \/>\n<meta property=\"og:image\" content=\"https:\/\/www.manaus.am.gov.br\/semsa\/wp-content\/uploads\/sites\/8\/2023\/10\/10OUT23_V-CONGRESSO-DE-SAU\u0301DE-DO-INTERIOR-E-FRONTEIRAS-43-1024x683.jpg\" \/>\n\t<meta property=\"og:image:width\" content=\"1024\" \/>\n\t<meta property=\"og:image:height\" content=\"683\" \/>\n\t<meta property=\"og:image:type\" content=\"image\/jpeg\" \/>\n<meta name=\"author\" content=\"Renata Felix\" \/>\n<meta name=\"twitter:card\" content=\"summary_large_image\" \/>\n<meta name=\"twitter:label1\" content=\"Written by\" \/>\n\t<meta name=\"twitter:data1\" content=\"Renata Felix\" \/>\n\t<meta name=\"twitter:label2\" content=\"Est. reading time\" \/>\n\t<meta name=\"twitter:data2\" content=\"3 minutos\" \/>\n<script type=\"application\/ld+json\" class=\"yoast-schema-graph\">{\"@context\":\"https:\/\/schema.org\",\"@graph\":[{\"@type\":\"WebPage\",\"@id\":\"https:\/\/www.manaus.am.gov.br\/semsa\/rotina-de-trabalho-dos-profissionais-do-samu-manaus-e-destaque-em-evento-internacional-de-saude\/\",\"url\":\"https:\/\/www.manaus.am.gov.br\/semsa\/rotina-de-trabalho-dos-profissionais-do-samu-manaus-e-destaque-em-evento-internacional-de-saude\/\",\"name\":\"Rotina de trabalho dos profissionais do Samu Manaus \u00e9 destaque em evento internacional de sa\u00fade - SEMSA\",\"isPartOf\":{\"@id\":\"https:\/\/www.manaus.am.gov.br\/semsa\/#website\"},\"primaryImageOfPage\":{\"@id\":\"https:\/\/www.manaus.am.gov.br\/semsa\/rotina-de-trabalho-dos-profissionais-do-samu-manaus-e-destaque-em-evento-internacional-de-saude\/#primaryimage\"},\"image\":{\"@id\":\"https:\/\/www.manaus.am.gov.br\/semsa\/rotina-de-trabalho-dos-profissionais-do-samu-manaus-e-destaque-em-evento-internacional-de-saude\/#primaryimage\"},\"thumbnailUrl\":\"https:\/\/www.manaus.am.gov.br\/semsa\/wp-content\/uploads\/sites\/8\/2023\/10\/10OUT23_V-CONGRESSO-DE-SAU\u0301DE-DO-INTERIOR-E-FRONTEIRAS-43.jpg\",\"datePublished\":\"2023-10-11T01:32:43+00:00\",\"dateModified\":\"2023-10-11T01:32:44+00:00\",\"author\":{\"@id\":\"https:\/\/www.manaus.am.gov.br\/semsa\/#\/schema\/person\/4eea2a8f78dc853097abb026f728aa06\"},\"inLanguage\":\"pt-BR\",\"potentialAction\":[{\"@type\":\"ReadAction\",\"target\":[\"https:\/\/www.manaus.am.gov.br\/semsa\/rotina-de-trabalho-dos-profissionais-do-samu-manaus-e-destaque-em-evento-internacional-de-saude\/\"]}]},{\"@type\":\"ImageObject\",\"inLanguage\":\"pt-BR\",\"@id\":\"https:\/\/www.manaus.am.gov.br\/semsa\/rotina-de-trabalho-dos-profissionais-do-samu-manaus-e-destaque-em-evento-internacional-de-saude\/#primaryimage\",\"url\":\"https:\/\/www.manaus.am.gov.br\/semsa\/wp-content\/uploads\/sites\/8\/2023\/10\/10OUT23_V-CONGRESSO-DE-SAU\u0301DE-DO-INTERIOR-E-FRONTEIRAS-43.jpg\",\"contentUrl\":\"https:\/\/www.manaus.am.gov.br\/semsa\/wp-content\/uploads\/sites\/8\/2023\/10\/10OUT23_V-CONGRESSO-DE-SAU\u0301DE-DO-INTERIOR-E-FRONTEIRAS-43.jpg\",\"width\":2359,\"height\":1573},{\"@type\":\"WebSite\",\"@id\":\"https:\/\/www.manaus.am.gov.br\/semsa\/#website\",\"url\":\"https:\/\/www.manaus.am.gov.br\/semsa\/\",\"name\":\"SEMSA\",\"description\":\"Secretaria Municipal de Sa\u00fade\",\"alternateName\":\"Secretaria Municipal de Sa\u00fade\",\"potentialAction\":[{\"@type\":\"SearchAction\",\"target\":{\"@type\":\"EntryPoint\",\"urlTemplate\":\"https:\/\/www.manaus.am.gov.br\/semsa\/?s={search_term_string}\"},\"query-input\":\"required name=search_term_string\"}],\"inLanguage\":\"pt-BR\"},{\"@type\":\"Person\",\"@id\":\"https:\/\/www.manaus.am.gov.br\/semsa\/#\/schema\/person\/4eea2a8f78dc853097abb026f728aa06\",\"name\":\"Renata Felix\",\"image\":{\"@type\":\"ImageObject\",\"inLanguage\":\"pt-BR\",\"@id\":\"https:\/\/www.manaus.am.gov.br\/semsa\/#\/schema\/person\/image\/\",\"url\":\"https:\/\/secure.gravatar.com\/avatar\/3c196cf9d3b837b24c8edb2c50fd8f29?s=96&d=mm&r=g\",\"contentUrl\":\"https:\/\/secure.gravatar.com\/avatar\/3c196cf9d3b837b24c8edb2c50fd8f29?s=96&d=mm&r=g\",\"caption\":\"Renata Felix\"}}]}<\/script>\n<!-- \/ Yoast SEO plugin. -->","yoast_head_json":{"title":"Rotina de trabalho dos profissionais do Samu Manaus \u00e9 destaque em evento internacional de sa\u00fade - SEMSA","robots":{"index":"index","follow":"follow","max-snippet":"max-snippet:-1","max-image-preview":"max-image-preview:large","max-video-preview":"max-video-preview:-1"},"canonical":"https:\/\/www.manaus.am.gov.br\/semsa\/rotina-de-trabalho-dos-profissionais-do-samu-manaus-e-destaque-em-evento-internacional-de-saude\/","og_locale":"pt_BR","og_type":"article","og_title":"Rotina de trabalho dos profissionais do Samu Manaus \u00e9 destaque em evento internacional de sa\u00fade - SEMSA","og_url":"https:\/\/www.manaus.am.gov.br\/semsa\/rotina-de-trabalho-dos-profissionais-do-samu-manaus-e-destaque-em-evento-internacional-de-saude\/","og_site_name":"SEMSA","article_published_time":"2023-10-11T01:32:43+00:00","article_modified_time":"2023-10-11T01:32:44+00:00","og_image":[{"width":1024,"height":683,"url":"https:\/\/www.manaus.am.gov.br\/semsa\/wp-content\/uploads\/sites\/8\/2023\/10\/10OUT23_V-CONGRESSO-DE-SAU\u0301DE-DO-INTERIOR-E-FRONTEIRAS-43-1024x683.jpg","type":"image\/jpeg"}],"author":"Renata Felix","twitter_card":"summary_large_image","twitter_misc":{"Written by":"Renata Felix","Est. reading time":"3 minutos"},"schema":{"@context":"https:\/\/schema.org","@graph":[{"@type":"WebPage","@id":"https:\/\/www.manaus.am.gov.br\/semsa\/rotina-de-trabalho-dos-profissionais-do-samu-manaus-e-destaque-em-evento-internacional-de-saude\/","url":"https:\/\/www.manaus.am.gov.br\/semsa\/rotina-de-trabalho-dos-profissionais-do-samu-manaus-e-destaque-em-evento-internacional-de-saude\/","name":"Rotina de trabalho dos profissionais do Samu Manaus \u00e9 destaque em evento internacional de sa\u00fade - SEMSA","isPartOf":{"@id":"https:\/\/www.manaus.am.gov.br\/semsa\/#website"},"primaryImageOfPage":{"@id":"https:\/\/www.manaus.am.gov.br\/semsa\/rotina-de-trabalho-dos-profissionais-do-samu-manaus-e-destaque-em-evento-internacional-de-saude\/#primaryimage"},"image":{"@id":"https:\/\/www.manaus.am.gov.br\/semsa\/rotina-de-trabalho-dos-profissionais-do-samu-manaus-e-destaque-em-evento-internacional-de-saude\/#primaryimage"},"thumbnailUrl":"https:\/\/www.manaus.am.gov.br\/semsa\/wp-content\/uploads\/sites\/8\/2023\/10\/10OUT23_V-CONGRESSO-DE-SAU\u0301DE-DO-INTERIOR-E-FRONTEIRAS-43.jpg","datePublished":"2023-10-11T01:32:43+00:00","dateModified":"2023-10-11T01:32:44+00:00","author":{"@id":"https:\/\/www.manaus.am.gov.br\/semsa\/#\/schema\/person\/4eea2a8f78dc853097abb026f728aa06"},"inLanguage":"pt-BR","potentialAction":[{"@type":"ReadAction","target":["https:\/\/www.manaus.am.gov.br\/semsa\/rotina-de-trabalho-dos-profissionais-do-samu-manaus-e-destaque-em-evento-internacional-de-saude\/"]}]},{"@type":"ImageObject","inLanguage":"pt-BR","@id":"https:\/\/www.manaus.am.gov.br\/semsa\/rotina-de-trabalho-dos-profissionais-do-samu-manaus-e-destaque-em-evento-internacional-de-saude\/#primaryimage","url":"https:\/\/www.manaus.am.gov.br\/semsa\/wp-content\/uploads\/sites\/8\/2023\/10\/10OUT23_V-CONGRESSO-DE-SAU\u0301DE-DO-INTERIOR-E-FRONTEIRAS-43.jpg","contentUrl":"https:\/\/www.manaus.am.gov.br\/semsa\/wp-content\/uploads\/sites\/8\/2023\/10\/10OUT23_V-CONGRESSO-DE-SAU\u0301DE-DO-INTERIOR-E-FRONTEIRAS-43.jpg","width":2359,"height":1573},{"@type":"WebSite","@id":"https:\/\/www.manaus.am.gov.br\/semsa\/#website","url":"https:\/\/www.manaus.am.gov.br\/semsa\/","name":"SEMSA","description":"Secretaria Municipal de Sa\u00fade","alternateName":"Secretaria Municipal de Sa\u00fade","potentialAction":[{"@type":"SearchAction","target":{"@type":"EntryPoint","urlTemplate":"https:\/\/www.manaus.am.gov.br\/semsa\/?s={search_term_string}"},"query-input":"required name=search_term_string"}],"inLanguage":"pt-BR"},{"@type":"Person","@id":"https:\/\/www.manaus.am.gov.br\/semsa\/#\/schema\/person\/4eea2a8f78dc853097abb026f728aa06","name":"Renata Felix","image":{"@type":"ImageObject","inLanguage":"pt-BR","@id":"https:\/\/www.manaus.am.gov.br\/semsa\/#\/schema\/person\/image\/","url":"https:\/\/secure.gravatar.com\/avatar\/3c196cf9d3b837b24c8edb2c50fd8f29?s=96&d=mm&r=g","contentUrl":"https:\/\/secure.gravatar.com\/avatar\/3c196cf9d3b837b24c8edb2c50fd8f29?s=96&d=mm&r=g","caption":"Renata Felix"}}]}},"_links":{"self":[{"href":"https:\/\/www.manaus.am.gov.br\/semsa\/wp-json\/wp\/v2\/posts\/213128"}],"collection":[{"href":"https:\/\/www.manaus.am.gov.br\/semsa\/wp-json\/wp\/v2\/posts"}],"about":[{"href":"https:\/\/www.manaus.am.gov.br\/semsa\/wp-json\/wp\/v2\/types\/post"}],"author":[{"embeddable":true,"href":"https:\/\/www.manaus.am.gov.br\/semsa\/wp-json\/wp\/v2\/users\/31"}],"replies":[{"embeddable":true,"href":"https:\/\/www.manaus.am.gov.br\/semsa\/wp-json\/wp\/v2\/comments?post=213128"}],"version-history":[{"count":0,"href":"https:\/\/www.manaus.am.gov.br\/semsa\/wp-json\/wp\/v2\/posts\/213128\/revisions"}],"wp:featuredmedia":[{"embeddable":true,"href":"https:\/\/www.manaus.am.gov.br\/semsa\/wp-json\/wp\/v2\/media\/213129"}],"wp:attachment":[{"href":"https:\/\/www.manaus.am.gov.br\/semsa\/wp-json\/wp\/v2\/media?parent=213128"}],"wp:term":[{"taxonomy":"category","embeddable":true,"href":"https:\/\/www.manaus.am.gov.br\/semsa\/wp-json\/wp\/v2\/categories?post=213128"},{"taxonomy":"post_tag","embeddable":true,"href":"https:\/\/www.manaus.am.gov.br\/semsa\/wp-json\/wp\/v2\/tags?post=213128"}],"curies":[{"name":"wp","href":"https:\/\/api.w.org\/{rel}","templated":true}]}}