{"id":213073,"date":"2023-10-02T16:27:11","date_gmt":"2023-10-02T20:27:11","guid":{"rendered":"https:\/\/www.manaus.am.gov.br\/semsa\/prefeitura-de-manaus-debate-saude-digital-e-apresenta-experiencias-em-evento-internacional\/"},"modified":"2023-10-02T16:33:22","modified_gmt":"2023-10-02T20:33:22","slug":"prefeitura-de-manaus-debate-saude-digital-e-apresenta-experiencias-em-evento-internacional","status":"publish","type":"post","link":"https:\/\/www.manaus.am.gov.br\/semsa\/prefeitura-de-manaus-debate-saude-digital-e-apresenta-experiencias-em-evento-internacional\/","title":{"rendered":"<strong>Prefeitura de Manaus debate sa\u00fade digital e apresenta experi\u00eancias em evento internacional<\/strong>"},"content":{"rendered":"\n<p>Tr\u00eas experi\u00eancias exitosas no campo da sa\u00fade digital est\u00e3o sendo apresentadas pela Prefeitura de Manaus no 1\u00ba Simp\u00f3sio Internacional de Transforma\u00e7\u00e3o Digital no SUS, aberto nesta segunda-feira, 2\/10, no Centro de Conven\u00e7\u00f5es Rebou\u00e7as, em S\u00e3o Paulo. A titular da Secretaria Municipal de Sa\u00fade (Semsa), Sh\u00e1dia Fraxe, representa o munic\u00edpio no evento, que \u00e9 promovido pelo Minist\u00e9rio da Sa\u00fade e conta com mais de 4 mil inscritos, incluindo gestores, profissionais e pesquisadores da \u00e1rea.<\/p>\n\n\n\n<p>\u201cO munic\u00edpio tem investido recursos e pesquisas para desenvolver e aprimorar ferramentas digitais que qualifiquem a gest\u00e3o e a assist\u00eancia aos usu\u00e1rios do sistema p\u00fablico de sa\u00fade e esta \u00e9 mais uma oportunidade de apresentar nossas experi\u00eancias e conhecer o que outros estados e munic\u00edpios v\u00eam realizando neste campo\u201d, destaca Sh\u00e1dia Fraxe.<\/p>\n\n\n\n<p>Al\u00e9m da secret\u00e1ria, participam do evento os subsecret\u00e1rios de Gest\u00e3o da Sa\u00fade, Djalma Coelho, e de Gest\u00e3o Administrativa e Planejamento, Nagib Salem.&nbsp;<\/p>\n\n\n\n<p>Os trabalhos selecionados para o simp\u00f3sio est\u00e3o relacionados ao monitoramento da tuberculose, ao monitoramento dos indicadores do programa Previne Brasil e aos cadastros de usu\u00e1rios no sistema e-SUS PEC. Os tr\u00eas, produzidos no \u00e2mbito da Diretoria de Intelig\u00eancia de Dados (DID) da Semsa, com a contribui\u00e7\u00e3o das demais \u00e1reas t\u00e9cnicas, foram selecionados para a mostra de experi\u00eancias exitosas, que ocorre por meio de painel eletr\u00f4nico e v\u00eddeo.&nbsp;<\/p>\n\n\n\n<p><strong>Mostra<\/strong><\/p>\n\n\n\n<p>O trabalho \u201ciTB: Aplica\u00e7\u00e3o WEB para Automatiza\u00e7\u00e3o dos Instrumentos de Monitoramento da Tuberculose\u201d apresenta o software iTB, que centraliza a visualiza\u00e7\u00e3o de informa\u00e7\u00f5es epidemiol\u00f3gicas a partir de seis m\u00f3dulos &#8211; fichas de tuberculose, fichas registradas, monitoramento, relat\u00f3rio de caso, alertas e estat\u00edsticas.<\/p>\n\n\n\n<p>O sistema, explicam os autores Elson Pessoa Vasques, Jac\u00f3 Miranda dos Santos, Adriane Farias Valentin, Eliane Campos Nogueira, Maisa Elaine Arruda Fernandes, Samantha Martins Alves, Bruno Barros de Oliveira e Gleina Oliveira de Assis, est\u00e1 atualmente em 53 unidades de sa\u00fade da rede municipal de sa\u00fade e seu uso possibilita uma an\u00e1lise mais precisa das informa\u00e7\u00f5es dispon\u00edveis e tomada mais assertiva de decis\u00f5es.<\/p>\n\n\n\n<p>Al\u00e9m disso, a ferramenta otimiza o acompanhamento de casos de tuberculose, por meio da semiautomatiza\u00e7\u00e3o do preenchimento de fichas, por meio do m\u00f3dulo \u201cContato\u201d, que conta uma base de dados de 880 usu\u00e1rios registrados, possibilitando a busca ativa em tempo oportuno, atestam os autores &nbsp;<\/p>\n\n\n\n<p>Outra experi\u00eancia exitosa apresentada no Simp\u00f3sio \u00e9 o \u201cPainel de Monitoramento dos Indicadores do Programa Previne Brasil\u201d, que, de acordo com os autores \u00c9ricle Costa Luna, Eliane Nogueira Campos, e Odete dos Santos Amaral, tem contribu\u00eddo para a dissemina\u00e7\u00e3o de informa\u00e7\u00f5es e auxiliando as equipes de sa\u00fade na identifica\u00e7\u00e3o dos usu\u00e1rios que atendem ou n\u00e3o os crit\u00e9rios estabelecidos pelos indicadores definidos pelo Minist\u00e9rio da Sa\u00fade.<\/p>\n\n\n\n<p>O painel faz parte das estrat\u00e9gias da Secretaria para alcan\u00e7ar os melhores resultados nos indicadores do Previne Brasil, que tem garantido a Manaus o primeiro lugar entre as capitais no ranking dos \u00faltimos cinco quadrimestres. Conforme os dados apresentados no trabalho, a nota (\u00cdndice Sint\u00e9tico Final \u2013 ISF) nos indicadores da Aten\u00e7\u00e3o B\u00e1sica utilizados para monitorar a qualidade da presta\u00e7\u00e3o de servi\u00e7os pela rede municipal de Manaus saltou de 5,43 na avalia\u00e7\u00e3o dos \u00faltimos quatro meses de 2020 para 8,52 no segundo quadrimestre de 2023.<\/p>\n\n\n\n<p>A unifica\u00e7\u00e3o das duplicidades de cadastro de usu\u00e1rios no sistema e-SUS PEC foi o terceiro trabalho apresentado no evento. De autoria das servidoras Ot\u00e1via Nascimento de Souza, Eliane Nogueira Campos e Odete dos Santos Amaral, o relato mostra que, por meio de busca na base local de cadastros do e-SUS, utilizando-se as vari\u00e1veis\u00a0 \u2018n\u00famero do CNS\u2019, \u2018n\u00famero do CPF\u2019, \u2018nome do cidad\u00e3o\u2019, \u2018data do nascimento\u2019 e \u2018nome da m\u00e3e\u2019, foi poss\u00edvel identificar 77.881 cadastros individuais com possibilidade de duplicidade, dos quais mais de 17 mil foram analisados e 14,2 mil foram unificados por Sistema, al\u00e9m de 2.976 unificados durante o atendimento.<\/p>\n\n\n\n<p>As autoras destacam que a precis\u00e3o dos dados \u00e9 fundamental para uma assist\u00eancia eficaz e segura do paciente, permitindo o diagn\u00f3stico e a tomada de decis\u00e3o cl\u00ednica mais precisos a partir de um prontu\u00e1rio com hist\u00f3rico cl\u00ednico confi\u00e1vel.<\/p>\n\n\n\n<p><strong>Eixos<\/strong><\/p>\n\n\n\n<p>O 1\u00ba Simp\u00f3sio Internacional de Transforma\u00e7\u00e3o Digital no SUS segue at\u00e9 esta ter\u00e7a-feira, 3\/10, com o total de seis pain\u00e9is de debate que abordam a transforma\u00e7\u00e3o digital na sa\u00fade; experi\u00eancia integradas em telessa\u00fade; ci\u00eancia de dados e intelig\u00eancia artificial aplicadas a emerg\u00eancias sanit\u00e1rias; sistemas de informa\u00e7\u00e3o em sa\u00fade e o modelo de arquitetura de interoperabilidade da Rede Nacional de Dados em Sa\u00fade (RNDS); sa\u00fade digital, inova\u00e7\u00e3o e o complexo industrial da sa\u00fade; prote\u00e7\u00e3o de dados pessoais na sa\u00fade e a regulamenta\u00e7\u00e3o da intelig\u00eancia artificial e seus reflexos na sa\u00fade digital.<\/p>\n\n\n\n<p>A realiza\u00e7\u00e3o do evento tem a parceria da Secretaria de Estado da Sa\u00fade de S\u00e3o Paulo, da Organiza\u00e7\u00e3o Panamericana da Sa\u00fade (Opas\/OMS), dos conselhos nacionais de secret\u00e1rios de sa\u00fade estaduais (Conass) e municipais (Conasems) e do Conselho Nacional de Sa\u00fade (CNS).<\/p>\n\n\n\n<p>&#8212; &#8212; &#8212;<\/p>\n\n\n\n<p><strong>Texto &#8211;<\/strong> Andr\u00e9a Arruda \/ Semsa<\/p>\n\n\n\n<p><strong>Foto<\/strong> &#8211; Divulga\u00e7\u00e3o \/ Semsa<\/p>\n","protected":false},"excerpt":{"rendered":"","protected":false},"author":39,"featured_media":213074,"comment_status":"closed","ping_status":"closed","sticky":false,"template":"","format":"standard","meta":{"footnotes":""},"categories":[397],"tags":[1681,1682,1683,43,54,1684,28],"acf":[],"yoast_head":"<!-- This site is optimized with the Yoast SEO plugin v23.0 - https:\/\/yoast.com\/wordpress\/plugins\/seo\/ -->\n<title>Prefeitura de Manaus debate sa\u00fade digital e apresenta experi\u00eancias em evento internacional<\/title>\n<meta name=\"description\" content=\"Tr\u00eas experi\u00eancias exitosas no campo da sa\u00fade digital est\u00e3o sendo apresentadas pela Prefeitura de Manaus no 1\u00ba Simp\u00f3sio Internacional de Transforma\u00e7\u00e3o Digital no SUS, aberto nesta segunda-feira, 2\/10, no Centro de Conven\u00e7\u00f5es Rebou\u00e7as, em S\u00e3o Paulo.\" \/>\n<meta name=\"robots\" content=\"index, follow, max-snippet:-1, max-image-preview:large, max-video-preview:-1\" \/>\n<link rel=\"canonical\" href=\"https:\/\/www.manaus.am.gov.br\/semsa\/prefeitura-de-manaus-debate-saude-digital-e-apresenta-experiencias-em-evento-internacional\/\" \/>\n<meta property=\"og:locale\" content=\"pt_BR\" \/>\n<meta property=\"og:type\" content=\"article\" \/>\n<meta property=\"og:title\" content=\"Prefeitura de Manaus debate sa\u00fade digital e apresenta experi\u00eancias em evento internacional\" \/>\n<meta property=\"og:description\" content=\"Tr\u00eas experi\u00eancias exitosas no campo da sa\u00fade digital est\u00e3o sendo apresentadas pela Prefeitura de Manaus no 1\u00ba Simp\u00f3sio Internacional de Transforma\u00e7\u00e3o Digital no SUS, aberto nesta segunda-feira, 2\/10, no Centro de Conven\u00e7\u00f5es Rebou\u00e7as, em S\u00e3o Paulo.\" \/>\n<meta property=\"og:url\" content=\"https:\/\/www.manaus.am.gov.br\/semsa\/prefeitura-de-manaus-debate-saude-digital-e-apresenta-experiencias-em-evento-internacional\/\" \/>\n<meta property=\"og:site_name\" content=\"SEMSA\" \/>\n<meta property=\"article:published_time\" content=\"2023-10-02T20:27:11+00:00\" \/>\n<meta property=\"article:modified_time\" content=\"2023-10-02T20:33:22+00:00\" \/>\n<meta property=\"og:image\" content=\"https:\/\/www.manaus.am.gov.br\/semsa\/wp-content\/uploads\/sites\/8\/2023\/10\/Outubro-2_Simposio-Digital-SUS-4.jpg\" \/>\n\t<meta property=\"og:image:width\" content=\"1600\" \/>\n\t<meta property=\"og:image:height\" content=\"900\" \/>\n\t<meta property=\"og:image:type\" content=\"image\/jpeg\" \/>\n<meta name=\"author\" content=\"Bruna Greco\" \/>\n<meta name=\"twitter:card\" content=\"summary_large_image\" \/>\n<meta name=\"twitter:label1\" content=\"Written by\" \/>\n\t<meta name=\"twitter:data1\" content=\"Bruna Greco\" \/>\n\t<meta name=\"twitter:label2\" content=\"Est. reading time\" \/>\n\t<meta name=\"twitter:data2\" content=\"5 minutos\" \/>\n<script type=\"application\/ld+json\" class=\"yoast-schema-graph\">{\"@context\":\"https:\/\/schema.org\",\"@graph\":[{\"@type\":\"WebPage\",\"@id\":\"https:\/\/www.manaus.am.gov.br\/semsa\/prefeitura-de-manaus-debate-saude-digital-e-apresenta-experiencias-em-evento-internacional\/\",\"url\":\"https:\/\/www.manaus.am.gov.br\/semsa\/prefeitura-de-manaus-debate-saude-digital-e-apresenta-experiencias-em-evento-internacional\/\",\"name\":\"Prefeitura de Manaus debate sa\u00fade digital e apresenta experi\u00eancias em evento internacional\",\"isPartOf\":{\"@id\":\"https:\/\/www.manaus.am.gov.br\/semsa\/#website\"},\"primaryImageOfPage\":{\"@id\":\"https:\/\/www.manaus.am.gov.br\/semsa\/prefeitura-de-manaus-debate-saude-digital-e-apresenta-experiencias-em-evento-internacional\/#primaryimage\"},\"image\":{\"@id\":\"https:\/\/www.manaus.am.gov.br\/semsa\/prefeitura-de-manaus-debate-saude-digital-e-apresenta-experiencias-em-evento-internacional\/#primaryimage\"},\"thumbnailUrl\":\"https:\/\/www.manaus.am.gov.br\/semsa\/wp-content\/uploads\/sites\/8\/2023\/10\/Outubro-2_Simposio-Digital-SUS-4.jpg\",\"datePublished\":\"2023-10-02T20:27:11+00:00\",\"dateModified\":\"2023-10-02T20:33:22+00:00\",\"author\":{\"@id\":\"https:\/\/www.manaus.am.gov.br\/semsa\/#\/schema\/person\/05d223aea2bf115f9883a6ff3683d81b\"},\"description\":\"Tr\u00eas experi\u00eancias exitosas no campo da sa\u00fade digital est\u00e3o sendo apresentadas pela Prefeitura de Manaus no 1\u00ba Simp\u00f3sio Internacional de Transforma\u00e7\u00e3o Digital no SUS, aberto nesta segunda-feira, 2\/10, no Centro de Conven\u00e7\u00f5es Rebou\u00e7as, em S\u00e3o Paulo.\",\"inLanguage\":\"pt-BR\",\"potentialAction\":[{\"@type\":\"ReadAction\",\"target\":[\"https:\/\/www.manaus.am.gov.br\/semsa\/prefeitura-de-manaus-debate-saude-digital-e-apresenta-experiencias-em-evento-internacional\/\"]}]},{\"@type\":\"ImageObject\",\"inLanguage\":\"pt-BR\",\"@id\":\"https:\/\/www.manaus.am.gov.br\/semsa\/prefeitura-de-manaus-debate-saude-digital-e-apresenta-experiencias-em-evento-internacional\/#primaryimage\",\"url\":\"https:\/\/www.manaus.am.gov.br\/semsa\/wp-content\/uploads\/sites\/8\/2023\/10\/Outubro-2_Simposio-Digital-SUS-4.jpg\",\"contentUrl\":\"https:\/\/www.manaus.am.gov.br\/semsa\/wp-content\/uploads\/sites\/8\/2023\/10\/Outubro-2_Simposio-Digital-SUS-4.jpg\",\"width\":1600,\"height\":900},{\"@type\":\"WebSite\",\"@id\":\"https:\/\/www.manaus.am.gov.br\/semsa\/#website\",\"url\":\"https:\/\/www.manaus.am.gov.br\/semsa\/\",\"name\":\"SEMSA\",\"description\":\"Secretaria Municipal de Sa\u00fade\",\"alternateName\":\"Secretaria Municipal de Sa\u00fade\",\"potentialAction\":[{\"@type\":\"SearchAction\",\"target\":{\"@type\":\"EntryPoint\",\"urlTemplate\":\"https:\/\/www.manaus.am.gov.br\/semsa\/?s={search_term_string}\"},\"query-input\":\"required name=search_term_string\"}],\"inLanguage\":\"pt-BR\"},{\"@type\":\"Person\",\"@id\":\"https:\/\/www.manaus.am.gov.br\/semsa\/#\/schema\/person\/05d223aea2bf115f9883a6ff3683d81b\",\"name\":\"Bruna Greco\",\"image\":{\"@type\":\"ImageObject\",\"inLanguage\":\"pt-BR\",\"@id\":\"https:\/\/www.manaus.am.gov.br\/semsa\/#\/schema\/person\/image\/\",\"url\":\"https:\/\/secure.gravatar.com\/avatar\/9c877d1a6adc2a055330e5c09a8653ce?s=96&d=mm&r=g\",\"contentUrl\":\"https:\/\/secure.gravatar.com\/avatar\/9c877d1a6adc2a055330e5c09a8653ce?s=96&d=mm&r=g\",\"caption\":\"Bruna Greco\"}}]}<\/script>\n<!-- \/ Yoast SEO plugin. -->","yoast_head_json":{"title":"Prefeitura de Manaus debate sa\u00fade digital e apresenta experi\u00eancias em evento internacional","description":"Tr\u00eas experi\u00eancias exitosas no campo da sa\u00fade digital est\u00e3o sendo apresentadas pela Prefeitura de Manaus no 1\u00ba Simp\u00f3sio Internacional de Transforma\u00e7\u00e3o Digital no SUS, aberto nesta segunda-feira, 2\/10, no Centro de Conven\u00e7\u00f5es Rebou\u00e7as, em S\u00e3o Paulo.","robots":{"index":"index","follow":"follow","max-snippet":"max-snippet:-1","max-image-preview":"max-image-preview:large","max-video-preview":"max-video-preview:-1"},"canonical":"https:\/\/www.manaus.am.gov.br\/semsa\/prefeitura-de-manaus-debate-saude-digital-e-apresenta-experiencias-em-evento-internacional\/","og_locale":"pt_BR","og_type":"article","og_title":"Prefeitura de Manaus debate sa\u00fade digital e apresenta experi\u00eancias em evento internacional","og_description":"Tr\u00eas experi\u00eancias exitosas no campo da sa\u00fade digital est\u00e3o sendo apresentadas pela Prefeitura de Manaus no 1\u00ba Simp\u00f3sio Internacional de Transforma\u00e7\u00e3o Digital no SUS, aberto nesta segunda-feira, 2\/10, no Centro de Conven\u00e7\u00f5es Rebou\u00e7as, em S\u00e3o Paulo.","og_url":"https:\/\/www.manaus.am.gov.br\/semsa\/prefeitura-de-manaus-debate-saude-digital-e-apresenta-experiencias-em-evento-internacional\/","og_site_name":"SEMSA","article_published_time":"2023-10-02T20:27:11+00:00","article_modified_time":"2023-10-02T20:33:22+00:00","og_image":[{"width":1600,"height":900,"url":"https:\/\/www.manaus.am.gov.br\/semsa\/wp-content\/uploads\/sites\/8\/2023\/10\/Outubro-2_Simposio-Digital-SUS-4.jpg","type":"image\/jpeg"}],"author":"Bruna Greco","twitter_card":"summary_large_image","twitter_misc":{"Written by":"Bruna Greco","Est. reading time":"5 minutos"},"schema":{"@context":"https:\/\/schema.org","@graph":[{"@type":"WebPage","@id":"https:\/\/www.manaus.am.gov.br\/semsa\/prefeitura-de-manaus-debate-saude-digital-e-apresenta-experiencias-em-evento-internacional\/","url":"https:\/\/www.manaus.am.gov.br\/semsa\/prefeitura-de-manaus-debate-saude-digital-e-apresenta-experiencias-em-evento-internacional\/","name":"Prefeitura de Manaus debate sa\u00fade digital e apresenta experi\u00eancias em evento internacional","isPartOf":{"@id":"https:\/\/www.manaus.am.gov.br\/semsa\/#website"},"primaryImageOfPage":{"@id":"https:\/\/www.manaus.am.gov.br\/semsa\/prefeitura-de-manaus-debate-saude-digital-e-apresenta-experiencias-em-evento-internacional\/#primaryimage"},"image":{"@id":"https:\/\/www.manaus.am.gov.br\/semsa\/prefeitura-de-manaus-debate-saude-digital-e-apresenta-experiencias-em-evento-internacional\/#primaryimage"},"thumbnailUrl":"https:\/\/www.manaus.am.gov.br\/semsa\/wp-content\/uploads\/sites\/8\/2023\/10\/Outubro-2_Simposio-Digital-SUS-4.jpg","datePublished":"2023-10-02T20:27:11+00:00","dateModified":"2023-10-02T20:33:22+00:00","author":{"@id":"https:\/\/www.manaus.am.gov.br\/semsa\/#\/schema\/person\/05d223aea2bf115f9883a6ff3683d81b"},"description":"Tr\u00eas experi\u00eancias exitosas no campo da sa\u00fade digital est\u00e3o sendo apresentadas pela Prefeitura de Manaus no 1\u00ba Simp\u00f3sio Internacional de Transforma\u00e7\u00e3o Digital no SUS, aberto nesta segunda-feira, 2\/10, no Centro de Conven\u00e7\u00f5es Rebou\u00e7as, em S\u00e3o Paulo.","inLanguage":"pt-BR","potentialAction":[{"@type":"ReadAction","target":["https:\/\/www.manaus.am.gov.br\/semsa\/prefeitura-de-manaus-debate-saude-digital-e-apresenta-experiencias-em-evento-internacional\/"]}]},{"@type":"ImageObject","inLanguage":"pt-BR","@id":"https:\/\/www.manaus.am.gov.br\/semsa\/prefeitura-de-manaus-debate-saude-digital-e-apresenta-experiencias-em-evento-internacional\/#primaryimage","url":"https:\/\/www.manaus.am.gov.br\/semsa\/wp-content\/uploads\/sites\/8\/2023\/10\/Outubro-2_Simposio-Digital-SUS-4.jpg","contentUrl":"https:\/\/www.manaus.am.gov.br\/semsa\/wp-content\/uploads\/sites\/8\/2023\/10\/Outubro-2_Simposio-Digital-SUS-4.jpg","width":1600,"height":900},{"@type":"WebSite","@id":"https:\/\/www.manaus.am.gov.br\/semsa\/#website","url":"https:\/\/www.manaus.am.gov.br\/semsa\/","name":"SEMSA","description":"Secretaria Municipal de Sa\u00fade","alternateName":"Secretaria Municipal de Sa\u00fade","potentialAction":[{"@type":"SearchAction","target":{"@type":"EntryPoint","urlTemplate":"https:\/\/www.manaus.am.gov.br\/semsa\/?s={search_term_string}"},"query-input":"required name=search_term_string"}],"inLanguage":"pt-BR"},{"@type":"Person","@id":"https:\/\/www.manaus.am.gov.br\/semsa\/#\/schema\/person\/05d223aea2bf115f9883a6ff3683d81b","name":"Bruna Greco","image":{"@type":"ImageObject","inLanguage":"pt-BR","@id":"https:\/\/www.manaus.am.gov.br\/semsa\/#\/schema\/person\/image\/","url":"https:\/\/secure.gravatar.com\/avatar\/9c877d1a6adc2a055330e5c09a8653ce?s=96&d=mm&r=g","contentUrl":"https:\/\/secure.gravatar.com\/avatar\/9c877d1a6adc2a055330e5c09a8653ce?s=96&d=mm&r=g","caption":"Bruna Greco"}}]}},"_links":{"self":[{"href":"https:\/\/www.manaus.am.gov.br\/semsa\/wp-json\/wp\/v2\/posts\/213073"}],"collection":[{"href":"https:\/\/www.manaus.am.gov.br\/semsa\/wp-json\/wp\/v2\/posts"}],"about":[{"href":"https:\/\/www.manaus.am.gov.br\/semsa\/wp-json\/wp\/v2\/types\/post"}],"author":[{"embeddable":true,"href":"https:\/\/www.manaus.am.gov.br\/semsa\/wp-json\/wp\/v2\/users\/39"}],"replies":[{"embeddable":true,"href":"https:\/\/www.manaus.am.gov.br\/semsa\/wp-json\/wp\/v2\/comments?post=213073"}],"version-history":[{"count":1,"href":"https:\/\/www.manaus.am.gov.br\/semsa\/wp-json\/wp\/v2\/posts\/213073\/revisions"}],"predecessor-version":[{"id":213075,"href":"https:\/\/www.manaus.am.gov.br\/semsa\/wp-json\/wp\/v2\/posts\/213073\/revisions\/213075"}],"wp:featuredmedia":[{"embeddable":true,"href":"https:\/\/www.manaus.am.gov.br\/semsa\/wp-json\/wp\/v2\/media\/213074"}],"wp:attachment":[{"href":"https:\/\/www.manaus.am.gov.br\/semsa\/wp-json\/wp\/v2\/media?parent=213073"}],"wp:term":[{"taxonomy":"category","embeddable":true,"href":"https:\/\/www.manaus.am.gov.br\/semsa\/wp-json\/wp\/v2\/categories?post=213073"},{"taxonomy":"post_tag","embeddable":true,"href":"https:\/\/www.manaus.am.gov.br\/semsa\/wp-json\/wp\/v2\/tags?post=213073"}],"curies":[{"name":"wp","href":"https:\/\/api.w.org\/{rel}","templated":true}]}}