{"id":213049,"date":"2023-09-29T15:27:50","date_gmt":"2023-09-29T19:27:50","guid":{"rendered":"https:\/\/www.manaus.am.gov.br\/semsa\/prefeitura-de-manaus-leva-vacinacao-antirrabica-para-mais-13-bairros-na-semana-de-2-a-7-10\/"},"modified":"2023-09-29T15:27:51","modified_gmt":"2023-09-29T19:27:51","slug":"prefeitura-de-manaus-leva-vacinacao-antirrabica-para-mais-13-bairros-na-semana-de-2-a-7-10","status":"publish","type":"post","link":"https:\/\/www.manaus.am.gov.br\/semsa\/prefeitura-de-manaus-leva-vacinacao-antirrabica-para-mais-13-bairros-na-semana-de-2-a-7-10\/","title":{"rendered":"<strong>Prefeitura de Manaus leva vacina\u00e7\u00e3o antirr\u00e1bica para mais 13 bairros na semana de 2 a 7\/10<\/strong>"},"content":{"rendered":"\n<p>As equipes de vacinadores e registradores da Prefeitura de Manaus, prosseguem com a vacina\u00e7\u00e3o antirr\u00e1bica na capital, levando o servi\u00e7o a mais bairros e comunidades no per\u00edodo de segunda, 2\/10, a s\u00e1bado, 7\/10, no hor\u00e1rio das 8h \u00e0s 12h. A campanha \u00e9 executada pelo Centro de Controle de Zoonoses (CCZ), da Secretaria Municipal de Sa\u00fade (Semsa),\u00a0e visa a imuniza\u00e7\u00e3o de c\u00e3es e gatos contra a raiva animal.<\/p>\n\n\n\n<p>O gerente do CCZ, Rodrigo Ara\u00fajo, informa que esta j\u00e1 \u00e9 a segunda semana de trabalho dos agentes que atuam na vacina\u00e7\u00e3o e refor\u00e7a que a prote\u00e7\u00e3o \u00e9 obrigat\u00f3ria e deve ser realizada anualmente.<\/p>\n\n\n\n<p>\u201cEstamos divulgando o cronograma das equipes para que os tutores possam se programar para receber as nossas equipes e colaborar para que tudo corra bem. Refor\u00e7amos que os animais precisam estar bem de sa\u00fade e ter, pelo menos, tr\u00eas meses de idade para receber a vacina\u201d, refor\u00e7a.<\/p>\n\n\n\n<p>Na zona Norte, as equipes visitar\u00e3o as regi\u00f5es da comunidade Fazendinha, bairros Canaranas, Nossa Senhora de F\u00e1tima e Amazonino Mendes. J\u00e1 na zona Sul, os bairros Raiz, Cachoeirinha e Pra\u00e7a 14 de Janeiro ser\u00e3o contemplados com a visita\u00e7\u00e3o casa a casa. Na zona Leste de Manaus, os bairros a serem visitados, de acordo com o cronograma, ser\u00e3o Armando Mendes, Distrito Industrial e Zumbi.&nbsp; E os bairros Campos Sales, Parque Riachuelo 1 e 2 e Reden\u00e7\u00e3o, ser\u00e3o os contemplados, neste per\u00edodo, na zona Oeste da capital.<\/p>\n\n\n\n<p>A meta da campanha deste ano \u00e9 vacinar 255 mil animais na zona urbana. Al\u00e9m das visitas casa a casa, o CCZ informa que a vacina\u00e7\u00e3o &nbsp;&nbsp;tamb\u00e9m est\u00e1 ocorrendo em tr\u00eas pontos fixos: no pr\u00f3prio CCZ, situado na avenida Brasil, s\/n\u00ba, Compensa; no Centro de Conviv\u00eancia Padre Pedro Vignola, na rua Tupinamb\u00e1, 119, Cidade Nova; e no Centro de Conviv\u00eancia da Fam\u00edlia e do Idoso, localizado na rua Barreirinha, 14, quadra 45, no bairro S\u00e3o Jos\u00e9. Nestas unidades, o atendimento \u00e9 de segunda a sexta-feira, das 8h \u00e0s 16h.<\/p>\n\n\n\n<p>\u201c\u00c9 importante salientar que a vacina antirr\u00e1bica \u00e9 ofertada na sede do CCZ durante o ano todo e que campanha de vacina\u00e7\u00e3o antirr\u00e1bica \u00e9 a intensifica\u00e7\u00e3o deste servi\u00e7o\u201d, assinala Rodrigo Ara\u00fajo.<\/p>\n\n\n\n<p><strong>Cronograma para o per\u00edodo de 2 a 7\/10<\/strong><\/p>\n\n\n\n<p><strong>Zona Norte<\/strong><\/p>\n\n\n\n<p>2\/10&nbsp;&#8211; Fazendinha<\/p>\n\n\n\n<p>3\/10&nbsp;&#8211; Canaranas<\/p>\n\n\n\n<p>4\/10&nbsp;&#8211; Nossa Senhora de F\u00e1tima<\/p>\n\n\n\n<p>5 a 7\/10&nbsp;&nbsp;&#8211;&nbsp; Amazonino Mendes<\/p>\n\n\n\n<p><strong>Zona Sul<\/strong><\/p>\n\n\n\n<p>2\/10&nbsp;&#8211; Raiz<\/p>\n\n\n\n<p>3 a 5\/10&nbsp;&nbsp;&#8211;&nbsp; Cachoeirinha<\/p>\n\n\n\n<p>6 a 7\/10&nbsp;&#8211;&nbsp;&nbsp; Pra\u00e7a 14 de Janeiro<\/p>\n\n\n\n<p><strong>Zona Leste<\/strong><\/p>\n\n\n\n<p>2 a 3\/10&nbsp;&nbsp;&#8211;&nbsp; Armando Mendes e Distrito Industrial<\/p>\n\n\n\n<p>4 a 7\/10&nbsp;&nbsp;&#8211;&nbsp; Zumbi<\/p>\n\n\n\n<p><strong>Zona Oeste<\/strong><\/p>\n\n\n\n<p>2 \/10 &#8211; Campos Sales<\/p>\n\n\n\n<p>3\/10&nbsp; &#8211; Campos Sales \/ Parque Riachuelo 1<\/p>\n\n\n\n<p>4 a 5\/10&nbsp;&nbsp;&#8211;&nbsp; Parque Riachuelo 1 e 2<\/p>\n\n\n\n<p>6 a 7\/10&nbsp;&#8211;&nbsp;&nbsp; Reden\u00e7\u00e3o<\/p>\n\n\n\n<p>&#8212; &#8212; &#8212;<\/p>\n\n\n\n<p><strong>Texto &#8211;<\/strong>&nbsp;T\u00e2nia Brand\u00e3o\/Semsa<\/p>\n\n\n\n<p><strong>Fotos &#8211;&nbsp;<\/strong>Artur Barbosa\/Semsa&nbsp;<\/p>\n","protected":false},"excerpt":{"rendered":"","protected":false},"author":23,"featured_media":213050,"comment_status":"closed","ping_status":"closed","sticky":false,"template":"","format":"standard","meta":{"footnotes":""},"categories":[377],"tags":[54,543,28,381],"acf":[],"yoast_head":"<!-- This site is optimized with the Yoast SEO plugin v23.0 - https:\/\/yoast.com\/wordpress\/plugins\/seo\/ -->\n<title>Prefeitura de Manaus leva vacina\u00e7\u00e3o antirr\u00e1bica para mais 13 bairros na semana de 2 a 7\/10<\/title>\n<meta name=\"description\" content=\"As equipes de vacinadores e registradores da Prefeitura de Manaus, prosseguem com a vacina\u00e7\u00e3o antirr\u00e1bica na capital, levando o servi\u00e7o a mais bairros e comunidades no per\u00edodo de segunda, 2\/10, a s\u00e1bado, 7\/10, no hor\u00e1rio das 8h \u00e0s 12h. A campanha \u00e9 executada pelo Centro de Controle de Zoonoses (CCZ), da Secretaria Municipal de Sa\u00fade (Semsa),\u00a0e visa a imuniza\u00e7\u00e3o de c\u00e3es e gatos contra a raiva animal.\" \/>\n<meta name=\"robots\" content=\"index, follow, max-snippet:-1, max-image-preview:large, max-video-preview:-1\" \/>\n<link rel=\"canonical\" href=\"https:\/\/www.manaus.am.gov.br\/semsa\/prefeitura-de-manaus-leva-vacinacao-antirrabica-para-mais-13-bairros-na-semana-de-2-a-7-10\/\" \/>\n<meta property=\"og:locale\" content=\"pt_BR\" \/>\n<meta property=\"og:type\" content=\"article\" \/>\n<meta property=\"og:title\" content=\"Prefeitura de Manaus leva vacina\u00e7\u00e3o antirr\u00e1bica para mais 13 bairros na semana de 2 a 7\/10\" \/>\n<meta property=\"og:description\" content=\"As equipes de vacinadores e registradores da Prefeitura de Manaus, prosseguem com a vacina\u00e7\u00e3o antirr\u00e1bica na capital, levando o servi\u00e7o a mais bairros e comunidades no per\u00edodo de segunda, 2\/10, a s\u00e1bado, 7\/10, no hor\u00e1rio das 8h \u00e0s 12h. A campanha \u00e9 executada pelo Centro de Controle de Zoonoses (CCZ), da Secretaria Municipal de Sa\u00fade (Semsa),\u00a0e visa a imuniza\u00e7\u00e3o de c\u00e3es e gatos contra a raiva animal.\" \/>\n<meta property=\"og:url\" content=\"https:\/\/www.manaus.am.gov.br\/semsa\/prefeitura-de-manaus-leva-vacinacao-antirrabica-para-mais-13-bairros-na-semana-de-2-a-7-10\/\" \/>\n<meta property=\"og:site_name\" content=\"SEMSA\" \/>\n<meta property=\"article:published_time\" content=\"2023-09-29T19:27:50+00:00\" \/>\n<meta property=\"article:modified_time\" content=\"2023-09-29T19:27:51+00:00\" \/>\n<meta property=\"og:image\" content=\"https:\/\/www.manaus.am.gov.br\/semsa\/wp-content\/uploads\/sites\/8\/2023\/09\/Setembro-29_Cronograma-vacinacao-antirrabica-3.jpg\" \/>\n\t<meta property=\"og:image:width\" content=\"2034\" \/>\n\t<meta property=\"og:image:height\" content=\"1357\" \/>\n\t<meta property=\"og:image:type\" content=\"image\/jpeg\" \/>\n<meta name=\"author\" content=\"Adriana Costa\" \/>\n<meta name=\"twitter:card\" content=\"summary_large_image\" \/>\n<meta name=\"twitter:label1\" content=\"Written by\" \/>\n\t<meta name=\"twitter:data1\" content=\"Adriana Costa\" \/>\n\t<meta name=\"twitter:label2\" content=\"Est. reading time\" \/>\n\t<meta name=\"twitter:data2\" content=\"3 minutos\" \/>\n<script type=\"application\/ld+json\" class=\"yoast-schema-graph\">{\"@context\":\"https:\/\/schema.org\",\"@graph\":[{\"@type\":\"WebPage\",\"@id\":\"https:\/\/www.manaus.am.gov.br\/semsa\/prefeitura-de-manaus-leva-vacinacao-antirrabica-para-mais-13-bairros-na-semana-de-2-a-7-10\/\",\"url\":\"https:\/\/www.manaus.am.gov.br\/semsa\/prefeitura-de-manaus-leva-vacinacao-antirrabica-para-mais-13-bairros-na-semana-de-2-a-7-10\/\",\"name\":\"Prefeitura de Manaus leva vacina\u00e7\u00e3o antirr\u00e1bica para mais 13 bairros na semana de 2 a 7\/10\",\"isPartOf\":{\"@id\":\"https:\/\/www.manaus.am.gov.br\/semsa\/#website\"},\"primaryImageOfPage\":{\"@id\":\"https:\/\/www.manaus.am.gov.br\/semsa\/prefeitura-de-manaus-leva-vacinacao-antirrabica-para-mais-13-bairros-na-semana-de-2-a-7-10\/#primaryimage\"},\"image\":{\"@id\":\"https:\/\/www.manaus.am.gov.br\/semsa\/prefeitura-de-manaus-leva-vacinacao-antirrabica-para-mais-13-bairros-na-semana-de-2-a-7-10\/#primaryimage\"},\"thumbnailUrl\":\"https:\/\/www.manaus.am.gov.br\/semsa\/wp-content\/uploads\/sites\/8\/2023\/09\/Setembro-29_Cronograma-vacinacao-antirrabica-3.jpg\",\"datePublished\":\"2023-09-29T19:27:50+00:00\",\"dateModified\":\"2023-09-29T19:27:51+00:00\",\"author\":{\"@id\":\"https:\/\/www.manaus.am.gov.br\/semsa\/#\/schema\/person\/4e49f4e267757a06ca072ec61b2b9968\"},\"description\":\"As equipes de vacinadores e registradores da Prefeitura de Manaus, prosseguem com a vacina\u00e7\u00e3o antirr\u00e1bica na capital, levando o servi\u00e7o a mais bairros e comunidades no per\u00edodo de segunda, 2\/10, a s\u00e1bado, 7\/10, no hor\u00e1rio das 8h \u00e0s 12h. A campanha \u00e9 executada pelo Centro de Controle de Zoonoses (CCZ), da Secretaria Municipal de Sa\u00fade (Semsa),\u00a0e visa a imuniza\u00e7\u00e3o de c\u00e3es e gatos contra a raiva animal.\",\"inLanguage\":\"pt-BR\",\"potentialAction\":[{\"@type\":\"ReadAction\",\"target\":[\"https:\/\/www.manaus.am.gov.br\/semsa\/prefeitura-de-manaus-leva-vacinacao-antirrabica-para-mais-13-bairros-na-semana-de-2-a-7-10\/\"]}]},{\"@type\":\"ImageObject\",\"inLanguage\":\"pt-BR\",\"@id\":\"https:\/\/www.manaus.am.gov.br\/semsa\/prefeitura-de-manaus-leva-vacinacao-antirrabica-para-mais-13-bairros-na-semana-de-2-a-7-10\/#primaryimage\",\"url\":\"https:\/\/www.manaus.am.gov.br\/semsa\/wp-content\/uploads\/sites\/8\/2023\/09\/Setembro-29_Cronograma-vacinacao-antirrabica-3.jpg\",\"contentUrl\":\"https:\/\/www.manaus.am.gov.br\/semsa\/wp-content\/uploads\/sites\/8\/2023\/09\/Setembro-29_Cronograma-vacinacao-antirrabica-3.jpg\",\"width\":2034,\"height\":1357},{\"@type\":\"WebSite\",\"@id\":\"https:\/\/www.manaus.am.gov.br\/semsa\/#website\",\"url\":\"https:\/\/www.manaus.am.gov.br\/semsa\/\",\"name\":\"SEMSA\",\"description\":\"Secretaria Municipal de Sa\u00fade\",\"alternateName\":\"Secretaria Municipal de Sa\u00fade\",\"potentialAction\":[{\"@type\":\"SearchAction\",\"target\":{\"@type\":\"EntryPoint\",\"urlTemplate\":\"https:\/\/www.manaus.am.gov.br\/semsa\/?s={search_term_string}\"},\"query-input\":\"required name=search_term_string\"}],\"inLanguage\":\"pt-BR\"},{\"@type\":\"Person\",\"@id\":\"https:\/\/www.manaus.am.gov.br\/semsa\/#\/schema\/person\/4e49f4e267757a06ca072ec61b2b9968\",\"name\":\"Adriana Costa\",\"image\":{\"@type\":\"ImageObject\",\"inLanguage\":\"pt-BR\",\"@id\":\"https:\/\/www.manaus.am.gov.br\/semsa\/#\/schema\/person\/image\/\",\"url\":\"https:\/\/secure.gravatar.com\/avatar\/576258617ef7194f718179e766d57bd4?s=96&d=mm&r=g\",\"contentUrl\":\"https:\/\/secure.gravatar.com\/avatar\/576258617ef7194f718179e766d57bd4?s=96&d=mm&r=g\",\"caption\":\"Adriana Costa\"}}]}<\/script>\n<!-- \/ Yoast SEO plugin. -->","yoast_head_json":{"title":"Prefeitura de Manaus leva vacina\u00e7\u00e3o antirr\u00e1bica para mais 13 bairros na semana de 2 a 7\/10","description":"As equipes de vacinadores e registradores da Prefeitura de Manaus, prosseguem com a vacina\u00e7\u00e3o antirr\u00e1bica na capital, levando o servi\u00e7o a mais bairros e comunidades no per\u00edodo de segunda, 2\/10, a s\u00e1bado, 7\/10, no hor\u00e1rio das 8h \u00e0s 12h. A campanha \u00e9 executada pelo Centro de Controle de Zoonoses (CCZ), da Secretaria Municipal de Sa\u00fade (Semsa),\u00a0e visa a imuniza\u00e7\u00e3o de c\u00e3es e gatos contra a raiva animal.","robots":{"index":"index","follow":"follow","max-snippet":"max-snippet:-1","max-image-preview":"max-image-preview:large","max-video-preview":"max-video-preview:-1"},"canonical":"https:\/\/www.manaus.am.gov.br\/semsa\/prefeitura-de-manaus-leva-vacinacao-antirrabica-para-mais-13-bairros-na-semana-de-2-a-7-10\/","og_locale":"pt_BR","og_type":"article","og_title":"Prefeitura de Manaus leva vacina\u00e7\u00e3o antirr\u00e1bica para mais 13 bairros na semana de 2 a 7\/10","og_description":"As equipes de vacinadores e registradores da Prefeitura de Manaus, prosseguem com a vacina\u00e7\u00e3o antirr\u00e1bica na capital, levando o servi\u00e7o a mais bairros e comunidades no per\u00edodo de segunda, 2\/10, a s\u00e1bado, 7\/10, no hor\u00e1rio das 8h \u00e0s 12h. A campanha \u00e9 executada pelo Centro de Controle de Zoonoses (CCZ), da Secretaria Municipal de Sa\u00fade (Semsa),\u00a0e visa a imuniza\u00e7\u00e3o de c\u00e3es e gatos contra a raiva animal.","og_url":"https:\/\/www.manaus.am.gov.br\/semsa\/prefeitura-de-manaus-leva-vacinacao-antirrabica-para-mais-13-bairros-na-semana-de-2-a-7-10\/","og_site_name":"SEMSA","article_published_time":"2023-09-29T19:27:50+00:00","article_modified_time":"2023-09-29T19:27:51+00:00","og_image":[{"width":2034,"height":1357,"url":"https:\/\/www.manaus.am.gov.br\/semsa\/wp-content\/uploads\/sites\/8\/2023\/09\/Setembro-29_Cronograma-vacinacao-antirrabica-3.jpg","type":"image\/jpeg"}],"author":"Adriana Costa","twitter_card":"summary_large_image","twitter_misc":{"Written by":"Adriana Costa","Est. reading time":"3 minutos"},"schema":{"@context":"https:\/\/schema.org","@graph":[{"@type":"WebPage","@id":"https:\/\/www.manaus.am.gov.br\/semsa\/prefeitura-de-manaus-leva-vacinacao-antirrabica-para-mais-13-bairros-na-semana-de-2-a-7-10\/","url":"https:\/\/www.manaus.am.gov.br\/semsa\/prefeitura-de-manaus-leva-vacinacao-antirrabica-para-mais-13-bairros-na-semana-de-2-a-7-10\/","name":"Prefeitura de Manaus leva vacina\u00e7\u00e3o antirr\u00e1bica para mais 13 bairros na semana de 2 a 7\/10","isPartOf":{"@id":"https:\/\/www.manaus.am.gov.br\/semsa\/#website"},"primaryImageOfPage":{"@id":"https:\/\/www.manaus.am.gov.br\/semsa\/prefeitura-de-manaus-leva-vacinacao-antirrabica-para-mais-13-bairros-na-semana-de-2-a-7-10\/#primaryimage"},"image":{"@id":"https:\/\/www.manaus.am.gov.br\/semsa\/prefeitura-de-manaus-leva-vacinacao-antirrabica-para-mais-13-bairros-na-semana-de-2-a-7-10\/#primaryimage"},"thumbnailUrl":"https:\/\/www.manaus.am.gov.br\/semsa\/wp-content\/uploads\/sites\/8\/2023\/09\/Setembro-29_Cronograma-vacinacao-antirrabica-3.jpg","datePublished":"2023-09-29T19:27:50+00:00","dateModified":"2023-09-29T19:27:51+00:00","author":{"@id":"https:\/\/www.manaus.am.gov.br\/semsa\/#\/schema\/person\/4e49f4e267757a06ca072ec61b2b9968"},"description":"As equipes de vacinadores e registradores da Prefeitura de Manaus, prosseguem com a vacina\u00e7\u00e3o antirr\u00e1bica na capital, levando o servi\u00e7o a mais bairros e comunidades no per\u00edodo de segunda, 2\/10, a s\u00e1bado, 7\/10, no hor\u00e1rio das 8h \u00e0s 12h. A campanha \u00e9 executada pelo Centro de Controle de Zoonoses (CCZ), da Secretaria Municipal de Sa\u00fade (Semsa),\u00a0e visa a imuniza\u00e7\u00e3o de c\u00e3es e gatos contra a raiva animal.","inLanguage":"pt-BR","potentialAction":[{"@type":"ReadAction","target":["https:\/\/www.manaus.am.gov.br\/semsa\/prefeitura-de-manaus-leva-vacinacao-antirrabica-para-mais-13-bairros-na-semana-de-2-a-7-10\/"]}]},{"@type":"ImageObject","inLanguage":"pt-BR","@id":"https:\/\/www.manaus.am.gov.br\/semsa\/prefeitura-de-manaus-leva-vacinacao-antirrabica-para-mais-13-bairros-na-semana-de-2-a-7-10\/#primaryimage","url":"https:\/\/www.manaus.am.gov.br\/semsa\/wp-content\/uploads\/sites\/8\/2023\/09\/Setembro-29_Cronograma-vacinacao-antirrabica-3.jpg","contentUrl":"https:\/\/www.manaus.am.gov.br\/semsa\/wp-content\/uploads\/sites\/8\/2023\/09\/Setembro-29_Cronograma-vacinacao-antirrabica-3.jpg","width":2034,"height":1357},{"@type":"WebSite","@id":"https:\/\/www.manaus.am.gov.br\/semsa\/#website","url":"https:\/\/www.manaus.am.gov.br\/semsa\/","name":"SEMSA","description":"Secretaria Municipal de Sa\u00fade","alternateName":"Secretaria Municipal de Sa\u00fade","potentialAction":[{"@type":"SearchAction","target":{"@type":"EntryPoint","urlTemplate":"https:\/\/www.manaus.am.gov.br\/semsa\/?s={search_term_string}"},"query-input":"required name=search_term_string"}],"inLanguage":"pt-BR"},{"@type":"Person","@id":"https:\/\/www.manaus.am.gov.br\/semsa\/#\/schema\/person\/4e49f4e267757a06ca072ec61b2b9968","name":"Adriana Costa","image":{"@type":"ImageObject","inLanguage":"pt-BR","@id":"https:\/\/www.manaus.am.gov.br\/semsa\/#\/schema\/person\/image\/","url":"https:\/\/secure.gravatar.com\/avatar\/576258617ef7194f718179e766d57bd4?s=96&d=mm&r=g","contentUrl":"https:\/\/secure.gravatar.com\/avatar\/576258617ef7194f718179e766d57bd4?s=96&d=mm&r=g","caption":"Adriana Costa"}}]}},"_links":{"self":[{"href":"https:\/\/www.manaus.am.gov.br\/semsa\/wp-json\/wp\/v2\/posts\/213049"}],"collection":[{"href":"https:\/\/www.manaus.am.gov.br\/semsa\/wp-json\/wp\/v2\/posts"}],"about":[{"href":"https:\/\/www.manaus.am.gov.br\/semsa\/wp-json\/wp\/v2\/types\/post"}],"author":[{"embeddable":true,"href":"https:\/\/www.manaus.am.gov.br\/semsa\/wp-json\/wp\/v2\/users\/23"}],"replies":[{"embeddable":true,"href":"https:\/\/www.manaus.am.gov.br\/semsa\/wp-json\/wp\/v2\/comments?post=213049"}],"version-history":[{"count":0,"href":"https:\/\/www.manaus.am.gov.br\/semsa\/wp-json\/wp\/v2\/posts\/213049\/revisions"}],"wp:featuredmedia":[{"embeddable":true,"href":"https:\/\/www.manaus.am.gov.br\/semsa\/wp-json\/wp\/v2\/media\/213050"}],"wp:attachment":[{"href":"https:\/\/www.manaus.am.gov.br\/semsa\/wp-json\/wp\/v2\/media?parent=213049"}],"wp:term":[{"taxonomy":"category","embeddable":true,"href":"https:\/\/www.manaus.am.gov.br\/semsa\/wp-json\/wp\/v2\/categories?post=213049"},{"taxonomy":"post_tag","embeddable":true,"href":"https:\/\/www.manaus.am.gov.br\/semsa\/wp-json\/wp\/v2\/tags?post=213049"}],"curies":[{"name":"wp","href":"https:\/\/api.w.org\/{rel}","templated":true}]}}