{"id":213030,"date":"2023-09-27T17:43:44","date_gmt":"2023-09-27T21:43:44","guid":{"rendered":"https:\/\/www.manaus.am.gov.br\/semsa\/conselho-de-saude-de-manaus-define-nova-data-para-a-17a-semana-do-controle-social\/"},"modified":"2023-09-27T17:43:45","modified_gmt":"2023-09-27T21:43:45","slug":"conselho-de-saude-de-manaus-define-nova-data-para-a-17a-semana-do-controle-social","status":"publish","type":"post","link":"https:\/\/www.manaus.am.gov.br\/semsa\/conselho-de-saude-de-manaus-define-nova-data-para-a-17a-semana-do-controle-social\/","title":{"rendered":"<strong>Conselho de Sa\u00fade de Manaus define nova data para a 17\u00aa Semana do Controle Social<\/strong>"},"content":{"rendered":"\n<p>Na 9\u00aa Assembleia Geral Ordin\u00e1ria do ano de 2023, realizada na manh\u00e3 desta quarta-feira, 27\/9, no audit\u00f3rio do Complexo de Sa\u00fade Oeste, bairro da Paz, a plen\u00e1ria do Conselho Municipal de Sa\u00fade (CMS\/Manaus) definiu a data para realiza\u00e7\u00e3o da 17\u00aa Semana do Controle Social.<\/p>\n\n\n\n<p>O evento, que tamb\u00e9m vai marcar as comemora\u00e7\u00f5es do 32\u00ba anivers\u00e1rio do CMS\/Manaus, \u00e9 realizado anualmente com o objetivo de fortalecer o controle social no Sistema \u00danico de Sa\u00fade (SUS), reunindo conselheiros municipais e locais de sa\u00fade.<\/p>\n\n\n\n<p>Durante a Assembleia, o presidente do CMS\/Manaus, conselheiro Elson Melo, apresentou a proposta de datas para a realiza\u00e7\u00e3o da 17\u00aa Semana do Controle Social nos Distritos de Sa\u00fade (Disas) Norte, Sul, Leste, Oeste e Rural, entre o per\u00edodo de 09 a 24 de novembro de 2023.<\/p>\n\n\n\n<p>\u201cInicialmente, o evento estava previsto para acontecer entre 16 e 20 de outubro, mas, diante de uma s\u00e9rie de a\u00e7\u00f5es realizadas este ano pelo CMS, como a elei\u00e7\u00e3o de 663 conselheiros locais de sa\u00fade, Confer\u00eancias de Sa\u00fade e diversas atividades de rotina, percebemos que o tempo era curto. Ent\u00e3o, solicitamos a autoriza\u00e7\u00e3o da plen\u00e1ria para prorrogar a data e definir um novo per\u00edodo na realiza\u00e7\u00e3o do evento\u201d, explicou Elson Melo.<\/p>\n\n\n\n<p>De acordo com o novo cronograma, a programa\u00e7\u00e3o da Semana do Controle Social vai ocorrer no Disa Leste no dia 09 de novembro, seguindo com a atividade no Disa Rural (13\/11), no Disa Norte (16\/11), no Disa Sul (22\/11) e no Disa Oeste (24\/11).<\/p>\n\n\n\n<p>\u201cA ideia tamb\u00e9m \u00e9 aproveitar a programa\u00e7\u00e3o para realizar o processo de capacita\u00e7\u00e3o dos conselheiros locais eleitos este ano, que est\u00e3o assumindo 73 Conselhos Locais de Sa\u00fade\u201d, informou Elson Melo.<\/p>\n\n\n\n<p>Como ocorre a cada ano, a organiza\u00e7\u00e3o da 17\u00aa Semana do Controle Social contar\u00e1 com o apoio da Secretaria Municipal de Sa\u00fade (Semsa) e dos Distritos de Sa\u00fade.<\/p>\n\n\n\n<p>O conselheiro e subsecret\u00e1rio de Gest\u00e3o da Sa\u00fade da Semsa, Djalma Coelho, destacou que a programa\u00e7\u00e3o \u00e9 importante para o munic\u00edpio de Manaus, atendendo a popula\u00e7\u00e3o das cinco zonas e fortalecendo o papel da comunidade nas a\u00e7\u00f5es de sa\u00fade.<\/p>\n\n\n\n<p>\u201cA Semana do Controle Social resgata e refor\u00e7a o papel do controle social no SUS, n\u00e3o s\u00f3 quanto \u00e0 fiscaliza\u00e7\u00e3o das a\u00e7\u00f5es, mas tamb\u00e9m na participa\u00e7\u00e3o da sociedade no planejamento de pol\u00edticas p\u00fablicas de sa\u00fade e no trabalho de gest\u00e3o realizado pela Semsa\u201d, destacou Djalma Coelho.<\/p>\n\n\n\n<p>&#8212; &#8212; &#8212;<strong>&nbsp;<\/strong><\/p>\n\n\n\n<p><strong>Texto &#8211;&nbsp;<\/strong>Euriv\u00e2nia Gal\u00facio\/Semsa<\/p>\n\n\n\n<p><strong>Fotos &#8211; <\/strong>Divulga\u00e7\u00e3o\/Semsa<\/p>\n","protected":false},"excerpt":{"rendered":"","protected":false},"author":31,"featured_media":213031,"comment_status":"closed","ping_status":"closed","sticky":false,"template":"","format":"standard","meta":{"footnotes":""},"categories":[293],"tags":[1664,1665,230],"acf":[],"yoast_head":"<!-- This site is optimized with the Yoast SEO plugin v23.0 - https:\/\/yoast.com\/wordpress\/plugins\/seo\/ -->\n<title>Conselho de Sa\u00fade de Manaus define nova data para a 17\u00aa Semana do Controle Social - SEMSA<\/title>\n<meta name=\"robots\" content=\"index, follow, max-snippet:-1, max-image-preview:large, max-video-preview:-1\" \/>\n<link rel=\"canonical\" href=\"https:\/\/www.manaus.am.gov.br\/semsa\/conselho-de-saude-de-manaus-define-nova-data-para-a-17a-semana-do-controle-social\/\" \/>\n<meta property=\"og:locale\" content=\"pt_BR\" \/>\n<meta property=\"og:type\" content=\"article\" \/>\n<meta property=\"og:title\" content=\"Conselho de Sa\u00fade de Manaus define nova data para a 17\u00aa Semana do Controle Social - SEMSA\" \/>\n<meta property=\"og:url\" content=\"https:\/\/www.manaus.am.gov.br\/semsa\/conselho-de-saude-de-manaus-define-nova-data-para-a-17a-semana-do-controle-social\/\" \/>\n<meta property=\"og:site_name\" content=\"SEMSA\" \/>\n<meta property=\"article:published_time\" content=\"2023-09-27T21:43:44+00:00\" \/>\n<meta property=\"article:modified_time\" content=\"2023-09-27T21:43:45+00:00\" \/>\n<meta property=\"og:image\" content=\"https:\/\/www.manaus.am.gov.br\/semsa\/wp-content\/uploads\/sites\/8\/2023\/09\/Setembro-27_CMS-definicao-semana-controle-social-2.jpeg\" \/>\n\t<meta property=\"og:image:width\" content=\"1600\" \/>\n\t<meta property=\"og:image:height\" content=\"1200\" \/>\n\t<meta property=\"og:image:type\" content=\"image\/jpeg\" \/>\n<meta name=\"author\" content=\"Renata Felix\" \/>\n<meta name=\"twitter:card\" content=\"summary_large_image\" \/>\n<meta name=\"twitter:label1\" content=\"Written by\" \/>\n\t<meta name=\"twitter:data1\" content=\"Renata Felix\" \/>\n\t<meta name=\"twitter:label2\" content=\"Est. reading time\" \/>\n\t<meta name=\"twitter:data2\" content=\"3 minutos\" \/>\n<script type=\"application\/ld+json\" class=\"yoast-schema-graph\">{\"@context\":\"https:\/\/schema.org\",\"@graph\":[{\"@type\":\"WebPage\",\"@id\":\"https:\/\/www.manaus.am.gov.br\/semsa\/conselho-de-saude-de-manaus-define-nova-data-para-a-17a-semana-do-controle-social\/\",\"url\":\"https:\/\/www.manaus.am.gov.br\/semsa\/conselho-de-saude-de-manaus-define-nova-data-para-a-17a-semana-do-controle-social\/\",\"name\":\"Conselho de Sa\u00fade de Manaus define nova data para a 17\u00aa Semana do Controle Social - SEMSA\",\"isPartOf\":{\"@id\":\"https:\/\/www.manaus.am.gov.br\/semsa\/#website\"},\"primaryImageOfPage\":{\"@id\":\"https:\/\/www.manaus.am.gov.br\/semsa\/conselho-de-saude-de-manaus-define-nova-data-para-a-17a-semana-do-controle-social\/#primaryimage\"},\"image\":{\"@id\":\"https:\/\/www.manaus.am.gov.br\/semsa\/conselho-de-saude-de-manaus-define-nova-data-para-a-17a-semana-do-controle-social\/#primaryimage\"},\"thumbnailUrl\":\"https:\/\/www.manaus.am.gov.br\/semsa\/wp-content\/uploads\/sites\/8\/2023\/09\/Setembro-27_CMS-definicao-semana-controle-social-2.jpeg\",\"datePublished\":\"2023-09-27T21:43:44+00:00\",\"dateModified\":\"2023-09-27T21:43:45+00:00\",\"author\":{\"@id\":\"https:\/\/www.manaus.am.gov.br\/semsa\/#\/schema\/person\/4eea2a8f78dc853097abb026f728aa06\"},\"inLanguage\":\"pt-BR\",\"potentialAction\":[{\"@type\":\"ReadAction\",\"target\":[\"https:\/\/www.manaus.am.gov.br\/semsa\/conselho-de-saude-de-manaus-define-nova-data-para-a-17a-semana-do-controle-social\/\"]}]},{\"@type\":\"ImageObject\",\"inLanguage\":\"pt-BR\",\"@id\":\"https:\/\/www.manaus.am.gov.br\/semsa\/conselho-de-saude-de-manaus-define-nova-data-para-a-17a-semana-do-controle-social\/#primaryimage\",\"url\":\"https:\/\/www.manaus.am.gov.br\/semsa\/wp-content\/uploads\/sites\/8\/2023\/09\/Setembro-27_CMS-definicao-semana-controle-social-2.jpeg\",\"contentUrl\":\"https:\/\/www.manaus.am.gov.br\/semsa\/wp-content\/uploads\/sites\/8\/2023\/09\/Setembro-27_CMS-definicao-semana-controle-social-2.jpeg\",\"width\":1600,\"height\":1200},{\"@type\":\"WebSite\",\"@id\":\"https:\/\/www.manaus.am.gov.br\/semsa\/#website\",\"url\":\"https:\/\/www.manaus.am.gov.br\/semsa\/\",\"name\":\"SEMSA\",\"description\":\"Secretaria Municipal de Sa\u00fade\",\"alternateName\":\"Secretaria Municipal de Sa\u00fade\",\"potentialAction\":[{\"@type\":\"SearchAction\",\"target\":{\"@type\":\"EntryPoint\",\"urlTemplate\":\"https:\/\/www.manaus.am.gov.br\/semsa\/?s={search_term_string}\"},\"query-input\":\"required name=search_term_string\"}],\"inLanguage\":\"pt-BR\"},{\"@type\":\"Person\",\"@id\":\"https:\/\/www.manaus.am.gov.br\/semsa\/#\/schema\/person\/4eea2a8f78dc853097abb026f728aa06\",\"name\":\"Renata Felix\",\"image\":{\"@type\":\"ImageObject\",\"inLanguage\":\"pt-BR\",\"@id\":\"https:\/\/www.manaus.am.gov.br\/semsa\/#\/schema\/person\/image\/\",\"url\":\"https:\/\/secure.gravatar.com\/avatar\/3c196cf9d3b837b24c8edb2c50fd8f29?s=96&d=mm&r=g\",\"contentUrl\":\"https:\/\/secure.gravatar.com\/avatar\/3c196cf9d3b837b24c8edb2c50fd8f29?s=96&d=mm&r=g\",\"caption\":\"Renata Felix\"}}]}<\/script>\n<!-- \/ Yoast SEO plugin. -->","yoast_head_json":{"title":"Conselho de Sa\u00fade de Manaus define nova data para a 17\u00aa Semana do Controle Social - SEMSA","robots":{"index":"index","follow":"follow","max-snippet":"max-snippet:-1","max-image-preview":"max-image-preview:large","max-video-preview":"max-video-preview:-1"},"canonical":"https:\/\/www.manaus.am.gov.br\/semsa\/conselho-de-saude-de-manaus-define-nova-data-para-a-17a-semana-do-controle-social\/","og_locale":"pt_BR","og_type":"article","og_title":"Conselho de Sa\u00fade de Manaus define nova data para a 17\u00aa Semana do Controle Social - SEMSA","og_url":"https:\/\/www.manaus.am.gov.br\/semsa\/conselho-de-saude-de-manaus-define-nova-data-para-a-17a-semana-do-controle-social\/","og_site_name":"SEMSA","article_published_time":"2023-09-27T21:43:44+00:00","article_modified_time":"2023-09-27T21:43:45+00:00","og_image":[{"width":1600,"height":1200,"url":"https:\/\/www.manaus.am.gov.br\/semsa\/wp-content\/uploads\/sites\/8\/2023\/09\/Setembro-27_CMS-definicao-semana-controle-social-2.jpeg","type":"image\/jpeg"}],"author":"Renata Felix","twitter_card":"summary_large_image","twitter_misc":{"Written by":"Renata Felix","Est. reading time":"3 minutos"},"schema":{"@context":"https:\/\/schema.org","@graph":[{"@type":"WebPage","@id":"https:\/\/www.manaus.am.gov.br\/semsa\/conselho-de-saude-de-manaus-define-nova-data-para-a-17a-semana-do-controle-social\/","url":"https:\/\/www.manaus.am.gov.br\/semsa\/conselho-de-saude-de-manaus-define-nova-data-para-a-17a-semana-do-controle-social\/","name":"Conselho de Sa\u00fade de Manaus define nova data para a 17\u00aa Semana do Controle Social - SEMSA","isPartOf":{"@id":"https:\/\/www.manaus.am.gov.br\/semsa\/#website"},"primaryImageOfPage":{"@id":"https:\/\/www.manaus.am.gov.br\/semsa\/conselho-de-saude-de-manaus-define-nova-data-para-a-17a-semana-do-controle-social\/#primaryimage"},"image":{"@id":"https:\/\/www.manaus.am.gov.br\/semsa\/conselho-de-saude-de-manaus-define-nova-data-para-a-17a-semana-do-controle-social\/#primaryimage"},"thumbnailUrl":"https:\/\/www.manaus.am.gov.br\/semsa\/wp-content\/uploads\/sites\/8\/2023\/09\/Setembro-27_CMS-definicao-semana-controle-social-2.jpeg","datePublished":"2023-09-27T21:43:44+00:00","dateModified":"2023-09-27T21:43:45+00:00","author":{"@id":"https:\/\/www.manaus.am.gov.br\/semsa\/#\/schema\/person\/4eea2a8f78dc853097abb026f728aa06"},"inLanguage":"pt-BR","potentialAction":[{"@type":"ReadAction","target":["https:\/\/www.manaus.am.gov.br\/semsa\/conselho-de-saude-de-manaus-define-nova-data-para-a-17a-semana-do-controle-social\/"]}]},{"@type":"ImageObject","inLanguage":"pt-BR","@id":"https:\/\/www.manaus.am.gov.br\/semsa\/conselho-de-saude-de-manaus-define-nova-data-para-a-17a-semana-do-controle-social\/#primaryimage","url":"https:\/\/www.manaus.am.gov.br\/semsa\/wp-content\/uploads\/sites\/8\/2023\/09\/Setembro-27_CMS-definicao-semana-controle-social-2.jpeg","contentUrl":"https:\/\/www.manaus.am.gov.br\/semsa\/wp-content\/uploads\/sites\/8\/2023\/09\/Setembro-27_CMS-definicao-semana-controle-social-2.jpeg","width":1600,"height":1200},{"@type":"WebSite","@id":"https:\/\/www.manaus.am.gov.br\/semsa\/#website","url":"https:\/\/www.manaus.am.gov.br\/semsa\/","name":"SEMSA","description":"Secretaria Municipal de Sa\u00fade","alternateName":"Secretaria Municipal de Sa\u00fade","potentialAction":[{"@type":"SearchAction","target":{"@type":"EntryPoint","urlTemplate":"https:\/\/www.manaus.am.gov.br\/semsa\/?s={search_term_string}"},"query-input":"required name=search_term_string"}],"inLanguage":"pt-BR"},{"@type":"Person","@id":"https:\/\/www.manaus.am.gov.br\/semsa\/#\/schema\/person\/4eea2a8f78dc853097abb026f728aa06","name":"Renata Felix","image":{"@type":"ImageObject","inLanguage":"pt-BR","@id":"https:\/\/www.manaus.am.gov.br\/semsa\/#\/schema\/person\/image\/","url":"https:\/\/secure.gravatar.com\/avatar\/3c196cf9d3b837b24c8edb2c50fd8f29?s=96&d=mm&r=g","contentUrl":"https:\/\/secure.gravatar.com\/avatar\/3c196cf9d3b837b24c8edb2c50fd8f29?s=96&d=mm&r=g","caption":"Renata Felix"}}]}},"_links":{"self":[{"href":"https:\/\/www.manaus.am.gov.br\/semsa\/wp-json\/wp\/v2\/posts\/213030"}],"collection":[{"href":"https:\/\/www.manaus.am.gov.br\/semsa\/wp-json\/wp\/v2\/posts"}],"about":[{"href":"https:\/\/www.manaus.am.gov.br\/semsa\/wp-json\/wp\/v2\/types\/post"}],"author":[{"embeddable":true,"href":"https:\/\/www.manaus.am.gov.br\/semsa\/wp-json\/wp\/v2\/users\/31"}],"replies":[{"embeddable":true,"href":"https:\/\/www.manaus.am.gov.br\/semsa\/wp-json\/wp\/v2\/comments?post=213030"}],"version-history":[{"count":0,"href":"https:\/\/www.manaus.am.gov.br\/semsa\/wp-json\/wp\/v2\/posts\/213030\/revisions"}],"wp:featuredmedia":[{"embeddable":true,"href":"https:\/\/www.manaus.am.gov.br\/semsa\/wp-json\/wp\/v2\/media\/213031"}],"wp:attachment":[{"href":"https:\/\/www.manaus.am.gov.br\/semsa\/wp-json\/wp\/v2\/media?parent=213030"}],"wp:term":[{"taxonomy":"category","embeddable":true,"href":"https:\/\/www.manaus.am.gov.br\/semsa\/wp-json\/wp\/v2\/categories?post=213030"},{"taxonomy":"post_tag","embeddable":true,"href":"https:\/\/www.manaus.am.gov.br\/semsa\/wp-json\/wp\/v2\/tags?post=213030"}],"curies":[{"name":"wp","href":"https:\/\/api.w.org\/{rel}","templated":true}]}}