{"id":213026,"date":"2023-09-27T10:19:07","date_gmt":"2023-09-27T14:19:07","guid":{"rendered":"https:\/\/www.manaus.am.gov.br\/semsa\/prefeitura-de-manaus-segue-com-vacinacao-antirrabica-em-16-bairros\/"},"modified":"2023-09-27T10:19:08","modified_gmt":"2023-09-27T14:19:08","slug":"prefeitura-de-manaus-segue-com-vacinacao-antirrabica-em-16-bairros","status":"publish","type":"post","link":"https:\/\/www.manaus.am.gov.br\/semsa\/prefeitura-de-manaus-segue-com-vacinacao-antirrabica-em-16-bairros\/","title":{"rendered":"Prefeitura de Manaus segue com vacina\u00e7\u00e3o antirr\u00e1bica em 16 bairros"},"content":{"rendered":"\n<p>A Prefeitura de Manaus prossegue com o cronograma da etapa urbana da Campanha Anual de Vacina\u00e7\u00e3o Antirr\u00e1bica Animal, que tem a meta de imunizar\u00a0255 mil\u00a0animais na capital. Esta semana, as equipes de vacinadores e registradores que executam o servi\u00e7o, por meio do Centro de Controle de Zoonoses (CCZ), da Secretaria Municipal de Sa\u00fade (Semsa), est\u00e3o percorrendo 16 bairros de todas as zonas geogr\u00e1ficas da cidade.<\/p>\n\n\n\n<p>As equipes atuam em duplas (um vacinador e um registrador), de segunda-feira a s\u00e1bado, das 8h \u00e0s 12h, em visitas casa a casa. Al\u00e9m disso, o CCZ est\u00e1 oferecendo a vacina em tr\u00eas pontos fixos:&nbsp;Centro de Conviv\u00eancia Padre Pedro Vignola (rua Tupinamb\u00e1, 119, Cidade Nova); no Centro de Conviv\u00eancia da Fam\u00edlia e do Idoso (rua Barreirinha, 14, quadra 45, S\u00e3o Jos\u00e9); e na sede do CCZ, onde a vacina fica dispon\u00edvel durante o ano todo, de segunda a sexta, de 8h \u00e0s 16h.<\/p>\n\n\n\n<p>O gerente do CCZ, Rodrigo Ara\u00fajo, orienta os donos de c\u00e3es e gatos sobre as boas condi\u00e7\u00f5es de sa\u00fade do animal para receber o imunizante. \u201cO animal tamb\u00e9m precisa ter, no m\u00ednimo, tr\u00eas meses. As nossas equipes est\u00e3o preparadas para realizar o servi\u00e7o e est\u00e3o identificadas com uniforme oficial da campanha. \u00c9 fundamental que os respons\u00e1veis pelos c\u00e3es e gatos colaborem, recebendo bem esses profissionais, para que executem bem o seu trabalho. A vacina \u00e9 obrigat\u00f3ria e \u00e9 fundamental para dar prote\u00e7\u00e3o aos animais e aos seres humanos\u201d, assinala o gerente.<\/p>\n\n\n\n<p>Na zona Norte, os bairros que recebem a visita s\u00e3o Cidade de Deus, Alian\u00e7a com Deus, Raio de Sol e Francisca Mendes. Na zona Sul de Manaus, os bairros contemplados s\u00e3o Bet\u00e2nia, Crespo, Morro da Liberdade, Santa Luzia, Educandos e Col\u00f4nia Oliveira Machado.<\/p>\n\n\n\n<p>Os bairros Coroado, Armando Mendes e Distrito Industrial, na zona Leste, tamb\u00e9m ser\u00e3o visitados pelas equipes do CCZ neste per\u00edodo.&nbsp; E, na zona Oeste, a for\u00e7a-tarefa concentra as a\u00e7\u00f5es no Tarum\u00e3-A\u00e7u (Uni\u00e3o da Vit\u00f3ria), comunidade S\u00e3o Pedro e Campos Sales.<\/p>\n\n\n\n<p>O gerente do CCZ, Rodrigo Ara\u00fajo, explica que o imunizante \u00e9 disponibilizado durante o ano todo, de segunda a sexta-feira, no hor\u00e1rio das 8h \u00e0s 16h, na sede do Centro de Controle de Zoonoses.<\/p>\n\n\n\n<p>\u201c\u00c9 importante ressaltar o compromisso que os tutores devem ter com a sa\u00fade coletiva, protegendo seus animais com a vacina, que \u00e9 obrigat\u00f3ria e deve ser recebida anualmente\u201d, observa.<\/p>\n\n\n\n<p><strong>Cronograma<\/strong><\/p>\n\n\n\n<p><strong>Zona Norte<\/strong><\/p>\n\n\n\n<p>25 a 27\/9 &#8211; Cidade de Deus<\/p>\n\n\n\n<p>28\/9 &#8211; Alian\u00e7a com Deus<\/p>\n\n\n\n<p>29\/9 &#8211;&nbsp; Raio de Sol<\/p>\n\n\n\n<p>30\/9 &#8211; Francisca Mendes<\/p>\n\n\n\n<p><strong>Zona Sul<\/strong><\/p>\n\n\n\n<p>27\/9 &#8211;&nbsp; Morro da Liberdade<\/p>\n\n\n\n<p>28\/9 &#8211;&nbsp; Santa Luzia<\/p>\n\n\n\n<p>29\/9 &#8211; Educandos<\/p>\n\n\n\n<p>30\/9 &#8211; Col\u00f4nia Oliveira Machado<\/p>\n\n\n\n<p><strong>Zona Leste<\/strong><\/p>\n\n\n\n<p>25 a 27\/9 &#8211;&nbsp; Coroado<\/p>\n\n\n\n<p>28 a 30\/9&nbsp; &#8211; Armando Mendes e Distrito Industrial<\/p>\n\n\n\n<p><strong>Zona Oeste<\/strong><\/p>\n\n\n\n<p>26 a 28\/9 &#8211; Comunidade S\u00e3o Pedro<\/p>\n\n\n\n<p>29\/9 &#8211; Comunidade S\u00e3o Pedro \/ Campos Sales<\/p>\n\n\n\n<p>30\/9 &#8211;&nbsp; Campos Sales<\/p>\n\n\n\n<p>&#8212; &#8212; &#8212;<\/p>\n\n\n\n<p><strong>Texto &#8211;<\/strong>&nbsp;Divulga\u00e7\u00e3o\/Semsa<\/p>\n\n\n\n<p><strong>Fotos &#8211;<\/strong>&nbsp;Artur Barbosa\/Semsa&nbsp;<\/p>\n\n\n\n<p><\/p>\n","protected":false},"excerpt":{"rendered":"","protected":false},"author":23,"featured_media":213027,"comment_status":"closed","ping_status":"closed","sticky":false,"template":"","format":"standard","meta":{"footnotes":""},"categories":[377],"tags":[54,1663,543,28,381],"acf":[],"yoast_head":"<!-- This site is optimized with the Yoast SEO plugin v23.0 - https:\/\/yoast.com\/wordpress\/plugins\/seo\/ -->\n<title>Prefeitura de Manaus segue com vacina\u00e7\u00e3o antirr\u00e1bica em 16 bairros - SEMSA<\/title>\n<meta name=\"robots\" content=\"index, follow, max-snippet:-1, max-image-preview:large, max-video-preview:-1\" \/>\n<link rel=\"canonical\" href=\"https:\/\/www.manaus.am.gov.br\/semsa\/prefeitura-de-manaus-segue-com-vacinacao-antirrabica-em-16-bairros\/\" \/>\n<meta property=\"og:locale\" content=\"pt_BR\" \/>\n<meta property=\"og:type\" content=\"article\" \/>\n<meta property=\"og:title\" content=\"Prefeitura de Manaus segue com vacina\u00e7\u00e3o antirr\u00e1bica em 16 bairros - SEMSA\" \/>\n<meta property=\"og:url\" content=\"https:\/\/www.manaus.am.gov.br\/semsa\/prefeitura-de-manaus-segue-com-vacinacao-antirrabica-em-16-bairros\/\" \/>\n<meta property=\"og:site_name\" content=\"SEMSA\" \/>\n<meta property=\"article:published_time\" content=\"2023-09-27T14:19:07+00:00\" \/>\n<meta property=\"article:modified_time\" content=\"2023-09-27T14:19:08+00:00\" \/>\n<meta property=\"og:image\" content=\"https:\/\/www.manaus.am.gov.br\/semsa\/wp-content\/uploads\/sites\/8\/2023\/09\/Setembro-22_Cronograma-Vacinacao-Antirrabica-4JPG-1024x683.jpg\" \/>\n\t<meta property=\"og:image:width\" content=\"1024\" \/>\n\t<meta property=\"og:image:height\" content=\"683\" \/>\n\t<meta property=\"og:image:type\" content=\"image\/jpeg\" \/>\n<meta name=\"author\" content=\"Adriana Costa\" \/>\n<meta name=\"twitter:card\" content=\"summary_large_image\" \/>\n<meta name=\"twitter:label1\" content=\"Written by\" \/>\n\t<meta name=\"twitter:data1\" content=\"Adriana Costa\" \/>\n\t<meta name=\"twitter:label2\" content=\"Est. reading time\" \/>\n\t<meta name=\"twitter:data2\" content=\"3 minutos\" \/>\n<script type=\"application\/ld+json\" class=\"yoast-schema-graph\">{\"@context\":\"https:\/\/schema.org\",\"@graph\":[{\"@type\":\"WebPage\",\"@id\":\"https:\/\/www.manaus.am.gov.br\/semsa\/prefeitura-de-manaus-segue-com-vacinacao-antirrabica-em-16-bairros\/\",\"url\":\"https:\/\/www.manaus.am.gov.br\/semsa\/prefeitura-de-manaus-segue-com-vacinacao-antirrabica-em-16-bairros\/\",\"name\":\"Prefeitura de Manaus segue com vacina\u00e7\u00e3o antirr\u00e1bica em 16 bairros - SEMSA\",\"isPartOf\":{\"@id\":\"https:\/\/www.manaus.am.gov.br\/semsa\/#website\"},\"primaryImageOfPage\":{\"@id\":\"https:\/\/www.manaus.am.gov.br\/semsa\/prefeitura-de-manaus-segue-com-vacinacao-antirrabica-em-16-bairros\/#primaryimage\"},\"image\":{\"@id\":\"https:\/\/www.manaus.am.gov.br\/semsa\/prefeitura-de-manaus-segue-com-vacinacao-antirrabica-em-16-bairros\/#primaryimage\"},\"thumbnailUrl\":\"https:\/\/www.manaus.am.gov.br\/semsa\/wp-content\/uploads\/sites\/8\/2023\/09\/Setembro-22_Cronograma-Vacinacao-Antirrabica-4JPG.jpg\",\"datePublished\":\"2023-09-27T14:19:07+00:00\",\"dateModified\":\"2023-09-27T14:19:08+00:00\",\"author\":{\"@id\":\"https:\/\/www.manaus.am.gov.br\/semsa\/#\/schema\/person\/4e49f4e267757a06ca072ec61b2b9968\"},\"inLanguage\":\"pt-BR\",\"potentialAction\":[{\"@type\":\"ReadAction\",\"target\":[\"https:\/\/www.manaus.am.gov.br\/semsa\/prefeitura-de-manaus-segue-com-vacinacao-antirrabica-em-16-bairros\/\"]}]},{\"@type\":\"ImageObject\",\"inLanguage\":\"pt-BR\",\"@id\":\"https:\/\/www.manaus.am.gov.br\/semsa\/prefeitura-de-manaus-segue-com-vacinacao-antirrabica-em-16-bairros\/#primaryimage\",\"url\":\"https:\/\/www.manaus.am.gov.br\/semsa\/wp-content\/uploads\/sites\/8\/2023\/09\/Setembro-22_Cronograma-Vacinacao-Antirrabica-4JPG.jpg\",\"contentUrl\":\"https:\/\/www.manaus.am.gov.br\/semsa\/wp-content\/uploads\/sites\/8\/2023\/09\/Setembro-22_Cronograma-Vacinacao-Antirrabica-4JPG.jpg\",\"width\":2400,\"height\":1600},{\"@type\":\"WebSite\",\"@id\":\"https:\/\/www.manaus.am.gov.br\/semsa\/#website\",\"url\":\"https:\/\/www.manaus.am.gov.br\/semsa\/\",\"name\":\"SEMSA\",\"description\":\"Secretaria Municipal de Sa\u00fade\",\"alternateName\":\"Secretaria Municipal de Sa\u00fade\",\"potentialAction\":[{\"@type\":\"SearchAction\",\"target\":{\"@type\":\"EntryPoint\",\"urlTemplate\":\"https:\/\/www.manaus.am.gov.br\/semsa\/?s={search_term_string}\"},\"query-input\":\"required name=search_term_string\"}],\"inLanguage\":\"pt-BR\"},{\"@type\":\"Person\",\"@id\":\"https:\/\/www.manaus.am.gov.br\/semsa\/#\/schema\/person\/4e49f4e267757a06ca072ec61b2b9968\",\"name\":\"Adriana Costa\",\"image\":{\"@type\":\"ImageObject\",\"inLanguage\":\"pt-BR\",\"@id\":\"https:\/\/www.manaus.am.gov.br\/semsa\/#\/schema\/person\/image\/\",\"url\":\"https:\/\/secure.gravatar.com\/avatar\/576258617ef7194f718179e766d57bd4?s=96&d=mm&r=g\",\"contentUrl\":\"https:\/\/secure.gravatar.com\/avatar\/576258617ef7194f718179e766d57bd4?s=96&d=mm&r=g\",\"caption\":\"Adriana Costa\"}}]}<\/script>\n<!-- \/ Yoast SEO plugin. -->","yoast_head_json":{"title":"Prefeitura de Manaus segue com vacina\u00e7\u00e3o antirr\u00e1bica em 16 bairros - SEMSA","robots":{"index":"index","follow":"follow","max-snippet":"max-snippet:-1","max-image-preview":"max-image-preview:large","max-video-preview":"max-video-preview:-1"},"canonical":"https:\/\/www.manaus.am.gov.br\/semsa\/prefeitura-de-manaus-segue-com-vacinacao-antirrabica-em-16-bairros\/","og_locale":"pt_BR","og_type":"article","og_title":"Prefeitura de Manaus segue com vacina\u00e7\u00e3o antirr\u00e1bica em 16 bairros - SEMSA","og_url":"https:\/\/www.manaus.am.gov.br\/semsa\/prefeitura-de-manaus-segue-com-vacinacao-antirrabica-em-16-bairros\/","og_site_name":"SEMSA","article_published_time":"2023-09-27T14:19:07+00:00","article_modified_time":"2023-09-27T14:19:08+00:00","og_image":[{"width":1024,"height":683,"url":"https:\/\/www.manaus.am.gov.br\/semsa\/wp-content\/uploads\/sites\/8\/2023\/09\/Setembro-22_Cronograma-Vacinacao-Antirrabica-4JPG-1024x683.jpg","type":"image\/jpeg"}],"author":"Adriana Costa","twitter_card":"summary_large_image","twitter_misc":{"Written by":"Adriana Costa","Est. reading time":"3 minutos"},"schema":{"@context":"https:\/\/schema.org","@graph":[{"@type":"WebPage","@id":"https:\/\/www.manaus.am.gov.br\/semsa\/prefeitura-de-manaus-segue-com-vacinacao-antirrabica-em-16-bairros\/","url":"https:\/\/www.manaus.am.gov.br\/semsa\/prefeitura-de-manaus-segue-com-vacinacao-antirrabica-em-16-bairros\/","name":"Prefeitura de Manaus segue com vacina\u00e7\u00e3o antirr\u00e1bica em 16 bairros - SEMSA","isPartOf":{"@id":"https:\/\/www.manaus.am.gov.br\/semsa\/#website"},"primaryImageOfPage":{"@id":"https:\/\/www.manaus.am.gov.br\/semsa\/prefeitura-de-manaus-segue-com-vacinacao-antirrabica-em-16-bairros\/#primaryimage"},"image":{"@id":"https:\/\/www.manaus.am.gov.br\/semsa\/prefeitura-de-manaus-segue-com-vacinacao-antirrabica-em-16-bairros\/#primaryimage"},"thumbnailUrl":"https:\/\/www.manaus.am.gov.br\/semsa\/wp-content\/uploads\/sites\/8\/2023\/09\/Setembro-22_Cronograma-Vacinacao-Antirrabica-4JPG.jpg","datePublished":"2023-09-27T14:19:07+00:00","dateModified":"2023-09-27T14:19:08+00:00","author":{"@id":"https:\/\/www.manaus.am.gov.br\/semsa\/#\/schema\/person\/4e49f4e267757a06ca072ec61b2b9968"},"inLanguage":"pt-BR","potentialAction":[{"@type":"ReadAction","target":["https:\/\/www.manaus.am.gov.br\/semsa\/prefeitura-de-manaus-segue-com-vacinacao-antirrabica-em-16-bairros\/"]}]},{"@type":"ImageObject","inLanguage":"pt-BR","@id":"https:\/\/www.manaus.am.gov.br\/semsa\/prefeitura-de-manaus-segue-com-vacinacao-antirrabica-em-16-bairros\/#primaryimage","url":"https:\/\/www.manaus.am.gov.br\/semsa\/wp-content\/uploads\/sites\/8\/2023\/09\/Setembro-22_Cronograma-Vacinacao-Antirrabica-4JPG.jpg","contentUrl":"https:\/\/www.manaus.am.gov.br\/semsa\/wp-content\/uploads\/sites\/8\/2023\/09\/Setembro-22_Cronograma-Vacinacao-Antirrabica-4JPG.jpg","width":2400,"height":1600},{"@type":"WebSite","@id":"https:\/\/www.manaus.am.gov.br\/semsa\/#website","url":"https:\/\/www.manaus.am.gov.br\/semsa\/","name":"SEMSA","description":"Secretaria Municipal de Sa\u00fade","alternateName":"Secretaria Municipal de Sa\u00fade","potentialAction":[{"@type":"SearchAction","target":{"@type":"EntryPoint","urlTemplate":"https:\/\/www.manaus.am.gov.br\/semsa\/?s={search_term_string}"},"query-input":"required name=search_term_string"}],"inLanguage":"pt-BR"},{"@type":"Person","@id":"https:\/\/www.manaus.am.gov.br\/semsa\/#\/schema\/person\/4e49f4e267757a06ca072ec61b2b9968","name":"Adriana Costa","image":{"@type":"ImageObject","inLanguage":"pt-BR","@id":"https:\/\/www.manaus.am.gov.br\/semsa\/#\/schema\/person\/image\/","url":"https:\/\/secure.gravatar.com\/avatar\/576258617ef7194f718179e766d57bd4?s=96&d=mm&r=g","contentUrl":"https:\/\/secure.gravatar.com\/avatar\/576258617ef7194f718179e766d57bd4?s=96&d=mm&r=g","caption":"Adriana Costa"}}]}},"_links":{"self":[{"href":"https:\/\/www.manaus.am.gov.br\/semsa\/wp-json\/wp\/v2\/posts\/213026"}],"collection":[{"href":"https:\/\/www.manaus.am.gov.br\/semsa\/wp-json\/wp\/v2\/posts"}],"about":[{"href":"https:\/\/www.manaus.am.gov.br\/semsa\/wp-json\/wp\/v2\/types\/post"}],"author":[{"embeddable":true,"href":"https:\/\/www.manaus.am.gov.br\/semsa\/wp-json\/wp\/v2\/users\/23"}],"replies":[{"embeddable":true,"href":"https:\/\/www.manaus.am.gov.br\/semsa\/wp-json\/wp\/v2\/comments?post=213026"}],"version-history":[{"count":0,"href":"https:\/\/www.manaus.am.gov.br\/semsa\/wp-json\/wp\/v2\/posts\/213026\/revisions"}],"wp:featuredmedia":[{"embeddable":true,"href":"https:\/\/www.manaus.am.gov.br\/semsa\/wp-json\/wp\/v2\/media\/213027"}],"wp:attachment":[{"href":"https:\/\/www.manaus.am.gov.br\/semsa\/wp-json\/wp\/v2\/media?parent=213026"}],"wp:term":[{"taxonomy":"category","embeddable":true,"href":"https:\/\/www.manaus.am.gov.br\/semsa\/wp-json\/wp\/v2\/categories?post=213026"},{"taxonomy":"post_tag","embeddable":true,"href":"https:\/\/www.manaus.am.gov.br\/semsa\/wp-json\/wp\/v2\/tags?post=213026"}],"curies":[{"name":"wp","href":"https:\/\/api.w.org\/{rel}","templated":true}]}}