{"id":212939,"date":"2023-09-11T16:43:30","date_gmt":"2023-09-11T20:43:30","guid":{"rendered":"https:\/\/www.manaus.am.gov.br\/semsa\/prefeitura-de-manaus-alerta-beneficiarios-do-bolsa-familia-sobre-a-atualizacao-do-acompanhamento-em-saude\/"},"modified":"2023-09-11T16:43:30","modified_gmt":"2023-09-11T20:43:30","slug":"prefeitura-de-manaus-alerta-beneficiarios-do-bolsa-familia-sobre-a-atualizacao-do-acompanhamento-em-saude","status":"publish","type":"post","link":"https:\/\/www.manaus.am.gov.br\/semsa\/prefeitura-de-manaus-alerta-beneficiarios-do-bolsa-familia-sobre-a-atualizacao-do-acompanhamento-em-saude\/","title":{"rendered":"<strong>Prefeitura de Manaus alerta benefici\u00e1rios do Bolsa Fam\u00edlia sobre a atualiza\u00e7\u00e3o do acompanhamento em sa\u00fade<\/strong>"},"content":{"rendered":"\n<p>A Prefeitura de Manaus alerta aos benefici\u00e1rios do programa Bolsa Fam\u00edlia que ainda n\u00e3o fizeram seu acompanhamento de sa\u00fade neste segundo semestre, para que priorizem esta tarefa. O aviso \u00e9 direcionado aos respons\u00e1veis por crian\u00e7as de at\u00e9 sete anos de idade e \u00e0s mulheres de 14 a 44 anos, que precisam buscar o servi\u00e7o de sa\u00fade at\u00e9 o dia 31\/12, data limite para que os atendimentos sejam atualizados. O acompanhamento em sa\u00fade precisa ser feito uma vez a cada semestre, visto que esta \u00e9 uma das condi\u00e7\u00f5es estabelecidas pelo Minist\u00e9rio da Cidadania para que o benef\u00edcio seja mantido.<\/p>\n\n\n\n<p>\u201cEssa articula\u00e7\u00e3o do Minist\u00e9rio da Cidadania com a \u00e1rea da sa\u00fade tem o objetivo fortalecer as a\u00e7\u00f5es de preven\u00e7\u00e3o e promo\u00e7\u00e3o \u00e0 sa\u00fade para mulheres e crian\u00e7as, por isso estamos sinalizando a import\u00e2ncia de buscar as unidades. Quando o benefici\u00e1rio n\u00e3o comparece a uma UBS, recebe uma notifica\u00e7\u00e3o do Minist\u00e9rio da Cidadania e se ficar por mais de uma vig\u00eancia sem esse acompanhamento, corre o risco de perder o benef\u00edcio do Bolsa Fam\u00edlia\u201d, esclarece a chefe do N\u00facleo de Alimenta\u00e7\u00e3o e Nutri\u00e7\u00e3o da Semsa, nutricionista Lia Ferreira.<\/p>\n\n\n\n<p>Lia reitera que o atendimento a esse p\u00fablico \u00e9 acompanhado em duas vig\u00eancias anuais, sendo que a primeira ocorre de janeiro a junho e a segunda, de julho a dezembro. Na atual vig\u00eancia de um total de 342.148 usu\u00e1rios a serem acompanhados, apenas 60.498 realizaram os seus acompanhamentos nas unidades da Semsa at\u00e9 o dia 1\u00ba\/9.&nbsp; &nbsp;<\/p>\n\n\n\n<p>Ao buscar as unidades, os usu\u00e1rios devem apresentar documento de identidade com foto, CPF e Cart\u00e3o Nacional de Sa\u00fade (CNS), cart\u00e3o da gestante, caderneta de vacina\u00e7\u00e3o e documentos complementares conforme o caso, para que a equipe de sa\u00fade avalie o usu\u00e1rio.<\/p>\n\n\n\n<p>\u201cAs crian\u00e7as de at\u00e9 sete anos t\u00eam seu peso e altura analisados, bem como o cart\u00e3o de vacina, entre outros indicadores do crescimento infantil. Temos 123.461 crian\u00e7as menores de 7 anos, das quais foram acompanhados somente 10.605\u201d, comenta Lia.<\/p>\n\n\n\n<p>As mulheres de 14 a 44 anos, s\u00e3o encaminhadas para a realiza\u00e7\u00e3o do exame preventivo do c\u00e2ncer do colo do \u00fatero, conforme a necessidade. Os profissionais de sa\u00fade tamb\u00e9m verificam se o cart\u00e3o vacinal est\u00e1 atualizado e realizam a pesagem, a\u00e7\u00f5es que constam do conjunto de cuidados que s\u00e3o condicionantes para o recebimento do benef\u00edcio.<\/p>\n\n\n\n<p>Os usu\u00e1rios que recebem o Bolsa Fam\u00edlia podem fazer a atualiza\u00e7\u00e3o do seu acompanhamento em qualquer unidade de sa\u00fade da rede de aten\u00e7\u00e3o b\u00e1sica. A lista com endere\u00e7os e hor\u00e1rios de funcionamento das unidades est\u00e1 dispon\u00edvel no site da Semsa (<a href=\"http:\/\/semsa.manaus.am.gov.br\/\" target=\"_blank\" rel=\"noreferrer noopener\">semsa.manaus.am.gov.br<\/a>).<\/p>\n\n\n\n<p>&#8212; &#8212; &#8212;&nbsp;<\/p>\n\n\n\n<p><strong>Texto-<\/strong>Divulga\u00e7\u00e3o \/ Semsa<\/p>\n\n\n\n<p><strong>Fotos&nbsp;<\/strong>\u2013 Divulga\u00e7\u00e3o \/ Semsa<\/p>\n","protected":false},"excerpt":{"rendered":"","protected":false},"author":31,"featured_media":212940,"comment_status":"closed","ping_status":"closed","sticky":false,"template":"","format":"standard","meta":{"footnotes":""},"categories":[329],"tags":[1601,892,350,854],"acf":[],"yoast_head":"<!-- This site is optimized with the Yoast SEO plugin v23.0 - https:\/\/yoast.com\/wordpress\/plugins\/seo\/ -->\n<title>Prefeitura de Manaus alerta benefici\u00e1rios do Bolsa Fam\u00edlia sobre a atualiza\u00e7\u00e3o do acompanhamento em sa\u00fade - SEMSA<\/title>\n<meta name=\"robots\" content=\"index, follow, max-snippet:-1, max-image-preview:large, max-video-preview:-1\" \/>\n<link rel=\"canonical\" href=\"https:\/\/www.manaus.am.gov.br\/semsa\/prefeitura-de-manaus-alerta-beneficiarios-do-bolsa-familia-sobre-a-atualizacao-do-acompanhamento-em-saude\/\" \/>\n<meta property=\"og:locale\" content=\"pt_BR\" \/>\n<meta property=\"og:type\" content=\"article\" \/>\n<meta property=\"og:title\" content=\"Prefeitura de Manaus alerta benefici\u00e1rios do Bolsa Fam\u00edlia sobre a atualiza\u00e7\u00e3o do acompanhamento em sa\u00fade - SEMSA\" \/>\n<meta property=\"og:url\" content=\"https:\/\/www.manaus.am.gov.br\/semsa\/prefeitura-de-manaus-alerta-beneficiarios-do-bolsa-familia-sobre-a-atualizacao-do-acompanhamento-em-saude\/\" \/>\n<meta property=\"og:site_name\" content=\"SEMSA\" \/>\n<meta property=\"article:published_time\" content=\"2023-09-11T20:43:30+00:00\" \/>\n<meta property=\"og:image\" content=\"https:\/\/www.manaus.am.gov.br\/semsa\/wp-content\/uploads\/sites\/8\/2023\/09\/Setembro-11_Pesagem-Bolsa-Familia-4-1024x683.jpg\" \/>\n\t<meta property=\"og:image:width\" content=\"1024\" \/>\n\t<meta property=\"og:image:height\" content=\"683\" \/>\n\t<meta property=\"og:image:type\" content=\"image\/jpeg\" \/>\n<meta name=\"author\" content=\"Renata Felix\" \/>\n<meta name=\"twitter:card\" content=\"summary_large_image\" \/>\n<meta name=\"twitter:label1\" content=\"Written by\" \/>\n\t<meta name=\"twitter:data1\" content=\"Renata Felix\" \/>\n\t<meta name=\"twitter:label2\" content=\"Est. reading time\" \/>\n\t<meta name=\"twitter:data2\" content=\"3 minutos\" \/>\n<script type=\"application\/ld+json\" class=\"yoast-schema-graph\">{\"@context\":\"https:\/\/schema.org\",\"@graph\":[{\"@type\":\"WebPage\",\"@id\":\"https:\/\/www.manaus.am.gov.br\/semsa\/prefeitura-de-manaus-alerta-beneficiarios-do-bolsa-familia-sobre-a-atualizacao-do-acompanhamento-em-saude\/\",\"url\":\"https:\/\/www.manaus.am.gov.br\/semsa\/prefeitura-de-manaus-alerta-beneficiarios-do-bolsa-familia-sobre-a-atualizacao-do-acompanhamento-em-saude\/\",\"name\":\"Prefeitura de Manaus alerta benefici\u00e1rios do Bolsa Fam\u00edlia sobre a atualiza\u00e7\u00e3o do acompanhamento em sa\u00fade - SEMSA\",\"isPartOf\":{\"@id\":\"https:\/\/www.manaus.am.gov.br\/semsa\/#website\"},\"primaryImageOfPage\":{\"@id\":\"https:\/\/www.manaus.am.gov.br\/semsa\/prefeitura-de-manaus-alerta-beneficiarios-do-bolsa-familia-sobre-a-atualizacao-do-acompanhamento-em-saude\/#primaryimage\"},\"image\":{\"@id\":\"https:\/\/www.manaus.am.gov.br\/semsa\/prefeitura-de-manaus-alerta-beneficiarios-do-bolsa-familia-sobre-a-atualizacao-do-acompanhamento-em-saude\/#primaryimage\"},\"thumbnailUrl\":\"https:\/\/www.manaus.am.gov.br\/semsa\/wp-content\/uploads\/sites\/8\/2023\/09\/Setembro-11_Pesagem-Bolsa-Familia-4.jpg\",\"datePublished\":\"2023-09-11T20:43:30+00:00\",\"dateModified\":\"2023-09-11T20:43:30+00:00\",\"author\":{\"@id\":\"https:\/\/www.manaus.am.gov.br\/semsa\/#\/schema\/person\/4eea2a8f78dc853097abb026f728aa06\"},\"inLanguage\":\"pt-BR\",\"potentialAction\":[{\"@type\":\"ReadAction\",\"target\":[\"https:\/\/www.manaus.am.gov.br\/semsa\/prefeitura-de-manaus-alerta-beneficiarios-do-bolsa-familia-sobre-a-atualizacao-do-acompanhamento-em-saude\/\"]}]},{\"@type\":\"ImageObject\",\"inLanguage\":\"pt-BR\",\"@id\":\"https:\/\/www.manaus.am.gov.br\/semsa\/prefeitura-de-manaus-alerta-beneficiarios-do-bolsa-familia-sobre-a-atualizacao-do-acompanhamento-em-saude\/#primaryimage\",\"url\":\"https:\/\/www.manaus.am.gov.br\/semsa\/wp-content\/uploads\/sites\/8\/2023\/09\/Setembro-11_Pesagem-Bolsa-Familia-4.jpg\",\"contentUrl\":\"https:\/\/www.manaus.am.gov.br\/semsa\/wp-content\/uploads\/sites\/8\/2023\/09\/Setembro-11_Pesagem-Bolsa-Familia-4.jpg\",\"width\":6000,\"height\":4000},{\"@type\":\"WebSite\",\"@id\":\"https:\/\/www.manaus.am.gov.br\/semsa\/#website\",\"url\":\"https:\/\/www.manaus.am.gov.br\/semsa\/\",\"name\":\"SEMSA\",\"description\":\"Secretaria Municipal de Sa\u00fade\",\"alternateName\":\"Secretaria Municipal de Sa\u00fade\",\"potentialAction\":[{\"@type\":\"SearchAction\",\"target\":{\"@type\":\"EntryPoint\",\"urlTemplate\":\"https:\/\/www.manaus.am.gov.br\/semsa\/?s={search_term_string}\"},\"query-input\":\"required name=search_term_string\"}],\"inLanguage\":\"pt-BR\"},{\"@type\":\"Person\",\"@id\":\"https:\/\/www.manaus.am.gov.br\/semsa\/#\/schema\/person\/4eea2a8f78dc853097abb026f728aa06\",\"name\":\"Renata Felix\",\"image\":{\"@type\":\"ImageObject\",\"inLanguage\":\"pt-BR\",\"@id\":\"https:\/\/www.manaus.am.gov.br\/semsa\/#\/schema\/person\/image\/\",\"url\":\"https:\/\/secure.gravatar.com\/avatar\/3c196cf9d3b837b24c8edb2c50fd8f29?s=96&d=mm&r=g\",\"contentUrl\":\"https:\/\/secure.gravatar.com\/avatar\/3c196cf9d3b837b24c8edb2c50fd8f29?s=96&d=mm&r=g\",\"caption\":\"Renata Felix\"}}]}<\/script>\n<!-- \/ Yoast SEO plugin. -->","yoast_head_json":{"title":"Prefeitura de Manaus alerta benefici\u00e1rios do Bolsa Fam\u00edlia sobre a atualiza\u00e7\u00e3o do acompanhamento em sa\u00fade - SEMSA","robots":{"index":"index","follow":"follow","max-snippet":"max-snippet:-1","max-image-preview":"max-image-preview:large","max-video-preview":"max-video-preview:-1"},"canonical":"https:\/\/www.manaus.am.gov.br\/semsa\/prefeitura-de-manaus-alerta-beneficiarios-do-bolsa-familia-sobre-a-atualizacao-do-acompanhamento-em-saude\/","og_locale":"pt_BR","og_type":"article","og_title":"Prefeitura de Manaus alerta benefici\u00e1rios do Bolsa Fam\u00edlia sobre a atualiza\u00e7\u00e3o do acompanhamento em sa\u00fade - SEMSA","og_url":"https:\/\/www.manaus.am.gov.br\/semsa\/prefeitura-de-manaus-alerta-beneficiarios-do-bolsa-familia-sobre-a-atualizacao-do-acompanhamento-em-saude\/","og_site_name":"SEMSA","article_published_time":"2023-09-11T20:43:30+00:00","og_image":[{"width":1024,"height":683,"url":"https:\/\/www.manaus.am.gov.br\/semsa\/wp-content\/uploads\/sites\/8\/2023\/09\/Setembro-11_Pesagem-Bolsa-Familia-4-1024x683.jpg","type":"image\/jpeg"}],"author":"Renata Felix","twitter_card":"summary_large_image","twitter_misc":{"Written by":"Renata Felix","Est. reading time":"3 minutos"},"schema":{"@context":"https:\/\/schema.org","@graph":[{"@type":"WebPage","@id":"https:\/\/www.manaus.am.gov.br\/semsa\/prefeitura-de-manaus-alerta-beneficiarios-do-bolsa-familia-sobre-a-atualizacao-do-acompanhamento-em-saude\/","url":"https:\/\/www.manaus.am.gov.br\/semsa\/prefeitura-de-manaus-alerta-beneficiarios-do-bolsa-familia-sobre-a-atualizacao-do-acompanhamento-em-saude\/","name":"Prefeitura de Manaus alerta benefici\u00e1rios do Bolsa Fam\u00edlia sobre a atualiza\u00e7\u00e3o do acompanhamento em sa\u00fade - SEMSA","isPartOf":{"@id":"https:\/\/www.manaus.am.gov.br\/semsa\/#website"},"primaryImageOfPage":{"@id":"https:\/\/www.manaus.am.gov.br\/semsa\/prefeitura-de-manaus-alerta-beneficiarios-do-bolsa-familia-sobre-a-atualizacao-do-acompanhamento-em-saude\/#primaryimage"},"image":{"@id":"https:\/\/www.manaus.am.gov.br\/semsa\/prefeitura-de-manaus-alerta-beneficiarios-do-bolsa-familia-sobre-a-atualizacao-do-acompanhamento-em-saude\/#primaryimage"},"thumbnailUrl":"https:\/\/www.manaus.am.gov.br\/semsa\/wp-content\/uploads\/sites\/8\/2023\/09\/Setembro-11_Pesagem-Bolsa-Familia-4.jpg","datePublished":"2023-09-11T20:43:30+00:00","dateModified":"2023-09-11T20:43:30+00:00","author":{"@id":"https:\/\/www.manaus.am.gov.br\/semsa\/#\/schema\/person\/4eea2a8f78dc853097abb026f728aa06"},"inLanguage":"pt-BR","potentialAction":[{"@type":"ReadAction","target":["https:\/\/www.manaus.am.gov.br\/semsa\/prefeitura-de-manaus-alerta-beneficiarios-do-bolsa-familia-sobre-a-atualizacao-do-acompanhamento-em-saude\/"]}]},{"@type":"ImageObject","inLanguage":"pt-BR","@id":"https:\/\/www.manaus.am.gov.br\/semsa\/prefeitura-de-manaus-alerta-beneficiarios-do-bolsa-familia-sobre-a-atualizacao-do-acompanhamento-em-saude\/#primaryimage","url":"https:\/\/www.manaus.am.gov.br\/semsa\/wp-content\/uploads\/sites\/8\/2023\/09\/Setembro-11_Pesagem-Bolsa-Familia-4.jpg","contentUrl":"https:\/\/www.manaus.am.gov.br\/semsa\/wp-content\/uploads\/sites\/8\/2023\/09\/Setembro-11_Pesagem-Bolsa-Familia-4.jpg","width":6000,"height":4000},{"@type":"WebSite","@id":"https:\/\/www.manaus.am.gov.br\/semsa\/#website","url":"https:\/\/www.manaus.am.gov.br\/semsa\/","name":"SEMSA","description":"Secretaria Municipal de Sa\u00fade","alternateName":"Secretaria Municipal de Sa\u00fade","potentialAction":[{"@type":"SearchAction","target":{"@type":"EntryPoint","urlTemplate":"https:\/\/www.manaus.am.gov.br\/semsa\/?s={search_term_string}"},"query-input":"required name=search_term_string"}],"inLanguage":"pt-BR"},{"@type":"Person","@id":"https:\/\/www.manaus.am.gov.br\/semsa\/#\/schema\/person\/4eea2a8f78dc853097abb026f728aa06","name":"Renata Felix","image":{"@type":"ImageObject","inLanguage":"pt-BR","@id":"https:\/\/www.manaus.am.gov.br\/semsa\/#\/schema\/person\/image\/","url":"https:\/\/secure.gravatar.com\/avatar\/3c196cf9d3b837b24c8edb2c50fd8f29?s=96&d=mm&r=g","contentUrl":"https:\/\/secure.gravatar.com\/avatar\/3c196cf9d3b837b24c8edb2c50fd8f29?s=96&d=mm&r=g","caption":"Renata Felix"}}]}},"_links":{"self":[{"href":"https:\/\/www.manaus.am.gov.br\/semsa\/wp-json\/wp\/v2\/posts\/212939"}],"collection":[{"href":"https:\/\/www.manaus.am.gov.br\/semsa\/wp-json\/wp\/v2\/posts"}],"about":[{"href":"https:\/\/www.manaus.am.gov.br\/semsa\/wp-json\/wp\/v2\/types\/post"}],"author":[{"embeddable":true,"href":"https:\/\/www.manaus.am.gov.br\/semsa\/wp-json\/wp\/v2\/users\/31"}],"replies":[{"embeddable":true,"href":"https:\/\/www.manaus.am.gov.br\/semsa\/wp-json\/wp\/v2\/comments?post=212939"}],"version-history":[{"count":0,"href":"https:\/\/www.manaus.am.gov.br\/semsa\/wp-json\/wp\/v2\/posts\/212939\/revisions"}],"wp:featuredmedia":[{"embeddable":true,"href":"https:\/\/www.manaus.am.gov.br\/semsa\/wp-json\/wp\/v2\/media\/212940"}],"wp:attachment":[{"href":"https:\/\/www.manaus.am.gov.br\/semsa\/wp-json\/wp\/v2\/media?parent=212939"}],"wp:term":[{"taxonomy":"category","embeddable":true,"href":"https:\/\/www.manaus.am.gov.br\/semsa\/wp-json\/wp\/v2\/categories?post=212939"},{"taxonomy":"post_tag","embeddable":true,"href":"https:\/\/www.manaus.am.gov.br\/semsa\/wp-json\/wp\/v2\/tags?post=212939"}],"curies":[{"name":"wp","href":"https:\/\/api.w.org\/{rel}","templated":true}]}}