{"id":212916,"date":"2023-09-08T10:35:59","date_gmt":"2023-09-08T14:35:59","guid":{"rendered":"https:\/\/www.manaus.am.gov.br\/semsa\/nove-pontos-de-imunizacao-da-prefeitura-de-manaus-ofertam-vacina-contra-covid-19-neste-sabado-9-9\/"},"modified":"2023-09-08T10:36:02","modified_gmt":"2023-09-08T14:36:02","slug":"nove-pontos-de-imunizacao-da-prefeitura-de-manaus-ofertam-vacina-contra-covid-19-neste-sabado-9-9","status":"publish","type":"post","link":"https:\/\/www.manaus.am.gov.br\/semsa\/nove-pontos-de-imunizacao-da-prefeitura-de-manaus-ofertam-vacina-contra-covid-19-neste-sabado-9-9\/","title":{"rendered":"<strong>Nove pontos de imuniza\u00e7\u00e3o da Prefeitura de Manaus ofertam vacina contra Covid-19 neste s\u00e1bado, 9\/9<\/strong>"},"content":{"rendered":"\n<p>A Prefeitura de Manaus, dando continuidade \u00e0 campanha de vacina\u00e7\u00e3o contra a Covid-19, disponibiliza atendimento \u00e0 popula\u00e7\u00e3o interessada em iniciar ou atualizar o esquema vacinal contra a doen\u00e7a em nove unidades de sa\u00fade neste s\u00e1bado, 9\/9. A oferta do servi\u00e7o aos s\u00e1bados \u00e9 uma estrat\u00e9gia da Secretaria Municipal de Sa\u00fade (Semsa) para facilitar o acesso da popula\u00e7\u00e3o aos imunizantes e fortalecer o controle da patologia causada pelo novo coronav\u00edrus (Sars-CoV-2) na capital.<\/p>\n\n\n\n<p>A secret\u00e1ria municipal de Sa\u00fade em exerc\u00edcio, Aline Rosa Martins, salienta que a vacina\u00e7\u00e3o \u00e9 o instrumento mais eficaz para reduzir a contamina\u00e7\u00e3o e proteger a popula\u00e7\u00e3o como um todo.<\/p>\n\n\n\n<p>\u201cAs vacinas ofertadas na rede p\u00fablica s\u00e3o seguras e reduzem as chances de a pessoa precisar ser hospitalizada ou vir a \u00f3bito por conta da infec\u00e7\u00e3o\u201d, afirma a gestora, refor\u00e7ando que os imunizantes est\u00e3o dispon\u00edveis para todas as pessoas a partir dos 6 meses de idade.<\/p>\n\n\n\n<p>Aline informa que a aplica\u00e7\u00e3o das doses est\u00e1 dispon\u00edvel aos s\u00e1bados das 8h \u00e0s 12h, em nove unidades de sa\u00fade da Semsa, espalhadas por toda a cidade, sendo pelo menos uma em cada zona geogr\u00e1fica. Ela orienta os usu\u00e1rios a se dirigir ao ponto mais pr\u00f3ximo de suas casas, portando documento de identidade com foto, CPF ou cart\u00e3o do SUS.<\/p>\n\n\n\n<p>\u201cOs usu\u00e1rios v\u00e3o receber as doses do esquema prim\u00e1rio ou de refor\u00e7o, obedecendo recomenda\u00e7\u00f5es do Minist\u00e9rio da Sa\u00fade quanto a intervalos de aplica\u00e7\u00e3o\u201d, explica Aline, acrescentando que a situa\u00e7\u00e3o vacinal do usu\u00e1rio pode ser consultada por meio da plataforma Imuniza Manaus (<a href=\"http:\/\/imuniza.manaus.am.gov.br\/\" target=\"_blank\" rel=\"noreferrer noopener\">imuniza.manaus.am.gov.br<\/a>), bastando informar o n\u00famero do CPF e escolher a op\u00e7\u00e3o \u201cConsultar minhas doses\u201d.<\/p>\n\n\n\n<p>\u201c\u00c9 importante que todas as pessoas mantenham o esquema vacinal atualizado, com a primeira e a segunda doses do esquema prim\u00e1rio, mais dose de refor\u00e7o. E os pais e respons\u00e1veis devem cuidar de vacinar beb\u00eas e crian\u00e7as menores de 12 anos\u201d, alerta Aline.<\/p>\n\n\n\n<p><strong>Confira os pontos de vacina\u00e7\u00e3o da Semsa abertos neste s\u00e1bado, 9\/9:<\/strong><\/p>\n\n\n\n<p><strong>Zona Norte<\/strong><\/p>\n\n\n\n<p>Cl\u00ednica da Fam\u00edlia Carmen Nicolau &#8211; Rua Santa Tereza D\u2019\u00c1vila, s\/n\u00ba, Lago Azul<\/p>\n\n\n\n<p>USF \u00c1ugias Gadelha &#8211; Rua A, s\/n\u00ba, Cidade Nova 1<\/p>\n\n\n\n<p>USF Major PM S\u00e1lvio Belota &#8211; Rua Jo\u00e3o Monte Fusco (antiga rua das Samambaias), n\u00ba 786, Santa Etelvina<\/p>\n\n\n\n<p><strong>Zona Sul<\/strong><\/p>\n\n\n\n<p>USF Doutor Jos\u00e9 Rayol dos Santos &#8211; Avenida Constantino Nery, s\/n\u00ba, Flores<\/p>\n\n\n\n<p><strong>Zona Leste<\/strong><\/p>\n\n\n\n<p>USF Alfredo Campos &#8211; Alameda Cosme Ferreira, s\/n\u00ba, Zumbi dos Palmares<\/p>\n\n\n\n<p>USF Amazonas Palhano &#8211; Rua Ant\u00f4nio Matias, s\/n\u00ba, S\u00e3o Jos\u00e9 Oper\u00e1rio<\/p>\n\n\n\n<p>USF Leonor Brilhante &#8211; Avenida Autaz Mirim, s\/n\u00ba, Tancredo Neves<\/p>\n\n\n\n<p><strong>Zona Oeste<\/strong><\/p>\n\n\n\n<p>USF Deodato de Miranda Le\u00e3o &#8211; Avenida Presidente Dutra, s\/n\u00ba, Gl\u00f3ria<\/p>\n\n\n\n<p>USF Leonor de Freitas &#8211; Avenida Brasil, s\/n\u00ba, Compensa 1<\/p>\n\n\n\n<p>&#8212; &#8212; &#8212;&nbsp;<\/p>\n\n\n\n<p><strong>Texto e fotos &#8211; <\/strong>&nbsp;Divulga\u00e7\u00e3o \/ Semsa<\/p>\n","protected":false},"excerpt":{"rendered":"","protected":false},"author":31,"featured_media":212917,"comment_status":"closed","ping_status":"closed","sticky":false,"template":"","format":"standard","meta":{"footnotes":""},"categories":[2],"tags":[24,49,727,516],"acf":[],"yoast_head":"<!-- This site is optimized with the Yoast SEO plugin v23.0 - https:\/\/yoast.com\/wordpress\/plugins\/seo\/ -->\n<title>Nove pontos de imuniza\u00e7\u00e3o da Prefeitura de Manaus ofertam vacina contra Covid-19 neste s\u00e1bado, 9\/9 - SEMSA<\/title>\n<meta name=\"robots\" content=\"index, follow, max-snippet:-1, max-image-preview:large, max-video-preview:-1\" \/>\n<link rel=\"canonical\" href=\"https:\/\/www.manaus.am.gov.br\/semsa\/nove-pontos-de-imunizacao-da-prefeitura-de-manaus-ofertam-vacina-contra-covid-19-neste-sabado-9-9\/\" \/>\n<meta property=\"og:locale\" content=\"pt_BR\" \/>\n<meta property=\"og:type\" content=\"article\" \/>\n<meta property=\"og:title\" content=\"Nove pontos de imuniza\u00e7\u00e3o da Prefeitura de Manaus ofertam vacina contra Covid-19 neste s\u00e1bado, 9\/9 - SEMSA\" \/>\n<meta property=\"og:url\" content=\"https:\/\/www.manaus.am.gov.br\/semsa\/nove-pontos-de-imunizacao-da-prefeitura-de-manaus-ofertam-vacina-contra-covid-19-neste-sabado-9-9\/\" \/>\n<meta property=\"og:site_name\" content=\"SEMSA\" \/>\n<meta property=\"article:published_time\" content=\"2023-09-08T14:35:59+00:00\" \/>\n<meta property=\"article:modified_time\" content=\"2023-09-08T14:36:02+00:00\" \/>\n<meta property=\"og:image\" content=\"https:\/\/www.manaus.am.gov.br\/semsa\/wp-content\/uploads\/sites\/8\/2023\/09\/Setembro-08_Pontos-Sabado-1.jpg\" \/>\n\t<meta property=\"og:image:width\" content=\"2048\" \/>\n\t<meta property=\"og:image:height\" content=\"1365\" \/>\n\t<meta property=\"og:image:type\" content=\"image\/jpeg\" \/>\n<meta name=\"author\" content=\"Renata Felix\" \/>\n<meta name=\"twitter:card\" content=\"summary_large_image\" \/>\n<meta name=\"twitter:label1\" content=\"Written by\" \/>\n\t<meta name=\"twitter:data1\" content=\"Renata Felix\" \/>\n\t<meta name=\"twitter:label2\" content=\"Est. reading time\" \/>\n\t<meta name=\"twitter:data2\" content=\"3 minutos\" \/>\n<script type=\"application\/ld+json\" class=\"yoast-schema-graph\">{\"@context\":\"https:\/\/schema.org\",\"@graph\":[{\"@type\":\"WebPage\",\"@id\":\"https:\/\/www.manaus.am.gov.br\/semsa\/nove-pontos-de-imunizacao-da-prefeitura-de-manaus-ofertam-vacina-contra-covid-19-neste-sabado-9-9\/\",\"url\":\"https:\/\/www.manaus.am.gov.br\/semsa\/nove-pontos-de-imunizacao-da-prefeitura-de-manaus-ofertam-vacina-contra-covid-19-neste-sabado-9-9\/\",\"name\":\"Nove pontos de imuniza\u00e7\u00e3o da Prefeitura de Manaus ofertam vacina contra Covid-19 neste s\u00e1bado, 9\/9 - SEMSA\",\"isPartOf\":{\"@id\":\"https:\/\/www.manaus.am.gov.br\/semsa\/#website\"},\"primaryImageOfPage\":{\"@id\":\"https:\/\/www.manaus.am.gov.br\/semsa\/nove-pontos-de-imunizacao-da-prefeitura-de-manaus-ofertam-vacina-contra-covid-19-neste-sabado-9-9\/#primaryimage\"},\"image\":{\"@id\":\"https:\/\/www.manaus.am.gov.br\/semsa\/nove-pontos-de-imunizacao-da-prefeitura-de-manaus-ofertam-vacina-contra-covid-19-neste-sabado-9-9\/#primaryimage\"},\"thumbnailUrl\":\"https:\/\/www.manaus.am.gov.br\/semsa\/wp-content\/uploads\/sites\/8\/2023\/09\/Setembro-08_Pontos-Sabado-1.jpg\",\"datePublished\":\"2023-09-08T14:35:59+00:00\",\"dateModified\":\"2023-09-08T14:36:02+00:00\",\"author\":{\"@id\":\"https:\/\/www.manaus.am.gov.br\/semsa\/#\/schema\/person\/4eea2a8f78dc853097abb026f728aa06\"},\"inLanguage\":\"pt-BR\",\"potentialAction\":[{\"@type\":\"ReadAction\",\"target\":[\"https:\/\/www.manaus.am.gov.br\/semsa\/nove-pontos-de-imunizacao-da-prefeitura-de-manaus-ofertam-vacina-contra-covid-19-neste-sabado-9-9\/\"]}]},{\"@type\":\"ImageObject\",\"inLanguage\":\"pt-BR\",\"@id\":\"https:\/\/www.manaus.am.gov.br\/semsa\/nove-pontos-de-imunizacao-da-prefeitura-de-manaus-ofertam-vacina-contra-covid-19-neste-sabado-9-9\/#primaryimage\",\"url\":\"https:\/\/www.manaus.am.gov.br\/semsa\/wp-content\/uploads\/sites\/8\/2023\/09\/Setembro-08_Pontos-Sabado-1.jpg\",\"contentUrl\":\"https:\/\/www.manaus.am.gov.br\/semsa\/wp-content\/uploads\/sites\/8\/2023\/09\/Setembro-08_Pontos-Sabado-1.jpg\",\"width\":2048,\"height\":1365},{\"@type\":\"WebSite\",\"@id\":\"https:\/\/www.manaus.am.gov.br\/semsa\/#website\",\"url\":\"https:\/\/www.manaus.am.gov.br\/semsa\/\",\"name\":\"SEMSA\",\"description\":\"Secretaria Municipal de Sa\u00fade\",\"alternateName\":\"Secretaria Municipal de Sa\u00fade\",\"potentialAction\":[{\"@type\":\"SearchAction\",\"target\":{\"@type\":\"EntryPoint\",\"urlTemplate\":\"https:\/\/www.manaus.am.gov.br\/semsa\/?s={search_term_string}\"},\"query-input\":\"required name=search_term_string\"}],\"inLanguage\":\"pt-BR\"},{\"@type\":\"Person\",\"@id\":\"https:\/\/www.manaus.am.gov.br\/semsa\/#\/schema\/person\/4eea2a8f78dc853097abb026f728aa06\",\"name\":\"Renata Felix\",\"image\":{\"@type\":\"ImageObject\",\"inLanguage\":\"pt-BR\",\"@id\":\"https:\/\/www.manaus.am.gov.br\/semsa\/#\/schema\/person\/image\/\",\"url\":\"https:\/\/secure.gravatar.com\/avatar\/3c196cf9d3b837b24c8edb2c50fd8f29?s=96&d=mm&r=g\",\"contentUrl\":\"https:\/\/secure.gravatar.com\/avatar\/3c196cf9d3b837b24c8edb2c50fd8f29?s=96&d=mm&r=g\",\"caption\":\"Renata Felix\"}}]}<\/script>\n<!-- \/ Yoast SEO plugin. -->","yoast_head_json":{"title":"Nove pontos de imuniza\u00e7\u00e3o da Prefeitura de Manaus ofertam vacina contra Covid-19 neste s\u00e1bado, 9\/9 - SEMSA","robots":{"index":"index","follow":"follow","max-snippet":"max-snippet:-1","max-image-preview":"max-image-preview:large","max-video-preview":"max-video-preview:-1"},"canonical":"https:\/\/www.manaus.am.gov.br\/semsa\/nove-pontos-de-imunizacao-da-prefeitura-de-manaus-ofertam-vacina-contra-covid-19-neste-sabado-9-9\/","og_locale":"pt_BR","og_type":"article","og_title":"Nove pontos de imuniza\u00e7\u00e3o da Prefeitura de Manaus ofertam vacina contra Covid-19 neste s\u00e1bado, 9\/9 - SEMSA","og_url":"https:\/\/www.manaus.am.gov.br\/semsa\/nove-pontos-de-imunizacao-da-prefeitura-de-manaus-ofertam-vacina-contra-covid-19-neste-sabado-9-9\/","og_site_name":"SEMSA","article_published_time":"2023-09-08T14:35:59+00:00","article_modified_time":"2023-09-08T14:36:02+00:00","og_image":[{"width":2048,"height":1365,"url":"https:\/\/www.manaus.am.gov.br\/semsa\/wp-content\/uploads\/sites\/8\/2023\/09\/Setembro-08_Pontos-Sabado-1.jpg","type":"image\/jpeg"}],"author":"Renata Felix","twitter_card":"summary_large_image","twitter_misc":{"Written by":"Renata Felix","Est. reading time":"3 minutos"},"schema":{"@context":"https:\/\/schema.org","@graph":[{"@type":"WebPage","@id":"https:\/\/www.manaus.am.gov.br\/semsa\/nove-pontos-de-imunizacao-da-prefeitura-de-manaus-ofertam-vacina-contra-covid-19-neste-sabado-9-9\/","url":"https:\/\/www.manaus.am.gov.br\/semsa\/nove-pontos-de-imunizacao-da-prefeitura-de-manaus-ofertam-vacina-contra-covid-19-neste-sabado-9-9\/","name":"Nove pontos de imuniza\u00e7\u00e3o da Prefeitura de Manaus ofertam vacina contra Covid-19 neste s\u00e1bado, 9\/9 - SEMSA","isPartOf":{"@id":"https:\/\/www.manaus.am.gov.br\/semsa\/#website"},"primaryImageOfPage":{"@id":"https:\/\/www.manaus.am.gov.br\/semsa\/nove-pontos-de-imunizacao-da-prefeitura-de-manaus-ofertam-vacina-contra-covid-19-neste-sabado-9-9\/#primaryimage"},"image":{"@id":"https:\/\/www.manaus.am.gov.br\/semsa\/nove-pontos-de-imunizacao-da-prefeitura-de-manaus-ofertam-vacina-contra-covid-19-neste-sabado-9-9\/#primaryimage"},"thumbnailUrl":"https:\/\/www.manaus.am.gov.br\/semsa\/wp-content\/uploads\/sites\/8\/2023\/09\/Setembro-08_Pontos-Sabado-1.jpg","datePublished":"2023-09-08T14:35:59+00:00","dateModified":"2023-09-08T14:36:02+00:00","author":{"@id":"https:\/\/www.manaus.am.gov.br\/semsa\/#\/schema\/person\/4eea2a8f78dc853097abb026f728aa06"},"inLanguage":"pt-BR","potentialAction":[{"@type":"ReadAction","target":["https:\/\/www.manaus.am.gov.br\/semsa\/nove-pontos-de-imunizacao-da-prefeitura-de-manaus-ofertam-vacina-contra-covid-19-neste-sabado-9-9\/"]}]},{"@type":"ImageObject","inLanguage":"pt-BR","@id":"https:\/\/www.manaus.am.gov.br\/semsa\/nove-pontos-de-imunizacao-da-prefeitura-de-manaus-ofertam-vacina-contra-covid-19-neste-sabado-9-9\/#primaryimage","url":"https:\/\/www.manaus.am.gov.br\/semsa\/wp-content\/uploads\/sites\/8\/2023\/09\/Setembro-08_Pontos-Sabado-1.jpg","contentUrl":"https:\/\/www.manaus.am.gov.br\/semsa\/wp-content\/uploads\/sites\/8\/2023\/09\/Setembro-08_Pontos-Sabado-1.jpg","width":2048,"height":1365},{"@type":"WebSite","@id":"https:\/\/www.manaus.am.gov.br\/semsa\/#website","url":"https:\/\/www.manaus.am.gov.br\/semsa\/","name":"SEMSA","description":"Secretaria Municipal de Sa\u00fade","alternateName":"Secretaria Municipal de Sa\u00fade","potentialAction":[{"@type":"SearchAction","target":{"@type":"EntryPoint","urlTemplate":"https:\/\/www.manaus.am.gov.br\/semsa\/?s={search_term_string}"},"query-input":"required name=search_term_string"}],"inLanguage":"pt-BR"},{"@type":"Person","@id":"https:\/\/www.manaus.am.gov.br\/semsa\/#\/schema\/person\/4eea2a8f78dc853097abb026f728aa06","name":"Renata Felix","image":{"@type":"ImageObject","inLanguage":"pt-BR","@id":"https:\/\/www.manaus.am.gov.br\/semsa\/#\/schema\/person\/image\/","url":"https:\/\/secure.gravatar.com\/avatar\/3c196cf9d3b837b24c8edb2c50fd8f29?s=96&d=mm&r=g","contentUrl":"https:\/\/secure.gravatar.com\/avatar\/3c196cf9d3b837b24c8edb2c50fd8f29?s=96&d=mm&r=g","caption":"Renata Felix"}}]}},"_links":{"self":[{"href":"https:\/\/www.manaus.am.gov.br\/semsa\/wp-json\/wp\/v2\/posts\/212916"}],"collection":[{"href":"https:\/\/www.manaus.am.gov.br\/semsa\/wp-json\/wp\/v2\/posts"}],"about":[{"href":"https:\/\/www.manaus.am.gov.br\/semsa\/wp-json\/wp\/v2\/types\/post"}],"author":[{"embeddable":true,"href":"https:\/\/www.manaus.am.gov.br\/semsa\/wp-json\/wp\/v2\/users\/31"}],"replies":[{"embeddable":true,"href":"https:\/\/www.manaus.am.gov.br\/semsa\/wp-json\/wp\/v2\/comments?post=212916"}],"version-history":[{"count":0,"href":"https:\/\/www.manaus.am.gov.br\/semsa\/wp-json\/wp\/v2\/posts\/212916\/revisions"}],"wp:featuredmedia":[{"embeddable":true,"href":"https:\/\/www.manaus.am.gov.br\/semsa\/wp-json\/wp\/v2\/media\/212917"}],"wp:attachment":[{"href":"https:\/\/www.manaus.am.gov.br\/semsa\/wp-json\/wp\/v2\/media?parent=212916"}],"wp:term":[{"taxonomy":"category","embeddable":true,"href":"https:\/\/www.manaus.am.gov.br\/semsa\/wp-json\/wp\/v2\/categories?post=212916"},{"taxonomy":"post_tag","embeddable":true,"href":"https:\/\/www.manaus.am.gov.br\/semsa\/wp-json\/wp\/v2\/tags?post=212916"}],"curies":[{"name":"wp","href":"https:\/\/api.w.org\/{rel}","templated":true}]}}