{"id":212887,"date":"2023-09-01T15:13:29","date_gmt":"2023-09-01T19:13:29","guid":{"rendered":"https:\/\/www.manaus.am.gov.br\/semsa\/prefeitura-oferta-vacina-contra-covid-19-em-nove-pontos-de-imunizacao-neste-sabado-2-9\/"},"modified":"2023-09-01T15:13:30","modified_gmt":"2023-09-01T19:13:30","slug":"prefeitura-oferta-vacina-contra-covid-19-em-nove-pontos-de-imunizacao-neste-sabado-2-9","status":"publish","type":"post","link":"https:\/\/www.manaus.am.gov.br\/semsa\/prefeitura-oferta-vacina-contra-covid-19-em-nove-pontos-de-imunizacao-neste-sabado-2-9\/","title":{"rendered":"<strong>Prefeitura oferta vacina contra Covid-19 em nove pontos de imuniza\u00e7\u00e3o neste s\u00e1bado, 2\/9<\/strong>"},"content":{"rendered":"\n<p>A campanha de vacina\u00e7\u00e3o contra a Covid-19 prossegue na capital com a aplica\u00e7\u00e3o de doses em nove unidades de aten\u00e7\u00e3o b\u00e1sica \u00e0 sa\u00fade da Prefeitura de Manaus, neste s\u00e1bado, 2\/9. Os usu\u00e1rios interessados em iniciar ou atualizar o esquema vacinal devem comparecer em uma das unidades, gerenciadas pela Secretaria Municipal de Sa\u00fade (Semsa), portando documento oficial com foto, CPF ou Cart\u00e3o Nacional de Sa\u00fade (CNS) e cart\u00e3o de vacina.<\/p>\n\n\n\n<p>\u201cToda pessoa com idade a partir de seis meses pode receber a vacina, que \u00e9 segura e eficaz. A Semsa Manaus oferta as doses aos s\u00e1bados, das 8h \u00e0s 12h, em pelo menos uma unidade por zona distrital de sa\u00fade, para assegurar o acesso de toda a popula\u00e7\u00e3o ao imunizante\u201d, informa o subsecret\u00e1rio de Gest\u00e3o da Sa\u00fade, Djalma Coelho.<\/p>\n\n\n\n<p>O gestor orienta as m\u00e3es, pais e respons\u00e1veis a levar tamb\u00e9m suas crian\u00e7as menores de 12 anos at\u00e9 os pontos de vacina\u00e7\u00e3o, para iniciar ou atualizar o esquema vacinal, de acordo com os prazos e doses recomendados pelo Minist\u00e9rio da Sa\u00fade. Ele ressalta a import\u00e2ncia da imuniza\u00e7\u00e3o para manter a doen\u00e7a sob controle na capital.<\/p>\n\n\n\n<p>\u201cA Covid n\u00e3o \u00e9 mais uma emerg\u00eancia de sa\u00fade p\u00fablica, mas ainda se tem registros de casos todos os dias e todos devem fazer sua parte. A pessoa que recebe a vacina tem mais prote\u00e7\u00e3o contra a doen\u00e7a e menos risco de vir a ter um comprometimento grave da sa\u00fade\u201d, disse.<\/p>\n\n\n\n<p>Djalma informa ainda que os usu\u00e1rios podem consultar doses a receber on-line, por meio do Imuniza Manaus (<a href=\"http:\/\/imuniza.manaus.am.gov.br\/\" target=\"_blank\" rel=\"noreferrer noopener\">imuniza.manaus.am.gov.br<\/a>). Na plataforma digital, basta buscar o servi\u00e7o \u201cConsultar minhas doses\u201d e informar o n\u00famero do CPF.<\/p>\n\n\n\n<p><strong>Confira os pontos de vacina\u00e7\u00e3o da Semsa Manaus abertos neste s\u00e1bado, 2\/9:<\/strong><\/p>\n\n\n\n<p><strong>Zona Norte<\/strong><\/p>\n\n\n\n<p>Cl\u00ednica da Fam\u00edlia Carmen Nicolau &#8211; Rua Santa Tereza D\u2019\u00c1vila, s\/n\u00ba, Lago Azul<\/p>\n\n\n\n<p>USF \u00c1ugias Gadelha &#8211; Rua A, s\/n\u00ba, Cidade Nova 1<\/p>\n\n\n\n<p>USF Major PM S\u00e1lvio Belota &#8211; Rua Jo\u00e3o Monte Fusco (antiga rua das Samambaias), n\u00ba 786, Santa Etelvina<\/p>\n\n\n\n<p><strong>Zona Sul<\/strong><\/p>\n\n\n\n<p>USF Dr. Jos\u00e9 Rayol dos Santos &#8211; Avenida Constantino Nery, s\/n\u00ba, Flores<\/p>\n\n\n\n<p><strong>Zona Leste<\/strong><\/p>\n\n\n\n<p>USF Alfredo Campos &#8211; Alameda Cosme Ferreira, s\/n\u00ba, Zumbi dos Palmares<\/p>\n\n\n\n<p>USF Amazonas Palhano &#8211; Rua Ant\u00f4nio Matias, s\/n\u00ba, S\u00e3o Jos\u00e9 Oper\u00e1rio<\/p>\n\n\n\n<p>USF Leonor Brilhante &#8211; Avenida Autaz Mirim, s\/n\u00ba, Tancredo Neves<\/p>\n\n\n\n<p><strong>Zona Oeste<\/strong><\/p>\n\n\n\n<p>USF Deodato de Miranda Le\u00e3o &#8211; Avenida Presidente Dutra, s\/n\u00ba, Gl\u00f3ria<\/p>\n\n\n\n<p>USF Leonor de Freitas &#8211; Avenida Brasil, s\/n\u00ba, Compensa 1<\/p>\n\n\n\n<p>&#8212; &#8212; &#8212;&nbsp;<\/p>\n\n\n\n<p><strong>Texto e foto<\/strong> &#8211; Divulga\u00e7\u00e3o \/ Semsa<\/p>\n","protected":false},"excerpt":{"rendered":"","protected":false},"author":39,"featured_media":212888,"comment_status":"closed","ping_status":"closed","sticky":false,"template":"","format":"standard","meta":{"footnotes":""},"categories":[2],"tags":[1585,27,1586,54,28,29],"acf":[],"yoast_head":"<!-- This site is optimized with the Yoast SEO plugin v23.0 - https:\/\/yoast.com\/wordpress\/plugins\/seo\/ -->\n<title>Prefeitura oferta vacina contra Covid-19 em nove pontos de imuniza\u00e7\u00e3o neste s\u00e1bado, 2\/9<\/title>\n<meta name=\"description\" content=\"A campanha de vacina\u00e7\u00e3o contra a Covid-19 prossegue na capital com a aplica\u00e7\u00e3o de doses em nove unidades de aten\u00e7\u00e3o b\u00e1sica \u00e0 sa\u00fade da Prefeitura de Manaus, neste s\u00e1bado, 2\/9.\" \/>\n<meta name=\"robots\" content=\"index, follow, max-snippet:-1, max-image-preview:large, max-video-preview:-1\" \/>\n<link rel=\"canonical\" href=\"https:\/\/www.manaus.am.gov.br\/semsa\/prefeitura-oferta-vacina-contra-covid-19-em-nove-pontos-de-imunizacao-neste-sabado-2-9\/\" \/>\n<meta property=\"og:locale\" content=\"pt_BR\" \/>\n<meta property=\"og:type\" content=\"article\" \/>\n<meta property=\"og:title\" content=\"Prefeitura oferta vacina contra Covid-19 em nove pontos de imuniza\u00e7\u00e3o neste s\u00e1bado, 2\/9\" \/>\n<meta property=\"og:description\" content=\"A campanha de vacina\u00e7\u00e3o contra a Covid-19 prossegue na capital com a aplica\u00e7\u00e3o de doses em nove unidades de aten\u00e7\u00e3o b\u00e1sica \u00e0 sa\u00fade da Prefeitura de Manaus, neste s\u00e1bado, 2\/9.\" \/>\n<meta property=\"og:url\" content=\"https:\/\/www.manaus.am.gov.br\/semsa\/prefeitura-oferta-vacina-contra-covid-19-em-nove-pontos-de-imunizacao-neste-sabado-2-9\/\" \/>\n<meta property=\"og:site_name\" content=\"SEMSA\" \/>\n<meta property=\"article:published_time\" content=\"2023-09-01T19:13:29+00:00\" \/>\n<meta property=\"article:modified_time\" content=\"2023-09-01T19:13:30+00:00\" \/>\n<meta property=\"og:image\" content=\"https:\/\/www.manaus.am.gov.br\/semsa\/wp-content\/uploads\/sites\/8\/2023\/09\/Setembro-01_Pontos-Sabado-3.jpeg\" \/>\n\t<meta property=\"og:image:width\" content=\"1024\" \/>\n\t<meta property=\"og:image:height\" content=\"683\" \/>\n\t<meta property=\"og:image:type\" content=\"image\/jpeg\" \/>\n<meta name=\"author\" content=\"Bruna Greco\" \/>\n<meta name=\"twitter:card\" content=\"summary_large_image\" \/>\n<meta name=\"twitter:label1\" content=\"Written by\" \/>\n\t<meta name=\"twitter:data1\" content=\"Bruna Greco\" \/>\n\t<meta name=\"twitter:label2\" content=\"Est. reading time\" \/>\n\t<meta name=\"twitter:data2\" content=\"3 minutos\" \/>\n<script type=\"application\/ld+json\" class=\"yoast-schema-graph\">{\"@context\":\"https:\/\/schema.org\",\"@graph\":[{\"@type\":\"WebPage\",\"@id\":\"https:\/\/www.manaus.am.gov.br\/semsa\/prefeitura-oferta-vacina-contra-covid-19-em-nove-pontos-de-imunizacao-neste-sabado-2-9\/\",\"url\":\"https:\/\/www.manaus.am.gov.br\/semsa\/prefeitura-oferta-vacina-contra-covid-19-em-nove-pontos-de-imunizacao-neste-sabado-2-9\/\",\"name\":\"Prefeitura oferta vacina contra Covid-19 em nove pontos de imuniza\u00e7\u00e3o neste s\u00e1bado, 2\/9\",\"isPartOf\":{\"@id\":\"https:\/\/www.manaus.am.gov.br\/semsa\/#website\"},\"primaryImageOfPage\":{\"@id\":\"https:\/\/www.manaus.am.gov.br\/semsa\/prefeitura-oferta-vacina-contra-covid-19-em-nove-pontos-de-imunizacao-neste-sabado-2-9\/#primaryimage\"},\"image\":{\"@id\":\"https:\/\/www.manaus.am.gov.br\/semsa\/prefeitura-oferta-vacina-contra-covid-19-em-nove-pontos-de-imunizacao-neste-sabado-2-9\/#primaryimage\"},\"thumbnailUrl\":\"https:\/\/www.manaus.am.gov.br\/semsa\/wp-content\/uploads\/sites\/8\/2023\/09\/Setembro-01_Pontos-Sabado-3.jpeg\",\"datePublished\":\"2023-09-01T19:13:29+00:00\",\"dateModified\":\"2023-09-01T19:13:30+00:00\",\"author\":{\"@id\":\"https:\/\/www.manaus.am.gov.br\/semsa\/#\/schema\/person\/05d223aea2bf115f9883a6ff3683d81b\"},\"description\":\"A campanha de vacina\u00e7\u00e3o contra a Covid-19 prossegue na capital com a aplica\u00e7\u00e3o de doses em nove unidades de aten\u00e7\u00e3o b\u00e1sica \u00e0 sa\u00fade da Prefeitura de Manaus, neste s\u00e1bado, 2\/9.\",\"inLanguage\":\"pt-BR\",\"potentialAction\":[{\"@type\":\"ReadAction\",\"target\":[\"https:\/\/www.manaus.am.gov.br\/semsa\/prefeitura-oferta-vacina-contra-covid-19-em-nove-pontos-de-imunizacao-neste-sabado-2-9\/\"]}]},{\"@type\":\"ImageObject\",\"inLanguage\":\"pt-BR\",\"@id\":\"https:\/\/www.manaus.am.gov.br\/semsa\/prefeitura-oferta-vacina-contra-covid-19-em-nove-pontos-de-imunizacao-neste-sabado-2-9\/#primaryimage\",\"url\":\"https:\/\/www.manaus.am.gov.br\/semsa\/wp-content\/uploads\/sites\/8\/2023\/09\/Setembro-01_Pontos-Sabado-3.jpeg\",\"contentUrl\":\"https:\/\/www.manaus.am.gov.br\/semsa\/wp-content\/uploads\/sites\/8\/2023\/09\/Setembro-01_Pontos-Sabado-3.jpeg\",\"width\":1024,\"height\":683},{\"@type\":\"WebSite\",\"@id\":\"https:\/\/www.manaus.am.gov.br\/semsa\/#website\",\"url\":\"https:\/\/www.manaus.am.gov.br\/semsa\/\",\"name\":\"SEMSA\",\"description\":\"Secretaria Municipal de Sa\u00fade\",\"alternateName\":\"Secretaria Municipal de Sa\u00fade\",\"potentialAction\":[{\"@type\":\"SearchAction\",\"target\":{\"@type\":\"EntryPoint\",\"urlTemplate\":\"https:\/\/www.manaus.am.gov.br\/semsa\/?s={search_term_string}\"},\"query-input\":\"required name=search_term_string\"}],\"inLanguage\":\"pt-BR\"},{\"@type\":\"Person\",\"@id\":\"https:\/\/www.manaus.am.gov.br\/semsa\/#\/schema\/person\/05d223aea2bf115f9883a6ff3683d81b\",\"name\":\"Bruna Greco\",\"image\":{\"@type\":\"ImageObject\",\"inLanguage\":\"pt-BR\",\"@id\":\"https:\/\/www.manaus.am.gov.br\/semsa\/#\/schema\/person\/image\/\",\"url\":\"https:\/\/secure.gravatar.com\/avatar\/9c877d1a6adc2a055330e5c09a8653ce?s=96&d=mm&r=g\",\"contentUrl\":\"https:\/\/secure.gravatar.com\/avatar\/9c877d1a6adc2a055330e5c09a8653ce?s=96&d=mm&r=g\",\"caption\":\"Bruna Greco\"}}]}<\/script>\n<!-- \/ Yoast SEO plugin. -->","yoast_head_json":{"title":"Prefeitura oferta vacina contra Covid-19 em nove pontos de imuniza\u00e7\u00e3o neste s\u00e1bado, 2\/9","description":"A campanha de vacina\u00e7\u00e3o contra a Covid-19 prossegue na capital com a aplica\u00e7\u00e3o de doses em nove unidades de aten\u00e7\u00e3o b\u00e1sica \u00e0 sa\u00fade da Prefeitura de Manaus, neste s\u00e1bado, 2\/9.","robots":{"index":"index","follow":"follow","max-snippet":"max-snippet:-1","max-image-preview":"max-image-preview:large","max-video-preview":"max-video-preview:-1"},"canonical":"https:\/\/www.manaus.am.gov.br\/semsa\/prefeitura-oferta-vacina-contra-covid-19-em-nove-pontos-de-imunizacao-neste-sabado-2-9\/","og_locale":"pt_BR","og_type":"article","og_title":"Prefeitura oferta vacina contra Covid-19 em nove pontos de imuniza\u00e7\u00e3o neste s\u00e1bado, 2\/9","og_description":"A campanha de vacina\u00e7\u00e3o contra a Covid-19 prossegue na capital com a aplica\u00e7\u00e3o de doses em nove unidades de aten\u00e7\u00e3o b\u00e1sica \u00e0 sa\u00fade da Prefeitura de Manaus, neste s\u00e1bado, 2\/9.","og_url":"https:\/\/www.manaus.am.gov.br\/semsa\/prefeitura-oferta-vacina-contra-covid-19-em-nove-pontos-de-imunizacao-neste-sabado-2-9\/","og_site_name":"SEMSA","article_published_time":"2023-09-01T19:13:29+00:00","article_modified_time":"2023-09-01T19:13:30+00:00","og_image":[{"width":1024,"height":683,"url":"https:\/\/www.manaus.am.gov.br\/semsa\/wp-content\/uploads\/sites\/8\/2023\/09\/Setembro-01_Pontos-Sabado-3.jpeg","type":"image\/jpeg"}],"author":"Bruna Greco","twitter_card":"summary_large_image","twitter_misc":{"Written by":"Bruna Greco","Est. reading time":"3 minutos"},"schema":{"@context":"https:\/\/schema.org","@graph":[{"@type":"WebPage","@id":"https:\/\/www.manaus.am.gov.br\/semsa\/prefeitura-oferta-vacina-contra-covid-19-em-nove-pontos-de-imunizacao-neste-sabado-2-9\/","url":"https:\/\/www.manaus.am.gov.br\/semsa\/prefeitura-oferta-vacina-contra-covid-19-em-nove-pontos-de-imunizacao-neste-sabado-2-9\/","name":"Prefeitura oferta vacina contra Covid-19 em nove pontos de imuniza\u00e7\u00e3o neste s\u00e1bado, 2\/9","isPartOf":{"@id":"https:\/\/www.manaus.am.gov.br\/semsa\/#website"},"primaryImageOfPage":{"@id":"https:\/\/www.manaus.am.gov.br\/semsa\/prefeitura-oferta-vacina-contra-covid-19-em-nove-pontos-de-imunizacao-neste-sabado-2-9\/#primaryimage"},"image":{"@id":"https:\/\/www.manaus.am.gov.br\/semsa\/prefeitura-oferta-vacina-contra-covid-19-em-nove-pontos-de-imunizacao-neste-sabado-2-9\/#primaryimage"},"thumbnailUrl":"https:\/\/www.manaus.am.gov.br\/semsa\/wp-content\/uploads\/sites\/8\/2023\/09\/Setembro-01_Pontos-Sabado-3.jpeg","datePublished":"2023-09-01T19:13:29+00:00","dateModified":"2023-09-01T19:13:30+00:00","author":{"@id":"https:\/\/www.manaus.am.gov.br\/semsa\/#\/schema\/person\/05d223aea2bf115f9883a6ff3683d81b"},"description":"A campanha de vacina\u00e7\u00e3o contra a Covid-19 prossegue na capital com a aplica\u00e7\u00e3o de doses em nove unidades de aten\u00e7\u00e3o b\u00e1sica \u00e0 sa\u00fade da Prefeitura de Manaus, neste s\u00e1bado, 2\/9.","inLanguage":"pt-BR","potentialAction":[{"@type":"ReadAction","target":["https:\/\/www.manaus.am.gov.br\/semsa\/prefeitura-oferta-vacina-contra-covid-19-em-nove-pontos-de-imunizacao-neste-sabado-2-9\/"]}]},{"@type":"ImageObject","inLanguage":"pt-BR","@id":"https:\/\/www.manaus.am.gov.br\/semsa\/prefeitura-oferta-vacina-contra-covid-19-em-nove-pontos-de-imunizacao-neste-sabado-2-9\/#primaryimage","url":"https:\/\/www.manaus.am.gov.br\/semsa\/wp-content\/uploads\/sites\/8\/2023\/09\/Setembro-01_Pontos-Sabado-3.jpeg","contentUrl":"https:\/\/www.manaus.am.gov.br\/semsa\/wp-content\/uploads\/sites\/8\/2023\/09\/Setembro-01_Pontos-Sabado-3.jpeg","width":1024,"height":683},{"@type":"WebSite","@id":"https:\/\/www.manaus.am.gov.br\/semsa\/#website","url":"https:\/\/www.manaus.am.gov.br\/semsa\/","name":"SEMSA","description":"Secretaria Municipal de Sa\u00fade","alternateName":"Secretaria Municipal de Sa\u00fade","potentialAction":[{"@type":"SearchAction","target":{"@type":"EntryPoint","urlTemplate":"https:\/\/www.manaus.am.gov.br\/semsa\/?s={search_term_string}"},"query-input":"required name=search_term_string"}],"inLanguage":"pt-BR"},{"@type":"Person","@id":"https:\/\/www.manaus.am.gov.br\/semsa\/#\/schema\/person\/05d223aea2bf115f9883a6ff3683d81b","name":"Bruna Greco","image":{"@type":"ImageObject","inLanguage":"pt-BR","@id":"https:\/\/www.manaus.am.gov.br\/semsa\/#\/schema\/person\/image\/","url":"https:\/\/secure.gravatar.com\/avatar\/9c877d1a6adc2a055330e5c09a8653ce?s=96&d=mm&r=g","contentUrl":"https:\/\/secure.gravatar.com\/avatar\/9c877d1a6adc2a055330e5c09a8653ce?s=96&d=mm&r=g","caption":"Bruna Greco"}}]}},"_links":{"self":[{"href":"https:\/\/www.manaus.am.gov.br\/semsa\/wp-json\/wp\/v2\/posts\/212887"}],"collection":[{"href":"https:\/\/www.manaus.am.gov.br\/semsa\/wp-json\/wp\/v2\/posts"}],"about":[{"href":"https:\/\/www.manaus.am.gov.br\/semsa\/wp-json\/wp\/v2\/types\/post"}],"author":[{"embeddable":true,"href":"https:\/\/www.manaus.am.gov.br\/semsa\/wp-json\/wp\/v2\/users\/39"}],"replies":[{"embeddable":true,"href":"https:\/\/www.manaus.am.gov.br\/semsa\/wp-json\/wp\/v2\/comments?post=212887"}],"version-history":[{"count":0,"href":"https:\/\/www.manaus.am.gov.br\/semsa\/wp-json\/wp\/v2\/posts\/212887\/revisions"}],"wp:featuredmedia":[{"embeddable":true,"href":"https:\/\/www.manaus.am.gov.br\/semsa\/wp-json\/wp\/v2\/media\/212888"}],"wp:attachment":[{"href":"https:\/\/www.manaus.am.gov.br\/semsa\/wp-json\/wp\/v2\/media?parent=212887"}],"wp:term":[{"taxonomy":"category","embeddable":true,"href":"https:\/\/www.manaus.am.gov.br\/semsa\/wp-json\/wp\/v2\/categories?post=212887"},{"taxonomy":"post_tag","embeddable":true,"href":"https:\/\/www.manaus.am.gov.br\/semsa\/wp-json\/wp\/v2\/tags?post=212887"}],"curies":[{"name":"wp","href":"https:\/\/api.w.org\/{rel}","templated":true}]}}