{"id":212852,"date":"2023-08-27T10:09:24","date_gmt":"2023-08-27T14:09:24","guid":{"rendered":"https:\/\/www.manaus.am.gov.br\/semsa\/prefeitura-oferta-vacinacao-contra-covid-19-em-74-unidades-de-saude-nesta-semana\/"},"modified":"2023-08-27T10:09:26","modified_gmt":"2023-08-27T14:09:26","slug":"prefeitura-oferta-vacinacao-contra-covid-19-em-74-unidades-de-saude-nesta-semana","status":"publish","type":"post","link":"https:\/\/www.manaus.am.gov.br\/semsa\/prefeitura-oferta-vacinacao-contra-covid-19-em-74-unidades-de-saude-nesta-semana\/","title":{"rendered":"<strong>Prefeitura oferta vacina\u00e7\u00e3o contra Covid-19 em 74 unidades de sa\u00fade nesta semana<\/strong>"},"content":{"rendered":"\n<p>Setenta e quatro pontos de vacina\u00e7\u00e3o da Prefeitura de Manaus ofertam a aplica\u00e7\u00e3o de doses contra a Covid-19 na capital, de segunda-feira, 28\/8, at\u00e9 a sexta, 1\u00ba\/9, para as pessoas interessadas em iniciar ou atualizar o esquema vacinal contra a doen\u00e7a. As unidades de sa\u00fade s\u00e3o gerenciadas pela Secretaria Municipal de Sa\u00fade (Semsa), respons\u00e1vel pela campanha de imuniza\u00e7\u00e3o na capital, e est\u00e3o distribu\u00eddas em todas as zonas geogr\u00e1ficas da cidade.<\/p>\n\n\n\n<p>A titular da Semsa Manaus, Sh\u00e1dia Fraxe, informa que a vacina contra a Covid-19 \u00e9 indicada para todas as pessoas a partir dos 6 meses de idade, sendo ainda o melhor instrumento para diminuir os riscos de agravos decorrentes de infec\u00e7\u00e3o respirat\u00f3ria causada pelo coronav\u00edrus (Sars-CoV-2).<\/p>\n\n\n\n<p>\u201cQuem se vacina tem menos risco de desenvolver formas graves da Covid-19 e menos chances de precisar de interna\u00e7\u00e3o. Novos casos da doen\u00e7a continuam sendo registrados, por isso, \u00e9 importante que todos recebam as vacinas, que s\u00e3o eficazes e seguras\u201d, diz.<\/p>\n\n\n\n<p>A secret\u00e1ria ressalta que a rede municipal de sa\u00fade conta com nove unidades funcionando em hor\u00e1rio ampliado, das 8h \u00e0s 20h, como estrat\u00e9gia para facilitar o acesso de pessoas com pouca disponibilidade de tempo \u00e0 imuniza\u00e7\u00e3o. Os demais pontos da rede municipal ofertam atendimento no hor\u00e1rio regular, das 8h \u00e0s 17h.<\/p>\n\n\n\n<p>\u201cVoc\u00ea que est\u00e1 recebendo as primeiras doses do esquema inicial ou que j\u00e1 est\u00e1 no prazo para receber dose de refor\u00e7o, busque a unidade de sa\u00fade mais pr\u00f3xima levando seu documento de identidade com foto, CPF ou cart\u00e3o do SUS, e cart\u00e3o de vacina\u201d, recomenda Sh\u00e1dia, orientando ainda aos pais e respons\u00e1veis que levem seus beb\u00eas a partir de 6 meses at\u00e9 crian\u00e7as menores de 12 anos para receber a vacina, observando as doses e prazos indicados pelo Minist\u00e9rio da Sa\u00fade.<\/p>\n\n\n\n<p>A secret\u00e1ria informa que a lista dos estabelecimentos que ofertam a vacina\u00e7\u00e3o est\u00e1 dispon\u00edvel no site semsa.manaus.am.gov.br ou no link direto bit.ly\/localvacinacovid19, com hor\u00e1rios de funcionamento e endere\u00e7os. Os usu\u00e1rios podem ainda verificar sua situa\u00e7\u00e3o vacinal e saber qual dose devem tomar na plataforma online Imuniza Manaus, com acesso pelo endere\u00e7o imuniza.manaus.am.gov.br.<\/p>\n\n\n\n<p><strong>P\u00fablicos e vacinas<\/strong><\/p>\n\n\n\n<p>O esquema vacinal completo abrange o esquema prim\u00e1rio de 1\u00aa e 2\u00aa doses, mais dose de refor\u00e7o. Usu\u00e1rios com idade a partir de 12 anos podem buscar qualquer um dos 74 pontos de vacina\u00e7\u00e3o mantidos pela Prefeitura para receber as doses. J\u00e1 o atendimento ao p\u00fablico infantil acontece em unidades espec\u00edficas, das quais 14 s\u00e3o voltadas a beb\u00eas de 6 meses a 4 anos de idade, e 35 \u00e0s crian\u00e7as de 5 a 11 anos.<\/p>\n\n\n\n<p>A campanha nacional prev\u00ea o uso de vacinas monovalentes para pessoas que v\u00e3o iniciar ou completar o esquema prim\u00e1rio, e como dose de refor\u00e7o para adolescentes de 12 a 17 n\u00e3o integrantes de grupos priorit\u00e1rios. As bivalentes, que protegem contra duas vers\u00f5es do coronav\u00edrus, s\u00e3o indicadas como dose de refor\u00e7o para pessoas a partir de 18 anos e adolescentes de grupos com maior vulnerabilidade, riscos para complica\u00e7\u00e3o e \u00f3bito e maior exposi\u00e7\u00e3o.<\/p>\n\n\n\n<p>As vacinas monovalentes e bivalentes s\u00e3o igualmente eficazes e atuam do mesmo modo no organismo, estimulando o sistema imunol\u00f3gico a produzir anticorpos e c\u00e9lulas de defesa contra o v\u00edrus da Covid-19.<\/p>\n\n\n\n<p>A popula\u00e7\u00e3o pode buscar as redes sociais da Semsa Manaus, nos perfis @semsamanaus no Instagram e Semsa Manaus no Facebook, para obter mais informa\u00e7\u00f5es sobre a Campanha Municipal de Vacina\u00e7\u00e3o contra a Covid-19.<\/p>\n\n\n\n<p>&#8212;&#8211;<\/p>\n\n\n\n<p><strong>Texto &#8211;<\/strong> Jony Clay Borges \/ Semsa<\/p>\n\n\n\n<p><strong>Fotos &#8211;<\/strong> Divulga\u00e7\u00e3o \/ Semsa<\/p>\n","protected":false},"excerpt":{"rendered":"","protected":false},"author":52,"featured_media":212853,"comment_status":"closed","ping_status":"closed","sticky":false,"template":"","format":"standard","meta":{"footnotes":""},"categories":[5],"tags":[896,54,28,29],"acf":[],"yoast_head":"<!-- This site is optimized with the Yoast SEO plugin v23.0 - https:\/\/yoast.com\/wordpress\/plugins\/seo\/ -->\n<title>Prefeitura oferta vacina\u00e7\u00e3o contra Covid-19 em 74 unidades de sa\u00fade nesta semana<\/title>\n<meta name=\"description\" content=\"Setenta e quatro pontos de vacina\u00e7\u00e3o da Prefeitura de Manaus ofertam a aplica\u00e7\u00e3o de doses contra a Covid-19 na capital, de segunda-feira.\" \/>\n<meta name=\"robots\" content=\"index, follow, max-snippet:-1, max-image-preview:large, max-video-preview:-1\" \/>\n<link rel=\"canonical\" href=\"https:\/\/www.manaus.am.gov.br\/semsa\/prefeitura-oferta-vacinacao-contra-covid-19-em-74-unidades-de-saude-nesta-semana\/\" \/>\n<meta property=\"og:locale\" content=\"pt_BR\" \/>\n<meta property=\"og:type\" content=\"article\" \/>\n<meta property=\"og:title\" content=\"Prefeitura oferta vacina\u00e7\u00e3o contra Covid-19 em 74 unidades de sa\u00fade nesta semana\" \/>\n<meta property=\"og:description\" content=\"Setenta e quatro pontos de vacina\u00e7\u00e3o da Prefeitura de Manaus ofertam a aplica\u00e7\u00e3o de doses contra a Covid-19 na capital, de segunda-feira.\" \/>\n<meta property=\"og:url\" content=\"https:\/\/www.manaus.am.gov.br\/semsa\/prefeitura-oferta-vacinacao-contra-covid-19-em-74-unidades-de-saude-nesta-semana\/\" \/>\n<meta property=\"og:site_name\" content=\"SEMSA\" \/>\n<meta property=\"article:published_time\" content=\"2023-08-27T14:09:24+00:00\" \/>\n<meta property=\"article:modified_time\" content=\"2023-08-27T14:09:26+00:00\" \/>\n<meta property=\"og:image\" content=\"https:\/\/www.manaus.am.gov.br\/semsa\/wp-content\/uploads\/sites\/8\/2023\/08\/Agosto-27_Pontos-Semana-1.jpg\" \/>\n\t<meta property=\"og:image:width\" content=\"3000\" \/>\n\t<meta property=\"og:image:height\" content=\"2000\" \/>\n\t<meta property=\"og:image:type\" content=\"image\/jpeg\" \/>\n<meta name=\"author\" content=\"csilveira\" \/>\n<meta name=\"twitter:card\" content=\"summary_large_image\" \/>\n<meta name=\"twitter:label1\" content=\"Written by\" \/>\n\t<meta name=\"twitter:data1\" content=\"csilveira\" \/>\n\t<meta name=\"twitter:label2\" content=\"Est. reading time\" \/>\n\t<meta name=\"twitter:data2\" content=\"4 minutos\" \/>\n<script type=\"application\/ld+json\" class=\"yoast-schema-graph\">{\"@context\":\"https:\/\/schema.org\",\"@graph\":[{\"@type\":\"WebPage\",\"@id\":\"https:\/\/www.manaus.am.gov.br\/semsa\/prefeitura-oferta-vacinacao-contra-covid-19-em-74-unidades-de-saude-nesta-semana\/\",\"url\":\"https:\/\/www.manaus.am.gov.br\/semsa\/prefeitura-oferta-vacinacao-contra-covid-19-em-74-unidades-de-saude-nesta-semana\/\",\"name\":\"Prefeitura oferta vacina\u00e7\u00e3o contra Covid-19 em 74 unidades de sa\u00fade nesta semana\",\"isPartOf\":{\"@id\":\"https:\/\/www.manaus.am.gov.br\/semsa\/#website\"},\"primaryImageOfPage\":{\"@id\":\"https:\/\/www.manaus.am.gov.br\/semsa\/prefeitura-oferta-vacinacao-contra-covid-19-em-74-unidades-de-saude-nesta-semana\/#primaryimage\"},\"image\":{\"@id\":\"https:\/\/www.manaus.am.gov.br\/semsa\/prefeitura-oferta-vacinacao-contra-covid-19-em-74-unidades-de-saude-nesta-semana\/#primaryimage\"},\"thumbnailUrl\":\"https:\/\/www.manaus.am.gov.br\/semsa\/wp-content\/uploads\/sites\/8\/2023\/08\/Agosto-27_Pontos-Semana-1.jpg\",\"datePublished\":\"2023-08-27T14:09:24+00:00\",\"dateModified\":\"2023-08-27T14:09:26+00:00\",\"author\":{\"@id\":\"https:\/\/www.manaus.am.gov.br\/semsa\/#\/schema\/person\/bfafc779be2e19b3d3ef4a59d418b606\"},\"description\":\"Setenta e quatro pontos de vacina\u00e7\u00e3o da Prefeitura de Manaus ofertam a aplica\u00e7\u00e3o de doses contra a Covid-19 na capital, de segunda-feira.\",\"inLanguage\":\"pt-BR\",\"potentialAction\":[{\"@type\":\"ReadAction\",\"target\":[\"https:\/\/www.manaus.am.gov.br\/semsa\/prefeitura-oferta-vacinacao-contra-covid-19-em-74-unidades-de-saude-nesta-semana\/\"]}]},{\"@type\":\"ImageObject\",\"inLanguage\":\"pt-BR\",\"@id\":\"https:\/\/www.manaus.am.gov.br\/semsa\/prefeitura-oferta-vacinacao-contra-covid-19-em-74-unidades-de-saude-nesta-semana\/#primaryimage\",\"url\":\"https:\/\/www.manaus.am.gov.br\/semsa\/wp-content\/uploads\/sites\/8\/2023\/08\/Agosto-27_Pontos-Semana-1.jpg\",\"contentUrl\":\"https:\/\/www.manaus.am.gov.br\/semsa\/wp-content\/uploads\/sites\/8\/2023\/08\/Agosto-27_Pontos-Semana-1.jpg\",\"width\":3000,\"height\":2000},{\"@type\":\"WebSite\",\"@id\":\"https:\/\/www.manaus.am.gov.br\/semsa\/#website\",\"url\":\"https:\/\/www.manaus.am.gov.br\/semsa\/\",\"name\":\"SEMSA\",\"description\":\"Secretaria Municipal de Sa\u00fade\",\"alternateName\":\"Secretaria Municipal de Sa\u00fade\",\"potentialAction\":[{\"@type\":\"SearchAction\",\"target\":{\"@type\":\"EntryPoint\",\"urlTemplate\":\"https:\/\/www.manaus.am.gov.br\/semsa\/?s={search_term_string}\"},\"query-input\":\"required name=search_term_string\"}],\"inLanguage\":\"pt-BR\"},{\"@type\":\"Person\",\"@id\":\"https:\/\/www.manaus.am.gov.br\/semsa\/#\/schema\/person\/bfafc779be2e19b3d3ef4a59d418b606\",\"name\":\"csilveira\",\"image\":{\"@type\":\"ImageObject\",\"inLanguage\":\"pt-BR\",\"@id\":\"https:\/\/www.manaus.am.gov.br\/semsa\/#\/schema\/person\/image\/\",\"url\":\"https:\/\/secure.gravatar.com\/avatar\/9c2e2f00138fcd35401c748bd030d3b5?s=96&d=mm&r=g\",\"contentUrl\":\"https:\/\/secure.gravatar.com\/avatar\/9c2e2f00138fcd35401c748bd030d3b5?s=96&d=mm&r=g\",\"caption\":\"csilveira\"}}]}<\/script>\n<!-- \/ Yoast SEO plugin. -->","yoast_head_json":{"title":"Prefeitura oferta vacina\u00e7\u00e3o contra Covid-19 em 74 unidades de sa\u00fade nesta semana","description":"Setenta e quatro pontos de vacina\u00e7\u00e3o da Prefeitura de Manaus ofertam a aplica\u00e7\u00e3o de doses contra a Covid-19 na capital, de segunda-feira.","robots":{"index":"index","follow":"follow","max-snippet":"max-snippet:-1","max-image-preview":"max-image-preview:large","max-video-preview":"max-video-preview:-1"},"canonical":"https:\/\/www.manaus.am.gov.br\/semsa\/prefeitura-oferta-vacinacao-contra-covid-19-em-74-unidades-de-saude-nesta-semana\/","og_locale":"pt_BR","og_type":"article","og_title":"Prefeitura oferta vacina\u00e7\u00e3o contra Covid-19 em 74 unidades de sa\u00fade nesta semana","og_description":"Setenta e quatro pontos de vacina\u00e7\u00e3o da Prefeitura de Manaus ofertam a aplica\u00e7\u00e3o de doses contra a Covid-19 na capital, de segunda-feira.","og_url":"https:\/\/www.manaus.am.gov.br\/semsa\/prefeitura-oferta-vacinacao-contra-covid-19-em-74-unidades-de-saude-nesta-semana\/","og_site_name":"SEMSA","article_published_time":"2023-08-27T14:09:24+00:00","article_modified_time":"2023-08-27T14:09:26+00:00","og_image":[{"width":3000,"height":2000,"url":"https:\/\/www.manaus.am.gov.br\/semsa\/wp-content\/uploads\/sites\/8\/2023\/08\/Agosto-27_Pontos-Semana-1.jpg","type":"image\/jpeg"}],"author":"csilveira","twitter_card":"summary_large_image","twitter_misc":{"Written by":"csilveira","Est. reading time":"4 minutos"},"schema":{"@context":"https:\/\/schema.org","@graph":[{"@type":"WebPage","@id":"https:\/\/www.manaus.am.gov.br\/semsa\/prefeitura-oferta-vacinacao-contra-covid-19-em-74-unidades-de-saude-nesta-semana\/","url":"https:\/\/www.manaus.am.gov.br\/semsa\/prefeitura-oferta-vacinacao-contra-covid-19-em-74-unidades-de-saude-nesta-semana\/","name":"Prefeitura oferta vacina\u00e7\u00e3o contra Covid-19 em 74 unidades de sa\u00fade nesta semana","isPartOf":{"@id":"https:\/\/www.manaus.am.gov.br\/semsa\/#website"},"primaryImageOfPage":{"@id":"https:\/\/www.manaus.am.gov.br\/semsa\/prefeitura-oferta-vacinacao-contra-covid-19-em-74-unidades-de-saude-nesta-semana\/#primaryimage"},"image":{"@id":"https:\/\/www.manaus.am.gov.br\/semsa\/prefeitura-oferta-vacinacao-contra-covid-19-em-74-unidades-de-saude-nesta-semana\/#primaryimage"},"thumbnailUrl":"https:\/\/www.manaus.am.gov.br\/semsa\/wp-content\/uploads\/sites\/8\/2023\/08\/Agosto-27_Pontos-Semana-1.jpg","datePublished":"2023-08-27T14:09:24+00:00","dateModified":"2023-08-27T14:09:26+00:00","author":{"@id":"https:\/\/www.manaus.am.gov.br\/semsa\/#\/schema\/person\/bfafc779be2e19b3d3ef4a59d418b606"},"description":"Setenta e quatro pontos de vacina\u00e7\u00e3o da Prefeitura de Manaus ofertam a aplica\u00e7\u00e3o de doses contra a Covid-19 na capital, de segunda-feira.","inLanguage":"pt-BR","potentialAction":[{"@type":"ReadAction","target":["https:\/\/www.manaus.am.gov.br\/semsa\/prefeitura-oferta-vacinacao-contra-covid-19-em-74-unidades-de-saude-nesta-semana\/"]}]},{"@type":"ImageObject","inLanguage":"pt-BR","@id":"https:\/\/www.manaus.am.gov.br\/semsa\/prefeitura-oferta-vacinacao-contra-covid-19-em-74-unidades-de-saude-nesta-semana\/#primaryimage","url":"https:\/\/www.manaus.am.gov.br\/semsa\/wp-content\/uploads\/sites\/8\/2023\/08\/Agosto-27_Pontos-Semana-1.jpg","contentUrl":"https:\/\/www.manaus.am.gov.br\/semsa\/wp-content\/uploads\/sites\/8\/2023\/08\/Agosto-27_Pontos-Semana-1.jpg","width":3000,"height":2000},{"@type":"WebSite","@id":"https:\/\/www.manaus.am.gov.br\/semsa\/#website","url":"https:\/\/www.manaus.am.gov.br\/semsa\/","name":"SEMSA","description":"Secretaria Municipal de Sa\u00fade","alternateName":"Secretaria Municipal de Sa\u00fade","potentialAction":[{"@type":"SearchAction","target":{"@type":"EntryPoint","urlTemplate":"https:\/\/www.manaus.am.gov.br\/semsa\/?s={search_term_string}"},"query-input":"required name=search_term_string"}],"inLanguage":"pt-BR"},{"@type":"Person","@id":"https:\/\/www.manaus.am.gov.br\/semsa\/#\/schema\/person\/bfafc779be2e19b3d3ef4a59d418b606","name":"csilveira","image":{"@type":"ImageObject","inLanguage":"pt-BR","@id":"https:\/\/www.manaus.am.gov.br\/semsa\/#\/schema\/person\/image\/","url":"https:\/\/secure.gravatar.com\/avatar\/9c2e2f00138fcd35401c748bd030d3b5?s=96&d=mm&r=g","contentUrl":"https:\/\/secure.gravatar.com\/avatar\/9c2e2f00138fcd35401c748bd030d3b5?s=96&d=mm&r=g","caption":"csilveira"}}]}},"_links":{"self":[{"href":"https:\/\/www.manaus.am.gov.br\/semsa\/wp-json\/wp\/v2\/posts\/212852"}],"collection":[{"href":"https:\/\/www.manaus.am.gov.br\/semsa\/wp-json\/wp\/v2\/posts"}],"about":[{"href":"https:\/\/www.manaus.am.gov.br\/semsa\/wp-json\/wp\/v2\/types\/post"}],"author":[{"embeddable":true,"href":"https:\/\/www.manaus.am.gov.br\/semsa\/wp-json\/wp\/v2\/users\/52"}],"replies":[{"embeddable":true,"href":"https:\/\/www.manaus.am.gov.br\/semsa\/wp-json\/wp\/v2\/comments?post=212852"}],"version-history":[{"count":0,"href":"https:\/\/www.manaus.am.gov.br\/semsa\/wp-json\/wp\/v2\/posts\/212852\/revisions"}],"wp:featuredmedia":[{"embeddable":true,"href":"https:\/\/www.manaus.am.gov.br\/semsa\/wp-json\/wp\/v2\/media\/212853"}],"wp:attachment":[{"href":"https:\/\/www.manaus.am.gov.br\/semsa\/wp-json\/wp\/v2\/media?parent=212852"}],"wp:term":[{"taxonomy":"category","embeddable":true,"href":"https:\/\/www.manaus.am.gov.br\/semsa\/wp-json\/wp\/v2\/categories?post=212852"},{"taxonomy":"post_tag","embeddable":true,"href":"https:\/\/www.manaus.am.gov.br\/semsa\/wp-json\/wp\/v2\/tags?post=212852"}],"curies":[{"name":"wp","href":"https:\/\/api.w.org\/{rel}","templated":true}]}}