{"id":212850,"date":"2023-08-26T16:13:43","date_gmt":"2023-08-26T20:13:43","guid":{"rendered":"https:\/\/www.manaus.am.gov.br\/semsa\/prefeitura-e-hospital-adventista-promovem-acao-de-saude-para-gestantes-e-maes-no-parque-das-tribos\/"},"modified":"2023-08-26T16:13:44","modified_gmt":"2023-08-26T20:13:44","slug":"prefeitura-e-hospital-adventista-promovem-acao-de-saude-para-gestantes-e-maes-no-parque-das-tribos","status":"publish","type":"post","link":"https:\/\/www.manaus.am.gov.br\/semsa\/prefeitura-e-hospital-adventista-promovem-acao-de-saude-para-gestantes-e-maes-no-parque-das-tribos\/","title":{"rendered":"<strong>Prefeitura e Hospital Adventista promovem a\u00e7\u00e3o de sa\u00fade para gestantes e m\u00e3es no Parque das Tribos<\/strong>"},"content":{"rendered":"\n<p>A Prefeitura de Manaus, por meio da Secretaria Municipal de Sa\u00fade (Semsa), em parceria com o Hospital Adventista de Manaus, promoveu, na manh\u00e3 deste s\u00e1bado, 26\/8, uma a\u00e7\u00e3o de sa\u00fade e social voltada para gestantes e pu\u00e9rperas da comunidade ind\u00edgena Parque das Tribos, no bairro Tarum\u00e3-A\u00e7u, zona Oeste. A programa\u00e7\u00e3o fez parte do projeto \u201cQuebrando o Sil\u00eancio\u201d, da Igreja Adventista do S\u00e9timo Dia, e do \u201cAgosto Lil\u00e1s\u201d, m\u00eas de sensibiliza\u00e7\u00e3o sobre a viol\u00eancia contra a mulher.<\/p>\n\n\n\n<p>Para a a\u00e7\u00e3o, a Semsa deslocou at\u00e9 a comunidade uma Unidade M\u00f3vel de Sa\u00fade, onde foram realizados exames de ultrassonografia de gestantes e m\u00e3es em fase puerperal (at\u00e9 45 dias ap\u00f3s o parto) encaminhadas pelo ginecologista. Equipes da secretaria atuaram, ainda, no suporte t\u00e9cnico-organizacional e no referenciamento de pacientes atendidos na a\u00e7\u00e3o para uma unidade b\u00e1sica do Distrito de Sa\u00fade Oeste.<\/p>\n\n\n\n<p>Na Maloca dos Povos Ind\u00edgenas, foram ofertadas consultas com profissionais de ginecologia, endocrinologia, ortopedia, cardiologia, pediatria, nutri\u00e7\u00e3o, enfermagem, odontologia e cl\u00ednica geral do Hospital Adventista, al\u00e9m de servi\u00e7os b\u00e1sicos de sa\u00fade e exames laboratoriais. Atendimentos psicol\u00f3gicos e jur\u00eddicos, e rodas de conversa sobre viol\u00eancia obst\u00e9trica e sa\u00fade mental, tamb\u00e9m integraram a agenda.<\/p>\n\n\n\n<p>A enfermeira t\u00e9cnica da Divis\u00e3o de Aten\u00e7\u00e3o \u00e0 Sa\u00fade da Mulher da Semsa, Vera Hoshiba, assinalou que a a\u00e7\u00e3o em parceria com o Hospital Adventista buscou contribuir para a sensibiliza\u00e7\u00e3o da comunidade acerca da viol\u00eancia obst\u00e9trica, caracterizada por abusos e maus-tratos contra a mulher no per\u00edodo do pr\u00e9-natal ao puerp\u00e9rio.<\/p>\n\n\n\n<p>\u201cEstamos fortalecendo e conscientizando a mulher sobre essa tem\u00e1tica para que ela possa ter uma experi\u00eancia exitosa no parto, al\u00e9m de evitar problemas, como a depress\u00e3o. Nosso compromisso \u00e9 apoiar a mulher nesse momento t\u00e3o importante e sens\u00edvel da vida dela\u201d, pontuou.<\/p>\n\n\n\n<p><strong>Sensibiliza\u00e7\u00e3o e apoio<\/strong><\/p>\n\n\n\n<p>O coordenador de Ensino e Pesquisa e capel\u00e3o do Hospital Adventista de Manaus, Luiz Rocha, informou que o projeto \u201cQuebrando o Sil\u00eancio\u201d \u00e9 realizado, anualmente, com o objetivo de sensibilizar a comunidade para o problema da viol\u00eancia em suas diversas formas, como o abuso sexual ou a viol\u00eancia dom\u00e9stica.<\/p>\n\n\n\n<p>\u201cNeste ano, o hospital decidiu apoiar o projeto, tendo como foco a viol\u00eancia obst\u00e9trica, trazendo para o Parque das Tribos uma s\u00e9rie de atendimentos, m\u00e9dicos, psicol\u00f3gicos, jur\u00eddicos e odontol\u00f3gicos. Nosso p\u00fablico-alvo s\u00e3o gestantes, mas atendemos tamb\u00e9m crian\u00e7as, idosos e familiares dessas mulheres\u201d, ressaltou.<\/p>\n\n\n\n<p>Com quatro meses de gesta\u00e7\u00e3o, a auxiliar de servi\u00e7os gerais, Cristiane Silva, contou que trabalha de segunda a sexta-feira, e aproveitou para se consultar com o ginecologista e ainda teve a oportunidade de fazer um exame de ultrassonografia. \u201cTamb\u00e9m consegui uma consulta para o meu filho com o pediatra, que eu j\u00e1 vinha tentando agendar, mas n\u00e3o conseguia por conta do trabalho\u201d.<\/p>\n\n\n\n<p>Cristiane participou tamb\u00e9m da roda de conversa sobre viol\u00eancia obst\u00e9trica e destacou a import\u00e2ncia das informa\u00e7\u00f5es e orienta\u00e7\u00f5es recebidas na atividade. \u201cO palestrante falou sobre o momento do parto e apontou coisas que eu achava antes serem normais, n\u00e3o sabia que eram viol\u00eancia obst\u00e9trica. Foi uma a\u00e7\u00e3o muito importante, e \u00f3tima tamb\u00e9m para a comunidade\u201d.<\/p>\n\n\n\n<p>&#8212; &#8212; &#8212;<\/p>\n\n\n\n<p><strong>Texto<\/strong>&nbsp;&#8211; Jony Clay Borges \/ Semsa<\/p>\n\n\n\n<p><strong>Fotos<\/strong>&nbsp;&#8211; Artur Barbosa \/ Semsa<\/p>\n\n\n\n<p><strong>Dispon\u00edveis em<\/strong>&nbsp;&#8211;&nbsp;<a href=\"https:\/\/flic.kr\/s\/aHBqjASqSp\" target=\"_blank\" rel=\"noreferrer noopener\">https:\/\/flic.kr\/s\/aHBqjASqSp<\/a><\/p>\n","protected":false},"excerpt":{"rendered":"","protected":false},"author":23,"featured_media":212851,"comment_status":"closed","ping_status":"closed","sticky":false,"template":"","format":"standard","meta":{"footnotes":""},"categories":[155],"tags":[229,1543,184,1544,1545,254,54,28],"acf":[],"yoast_head":"<!-- This site is optimized with the Yoast SEO plugin v23.0 - https:\/\/yoast.com\/wordpress\/plugins\/seo\/ -->\n<title>Prefeitura e Hospital Adventista promovem a\u00e7\u00e3o de sa\u00fade para gestantes e m\u00e3es no Parque das Tribos<\/title>\n<meta name=\"description\" content=\"A Prefeitura de Manaus, por meio da Secretaria Municipal de Sa\u00fade (Semsa), em parceria com o Hospital Adventista de Manaus, promoveu, na manh\u00e3 deste s\u00e1bado, 26\/8, uma a\u00e7\u00e3o de sa\u00fade e social voltada para gestantes e pu\u00e9rperas da comunidade ind\u00edgena Parque das Tribos, no bairro Tarum\u00e3-A\u00e7u, zona Oeste. A programa\u00e7\u00e3o fez parte do projeto \u201cQuebrando o Sil\u00eancio\u201d, da Igreja Adventista do S\u00e9timo Dia, e do \u201cAgosto Lil\u00e1s\u201d, m\u00eas de sensibiliza\u00e7\u00e3o sobre a viol\u00eancia contra a mulher.\" \/>\n<meta name=\"robots\" content=\"index, follow, max-snippet:-1, max-image-preview:large, max-video-preview:-1\" \/>\n<link rel=\"canonical\" href=\"https:\/\/www.manaus.am.gov.br\/semsa\/prefeitura-e-hospital-adventista-promovem-acao-de-saude-para-gestantes-e-maes-no-parque-das-tribos\/\" \/>\n<meta property=\"og:locale\" content=\"pt_BR\" \/>\n<meta property=\"og:type\" content=\"article\" \/>\n<meta property=\"og:title\" content=\"Prefeitura e Hospital Adventista promovem a\u00e7\u00e3o de sa\u00fade para gestantes e m\u00e3es no Parque das Tribos\" \/>\n<meta property=\"og:description\" content=\"A Prefeitura de Manaus, por meio da Secretaria Municipal de Sa\u00fade (Semsa), em parceria com o Hospital Adventista de Manaus, promoveu, na manh\u00e3 deste s\u00e1bado, 26\/8, uma a\u00e7\u00e3o de sa\u00fade e social voltada para gestantes e pu\u00e9rperas da comunidade ind\u00edgena Parque das Tribos, no bairro Tarum\u00e3-A\u00e7u, zona Oeste. A programa\u00e7\u00e3o fez parte do projeto \u201cQuebrando o Sil\u00eancio\u201d, da Igreja Adventista do S\u00e9timo Dia, e do \u201cAgosto Lil\u00e1s\u201d, m\u00eas de sensibiliza\u00e7\u00e3o sobre a viol\u00eancia contra a mulher.\" \/>\n<meta property=\"og:url\" content=\"https:\/\/www.manaus.am.gov.br\/semsa\/prefeitura-e-hospital-adventista-promovem-acao-de-saude-para-gestantes-e-maes-no-parque-das-tribos\/\" \/>\n<meta property=\"og:site_name\" content=\"SEMSA\" \/>\n<meta property=\"article:published_time\" content=\"2023-08-26T20:13:43+00:00\" \/>\n<meta property=\"article:modified_time\" content=\"2023-08-26T20:13:44+00:00\" \/>\n<meta property=\"og:image\" content=\"https:\/\/www.manaus.am.gov.br\/semsa\/wp-content\/uploads\/sites\/8\/2023\/08\/53142472237_3c22da7e99_c.jpg\" \/>\n\t<meta property=\"og:image:width\" content=\"799\" \/>\n\t<meta property=\"og:image:height\" content=\"533\" \/>\n\t<meta property=\"og:image:type\" content=\"image\/jpeg\" \/>\n<meta name=\"author\" content=\"Adriana Costa\" \/>\n<meta name=\"twitter:card\" content=\"summary_large_image\" \/>\n<meta name=\"twitter:label1\" content=\"Written by\" \/>\n\t<meta name=\"twitter:data1\" content=\"Adriana Costa\" \/>\n\t<meta name=\"twitter:label2\" content=\"Est. reading time\" \/>\n\t<meta name=\"twitter:data2\" content=\"3 minutos\" \/>\n<script type=\"application\/ld+json\" class=\"yoast-schema-graph\">{\"@context\":\"https:\/\/schema.org\",\"@graph\":[{\"@type\":\"WebPage\",\"@id\":\"https:\/\/www.manaus.am.gov.br\/semsa\/prefeitura-e-hospital-adventista-promovem-acao-de-saude-para-gestantes-e-maes-no-parque-das-tribos\/\",\"url\":\"https:\/\/www.manaus.am.gov.br\/semsa\/prefeitura-e-hospital-adventista-promovem-acao-de-saude-para-gestantes-e-maes-no-parque-das-tribos\/\",\"name\":\"Prefeitura e Hospital Adventista promovem a\u00e7\u00e3o de sa\u00fade para gestantes e m\u00e3es no Parque das Tribos\",\"isPartOf\":{\"@id\":\"https:\/\/www.manaus.am.gov.br\/semsa\/#website\"},\"primaryImageOfPage\":{\"@id\":\"https:\/\/www.manaus.am.gov.br\/semsa\/prefeitura-e-hospital-adventista-promovem-acao-de-saude-para-gestantes-e-maes-no-parque-das-tribos\/#primaryimage\"},\"image\":{\"@id\":\"https:\/\/www.manaus.am.gov.br\/semsa\/prefeitura-e-hospital-adventista-promovem-acao-de-saude-para-gestantes-e-maes-no-parque-das-tribos\/#primaryimage\"},\"thumbnailUrl\":\"https:\/\/www.manaus.am.gov.br\/semsa\/wp-content\/uploads\/sites\/8\/2023\/08\/53142472237_3c22da7e99_c.jpg\",\"datePublished\":\"2023-08-26T20:13:43+00:00\",\"dateModified\":\"2023-08-26T20:13:44+00:00\",\"author\":{\"@id\":\"https:\/\/www.manaus.am.gov.br\/semsa\/#\/schema\/person\/4e49f4e267757a06ca072ec61b2b9968\"},\"description\":\"A Prefeitura de Manaus, por meio da Secretaria Municipal de Sa\u00fade (Semsa), em parceria com o Hospital Adventista de Manaus, promoveu, na manh\u00e3 deste s\u00e1bado, 26\/8, uma a\u00e7\u00e3o de sa\u00fade e social voltada para gestantes e pu\u00e9rperas da comunidade ind\u00edgena Parque das Tribos, no bairro Tarum\u00e3-A\u00e7u, zona Oeste. A programa\u00e7\u00e3o fez parte do projeto \u201cQuebrando o Sil\u00eancio\u201d, da Igreja Adventista do S\u00e9timo Dia, e do \u201cAgosto Lil\u00e1s\u201d, m\u00eas de sensibiliza\u00e7\u00e3o sobre a viol\u00eancia contra a mulher.\",\"inLanguage\":\"pt-BR\",\"potentialAction\":[{\"@type\":\"ReadAction\",\"target\":[\"https:\/\/www.manaus.am.gov.br\/semsa\/prefeitura-e-hospital-adventista-promovem-acao-de-saude-para-gestantes-e-maes-no-parque-das-tribos\/\"]}]},{\"@type\":\"ImageObject\",\"inLanguage\":\"pt-BR\",\"@id\":\"https:\/\/www.manaus.am.gov.br\/semsa\/prefeitura-e-hospital-adventista-promovem-acao-de-saude-para-gestantes-e-maes-no-parque-das-tribos\/#primaryimage\",\"url\":\"https:\/\/www.manaus.am.gov.br\/semsa\/wp-content\/uploads\/sites\/8\/2023\/08\/53142472237_3c22da7e99_c.jpg\",\"contentUrl\":\"https:\/\/www.manaus.am.gov.br\/semsa\/wp-content\/uploads\/sites\/8\/2023\/08\/53142472237_3c22da7e99_c.jpg\",\"width\":799,\"height\":533},{\"@type\":\"WebSite\",\"@id\":\"https:\/\/www.manaus.am.gov.br\/semsa\/#website\",\"url\":\"https:\/\/www.manaus.am.gov.br\/semsa\/\",\"name\":\"SEMSA\",\"description\":\"Secretaria Municipal de Sa\u00fade\",\"alternateName\":\"Secretaria Municipal de Sa\u00fade\",\"potentialAction\":[{\"@type\":\"SearchAction\",\"target\":{\"@type\":\"EntryPoint\",\"urlTemplate\":\"https:\/\/www.manaus.am.gov.br\/semsa\/?s={search_term_string}\"},\"query-input\":\"required name=search_term_string\"}],\"inLanguage\":\"pt-BR\"},{\"@type\":\"Person\",\"@id\":\"https:\/\/www.manaus.am.gov.br\/semsa\/#\/schema\/person\/4e49f4e267757a06ca072ec61b2b9968\",\"name\":\"Adriana Costa\",\"image\":{\"@type\":\"ImageObject\",\"inLanguage\":\"pt-BR\",\"@id\":\"https:\/\/www.manaus.am.gov.br\/semsa\/#\/schema\/person\/image\/\",\"url\":\"https:\/\/secure.gravatar.com\/avatar\/576258617ef7194f718179e766d57bd4?s=96&d=mm&r=g\",\"contentUrl\":\"https:\/\/secure.gravatar.com\/avatar\/576258617ef7194f718179e766d57bd4?s=96&d=mm&r=g\",\"caption\":\"Adriana Costa\"}}]}<\/script>\n<!-- \/ Yoast SEO plugin. -->","yoast_head_json":{"title":"Prefeitura e Hospital Adventista promovem a\u00e7\u00e3o de sa\u00fade para gestantes e m\u00e3es no Parque das Tribos","description":"A Prefeitura de Manaus, por meio da Secretaria Municipal de Sa\u00fade (Semsa), em parceria com o Hospital Adventista de Manaus, promoveu, na manh\u00e3 deste s\u00e1bado, 26\/8, uma a\u00e7\u00e3o de sa\u00fade e social voltada para gestantes e pu\u00e9rperas da comunidade ind\u00edgena Parque das Tribos, no bairro Tarum\u00e3-A\u00e7u, zona Oeste. A programa\u00e7\u00e3o fez parte do projeto \u201cQuebrando o Sil\u00eancio\u201d, da Igreja Adventista do S\u00e9timo Dia, e do \u201cAgosto Lil\u00e1s\u201d, m\u00eas de sensibiliza\u00e7\u00e3o sobre a viol\u00eancia contra a mulher.","robots":{"index":"index","follow":"follow","max-snippet":"max-snippet:-1","max-image-preview":"max-image-preview:large","max-video-preview":"max-video-preview:-1"},"canonical":"https:\/\/www.manaus.am.gov.br\/semsa\/prefeitura-e-hospital-adventista-promovem-acao-de-saude-para-gestantes-e-maes-no-parque-das-tribos\/","og_locale":"pt_BR","og_type":"article","og_title":"Prefeitura e Hospital Adventista promovem a\u00e7\u00e3o de sa\u00fade para gestantes e m\u00e3es no Parque das Tribos","og_description":"A Prefeitura de Manaus, por meio da Secretaria Municipal de Sa\u00fade (Semsa), em parceria com o Hospital Adventista de Manaus, promoveu, na manh\u00e3 deste s\u00e1bado, 26\/8, uma a\u00e7\u00e3o de sa\u00fade e social voltada para gestantes e pu\u00e9rperas da comunidade ind\u00edgena Parque das Tribos, no bairro Tarum\u00e3-A\u00e7u, zona Oeste. A programa\u00e7\u00e3o fez parte do projeto \u201cQuebrando o Sil\u00eancio\u201d, da Igreja Adventista do S\u00e9timo Dia, e do \u201cAgosto Lil\u00e1s\u201d, m\u00eas de sensibiliza\u00e7\u00e3o sobre a viol\u00eancia contra a mulher.","og_url":"https:\/\/www.manaus.am.gov.br\/semsa\/prefeitura-e-hospital-adventista-promovem-acao-de-saude-para-gestantes-e-maes-no-parque-das-tribos\/","og_site_name":"SEMSA","article_published_time":"2023-08-26T20:13:43+00:00","article_modified_time":"2023-08-26T20:13:44+00:00","og_image":[{"width":799,"height":533,"url":"https:\/\/www.manaus.am.gov.br\/semsa\/wp-content\/uploads\/sites\/8\/2023\/08\/53142472237_3c22da7e99_c.jpg","type":"image\/jpeg"}],"author":"Adriana Costa","twitter_card":"summary_large_image","twitter_misc":{"Written by":"Adriana Costa","Est. reading time":"3 minutos"},"schema":{"@context":"https:\/\/schema.org","@graph":[{"@type":"WebPage","@id":"https:\/\/www.manaus.am.gov.br\/semsa\/prefeitura-e-hospital-adventista-promovem-acao-de-saude-para-gestantes-e-maes-no-parque-das-tribos\/","url":"https:\/\/www.manaus.am.gov.br\/semsa\/prefeitura-e-hospital-adventista-promovem-acao-de-saude-para-gestantes-e-maes-no-parque-das-tribos\/","name":"Prefeitura e Hospital Adventista promovem a\u00e7\u00e3o de sa\u00fade para gestantes e m\u00e3es no Parque das Tribos","isPartOf":{"@id":"https:\/\/www.manaus.am.gov.br\/semsa\/#website"},"primaryImageOfPage":{"@id":"https:\/\/www.manaus.am.gov.br\/semsa\/prefeitura-e-hospital-adventista-promovem-acao-de-saude-para-gestantes-e-maes-no-parque-das-tribos\/#primaryimage"},"image":{"@id":"https:\/\/www.manaus.am.gov.br\/semsa\/prefeitura-e-hospital-adventista-promovem-acao-de-saude-para-gestantes-e-maes-no-parque-das-tribos\/#primaryimage"},"thumbnailUrl":"https:\/\/www.manaus.am.gov.br\/semsa\/wp-content\/uploads\/sites\/8\/2023\/08\/53142472237_3c22da7e99_c.jpg","datePublished":"2023-08-26T20:13:43+00:00","dateModified":"2023-08-26T20:13:44+00:00","author":{"@id":"https:\/\/www.manaus.am.gov.br\/semsa\/#\/schema\/person\/4e49f4e267757a06ca072ec61b2b9968"},"description":"A Prefeitura de Manaus, por meio da Secretaria Municipal de Sa\u00fade (Semsa), em parceria com o Hospital Adventista de Manaus, promoveu, na manh\u00e3 deste s\u00e1bado, 26\/8, uma a\u00e7\u00e3o de sa\u00fade e social voltada para gestantes e pu\u00e9rperas da comunidade ind\u00edgena Parque das Tribos, no bairro Tarum\u00e3-A\u00e7u, zona Oeste. A programa\u00e7\u00e3o fez parte do projeto \u201cQuebrando o Sil\u00eancio\u201d, da Igreja Adventista do S\u00e9timo Dia, e do \u201cAgosto Lil\u00e1s\u201d, m\u00eas de sensibiliza\u00e7\u00e3o sobre a viol\u00eancia contra a mulher.","inLanguage":"pt-BR","potentialAction":[{"@type":"ReadAction","target":["https:\/\/www.manaus.am.gov.br\/semsa\/prefeitura-e-hospital-adventista-promovem-acao-de-saude-para-gestantes-e-maes-no-parque-das-tribos\/"]}]},{"@type":"ImageObject","inLanguage":"pt-BR","@id":"https:\/\/www.manaus.am.gov.br\/semsa\/prefeitura-e-hospital-adventista-promovem-acao-de-saude-para-gestantes-e-maes-no-parque-das-tribos\/#primaryimage","url":"https:\/\/www.manaus.am.gov.br\/semsa\/wp-content\/uploads\/sites\/8\/2023\/08\/53142472237_3c22da7e99_c.jpg","contentUrl":"https:\/\/www.manaus.am.gov.br\/semsa\/wp-content\/uploads\/sites\/8\/2023\/08\/53142472237_3c22da7e99_c.jpg","width":799,"height":533},{"@type":"WebSite","@id":"https:\/\/www.manaus.am.gov.br\/semsa\/#website","url":"https:\/\/www.manaus.am.gov.br\/semsa\/","name":"SEMSA","description":"Secretaria Municipal de Sa\u00fade","alternateName":"Secretaria Municipal de Sa\u00fade","potentialAction":[{"@type":"SearchAction","target":{"@type":"EntryPoint","urlTemplate":"https:\/\/www.manaus.am.gov.br\/semsa\/?s={search_term_string}"},"query-input":"required name=search_term_string"}],"inLanguage":"pt-BR"},{"@type":"Person","@id":"https:\/\/www.manaus.am.gov.br\/semsa\/#\/schema\/person\/4e49f4e267757a06ca072ec61b2b9968","name":"Adriana Costa","image":{"@type":"ImageObject","inLanguage":"pt-BR","@id":"https:\/\/www.manaus.am.gov.br\/semsa\/#\/schema\/person\/image\/","url":"https:\/\/secure.gravatar.com\/avatar\/576258617ef7194f718179e766d57bd4?s=96&d=mm&r=g","contentUrl":"https:\/\/secure.gravatar.com\/avatar\/576258617ef7194f718179e766d57bd4?s=96&d=mm&r=g","caption":"Adriana Costa"}}]}},"_links":{"self":[{"href":"https:\/\/www.manaus.am.gov.br\/semsa\/wp-json\/wp\/v2\/posts\/212850"}],"collection":[{"href":"https:\/\/www.manaus.am.gov.br\/semsa\/wp-json\/wp\/v2\/posts"}],"about":[{"href":"https:\/\/www.manaus.am.gov.br\/semsa\/wp-json\/wp\/v2\/types\/post"}],"author":[{"embeddable":true,"href":"https:\/\/www.manaus.am.gov.br\/semsa\/wp-json\/wp\/v2\/users\/23"}],"replies":[{"embeddable":true,"href":"https:\/\/www.manaus.am.gov.br\/semsa\/wp-json\/wp\/v2\/comments?post=212850"}],"version-history":[{"count":0,"href":"https:\/\/www.manaus.am.gov.br\/semsa\/wp-json\/wp\/v2\/posts\/212850\/revisions"}],"wp:featuredmedia":[{"embeddable":true,"href":"https:\/\/www.manaus.am.gov.br\/semsa\/wp-json\/wp\/v2\/media\/212851"}],"wp:attachment":[{"href":"https:\/\/www.manaus.am.gov.br\/semsa\/wp-json\/wp\/v2\/media?parent=212850"}],"wp:term":[{"taxonomy":"category","embeddable":true,"href":"https:\/\/www.manaus.am.gov.br\/semsa\/wp-json\/wp\/v2\/categories?post=212850"},{"taxonomy":"post_tag","embeddable":true,"href":"https:\/\/www.manaus.am.gov.br\/semsa\/wp-json\/wp\/v2\/tags?post=212850"}],"curies":[{"name":"wp","href":"https:\/\/api.w.org\/{rel}","templated":true}]}}