{"id":212847,"date":"2023-08-26T13:41:25","date_gmt":"2023-08-26T17:41:25","guid":{"rendered":"https:\/\/www.manaus.am.gov.br\/semsa\/prefeitura-apoia-nova-edicao-da-hora-do-mamaco-e-oferta-vacinacao-para-maes-e-bebes\/"},"modified":"2023-08-26T13:41:26","modified_gmt":"2023-08-26T17:41:26","slug":"prefeitura-apoia-nova-edicao-da-hora-do-mamaco-e-oferta-vacinacao-para-maes-e-bebes","status":"publish","type":"post","link":"https:\/\/www.manaus.am.gov.br\/semsa\/prefeitura-apoia-nova-edicao-da-hora-do-mamaco-e-oferta-vacinacao-para-maes-e-bebes\/","title":{"rendered":"<strong>Prefeitura apoia nova edi\u00e7\u00e3o da \u2018Hora do Mama\u00e7o\u2019 e oferta vacina\u00e7\u00e3o para m\u00e3es e beb\u00eas<\/strong>"},"content":{"rendered":"\n<p>Como parte das a\u00e7\u00f5es de incentivo ao aleitamento materno, dentro das comemora\u00e7\u00f5es pelo Agosto Dourado, a Prefeitura de Manaus apoiou a \u201cHora do Mama\u00e7o\u201d, na manh\u00e3 deste s\u00e1bado, 26\/8, no parque municipal do Mindu, no bairro Parque 10 de Novembro, zona Centro-Sul. A programa\u00e7\u00e3o gratuita foi promovida pela Rede M\u00e3es Amazonas, com o apoio da Secretaria Municipal de Sa\u00fade (Semsa), ao lado de outros parceiros e apoiadores da iniciativa.<\/p>\n\n\n\n<p>Durante a programa\u00e7\u00e3o, profissionais de sa\u00fade da Semsa atualizaram a caderneta de sa\u00fade de beb\u00eas e crian\u00e7as at\u00e9 5 anos, com a oferta de todas as vacinas do calend\u00e1rio infantil, exceto BCG, garantindo prote\u00e7\u00e3o contra doen\u00e7as como poliomielite, sarampo, hepatite B e febre amarela. Tamb\u00e9m na Tenda da Vacina\u00e7\u00e3o montada pela secretaria, m\u00e3es, pais, respons\u00e1veis e p\u00fablico em geral puderam receber doses de imunizante contra a influenza (gripe).<\/p>\n\n\n\n<p>A chefe do N\u00facleo de Aten\u00e7\u00e3o \u00e0 Sa\u00fade da Crian\u00e7a e do Adolescente da Semsa, Jana\u00edna S\u00e1 Terra, frisou a import\u00e2ncia das parcerias da pasta com organiza\u00e7\u00f5es da sociedade civil (OSCs) no desenvolvimento de iniciativas em prol da sa\u00fade p\u00fablica. Ela pontuou o papel relevante da \u201cHora do Mama\u00e7o\u201d no est\u00edmulo \u00e0 amamenta\u00e7\u00e3o, contribuindo, assim, para o refor\u00e7o da sa\u00fade das novas gera\u00e7\u00f5es.<\/p>\n\n\n\n<p>\u201cApoiamos a \u2018Hora do Mama\u00e7o\u2019 todos os anos por esse incentivo que ela promove ao aleitamento materno. E isso tamb\u00e9m acaba contribuindo para a redu\u00e7\u00e3o da mortalidade infantil, o que vem ao encontro do nosso trabalho na promo\u00e7\u00e3o da sa\u00fade das crian\u00e7as\u201d, aponta a gestora.<\/p>\n\n\n\n<p><strong>Programa\u00e7\u00e3o<\/strong><\/p>\n\n\n\n<p>Al\u00e9m do estande de vacina\u00e7\u00e3o da Semsa, a \u201cHora do Mama\u00e7o\u201d incluiu outras atividades gratuitas, dentre elas servi\u00e7os de sa\u00fade, como aferi\u00e7\u00e3o de press\u00e3o arterial e glicemia, e atendimentos de psicologia para acolhimento de mulheres que amamentam na volta ao trabalho. A agenda teve ainda uma roda de conversa com o tema \u201cAmamenta\u00e7\u00e3o e m\u00e3es que trabalham\u201d, reunindo a fot\u00f3grafa Aline Fidelix e a psic\u00f3loga Viviane Ver\u00e7osa, entre outras participantes.<\/p>\n\n\n\n<p>A programa\u00e7\u00e3o incluiu tamb\u00e9m uma oficina de maracatu promovida pelo Maracatu Eco da Sapopema, e uma viv\u00eancia em Dan\u00e7a Materna com a dan\u00e7aterapeuta Rosa Maria Almeida.<\/p>\n\n\n\n<p><strong>Amamenta\u00e7\u00e3o e direitos<\/strong><\/p>\n\n\n\n<p>Al\u00e9m de sensibilizar a sociedade para o valor do aleitamento materno, a edi\u00e7\u00e3o de 2023 da Hora do Mama\u00e7o colocou em pauta a necessidade de garantia dos direitos fundamentais das m\u00e3es lactantes no retorno ao trabalho. A tem\u00e1tica repercute o tema da campanha da Semana Mundial do Aleitamento Materno (SMAM), \u201cApoie a amamenta\u00e7\u00e3o: fa\u00e7a a diferen\u00e7a para m\u00e3es e pais que trabalham\u201d.<\/p>\n\n\n\n<p>A mobilizadora social da Rede M\u00e3es Amazonas, Fernanda Priscilla, enfatizou que o evento visa conscientizar a sociedade, o setor p\u00fablico e privado sobre a contribui\u00e7\u00e3o das mulheres que amamentam para o desenvolvimento social, \u201cn\u00e3o apenas promovendo a sa\u00fade e o bem-estar das crian\u00e7as, como reduzindo os impactos da ind\u00fastria aliment\u00edcia e da cultura do desmame\u201d.<\/p>\n\n\n\n<p>Nesse sentido, foi apresentada no evento a Carta de Compromisso para A\u00e7\u00f5es de Apoio ao Aleitamento Materno, formalizando um empenho p\u00fablico e institucional no incentivo \u00e0 amamenta\u00e7\u00e3o. \u201cO objetivo \u00e9 levar adiante a causa da amamenta\u00e7\u00e3o como um direito s\u00e9rio que requer o comprometimento tanto de entidades p\u00fablicas quanto de empresas privadas\u201d, disse a fundadora da Rede, a advogada Alessandrine Silva.<\/p>\n\n\n\n<p>Al\u00e9m da Semsa Manaus, a Rede M\u00e3es Amazonas teve apoio, para o evento em Manaus, do Comit\u00ea de Aleitamento Materno do Amazonas, Conselho Regional de Enfermagem do Amazonas (Coren\/AM), Associa\u00e7\u00e3o Brasileira de Obstetrizes e Enfermeiros Obstetras do Amazonas (Abenfo\/AM), Sociedade Amazonense de Pediatria (Saped), Adra Brasil, Fundo das Na\u00e7\u00f5es Unidas para a Inf\u00e2ncia (Unicef), entre outros \u00f3rg\u00e3os e entidades.<\/p>\n\n\n\n<p>&#8212; &#8212; &#8212;<\/p>\n\n\n\n<p><strong>Texto<\/strong>&nbsp;&#8211; Jony Clay Borges \/ Semsa<\/p>\n\n\n\n<p><strong>Fotos<\/strong>&nbsp;&#8211; Alex Otani \/ Semsa<\/p>\n","protected":false},"excerpt":{"rendered":"","protected":false},"author":23,"featured_media":212848,"comment_status":"closed","ping_status":"closed","sticky":false,"template":"","format":"standard","meta":{"footnotes":""},"categories":[13],"tags":[],"acf":[],"yoast_head":"<!-- This site is optimized with the Yoast SEO plugin v23.0 - https:\/\/yoast.com\/wordpress\/plugins\/seo\/ -->\n<title>Prefeitura apoia nova edi\u00e7\u00e3o da \u2018Hora do Mama\u00e7o\u2019 e oferta vacina\u00e7\u00e3o para m\u00e3es e beb\u00eas<\/title>\n<meta name=\"description\" content=\"Como parte das a\u00e7\u00f5es de incentivo ao aleitamento materno, dentro das comemora\u00e7\u00f5es pelo Agosto Dourado, a Prefeitura de Manaus apoiou a \u201cHora do Mama\u00e7o\u201d, na manh\u00e3 deste s\u00e1bado, 26\/8, no parque municipal do Mindu, no bairro Parque 10 de Novembro, zona Centro-Sul. A programa\u00e7\u00e3o gratuita foi promovida pela Rede M\u00e3es Amazonas, com o apoio da Secretaria Municipal de Sa\u00fade (Semsa), ao lado de outros parceiros e apoiadores da iniciativa.\" \/>\n<meta name=\"robots\" content=\"index, follow, max-snippet:-1, max-image-preview:large, max-video-preview:-1\" \/>\n<link rel=\"canonical\" href=\"https:\/\/www.manaus.am.gov.br\/semsa\/prefeitura-apoia-nova-edicao-da-hora-do-mamaco-e-oferta-vacinacao-para-maes-e-bebes\/\" \/>\n<meta property=\"og:locale\" content=\"pt_BR\" \/>\n<meta property=\"og:type\" content=\"article\" \/>\n<meta property=\"og:title\" content=\"Prefeitura apoia nova edi\u00e7\u00e3o da \u2018Hora do Mama\u00e7o\u2019 e oferta vacina\u00e7\u00e3o para m\u00e3es e beb\u00eas\" \/>\n<meta property=\"og:description\" content=\"Como parte das a\u00e7\u00f5es de incentivo ao aleitamento materno, dentro das comemora\u00e7\u00f5es pelo Agosto Dourado, a Prefeitura de Manaus apoiou a \u201cHora do Mama\u00e7o\u201d, na manh\u00e3 deste s\u00e1bado, 26\/8, no parque municipal do Mindu, no bairro Parque 10 de Novembro, zona Centro-Sul. A programa\u00e7\u00e3o gratuita foi promovida pela Rede M\u00e3es Amazonas, com o apoio da Secretaria Municipal de Sa\u00fade (Semsa), ao lado de outros parceiros e apoiadores da iniciativa.\" \/>\n<meta property=\"og:url\" content=\"https:\/\/www.manaus.am.gov.br\/semsa\/prefeitura-apoia-nova-edicao-da-hora-do-mamaco-e-oferta-vacinacao-para-maes-e-bebes\/\" \/>\n<meta property=\"og:site_name\" content=\"SEMSA\" \/>\n<meta property=\"article:published_time\" content=\"2023-08-26T17:41:25+00:00\" \/>\n<meta property=\"article:modified_time\" content=\"2023-08-26T17:41:26+00:00\" \/>\n<meta property=\"og:image\" content=\"https:\/\/www.manaus.am.gov.br\/semsa\/wp-content\/uploads\/sites\/8\/2023\/08\/WhatsApp-Image-2023-08-26-at-13.01.06.jpeg\" \/>\n\t<meta property=\"og:image:width\" content=\"1280\" \/>\n\t<meta property=\"og:image:height\" content=\"854\" \/>\n\t<meta property=\"og:image:type\" content=\"image\/jpeg\" \/>\n<meta name=\"author\" content=\"Adriana Costa\" \/>\n<meta name=\"twitter:card\" content=\"summary_large_image\" \/>\n<meta name=\"twitter:label1\" content=\"Written by\" \/>\n\t<meta name=\"twitter:data1\" content=\"Adriana Costa\" \/>\n\t<meta name=\"twitter:label2\" content=\"Est. reading time\" \/>\n\t<meta name=\"twitter:data2\" content=\"4 minutos\" \/>\n<script type=\"application\/ld+json\" class=\"yoast-schema-graph\">{\"@context\":\"https:\/\/schema.org\",\"@graph\":[{\"@type\":\"WebPage\",\"@id\":\"https:\/\/www.manaus.am.gov.br\/semsa\/prefeitura-apoia-nova-edicao-da-hora-do-mamaco-e-oferta-vacinacao-para-maes-e-bebes\/\",\"url\":\"https:\/\/www.manaus.am.gov.br\/semsa\/prefeitura-apoia-nova-edicao-da-hora-do-mamaco-e-oferta-vacinacao-para-maes-e-bebes\/\",\"name\":\"Prefeitura apoia nova edi\u00e7\u00e3o da \u2018Hora do Mama\u00e7o\u2019 e oferta vacina\u00e7\u00e3o para m\u00e3es e beb\u00eas\",\"isPartOf\":{\"@id\":\"https:\/\/www.manaus.am.gov.br\/semsa\/#website\"},\"primaryImageOfPage\":{\"@id\":\"https:\/\/www.manaus.am.gov.br\/semsa\/prefeitura-apoia-nova-edicao-da-hora-do-mamaco-e-oferta-vacinacao-para-maes-e-bebes\/#primaryimage\"},\"image\":{\"@id\":\"https:\/\/www.manaus.am.gov.br\/semsa\/prefeitura-apoia-nova-edicao-da-hora-do-mamaco-e-oferta-vacinacao-para-maes-e-bebes\/#primaryimage\"},\"thumbnailUrl\":\"https:\/\/www.manaus.am.gov.br\/semsa\/wp-content\/uploads\/sites\/8\/2023\/08\/WhatsApp-Image-2023-08-26-at-13.01.06.jpeg\",\"datePublished\":\"2023-08-26T17:41:25+00:00\",\"dateModified\":\"2023-08-26T17:41:26+00:00\",\"author\":{\"@id\":\"https:\/\/www.manaus.am.gov.br\/semsa\/#\/schema\/person\/4e49f4e267757a06ca072ec61b2b9968\"},\"description\":\"Como parte das a\u00e7\u00f5es de incentivo ao aleitamento materno, dentro das comemora\u00e7\u00f5es pelo Agosto Dourado, a Prefeitura de Manaus apoiou a \u201cHora do Mama\u00e7o\u201d, na manh\u00e3 deste s\u00e1bado, 26\/8, no parque municipal do Mindu, no bairro Parque 10 de Novembro, zona Centro-Sul. A programa\u00e7\u00e3o gratuita foi promovida pela Rede M\u00e3es Amazonas, com o apoio da Secretaria Municipal de Sa\u00fade (Semsa), ao lado de outros parceiros e apoiadores da iniciativa.\",\"inLanguage\":\"pt-BR\",\"potentialAction\":[{\"@type\":\"ReadAction\",\"target\":[\"https:\/\/www.manaus.am.gov.br\/semsa\/prefeitura-apoia-nova-edicao-da-hora-do-mamaco-e-oferta-vacinacao-para-maes-e-bebes\/\"]}]},{\"@type\":\"ImageObject\",\"inLanguage\":\"pt-BR\",\"@id\":\"https:\/\/www.manaus.am.gov.br\/semsa\/prefeitura-apoia-nova-edicao-da-hora-do-mamaco-e-oferta-vacinacao-para-maes-e-bebes\/#primaryimage\",\"url\":\"https:\/\/www.manaus.am.gov.br\/semsa\/wp-content\/uploads\/sites\/8\/2023\/08\/WhatsApp-Image-2023-08-26-at-13.01.06.jpeg\",\"contentUrl\":\"https:\/\/www.manaus.am.gov.br\/semsa\/wp-content\/uploads\/sites\/8\/2023\/08\/WhatsApp-Image-2023-08-26-at-13.01.06.jpeg\",\"width\":1280,\"height\":854},{\"@type\":\"WebSite\",\"@id\":\"https:\/\/www.manaus.am.gov.br\/semsa\/#website\",\"url\":\"https:\/\/www.manaus.am.gov.br\/semsa\/\",\"name\":\"SEMSA\",\"description\":\"Secretaria Municipal de Sa\u00fade\",\"alternateName\":\"Secretaria Municipal de Sa\u00fade\",\"potentialAction\":[{\"@type\":\"SearchAction\",\"target\":{\"@type\":\"EntryPoint\",\"urlTemplate\":\"https:\/\/www.manaus.am.gov.br\/semsa\/?s={search_term_string}\"},\"query-input\":\"required name=search_term_string\"}],\"inLanguage\":\"pt-BR\"},{\"@type\":\"Person\",\"@id\":\"https:\/\/www.manaus.am.gov.br\/semsa\/#\/schema\/person\/4e49f4e267757a06ca072ec61b2b9968\",\"name\":\"Adriana Costa\",\"image\":{\"@type\":\"ImageObject\",\"inLanguage\":\"pt-BR\",\"@id\":\"https:\/\/www.manaus.am.gov.br\/semsa\/#\/schema\/person\/image\/\",\"url\":\"https:\/\/secure.gravatar.com\/avatar\/576258617ef7194f718179e766d57bd4?s=96&d=mm&r=g\",\"contentUrl\":\"https:\/\/secure.gravatar.com\/avatar\/576258617ef7194f718179e766d57bd4?s=96&d=mm&r=g\",\"caption\":\"Adriana Costa\"}}]}<\/script>\n<!-- \/ Yoast SEO plugin. -->","yoast_head_json":{"title":"Prefeitura apoia nova edi\u00e7\u00e3o da \u2018Hora do Mama\u00e7o\u2019 e oferta vacina\u00e7\u00e3o para m\u00e3es e beb\u00eas","description":"Como parte das a\u00e7\u00f5es de incentivo ao aleitamento materno, dentro das comemora\u00e7\u00f5es pelo Agosto Dourado, a Prefeitura de Manaus apoiou a \u201cHora do Mama\u00e7o\u201d, na manh\u00e3 deste s\u00e1bado, 26\/8, no parque municipal do Mindu, no bairro Parque 10 de Novembro, zona Centro-Sul. A programa\u00e7\u00e3o gratuita foi promovida pela Rede M\u00e3es Amazonas, com o apoio da Secretaria Municipal de Sa\u00fade (Semsa), ao lado de outros parceiros e apoiadores da iniciativa.","robots":{"index":"index","follow":"follow","max-snippet":"max-snippet:-1","max-image-preview":"max-image-preview:large","max-video-preview":"max-video-preview:-1"},"canonical":"https:\/\/www.manaus.am.gov.br\/semsa\/prefeitura-apoia-nova-edicao-da-hora-do-mamaco-e-oferta-vacinacao-para-maes-e-bebes\/","og_locale":"pt_BR","og_type":"article","og_title":"Prefeitura apoia nova edi\u00e7\u00e3o da \u2018Hora do Mama\u00e7o\u2019 e oferta vacina\u00e7\u00e3o para m\u00e3es e beb\u00eas","og_description":"Como parte das a\u00e7\u00f5es de incentivo ao aleitamento materno, dentro das comemora\u00e7\u00f5es pelo Agosto Dourado, a Prefeitura de Manaus apoiou a \u201cHora do Mama\u00e7o\u201d, na manh\u00e3 deste s\u00e1bado, 26\/8, no parque municipal do Mindu, no bairro Parque 10 de Novembro, zona Centro-Sul. A programa\u00e7\u00e3o gratuita foi promovida pela Rede M\u00e3es Amazonas, com o apoio da Secretaria Municipal de Sa\u00fade (Semsa), ao lado de outros parceiros e apoiadores da iniciativa.","og_url":"https:\/\/www.manaus.am.gov.br\/semsa\/prefeitura-apoia-nova-edicao-da-hora-do-mamaco-e-oferta-vacinacao-para-maes-e-bebes\/","og_site_name":"SEMSA","article_published_time":"2023-08-26T17:41:25+00:00","article_modified_time":"2023-08-26T17:41:26+00:00","og_image":[{"width":1280,"height":854,"url":"https:\/\/www.manaus.am.gov.br\/semsa\/wp-content\/uploads\/sites\/8\/2023\/08\/WhatsApp-Image-2023-08-26-at-13.01.06.jpeg","type":"image\/jpeg"}],"author":"Adriana Costa","twitter_card":"summary_large_image","twitter_misc":{"Written by":"Adriana Costa","Est. reading time":"4 minutos"},"schema":{"@context":"https:\/\/schema.org","@graph":[{"@type":"WebPage","@id":"https:\/\/www.manaus.am.gov.br\/semsa\/prefeitura-apoia-nova-edicao-da-hora-do-mamaco-e-oferta-vacinacao-para-maes-e-bebes\/","url":"https:\/\/www.manaus.am.gov.br\/semsa\/prefeitura-apoia-nova-edicao-da-hora-do-mamaco-e-oferta-vacinacao-para-maes-e-bebes\/","name":"Prefeitura apoia nova edi\u00e7\u00e3o da \u2018Hora do Mama\u00e7o\u2019 e oferta vacina\u00e7\u00e3o para m\u00e3es e beb\u00eas","isPartOf":{"@id":"https:\/\/www.manaus.am.gov.br\/semsa\/#website"},"primaryImageOfPage":{"@id":"https:\/\/www.manaus.am.gov.br\/semsa\/prefeitura-apoia-nova-edicao-da-hora-do-mamaco-e-oferta-vacinacao-para-maes-e-bebes\/#primaryimage"},"image":{"@id":"https:\/\/www.manaus.am.gov.br\/semsa\/prefeitura-apoia-nova-edicao-da-hora-do-mamaco-e-oferta-vacinacao-para-maes-e-bebes\/#primaryimage"},"thumbnailUrl":"https:\/\/www.manaus.am.gov.br\/semsa\/wp-content\/uploads\/sites\/8\/2023\/08\/WhatsApp-Image-2023-08-26-at-13.01.06.jpeg","datePublished":"2023-08-26T17:41:25+00:00","dateModified":"2023-08-26T17:41:26+00:00","author":{"@id":"https:\/\/www.manaus.am.gov.br\/semsa\/#\/schema\/person\/4e49f4e267757a06ca072ec61b2b9968"},"description":"Como parte das a\u00e7\u00f5es de incentivo ao aleitamento materno, dentro das comemora\u00e7\u00f5es pelo Agosto Dourado, a Prefeitura de Manaus apoiou a \u201cHora do Mama\u00e7o\u201d, na manh\u00e3 deste s\u00e1bado, 26\/8, no parque municipal do Mindu, no bairro Parque 10 de Novembro, zona Centro-Sul. A programa\u00e7\u00e3o gratuita foi promovida pela Rede M\u00e3es Amazonas, com o apoio da Secretaria Municipal de Sa\u00fade (Semsa), ao lado de outros parceiros e apoiadores da iniciativa.","inLanguage":"pt-BR","potentialAction":[{"@type":"ReadAction","target":["https:\/\/www.manaus.am.gov.br\/semsa\/prefeitura-apoia-nova-edicao-da-hora-do-mamaco-e-oferta-vacinacao-para-maes-e-bebes\/"]}]},{"@type":"ImageObject","inLanguage":"pt-BR","@id":"https:\/\/www.manaus.am.gov.br\/semsa\/prefeitura-apoia-nova-edicao-da-hora-do-mamaco-e-oferta-vacinacao-para-maes-e-bebes\/#primaryimage","url":"https:\/\/www.manaus.am.gov.br\/semsa\/wp-content\/uploads\/sites\/8\/2023\/08\/WhatsApp-Image-2023-08-26-at-13.01.06.jpeg","contentUrl":"https:\/\/www.manaus.am.gov.br\/semsa\/wp-content\/uploads\/sites\/8\/2023\/08\/WhatsApp-Image-2023-08-26-at-13.01.06.jpeg","width":1280,"height":854},{"@type":"WebSite","@id":"https:\/\/www.manaus.am.gov.br\/semsa\/#website","url":"https:\/\/www.manaus.am.gov.br\/semsa\/","name":"SEMSA","description":"Secretaria Municipal de Sa\u00fade","alternateName":"Secretaria Municipal de Sa\u00fade","potentialAction":[{"@type":"SearchAction","target":{"@type":"EntryPoint","urlTemplate":"https:\/\/www.manaus.am.gov.br\/semsa\/?s={search_term_string}"},"query-input":"required name=search_term_string"}],"inLanguage":"pt-BR"},{"@type":"Person","@id":"https:\/\/www.manaus.am.gov.br\/semsa\/#\/schema\/person\/4e49f4e267757a06ca072ec61b2b9968","name":"Adriana Costa","image":{"@type":"ImageObject","inLanguage":"pt-BR","@id":"https:\/\/www.manaus.am.gov.br\/semsa\/#\/schema\/person\/image\/","url":"https:\/\/secure.gravatar.com\/avatar\/576258617ef7194f718179e766d57bd4?s=96&d=mm&r=g","contentUrl":"https:\/\/secure.gravatar.com\/avatar\/576258617ef7194f718179e766d57bd4?s=96&d=mm&r=g","caption":"Adriana Costa"}}]}},"_links":{"self":[{"href":"https:\/\/www.manaus.am.gov.br\/semsa\/wp-json\/wp\/v2\/posts\/212847"}],"collection":[{"href":"https:\/\/www.manaus.am.gov.br\/semsa\/wp-json\/wp\/v2\/posts"}],"about":[{"href":"https:\/\/www.manaus.am.gov.br\/semsa\/wp-json\/wp\/v2\/types\/post"}],"author":[{"embeddable":true,"href":"https:\/\/www.manaus.am.gov.br\/semsa\/wp-json\/wp\/v2\/users\/23"}],"replies":[{"embeddable":true,"href":"https:\/\/www.manaus.am.gov.br\/semsa\/wp-json\/wp\/v2\/comments?post=212847"}],"version-history":[{"count":0,"href":"https:\/\/www.manaus.am.gov.br\/semsa\/wp-json\/wp\/v2\/posts\/212847\/revisions"}],"wp:featuredmedia":[{"embeddable":true,"href":"https:\/\/www.manaus.am.gov.br\/semsa\/wp-json\/wp\/v2\/media\/212848"}],"wp:attachment":[{"href":"https:\/\/www.manaus.am.gov.br\/semsa\/wp-json\/wp\/v2\/media?parent=212847"}],"wp:term":[{"taxonomy":"category","embeddable":true,"href":"https:\/\/www.manaus.am.gov.br\/semsa\/wp-json\/wp\/v2\/categories?post=212847"},{"taxonomy":"post_tag","embeddable":true,"href":"https:\/\/www.manaus.am.gov.br\/semsa\/wp-json\/wp\/v2\/tags?post=212847"}],"curies":[{"name":"wp","href":"https:\/\/api.w.org\/{rel}","templated":true}]}}