{"id":212830,"date":"2023-08-25T18:48:51","date_gmt":"2023-08-25T22:48:51","guid":{"rendered":"https:\/\/www.manaus.am.gov.br\/semsa\/prefeitura-enfoca-enfermagem-pre-hospitalar-em-programacao-de-palestras-promovida-pelo-samu-192\/"},"modified":"2023-08-25T18:48:52","modified_gmt":"2023-08-25T22:48:52","slug":"prefeitura-enfoca-enfermagem-pre-hospitalar-em-programacao-de-palestras-promovida-pelo-samu-192","status":"publish","type":"post","link":"https:\/\/www.manaus.am.gov.br\/semsa\/prefeitura-enfoca-enfermagem-pre-hospitalar-em-programacao-de-palestras-promovida-pelo-samu-192\/","title":{"rendered":"<strong>Prefeitura enfoca enfermagem pr\u00e9-hospitalar em programa\u00e7\u00e3o de palestras promovida pelo Samu 192<\/strong>"},"content":{"rendered":"\n<p>Visando difundir conhecimentos sobre o cuidado de urg\u00eancia em sa\u00fade, a Prefeitura de Manaus promoveu, na tarde desta sexta-feira, 25\/8, a I Jornada de Pr\u00e1ticas Avan\u00e7adas de Enfermagem no Atendimento Pr\u00e9-Hospitalar. Coordenada pelo Servi\u00e7o de Atendimento M\u00f3vel de Urg\u00eancia (Samu 192), da Secretaria Municipal de Sa\u00fade (Semsa), a atividade ocorreu no audit\u00f3rio da Escola Superior de Ci\u00eancias da Sa\u00fade (ESA) da Universidade do Estado do Amazonas (UEA), no bairro Cachoeirinha, zona Sul.<\/p>\n\n\n\n<p>Com a coordena\u00e7\u00e3o geral da enfermeira doutora Gisele Torrente, o evento teve a participa\u00e7\u00e3o de especialistas de renome na \u00e1rea da enfermagem pr\u00e9-hospitalar, as enfermeiras doutoras Beatriz Rosana Toso, professora da Universidade Estadual do Oeste do Paran\u00e1 (Unioeste), e Marisa Malvestio, membro da Comiss\u00e3o de Urg\u00eancia e Emerg\u00eancia do Conselho Federal de Enfermagem (Cofen); e a enfermeira mestra Leda Lima Sobral, servidora do Samu Manaus.<\/p>\n\n\n\n<p>A diretora do Samu Manaus, Elen Assun\u00e7\u00e3o, assinalou a import\u00e2ncia do encontro para a atua\u00e7\u00e3o dos profissionais da \u00e1rea de enfermagem em pr\u00e1ticas avan\u00e7adas, em vista da regulamenta\u00e7\u00e3o, aprovada pelo Cofen no ano passado, do Suporte Intermedi\u00e1rio de Vida (SIV) no Atendimento Pr\u00e9-Hospitalar (APH) nos servi\u00e7os p\u00fablicos e privados.<\/p>\n\n\n\n<p>\u201cTemos hoje uma propositura de realizar o atendimento em SIV, que j\u00e1 \u00e9 regulamentado pelo Cofen. As palestras e orienta\u00e7\u00f5es desse encontro v\u00e3o no sentido de aprimorar a assist\u00eancia de enfermagem prestada a esses pacientes, principalmente no servi\u00e7o m\u00f3vel\u201d, afirmou a diretora.<\/p>\n\n\n\n<p><strong>Programa\u00e7\u00e3o<\/strong><\/p>\n\n\n\n<p>Ap\u00f3s a abertura, que teve a participa\u00e7\u00e3o do subsecret\u00e1rio de Gest\u00e3o da Sa\u00fade da Semsa, Djalma Coelho, a agenda da jornada iniciou com palestra de Beatriz Rosana Toso, via teleconfer\u00eancia, sobre o tema \u201cO processo formativo das pr\u00e1ticas avan\u00e7adas no Brasil e no mundo\u201d.<\/p>\n\n\n\n<p>A seguir, tamb\u00e9m mediante teleconfer\u00eancia, Marisa Malvestio fez apresenta\u00e7\u00e3o com enfoque nas \u201cPr\u00e1ticas avan\u00e7adas no Atendimento Pr\u00e9-Hospitalar: experi\u00eancias exitosas no Brasil\u201d. A programa\u00e7\u00e3o se encerrou com palestra presencial de Leda Lima Sobral, tendo como tema o \u201cCen\u00e1rio das pr\u00e1ticas avan\u00e7adas de enfermagem no Samu Manaus\u201d.<\/p>\n\n\n\n<p>&#8212; &#8212; &#8212;<\/p>\n\n\n\n<p><strong>Texto &#8211;<\/strong> Divulga\u00e7\u00e3o \/ Semsa<\/p>\n\n\n\n<p><strong>Fotos<\/strong> &#8211; Artur Barbosa \/ Semsa<\/p>\n\n\n\n<p><strong>Dispon\u00edveis em \u2013<\/strong><a href=\"https:\/\/flic.kr\/s\/aHBqjASq9H\">https:\/\/flic.kr\/s\/aHBqjASq9H<\/a><\/p>\n","protected":false},"excerpt":{"rendered":"","protected":false},"author":39,"featured_media":212831,"comment_status":"closed","ping_status":"closed","sticky":false,"template":"","format":"standard","meta":{"footnotes":""},"categories":[30],"tags":[1540,1541,54,1542,1144,28],"acf":[],"yoast_head":"<!-- This site is optimized with the Yoast SEO plugin v23.0 - https:\/\/yoast.com\/wordpress\/plugins\/seo\/ -->\n<title>Prefeitura enfoca enfermagem pr\u00e9-hospitalar em programa\u00e7\u00e3o de palestras promovida pelo Samu 192<\/title>\n<meta name=\"description\" content=\"Visando difundir conhecimentos sobre o cuidado de urg\u00eancia em sa\u00fade, a Prefeitura de Manaus promoveu, na tarde desta sexta-feira, 25\/8, a I Jornada de Pr\u00e1ticas Avan\u00e7adas de Enfermagem no Atendimento Pr\u00e9-Hospitalar. Coordenada pelo Servi\u00e7o de Atendimento M\u00f3vel de Urg\u00eancia (Samu 192), da Secretaria Municipal de Sa\u00fade (Semsa), a atividade ocorreu no audit\u00f3rio da Escola Superior de Ci\u00eancias da Sa\u00fade (ESA) da Universidade do Estado do Amazonas (UEA), no bairro Cachoeirinha, zona Sul.\" \/>\n<meta name=\"robots\" content=\"index, follow, max-snippet:-1, max-image-preview:large, max-video-preview:-1\" \/>\n<link rel=\"canonical\" href=\"https:\/\/www.manaus.am.gov.br\/semsa\/prefeitura-enfoca-enfermagem-pre-hospitalar-em-programacao-de-palestras-promovida-pelo-samu-192\/\" \/>\n<meta property=\"og:locale\" content=\"pt_BR\" \/>\n<meta property=\"og:type\" content=\"article\" \/>\n<meta property=\"og:title\" content=\"Prefeitura enfoca enfermagem pr\u00e9-hospitalar em programa\u00e7\u00e3o de palestras promovida pelo Samu 192\" \/>\n<meta property=\"og:description\" content=\"Visando difundir conhecimentos sobre o cuidado de urg\u00eancia em sa\u00fade, a Prefeitura de Manaus promoveu, na tarde desta sexta-feira, 25\/8, a I Jornada de Pr\u00e1ticas Avan\u00e7adas de Enfermagem no Atendimento Pr\u00e9-Hospitalar. Coordenada pelo Servi\u00e7o de Atendimento M\u00f3vel de Urg\u00eancia (Samu 192), da Secretaria Municipal de Sa\u00fade (Semsa), a atividade ocorreu no audit\u00f3rio da Escola Superior de Ci\u00eancias da Sa\u00fade (ESA) da Universidade do Estado do Amazonas (UEA), no bairro Cachoeirinha, zona Sul.\" \/>\n<meta property=\"og:url\" content=\"https:\/\/www.manaus.am.gov.br\/semsa\/prefeitura-enfoca-enfermagem-pre-hospitalar-em-programacao-de-palestras-promovida-pelo-samu-192\/\" \/>\n<meta property=\"og:site_name\" content=\"SEMSA\" \/>\n<meta property=\"article:published_time\" content=\"2023-08-25T22:48:51+00:00\" \/>\n<meta property=\"article:modified_time\" content=\"2023-08-25T22:48:52+00:00\" \/>\n<meta property=\"og:image\" content=\"https:\/\/www.manaus.am.gov.br\/semsa\/wp-content\/uploads\/sites\/8\/2023\/08\/25AGO2023_JORNADA-DE-PRATICAS-AVANCADAS-DE-ENFERMAGEM-14.jpg\" \/>\n\t<meta property=\"og:image:width\" content=\"2400\" \/>\n\t<meta property=\"og:image:height\" content=\"1600\" \/>\n\t<meta property=\"og:image:type\" content=\"image\/jpeg\" \/>\n<meta name=\"author\" content=\"Bruna Greco\" \/>\n<meta name=\"twitter:card\" content=\"summary_large_image\" \/>\n<meta name=\"twitter:label1\" content=\"Written by\" \/>\n\t<meta name=\"twitter:data1\" content=\"Bruna Greco\" \/>\n\t<meta name=\"twitter:label2\" content=\"Est. reading time\" \/>\n\t<meta name=\"twitter:data2\" content=\"2 minutos\" \/>\n<script type=\"application\/ld+json\" class=\"yoast-schema-graph\">{\"@context\":\"https:\/\/schema.org\",\"@graph\":[{\"@type\":\"WebPage\",\"@id\":\"https:\/\/www.manaus.am.gov.br\/semsa\/prefeitura-enfoca-enfermagem-pre-hospitalar-em-programacao-de-palestras-promovida-pelo-samu-192\/\",\"url\":\"https:\/\/www.manaus.am.gov.br\/semsa\/prefeitura-enfoca-enfermagem-pre-hospitalar-em-programacao-de-palestras-promovida-pelo-samu-192\/\",\"name\":\"Prefeitura enfoca enfermagem pr\u00e9-hospitalar em programa\u00e7\u00e3o de palestras promovida pelo Samu 192\",\"isPartOf\":{\"@id\":\"https:\/\/www.manaus.am.gov.br\/semsa\/#website\"},\"primaryImageOfPage\":{\"@id\":\"https:\/\/www.manaus.am.gov.br\/semsa\/prefeitura-enfoca-enfermagem-pre-hospitalar-em-programacao-de-palestras-promovida-pelo-samu-192\/#primaryimage\"},\"image\":{\"@id\":\"https:\/\/www.manaus.am.gov.br\/semsa\/prefeitura-enfoca-enfermagem-pre-hospitalar-em-programacao-de-palestras-promovida-pelo-samu-192\/#primaryimage\"},\"thumbnailUrl\":\"https:\/\/www.manaus.am.gov.br\/semsa\/wp-content\/uploads\/sites\/8\/2023\/08\/25AGO2023_JORNADA-DE-PRATICAS-AVANCADAS-DE-ENFERMAGEM-14.jpg\",\"datePublished\":\"2023-08-25T22:48:51+00:00\",\"dateModified\":\"2023-08-25T22:48:52+00:00\",\"author\":{\"@id\":\"https:\/\/www.manaus.am.gov.br\/semsa\/#\/schema\/person\/05d223aea2bf115f9883a6ff3683d81b\"},\"description\":\"Visando difundir conhecimentos sobre o cuidado de urg\u00eancia em sa\u00fade, a Prefeitura de Manaus promoveu, na tarde desta sexta-feira, 25\/8, a I Jornada de Pr\u00e1ticas Avan\u00e7adas de Enfermagem no Atendimento Pr\u00e9-Hospitalar. Coordenada pelo Servi\u00e7o de Atendimento M\u00f3vel de Urg\u00eancia (Samu 192), da Secretaria Municipal de Sa\u00fade (Semsa), a atividade ocorreu no audit\u00f3rio da Escola Superior de Ci\u00eancias da Sa\u00fade (ESA) da Universidade do Estado do Amazonas (UEA), no bairro Cachoeirinha, zona Sul.\",\"inLanguage\":\"pt-BR\",\"potentialAction\":[{\"@type\":\"ReadAction\",\"target\":[\"https:\/\/www.manaus.am.gov.br\/semsa\/prefeitura-enfoca-enfermagem-pre-hospitalar-em-programacao-de-palestras-promovida-pelo-samu-192\/\"]}]},{\"@type\":\"ImageObject\",\"inLanguage\":\"pt-BR\",\"@id\":\"https:\/\/www.manaus.am.gov.br\/semsa\/prefeitura-enfoca-enfermagem-pre-hospitalar-em-programacao-de-palestras-promovida-pelo-samu-192\/#primaryimage\",\"url\":\"https:\/\/www.manaus.am.gov.br\/semsa\/wp-content\/uploads\/sites\/8\/2023\/08\/25AGO2023_JORNADA-DE-PRATICAS-AVANCADAS-DE-ENFERMAGEM-14.jpg\",\"contentUrl\":\"https:\/\/www.manaus.am.gov.br\/semsa\/wp-content\/uploads\/sites\/8\/2023\/08\/25AGO2023_JORNADA-DE-PRATICAS-AVANCADAS-DE-ENFERMAGEM-14.jpg\",\"width\":2400,\"height\":1600},{\"@type\":\"WebSite\",\"@id\":\"https:\/\/www.manaus.am.gov.br\/semsa\/#website\",\"url\":\"https:\/\/www.manaus.am.gov.br\/semsa\/\",\"name\":\"SEMSA\",\"description\":\"Secretaria Municipal de Sa\u00fade\",\"alternateName\":\"Secretaria Municipal de Sa\u00fade\",\"potentialAction\":[{\"@type\":\"SearchAction\",\"target\":{\"@type\":\"EntryPoint\",\"urlTemplate\":\"https:\/\/www.manaus.am.gov.br\/semsa\/?s={search_term_string}\"},\"query-input\":\"required name=search_term_string\"}],\"inLanguage\":\"pt-BR\"},{\"@type\":\"Person\",\"@id\":\"https:\/\/www.manaus.am.gov.br\/semsa\/#\/schema\/person\/05d223aea2bf115f9883a6ff3683d81b\",\"name\":\"Bruna Greco\",\"image\":{\"@type\":\"ImageObject\",\"inLanguage\":\"pt-BR\",\"@id\":\"https:\/\/www.manaus.am.gov.br\/semsa\/#\/schema\/person\/image\/\",\"url\":\"https:\/\/secure.gravatar.com\/avatar\/9c877d1a6adc2a055330e5c09a8653ce?s=96&d=mm&r=g\",\"contentUrl\":\"https:\/\/secure.gravatar.com\/avatar\/9c877d1a6adc2a055330e5c09a8653ce?s=96&d=mm&r=g\",\"caption\":\"Bruna Greco\"}}]}<\/script>\n<!-- \/ Yoast SEO plugin. -->","yoast_head_json":{"title":"Prefeitura enfoca enfermagem pr\u00e9-hospitalar em programa\u00e7\u00e3o de palestras promovida pelo Samu 192","description":"Visando difundir conhecimentos sobre o cuidado de urg\u00eancia em sa\u00fade, a Prefeitura de Manaus promoveu, na tarde desta sexta-feira, 25\/8, a I Jornada de Pr\u00e1ticas Avan\u00e7adas de Enfermagem no Atendimento Pr\u00e9-Hospitalar. Coordenada pelo Servi\u00e7o de Atendimento M\u00f3vel de Urg\u00eancia (Samu 192), da Secretaria Municipal de Sa\u00fade (Semsa), a atividade ocorreu no audit\u00f3rio da Escola Superior de Ci\u00eancias da Sa\u00fade (ESA) da Universidade do Estado do Amazonas (UEA), no bairro Cachoeirinha, zona Sul.","robots":{"index":"index","follow":"follow","max-snippet":"max-snippet:-1","max-image-preview":"max-image-preview:large","max-video-preview":"max-video-preview:-1"},"canonical":"https:\/\/www.manaus.am.gov.br\/semsa\/prefeitura-enfoca-enfermagem-pre-hospitalar-em-programacao-de-palestras-promovida-pelo-samu-192\/","og_locale":"pt_BR","og_type":"article","og_title":"Prefeitura enfoca enfermagem pr\u00e9-hospitalar em programa\u00e7\u00e3o de palestras promovida pelo Samu 192","og_description":"Visando difundir conhecimentos sobre o cuidado de urg\u00eancia em sa\u00fade, a Prefeitura de Manaus promoveu, na tarde desta sexta-feira, 25\/8, a I Jornada de Pr\u00e1ticas Avan\u00e7adas de Enfermagem no Atendimento Pr\u00e9-Hospitalar. Coordenada pelo Servi\u00e7o de Atendimento M\u00f3vel de Urg\u00eancia (Samu 192), da Secretaria Municipal de Sa\u00fade (Semsa), a atividade ocorreu no audit\u00f3rio da Escola Superior de Ci\u00eancias da Sa\u00fade (ESA) da Universidade do Estado do Amazonas (UEA), no bairro Cachoeirinha, zona Sul.","og_url":"https:\/\/www.manaus.am.gov.br\/semsa\/prefeitura-enfoca-enfermagem-pre-hospitalar-em-programacao-de-palestras-promovida-pelo-samu-192\/","og_site_name":"SEMSA","article_published_time":"2023-08-25T22:48:51+00:00","article_modified_time":"2023-08-25T22:48:52+00:00","og_image":[{"width":2400,"height":1600,"url":"https:\/\/www.manaus.am.gov.br\/semsa\/wp-content\/uploads\/sites\/8\/2023\/08\/25AGO2023_JORNADA-DE-PRATICAS-AVANCADAS-DE-ENFERMAGEM-14.jpg","type":"image\/jpeg"}],"author":"Bruna Greco","twitter_card":"summary_large_image","twitter_misc":{"Written by":"Bruna Greco","Est. reading time":"2 minutos"},"schema":{"@context":"https:\/\/schema.org","@graph":[{"@type":"WebPage","@id":"https:\/\/www.manaus.am.gov.br\/semsa\/prefeitura-enfoca-enfermagem-pre-hospitalar-em-programacao-de-palestras-promovida-pelo-samu-192\/","url":"https:\/\/www.manaus.am.gov.br\/semsa\/prefeitura-enfoca-enfermagem-pre-hospitalar-em-programacao-de-palestras-promovida-pelo-samu-192\/","name":"Prefeitura enfoca enfermagem pr\u00e9-hospitalar em programa\u00e7\u00e3o de palestras promovida pelo Samu 192","isPartOf":{"@id":"https:\/\/www.manaus.am.gov.br\/semsa\/#website"},"primaryImageOfPage":{"@id":"https:\/\/www.manaus.am.gov.br\/semsa\/prefeitura-enfoca-enfermagem-pre-hospitalar-em-programacao-de-palestras-promovida-pelo-samu-192\/#primaryimage"},"image":{"@id":"https:\/\/www.manaus.am.gov.br\/semsa\/prefeitura-enfoca-enfermagem-pre-hospitalar-em-programacao-de-palestras-promovida-pelo-samu-192\/#primaryimage"},"thumbnailUrl":"https:\/\/www.manaus.am.gov.br\/semsa\/wp-content\/uploads\/sites\/8\/2023\/08\/25AGO2023_JORNADA-DE-PRATICAS-AVANCADAS-DE-ENFERMAGEM-14.jpg","datePublished":"2023-08-25T22:48:51+00:00","dateModified":"2023-08-25T22:48:52+00:00","author":{"@id":"https:\/\/www.manaus.am.gov.br\/semsa\/#\/schema\/person\/05d223aea2bf115f9883a6ff3683d81b"},"description":"Visando difundir conhecimentos sobre o cuidado de urg\u00eancia em sa\u00fade, a Prefeitura de Manaus promoveu, na tarde desta sexta-feira, 25\/8, a I Jornada de Pr\u00e1ticas Avan\u00e7adas de Enfermagem no Atendimento Pr\u00e9-Hospitalar. Coordenada pelo Servi\u00e7o de Atendimento M\u00f3vel de Urg\u00eancia (Samu 192), da Secretaria Municipal de Sa\u00fade (Semsa), a atividade ocorreu no audit\u00f3rio da Escola Superior de Ci\u00eancias da Sa\u00fade (ESA) da Universidade do Estado do Amazonas (UEA), no bairro Cachoeirinha, zona Sul.","inLanguage":"pt-BR","potentialAction":[{"@type":"ReadAction","target":["https:\/\/www.manaus.am.gov.br\/semsa\/prefeitura-enfoca-enfermagem-pre-hospitalar-em-programacao-de-palestras-promovida-pelo-samu-192\/"]}]},{"@type":"ImageObject","inLanguage":"pt-BR","@id":"https:\/\/www.manaus.am.gov.br\/semsa\/prefeitura-enfoca-enfermagem-pre-hospitalar-em-programacao-de-palestras-promovida-pelo-samu-192\/#primaryimage","url":"https:\/\/www.manaus.am.gov.br\/semsa\/wp-content\/uploads\/sites\/8\/2023\/08\/25AGO2023_JORNADA-DE-PRATICAS-AVANCADAS-DE-ENFERMAGEM-14.jpg","contentUrl":"https:\/\/www.manaus.am.gov.br\/semsa\/wp-content\/uploads\/sites\/8\/2023\/08\/25AGO2023_JORNADA-DE-PRATICAS-AVANCADAS-DE-ENFERMAGEM-14.jpg","width":2400,"height":1600},{"@type":"WebSite","@id":"https:\/\/www.manaus.am.gov.br\/semsa\/#website","url":"https:\/\/www.manaus.am.gov.br\/semsa\/","name":"SEMSA","description":"Secretaria Municipal de Sa\u00fade","alternateName":"Secretaria Municipal de Sa\u00fade","potentialAction":[{"@type":"SearchAction","target":{"@type":"EntryPoint","urlTemplate":"https:\/\/www.manaus.am.gov.br\/semsa\/?s={search_term_string}"},"query-input":"required name=search_term_string"}],"inLanguage":"pt-BR"},{"@type":"Person","@id":"https:\/\/www.manaus.am.gov.br\/semsa\/#\/schema\/person\/05d223aea2bf115f9883a6ff3683d81b","name":"Bruna Greco","image":{"@type":"ImageObject","inLanguage":"pt-BR","@id":"https:\/\/www.manaus.am.gov.br\/semsa\/#\/schema\/person\/image\/","url":"https:\/\/secure.gravatar.com\/avatar\/9c877d1a6adc2a055330e5c09a8653ce?s=96&d=mm&r=g","contentUrl":"https:\/\/secure.gravatar.com\/avatar\/9c877d1a6adc2a055330e5c09a8653ce?s=96&d=mm&r=g","caption":"Bruna Greco"}}]}},"_links":{"self":[{"href":"https:\/\/www.manaus.am.gov.br\/semsa\/wp-json\/wp\/v2\/posts\/212830"}],"collection":[{"href":"https:\/\/www.manaus.am.gov.br\/semsa\/wp-json\/wp\/v2\/posts"}],"about":[{"href":"https:\/\/www.manaus.am.gov.br\/semsa\/wp-json\/wp\/v2\/types\/post"}],"author":[{"embeddable":true,"href":"https:\/\/www.manaus.am.gov.br\/semsa\/wp-json\/wp\/v2\/users\/39"}],"replies":[{"embeddable":true,"href":"https:\/\/www.manaus.am.gov.br\/semsa\/wp-json\/wp\/v2\/comments?post=212830"}],"version-history":[{"count":0,"href":"https:\/\/www.manaus.am.gov.br\/semsa\/wp-json\/wp\/v2\/posts\/212830\/revisions"}],"wp:featuredmedia":[{"embeddable":true,"href":"https:\/\/www.manaus.am.gov.br\/semsa\/wp-json\/wp\/v2\/media\/212831"}],"wp:attachment":[{"href":"https:\/\/www.manaus.am.gov.br\/semsa\/wp-json\/wp\/v2\/media?parent=212830"}],"wp:term":[{"taxonomy":"category","embeddable":true,"href":"https:\/\/www.manaus.am.gov.br\/semsa\/wp-json\/wp\/v2\/categories?post=212830"},{"taxonomy":"post_tag","embeddable":true,"href":"https:\/\/www.manaus.am.gov.br\/semsa\/wp-json\/wp\/v2\/tags?post=212830"}],"curies":[{"name":"wp","href":"https:\/\/api.w.org\/{rel}","templated":true}]}}