{"id":212803,"date":"2023-08-18T17:51:10","date_gmt":"2023-08-18T21:51:10","guid":{"rendered":"https:\/\/www.manaus.am.gov.br\/semsa\/profissionais-de-saude-da-prefeitura-discutem-violencia-obstetrica-com-alunos-de-medicina-da-ufam\/"},"modified":"2023-08-18T17:51:12","modified_gmt":"2023-08-18T21:51:12","slug":"profissionais-de-saude-da-prefeitura-discutem-violencia-obstetrica-com-alunos-de-medicina-da-ufam","status":"publish","type":"post","link":"https:\/\/www.manaus.am.gov.br\/semsa\/profissionais-de-saude-da-prefeitura-discutem-violencia-obstetrica-com-alunos-de-medicina-da-ufam\/","title":{"rendered":"<strong>Profissionais de sa\u00fade da prefeitura discutem viol\u00eancia obst\u00e9trica com alunos de Medicina da Ufam<\/strong>"},"content":{"rendered":"\n<p>Profissionais de sa\u00fade da Prefeitura de Manaus participaram de uma roda de conversa sobre viol\u00eancia obst\u00e9trica com alunos da Faculdade de Medicina da Universidade Federal do Amazonas (Ufam), na tarde desta sexta-feira, 18\/8, no audit\u00f3rio Dr. Zerbini, no Centro, zona Sul. A atividade foi realizada pela Secretaria Municipal de Sa\u00fade (Semsa), em parceria com a Ufam, tendo como mote o Dia da Gestante, comemorado no dia 15 de agosto, e a campanha Agosto Lil\u00e1s, de combate \u00e0 viol\u00eancia contra a mulher.<\/p>\n\n\n\n<p>Conforme a chefe da Divis\u00e3o de Aten\u00e7\u00e3o \u00e0 Sa\u00fade da Mulher da Semsa, L\u00facia Freitas, a viol\u00eancia obst\u00e9trica consiste no abuso f\u00edsico, verbal ou sexual cometido durante o atendimento da mulher no per\u00edodo que vai do pr\u00e9-natal ao puerp\u00e9rio. A tem\u00e1tica foi escolhida para o bate-papo com os universit\u00e1rios por conta da campanha anual que evidencia as formas de viol\u00eancia que atingem a popula\u00e7\u00e3o feminina.<\/p>\n\n\n\n<p>\u201cNosso foco no Agosto Lil\u00e1s \u00e9 a viol\u00eancia obst\u00e9trica, e o objetivo \u00e9 j\u00e1 sensibilizar os futuros profissionais, que est\u00e3o estudando no momento e que em breve estar\u00e3o atendendo nossas gr\u00e1vidas na maternidade, para que eles conhe\u00e7am essa realidade\u201d, apontou L\u00facia, informando que a atividade tamb\u00e9m teve a participa\u00e7\u00e3o de gestantes assistidas no pr\u00e9-natal em unidades do Distrito de Sa\u00fade Sul da Semsa.<\/p>\n\n\n\n<p>Uma das facilitadoras do encontro, a t\u00e9cnica da Divis\u00e3o de Aten\u00e7\u00e3o \u00e0 Sa\u00fade da Mulher, Gerda Coelho, explicou que a proposta da atividade foi a de possibilitar uma troca efetiva de informa\u00e7\u00f5es e ideias entre os profissionais de sa\u00fade, universit\u00e1rios e gestantes participantes.<\/p>\n\n\n\n<p>\u201cMais do que uma roda de conversa, \u00e9 uma roda de escuta. Buscamos tamb\u00e9m saber o que eles conhecem sobre o tema, o que as gestantes conhecem sobre o tema. Queremos ouvir as d\u00favidas que eles t\u00eam sobre a tem\u00e1tica e esperamos elucidar todas elas\u201d, afirmou.<\/p>\n\n\n\n<p>Com quase sete meses de gravidez, a assistente social Anne Caroline Ara\u00fajo foi uma das gestantes acompanhadas na rede municipal de sa\u00fade que participaram do encontro. Ela pontuou a import\u00e2ncia das mulheres em gesta\u00e7\u00e3o conhecerem melhor sobre a viol\u00eancia obst\u00e9trica e suas formas.<\/p>\n\n\n\n<p>\u201cMuitas vezes ela passa despercebida, muitas mulheres n\u00e3o entendem que est\u00e3o sendo violentadas, sofrendo viol\u00eancia psicol\u00f3gica durante a gesta\u00e7\u00e3o. Da\u00ed a import\u00e2ncia de toda mulher que esteja vivendo esse momento conhecer melhor sobre essa tem\u00e1tica\u201d, assinala.<\/p>\n\n\n\n<p>Gerda salienta que o di\u00e1logo com profissionais que j\u00e1 atuam na \u00e1rea da sa\u00fade \u00e9 importante para que os universit\u00e1rios conhe\u00e7am melhor as pr\u00e1ticas do segmento e as condutas preconizadas pelos \u00f3rg\u00e3os de sa\u00fade. O objetivo maior, conforme a t\u00e9cnica, \u00e9 reduzir os \u00edndices de viol\u00eancia obst\u00e9trica no Sistema \u00danico de Sa\u00fade (SUS) em Manaus.<\/p>\n\n\n\n<p>\u201c\u00c9 um objetivo bem ousado, mas eu acho que, se cada um fizer uma a\u00e7\u00e3o semelhante, aos poucos a gente vai conseguindo minimizar esse problema\u201d, conclui.<\/p>\n\n\n\n<p>&#8212; &#8212; &#8212;&nbsp;<\/p>\n\n\n\n<p><strong>Texto<\/strong> &#8211; Jony Clay Borges \/ Semsa<\/p>\n\n\n\n<p><strong>Fotos<\/strong> &#8211; Artur Barbosa \/ Semsa<\/p>\n\n\n\n<p><strong>Dispon\u00edveis em \u2013 <\/strong><a href=\"https:\/\/flic.kr\/s\/aHBqjARxKE\">https:\/\/flic.kr\/s\/aHBqjARxKE<\/a><\/p>\n","protected":false},"excerpt":{"rendered":"","protected":false},"author":39,"featured_media":212804,"comment_status":"closed","ping_status":"closed","sticky":false,"template":"","format":"standard","meta":{"footnotes":""},"categories":[16],"tags":[1477,1502,1503,1504,54,1102,28,731],"acf":[],"yoast_head":"<!-- This site is optimized with the Yoast SEO plugin v23.0 - https:\/\/yoast.com\/wordpress\/plugins\/seo\/ -->\n<title>Profissionais de sa\u00fade da prefeitura discutem viol\u00eancia obst\u00e9trica com alunos de Medicina da Ufam<\/title>\n<meta name=\"description\" content=\"A atividade foi realizada pela Secretaria Municipal de Sa\u00fade (Semsa), em parceria com a Ufam, tendo como mote o Dia da Gestante, comemorado no dia 15 de agosto, e a campanha Agosto Lil\u00e1s, de combate \u00e0 viol\u00eancia contra a mulher.\" \/>\n<meta name=\"robots\" content=\"index, follow, max-snippet:-1, max-image-preview:large, max-video-preview:-1\" \/>\n<link rel=\"canonical\" href=\"https:\/\/www.manaus.am.gov.br\/semsa\/profissionais-de-saude-da-prefeitura-discutem-violencia-obstetrica-com-alunos-de-medicina-da-ufam\/\" \/>\n<meta property=\"og:locale\" content=\"pt_BR\" \/>\n<meta property=\"og:type\" content=\"article\" \/>\n<meta property=\"og:title\" content=\"Profissionais de sa\u00fade da prefeitura discutem viol\u00eancia obst\u00e9trica com alunos de Medicina da Ufam\" \/>\n<meta property=\"og:description\" content=\"A atividade foi realizada pela Secretaria Municipal de Sa\u00fade (Semsa), em parceria com a Ufam, tendo como mote o Dia da Gestante, comemorado no dia 15 de agosto, e a campanha Agosto Lil\u00e1s, de combate \u00e0 viol\u00eancia contra a mulher.\" \/>\n<meta property=\"og:url\" content=\"https:\/\/www.manaus.am.gov.br\/semsa\/profissionais-de-saude-da-prefeitura-discutem-violencia-obstetrica-com-alunos-de-medicina-da-ufam\/\" \/>\n<meta property=\"og:site_name\" content=\"SEMSA\" \/>\n<meta property=\"article:published_time\" content=\"2023-08-18T21:51:10+00:00\" \/>\n<meta property=\"article:modified_time\" content=\"2023-08-18T21:51:12+00:00\" \/>\n<meta property=\"og:image\" content=\"https:\/\/www.manaus.am.gov.br\/semsa\/wp-content\/uploads\/sites\/8\/2023\/08\/53126126540_da6a011e34_h.jpg\" \/>\n\t<meta property=\"og:image:width\" content=\"1600\" \/>\n\t<meta property=\"og:image:height\" content=\"1092\" \/>\n\t<meta property=\"og:image:type\" content=\"image\/jpeg\" \/>\n<meta name=\"author\" content=\"Bruna Greco\" \/>\n<meta name=\"twitter:card\" content=\"summary_large_image\" \/>\n<meta name=\"twitter:label1\" content=\"Written by\" \/>\n\t<meta name=\"twitter:data1\" content=\"Bruna Greco\" \/>\n\t<meta name=\"twitter:label2\" content=\"Est. reading time\" \/>\n\t<meta name=\"twitter:data2\" content=\"3 minutos\" \/>\n<script type=\"application\/ld+json\" class=\"yoast-schema-graph\">{\"@context\":\"https:\/\/schema.org\",\"@graph\":[{\"@type\":\"WebPage\",\"@id\":\"https:\/\/www.manaus.am.gov.br\/semsa\/profissionais-de-saude-da-prefeitura-discutem-violencia-obstetrica-com-alunos-de-medicina-da-ufam\/\",\"url\":\"https:\/\/www.manaus.am.gov.br\/semsa\/profissionais-de-saude-da-prefeitura-discutem-violencia-obstetrica-com-alunos-de-medicina-da-ufam\/\",\"name\":\"Profissionais de sa\u00fade da prefeitura discutem viol\u00eancia obst\u00e9trica com alunos de Medicina da Ufam\",\"isPartOf\":{\"@id\":\"https:\/\/www.manaus.am.gov.br\/semsa\/#website\"},\"primaryImageOfPage\":{\"@id\":\"https:\/\/www.manaus.am.gov.br\/semsa\/profissionais-de-saude-da-prefeitura-discutem-violencia-obstetrica-com-alunos-de-medicina-da-ufam\/#primaryimage\"},\"image\":{\"@id\":\"https:\/\/www.manaus.am.gov.br\/semsa\/profissionais-de-saude-da-prefeitura-discutem-violencia-obstetrica-com-alunos-de-medicina-da-ufam\/#primaryimage\"},\"thumbnailUrl\":\"https:\/\/www.manaus.am.gov.br\/semsa\/wp-content\/uploads\/sites\/8\/2023\/08\/53126126540_da6a011e34_h.jpg\",\"datePublished\":\"2023-08-18T21:51:10+00:00\",\"dateModified\":\"2023-08-18T21:51:12+00:00\",\"author\":{\"@id\":\"https:\/\/www.manaus.am.gov.br\/semsa\/#\/schema\/person\/05d223aea2bf115f9883a6ff3683d81b\"},\"description\":\"A atividade foi realizada pela Secretaria Municipal de Sa\u00fade (Semsa), em parceria com a Ufam, tendo como mote o Dia da Gestante, comemorado no dia 15 de agosto, e a campanha Agosto Lil\u00e1s, de combate \u00e0 viol\u00eancia contra a mulher.\",\"inLanguage\":\"pt-BR\",\"potentialAction\":[{\"@type\":\"ReadAction\",\"target\":[\"https:\/\/www.manaus.am.gov.br\/semsa\/profissionais-de-saude-da-prefeitura-discutem-violencia-obstetrica-com-alunos-de-medicina-da-ufam\/\"]}]},{\"@type\":\"ImageObject\",\"inLanguage\":\"pt-BR\",\"@id\":\"https:\/\/www.manaus.am.gov.br\/semsa\/profissionais-de-saude-da-prefeitura-discutem-violencia-obstetrica-com-alunos-de-medicina-da-ufam\/#primaryimage\",\"url\":\"https:\/\/www.manaus.am.gov.br\/semsa\/wp-content\/uploads\/sites\/8\/2023\/08\/53126126540_da6a011e34_h.jpg\",\"contentUrl\":\"https:\/\/www.manaus.am.gov.br\/semsa\/wp-content\/uploads\/sites\/8\/2023\/08\/53126126540_da6a011e34_h.jpg\",\"width\":1600,\"height\":1092},{\"@type\":\"WebSite\",\"@id\":\"https:\/\/www.manaus.am.gov.br\/semsa\/#website\",\"url\":\"https:\/\/www.manaus.am.gov.br\/semsa\/\",\"name\":\"SEMSA\",\"description\":\"Secretaria Municipal de Sa\u00fade\",\"alternateName\":\"Secretaria Municipal de Sa\u00fade\",\"potentialAction\":[{\"@type\":\"SearchAction\",\"target\":{\"@type\":\"EntryPoint\",\"urlTemplate\":\"https:\/\/www.manaus.am.gov.br\/semsa\/?s={search_term_string}\"},\"query-input\":\"required name=search_term_string\"}],\"inLanguage\":\"pt-BR\"},{\"@type\":\"Person\",\"@id\":\"https:\/\/www.manaus.am.gov.br\/semsa\/#\/schema\/person\/05d223aea2bf115f9883a6ff3683d81b\",\"name\":\"Bruna Greco\",\"image\":{\"@type\":\"ImageObject\",\"inLanguage\":\"pt-BR\",\"@id\":\"https:\/\/www.manaus.am.gov.br\/semsa\/#\/schema\/person\/image\/\",\"url\":\"https:\/\/secure.gravatar.com\/avatar\/9c877d1a6adc2a055330e5c09a8653ce?s=96&d=mm&r=g\",\"contentUrl\":\"https:\/\/secure.gravatar.com\/avatar\/9c877d1a6adc2a055330e5c09a8653ce?s=96&d=mm&r=g\",\"caption\":\"Bruna Greco\"}}]}<\/script>\n<!-- \/ Yoast SEO plugin. -->","yoast_head_json":{"title":"Profissionais de sa\u00fade da prefeitura discutem viol\u00eancia obst\u00e9trica com alunos de Medicina da Ufam","description":"A atividade foi realizada pela Secretaria Municipal de Sa\u00fade (Semsa), em parceria com a Ufam, tendo como mote o Dia da Gestante, comemorado no dia 15 de agosto, e a campanha Agosto Lil\u00e1s, de combate \u00e0 viol\u00eancia contra a mulher.","robots":{"index":"index","follow":"follow","max-snippet":"max-snippet:-1","max-image-preview":"max-image-preview:large","max-video-preview":"max-video-preview:-1"},"canonical":"https:\/\/www.manaus.am.gov.br\/semsa\/profissionais-de-saude-da-prefeitura-discutem-violencia-obstetrica-com-alunos-de-medicina-da-ufam\/","og_locale":"pt_BR","og_type":"article","og_title":"Profissionais de sa\u00fade da prefeitura discutem viol\u00eancia obst\u00e9trica com alunos de Medicina da Ufam","og_description":"A atividade foi realizada pela Secretaria Municipal de Sa\u00fade (Semsa), em parceria com a Ufam, tendo como mote o Dia da Gestante, comemorado no dia 15 de agosto, e a campanha Agosto Lil\u00e1s, de combate \u00e0 viol\u00eancia contra a mulher.","og_url":"https:\/\/www.manaus.am.gov.br\/semsa\/profissionais-de-saude-da-prefeitura-discutem-violencia-obstetrica-com-alunos-de-medicina-da-ufam\/","og_site_name":"SEMSA","article_published_time":"2023-08-18T21:51:10+00:00","article_modified_time":"2023-08-18T21:51:12+00:00","og_image":[{"width":1600,"height":1092,"url":"https:\/\/www.manaus.am.gov.br\/semsa\/wp-content\/uploads\/sites\/8\/2023\/08\/53126126540_da6a011e34_h.jpg","type":"image\/jpeg"}],"author":"Bruna Greco","twitter_card":"summary_large_image","twitter_misc":{"Written by":"Bruna Greco","Est. reading time":"3 minutos"},"schema":{"@context":"https:\/\/schema.org","@graph":[{"@type":"WebPage","@id":"https:\/\/www.manaus.am.gov.br\/semsa\/profissionais-de-saude-da-prefeitura-discutem-violencia-obstetrica-com-alunos-de-medicina-da-ufam\/","url":"https:\/\/www.manaus.am.gov.br\/semsa\/profissionais-de-saude-da-prefeitura-discutem-violencia-obstetrica-com-alunos-de-medicina-da-ufam\/","name":"Profissionais de sa\u00fade da prefeitura discutem viol\u00eancia obst\u00e9trica com alunos de Medicina da Ufam","isPartOf":{"@id":"https:\/\/www.manaus.am.gov.br\/semsa\/#website"},"primaryImageOfPage":{"@id":"https:\/\/www.manaus.am.gov.br\/semsa\/profissionais-de-saude-da-prefeitura-discutem-violencia-obstetrica-com-alunos-de-medicina-da-ufam\/#primaryimage"},"image":{"@id":"https:\/\/www.manaus.am.gov.br\/semsa\/profissionais-de-saude-da-prefeitura-discutem-violencia-obstetrica-com-alunos-de-medicina-da-ufam\/#primaryimage"},"thumbnailUrl":"https:\/\/www.manaus.am.gov.br\/semsa\/wp-content\/uploads\/sites\/8\/2023\/08\/53126126540_da6a011e34_h.jpg","datePublished":"2023-08-18T21:51:10+00:00","dateModified":"2023-08-18T21:51:12+00:00","author":{"@id":"https:\/\/www.manaus.am.gov.br\/semsa\/#\/schema\/person\/05d223aea2bf115f9883a6ff3683d81b"},"description":"A atividade foi realizada pela Secretaria Municipal de Sa\u00fade (Semsa), em parceria com a Ufam, tendo como mote o Dia da Gestante, comemorado no dia 15 de agosto, e a campanha Agosto Lil\u00e1s, de combate \u00e0 viol\u00eancia contra a mulher.","inLanguage":"pt-BR","potentialAction":[{"@type":"ReadAction","target":["https:\/\/www.manaus.am.gov.br\/semsa\/profissionais-de-saude-da-prefeitura-discutem-violencia-obstetrica-com-alunos-de-medicina-da-ufam\/"]}]},{"@type":"ImageObject","inLanguage":"pt-BR","@id":"https:\/\/www.manaus.am.gov.br\/semsa\/profissionais-de-saude-da-prefeitura-discutem-violencia-obstetrica-com-alunos-de-medicina-da-ufam\/#primaryimage","url":"https:\/\/www.manaus.am.gov.br\/semsa\/wp-content\/uploads\/sites\/8\/2023\/08\/53126126540_da6a011e34_h.jpg","contentUrl":"https:\/\/www.manaus.am.gov.br\/semsa\/wp-content\/uploads\/sites\/8\/2023\/08\/53126126540_da6a011e34_h.jpg","width":1600,"height":1092},{"@type":"WebSite","@id":"https:\/\/www.manaus.am.gov.br\/semsa\/#website","url":"https:\/\/www.manaus.am.gov.br\/semsa\/","name":"SEMSA","description":"Secretaria Municipal de Sa\u00fade","alternateName":"Secretaria Municipal de Sa\u00fade","potentialAction":[{"@type":"SearchAction","target":{"@type":"EntryPoint","urlTemplate":"https:\/\/www.manaus.am.gov.br\/semsa\/?s={search_term_string}"},"query-input":"required name=search_term_string"}],"inLanguage":"pt-BR"},{"@type":"Person","@id":"https:\/\/www.manaus.am.gov.br\/semsa\/#\/schema\/person\/05d223aea2bf115f9883a6ff3683d81b","name":"Bruna Greco","image":{"@type":"ImageObject","inLanguage":"pt-BR","@id":"https:\/\/www.manaus.am.gov.br\/semsa\/#\/schema\/person\/image\/","url":"https:\/\/secure.gravatar.com\/avatar\/9c877d1a6adc2a055330e5c09a8653ce?s=96&d=mm&r=g","contentUrl":"https:\/\/secure.gravatar.com\/avatar\/9c877d1a6adc2a055330e5c09a8653ce?s=96&d=mm&r=g","caption":"Bruna Greco"}}]}},"_links":{"self":[{"href":"https:\/\/www.manaus.am.gov.br\/semsa\/wp-json\/wp\/v2\/posts\/212803"}],"collection":[{"href":"https:\/\/www.manaus.am.gov.br\/semsa\/wp-json\/wp\/v2\/posts"}],"about":[{"href":"https:\/\/www.manaus.am.gov.br\/semsa\/wp-json\/wp\/v2\/types\/post"}],"author":[{"embeddable":true,"href":"https:\/\/www.manaus.am.gov.br\/semsa\/wp-json\/wp\/v2\/users\/39"}],"replies":[{"embeddable":true,"href":"https:\/\/www.manaus.am.gov.br\/semsa\/wp-json\/wp\/v2\/comments?post=212803"}],"version-history":[{"count":0,"href":"https:\/\/www.manaus.am.gov.br\/semsa\/wp-json\/wp\/v2\/posts\/212803\/revisions"}],"wp:featuredmedia":[{"embeddable":true,"href":"https:\/\/www.manaus.am.gov.br\/semsa\/wp-json\/wp\/v2\/media\/212804"}],"wp:attachment":[{"href":"https:\/\/www.manaus.am.gov.br\/semsa\/wp-json\/wp\/v2\/media?parent=212803"}],"wp:term":[{"taxonomy":"category","embeddable":true,"href":"https:\/\/www.manaus.am.gov.br\/semsa\/wp-json\/wp\/v2\/categories?post=212803"},{"taxonomy":"post_tag","embeddable":true,"href":"https:\/\/www.manaus.am.gov.br\/semsa\/wp-json\/wp\/v2\/tags?post=212803"}],"curies":[{"name":"wp","href":"https:\/\/api.w.org\/{rel}","templated":true}]}}