{"id":212772,"date":"2023-08-12T09:54:09","date_gmt":"2023-08-12T13:54:09","guid":{"rendered":"https:\/\/www.manaus.am.gov.br\/semsa\/prefeitura-convoca-candidatos-aprovados-no-processo-seletivo-simplificado-para-vacinadores\/"},"modified":"2023-08-12T09:54:11","modified_gmt":"2023-08-12T13:54:11","slug":"prefeitura-convoca-candidatos-aprovados-no-processo-seletivo-simplificado-para-vacinadores","status":"publish","type":"post","link":"https:\/\/www.manaus.am.gov.br\/semsa\/prefeitura-convoca-candidatos-aprovados-no-processo-seletivo-simplificado-para-vacinadores\/","title":{"rendered":"<strong>Prefeitura convoca candidatos aprovados no Processo Seletivo Simplificado para vacinadores<\/strong>"},"content":{"rendered":"\n<p>A Prefeitura de Manaus, por meio da Secretaria Municipal de Sa\u00fade (Semsa), divulgou a homologa\u00e7\u00e3o do resultado final e a convoca\u00e7\u00e3o dos 250 candidatos classificados no Processo Seletivo Simplificado n\u00ba 001\/2023. Os selecionados ir\u00e3o atuar como vacinadores\/registradores em regime tempor\u00e1rio na Campanha de Vacina\u00e7\u00e3o Antirr\u00e1bica, com in\u00edcio programado para o pr\u00f3ximo dia 11\/9.<\/p>\n\n\n\n<p>O resultado final do PSS est\u00e1 dispon\u00edvel no Di\u00e1rio Oficial de Manaus (DOM), publicado na sexta-feira, 11\/8, e pode ser acessado pelo site&nbsp;<a href=\"http:\/\/semsa.manaus.am.gov.br\/\" target=\"_blank\" rel=\"noreferrer noopener\">semsa.manaus.am.gov.br<\/a>, diretamente pelo link<\/p>\n\n\n\n<p><a href=\"https:\/\/semsa.manaus.am.gov.br\/servico_cidadao\/?t=concursos.\">https:\/\/semsa.manaus.am.gov.br\/servico_cidadao\/?t=concursos.<\/a><\/p>\n\n\n\n<p>Para dar seguimento ao processo de contrata\u00e7\u00e3o, os candidatos devem realizar seu cadastro incluindo a documenta\u00e7\u00e3o solicitada (conforme anexo I do edital), no site da Semsa por meio do link&nbsp;<a href=\"https:\/\/pssemsa.manaus.am.gov.br\/\" target=\"_blank\" rel=\"noreferrer noopener\">https:\/\/pssemsa.manaus.am.gov.br\/<\/a>, para an\u00e1lise do setor respons\u00e1vel.<\/p>\n\n\n\n<p>Imediatamente ap\u00f3s a devida finaliza\u00e7\u00e3o do cadastro, inclus\u00e3o dos documentos no hotsite e, com os exames solicitados, os candidatos dever\u00e3o comparecer, munidos do documento de identidade e CPF, no per\u00edodo de 14\/8 (pr\u00f3xima segunda-feira), a 28\/8, no audit\u00f3rio da Semsa, na avenida Macei\u00f3, s\/n\u00ba, bairro Adrian\u00f3polis, na zona Centro-Sul de Manaus, no hor\u00e1rio das 8h \u00e0s 12h, para orienta\u00e7\u00f5es quanto aos procedimentos pr\u00e9-admissionais.<\/p>\n\n\n\n<p>A diretora de Gest\u00e3o e da Regula\u00e7\u00e3o do Trabalho em Sa\u00fade, Mircleide Santana, refor\u00e7a aos candidatos que fiquem atentos aos prazos e aos documentos necess\u00e1rios para a contrata\u00e7\u00e3o.<\/p>\n\n\n\n<p>\u201c\u00c9 fundamental que os candidatos fa\u00e7am o seu cadastro de forma correta para que a contrata\u00e7\u00e3o seja realizada. Qualquer d\u00favida, basta consultar o edital. \u00c9 importante refor\u00e7ar tamb\u00e9m que eles devem comparecer das 8h \u00e0s 12h na sede da Semsa para a entrega da documenta\u00e7\u00e3o e exames\u201d, disse.<\/p>\n\n\n\n<p>Ap\u00f3s esta fase de entrega de documenta\u00e7\u00e3o e contrata\u00e7\u00e3o, os candidatos aprovados ser\u00e3o treinados pelo Centro de Controle de Zoonoses (CCZ), para iniciarem as atividades.<\/p>\n\n\n\n<p>&#8212; &#8212; &#8212;&nbsp;<\/p>\n\n\n\n<p><strong>Texto &#8211;<\/strong>\u00a0T\u00e2nia Brand\u00e3o \/ Semsa<\/p>\n\n\n\n<p><strong>Fotos &#8211;<\/strong>\u00a0Divulga\u00e7\u00e3o \/ Semsa<\/p>\n","protected":false},"excerpt":{"rendered":"","protected":false},"author":24,"featured_media":212773,"comment_status":"closed","ping_status":"closed","sticky":false,"template":"","format":"standard","meta":{"footnotes":""},"categories":[377],"tags":[441,1413,1114,324,54,1453,1454,1455,55,28,1456],"acf":[],"yoast_head":"<!-- This site is optimized with the Yoast SEO plugin v23.0 - https:\/\/yoast.com\/wordpress\/plugins\/seo\/ -->\n<title>Prefeitura convoca candidatos aprovados no Processo Seletivo Simplificado para vacinadores - SEMSA<\/title>\n<meta name=\"description\" content=\"A Prefeitura de Manaus, por meio da Secretaria Municipal de Sa\u00fade (Semsa), divulgou a homologa\u00e7\u00e3o do resultado final e a convoca\u00e7\u00e3o dos 250 candidatos classificados no Processo Seletivo Simplificado n\u00ba 001\/2023.\" \/>\n<meta name=\"robots\" content=\"index, follow, max-snippet:-1, max-image-preview:large, max-video-preview:-1\" \/>\n<link rel=\"canonical\" href=\"https:\/\/www.manaus.am.gov.br\/semsa\/prefeitura-convoca-candidatos-aprovados-no-processo-seletivo-simplificado-para-vacinadores\/\" \/>\n<meta property=\"og:locale\" content=\"pt_BR\" \/>\n<meta property=\"og:type\" content=\"article\" \/>\n<meta property=\"og:title\" content=\"Prefeitura convoca candidatos aprovados no Processo Seletivo Simplificado para vacinadores - SEMSA\" \/>\n<meta property=\"og:description\" content=\"A Prefeitura de Manaus, por meio da Secretaria Municipal de Sa\u00fade (Semsa), divulgou a homologa\u00e7\u00e3o do resultado final e a convoca\u00e7\u00e3o dos 250 candidatos classificados no Processo Seletivo Simplificado n\u00ba 001\/2023.\" \/>\n<meta property=\"og:url\" content=\"https:\/\/www.manaus.am.gov.br\/semsa\/prefeitura-convoca-candidatos-aprovados-no-processo-seletivo-simplificado-para-vacinadores\/\" \/>\n<meta property=\"og:site_name\" content=\"SEMSA\" \/>\n<meta property=\"article:published_time\" content=\"2023-08-12T13:54:09+00:00\" \/>\n<meta property=\"article:modified_time\" content=\"2023-08-12T13:54:11+00:00\" \/>\n<meta property=\"og:image\" content=\"https:\/\/www.manaus.am.gov.br\/semsa\/wp-content\/uploads\/sites\/8\/2023\/08\/Agosto-11_Convocacao-Vacinadores-1.jpg\" \/>\n\t<meta property=\"og:image:width\" content=\"2270\" \/>\n\t<meta property=\"og:image:height\" content=\"1847\" \/>\n\t<meta property=\"og:image:type\" content=\"image\/jpeg\" \/>\n<meta name=\"author\" content=\"Cl\u00e1udia Barbosa\" \/>\n<meta name=\"twitter:card\" content=\"summary_large_image\" \/>\n<meta name=\"twitter:label1\" content=\"Written by\" \/>\n\t<meta name=\"twitter:data1\" content=\"Cl\u00e1udia Barbosa\" \/>\n\t<meta name=\"twitter:label2\" content=\"Est. reading time\" \/>\n\t<meta name=\"twitter:data2\" content=\"2 minutos\" \/>\n<script type=\"application\/ld+json\" class=\"yoast-schema-graph\">{\"@context\":\"https:\/\/schema.org\",\"@graph\":[{\"@type\":\"WebPage\",\"@id\":\"https:\/\/www.manaus.am.gov.br\/semsa\/prefeitura-convoca-candidatos-aprovados-no-processo-seletivo-simplificado-para-vacinadores\/\",\"url\":\"https:\/\/www.manaus.am.gov.br\/semsa\/prefeitura-convoca-candidatos-aprovados-no-processo-seletivo-simplificado-para-vacinadores\/\",\"name\":\"Prefeitura convoca candidatos aprovados no Processo Seletivo Simplificado para vacinadores - SEMSA\",\"isPartOf\":{\"@id\":\"https:\/\/www.manaus.am.gov.br\/semsa\/#website\"},\"primaryImageOfPage\":{\"@id\":\"https:\/\/www.manaus.am.gov.br\/semsa\/prefeitura-convoca-candidatos-aprovados-no-processo-seletivo-simplificado-para-vacinadores\/#primaryimage\"},\"image\":{\"@id\":\"https:\/\/www.manaus.am.gov.br\/semsa\/prefeitura-convoca-candidatos-aprovados-no-processo-seletivo-simplificado-para-vacinadores\/#primaryimage\"},\"thumbnailUrl\":\"https:\/\/www.manaus.am.gov.br\/semsa\/wp-content\/uploads\/sites\/8\/2023\/08\/Agosto-11_Convocacao-Vacinadores-1.jpg\",\"datePublished\":\"2023-08-12T13:54:09+00:00\",\"dateModified\":\"2023-08-12T13:54:11+00:00\",\"author\":{\"@id\":\"https:\/\/www.manaus.am.gov.br\/semsa\/#\/schema\/person\/d0a166b5031154c33c77794ddc9a827e\"},\"description\":\"A Prefeitura de Manaus, por meio da Secretaria Municipal de Sa\u00fade (Semsa), divulgou a homologa\u00e7\u00e3o do resultado final e a convoca\u00e7\u00e3o dos 250 candidatos classificados no Processo Seletivo Simplificado n\u00ba 001\/2023.\",\"inLanguage\":\"pt-BR\",\"potentialAction\":[{\"@type\":\"ReadAction\",\"target\":[\"https:\/\/www.manaus.am.gov.br\/semsa\/prefeitura-convoca-candidatos-aprovados-no-processo-seletivo-simplificado-para-vacinadores\/\"]}]},{\"@type\":\"ImageObject\",\"inLanguage\":\"pt-BR\",\"@id\":\"https:\/\/www.manaus.am.gov.br\/semsa\/prefeitura-convoca-candidatos-aprovados-no-processo-seletivo-simplificado-para-vacinadores\/#primaryimage\",\"url\":\"https:\/\/www.manaus.am.gov.br\/semsa\/wp-content\/uploads\/sites\/8\/2023\/08\/Agosto-11_Convocacao-Vacinadores-1.jpg\",\"contentUrl\":\"https:\/\/www.manaus.am.gov.br\/semsa\/wp-content\/uploads\/sites\/8\/2023\/08\/Agosto-11_Convocacao-Vacinadores-1.jpg\",\"width\":2270,\"height\":1847},{\"@type\":\"WebSite\",\"@id\":\"https:\/\/www.manaus.am.gov.br\/semsa\/#website\",\"url\":\"https:\/\/www.manaus.am.gov.br\/semsa\/\",\"name\":\"SEMSA\",\"description\":\"Secretaria Municipal de Sa\u00fade\",\"alternateName\":\"Secretaria Municipal de Sa\u00fade\",\"potentialAction\":[{\"@type\":\"SearchAction\",\"target\":{\"@type\":\"EntryPoint\",\"urlTemplate\":\"https:\/\/www.manaus.am.gov.br\/semsa\/?s={search_term_string}\"},\"query-input\":\"required name=search_term_string\"}],\"inLanguage\":\"pt-BR\"},{\"@type\":\"Person\",\"@id\":\"https:\/\/www.manaus.am.gov.br\/semsa\/#\/schema\/person\/d0a166b5031154c33c77794ddc9a827e\",\"name\":\"Cl\u00e1udia Barbosa\",\"image\":{\"@type\":\"ImageObject\",\"inLanguage\":\"pt-BR\",\"@id\":\"https:\/\/www.manaus.am.gov.br\/semsa\/#\/schema\/person\/image\/\",\"url\":\"https:\/\/secure.gravatar.com\/avatar\/42958a1cf007f1a00534009218c72590?s=96&d=mm&r=g\",\"contentUrl\":\"https:\/\/secure.gravatar.com\/avatar\/42958a1cf007f1a00534009218c72590?s=96&d=mm&r=g\",\"caption\":\"Cl\u00e1udia Barbosa\"}}]}<\/script>\n<!-- \/ Yoast SEO plugin. -->","yoast_head_json":{"title":"Prefeitura convoca candidatos aprovados no Processo Seletivo Simplificado para vacinadores - SEMSA","description":"A Prefeitura de Manaus, por meio da Secretaria Municipal de Sa\u00fade (Semsa), divulgou a homologa\u00e7\u00e3o do resultado final e a convoca\u00e7\u00e3o dos 250 candidatos classificados no Processo Seletivo Simplificado n\u00ba 001\/2023.","robots":{"index":"index","follow":"follow","max-snippet":"max-snippet:-1","max-image-preview":"max-image-preview:large","max-video-preview":"max-video-preview:-1"},"canonical":"https:\/\/www.manaus.am.gov.br\/semsa\/prefeitura-convoca-candidatos-aprovados-no-processo-seletivo-simplificado-para-vacinadores\/","og_locale":"pt_BR","og_type":"article","og_title":"Prefeitura convoca candidatos aprovados no Processo Seletivo Simplificado para vacinadores - SEMSA","og_description":"A Prefeitura de Manaus, por meio da Secretaria Municipal de Sa\u00fade (Semsa), divulgou a homologa\u00e7\u00e3o do resultado final e a convoca\u00e7\u00e3o dos 250 candidatos classificados no Processo Seletivo Simplificado n\u00ba 001\/2023.","og_url":"https:\/\/www.manaus.am.gov.br\/semsa\/prefeitura-convoca-candidatos-aprovados-no-processo-seletivo-simplificado-para-vacinadores\/","og_site_name":"SEMSA","article_published_time":"2023-08-12T13:54:09+00:00","article_modified_time":"2023-08-12T13:54:11+00:00","og_image":[{"width":2270,"height":1847,"url":"https:\/\/www.manaus.am.gov.br\/semsa\/wp-content\/uploads\/sites\/8\/2023\/08\/Agosto-11_Convocacao-Vacinadores-1.jpg","type":"image\/jpeg"}],"author":"Cl\u00e1udia Barbosa","twitter_card":"summary_large_image","twitter_misc":{"Written by":"Cl\u00e1udia Barbosa","Est. reading time":"2 minutos"},"schema":{"@context":"https:\/\/schema.org","@graph":[{"@type":"WebPage","@id":"https:\/\/www.manaus.am.gov.br\/semsa\/prefeitura-convoca-candidatos-aprovados-no-processo-seletivo-simplificado-para-vacinadores\/","url":"https:\/\/www.manaus.am.gov.br\/semsa\/prefeitura-convoca-candidatos-aprovados-no-processo-seletivo-simplificado-para-vacinadores\/","name":"Prefeitura convoca candidatos aprovados no Processo Seletivo Simplificado para vacinadores - SEMSA","isPartOf":{"@id":"https:\/\/www.manaus.am.gov.br\/semsa\/#website"},"primaryImageOfPage":{"@id":"https:\/\/www.manaus.am.gov.br\/semsa\/prefeitura-convoca-candidatos-aprovados-no-processo-seletivo-simplificado-para-vacinadores\/#primaryimage"},"image":{"@id":"https:\/\/www.manaus.am.gov.br\/semsa\/prefeitura-convoca-candidatos-aprovados-no-processo-seletivo-simplificado-para-vacinadores\/#primaryimage"},"thumbnailUrl":"https:\/\/www.manaus.am.gov.br\/semsa\/wp-content\/uploads\/sites\/8\/2023\/08\/Agosto-11_Convocacao-Vacinadores-1.jpg","datePublished":"2023-08-12T13:54:09+00:00","dateModified":"2023-08-12T13:54:11+00:00","author":{"@id":"https:\/\/www.manaus.am.gov.br\/semsa\/#\/schema\/person\/d0a166b5031154c33c77794ddc9a827e"},"description":"A Prefeitura de Manaus, por meio da Secretaria Municipal de Sa\u00fade (Semsa), divulgou a homologa\u00e7\u00e3o do resultado final e a convoca\u00e7\u00e3o dos 250 candidatos classificados no Processo Seletivo Simplificado n\u00ba 001\/2023.","inLanguage":"pt-BR","potentialAction":[{"@type":"ReadAction","target":["https:\/\/www.manaus.am.gov.br\/semsa\/prefeitura-convoca-candidatos-aprovados-no-processo-seletivo-simplificado-para-vacinadores\/"]}]},{"@type":"ImageObject","inLanguage":"pt-BR","@id":"https:\/\/www.manaus.am.gov.br\/semsa\/prefeitura-convoca-candidatos-aprovados-no-processo-seletivo-simplificado-para-vacinadores\/#primaryimage","url":"https:\/\/www.manaus.am.gov.br\/semsa\/wp-content\/uploads\/sites\/8\/2023\/08\/Agosto-11_Convocacao-Vacinadores-1.jpg","contentUrl":"https:\/\/www.manaus.am.gov.br\/semsa\/wp-content\/uploads\/sites\/8\/2023\/08\/Agosto-11_Convocacao-Vacinadores-1.jpg","width":2270,"height":1847},{"@type":"WebSite","@id":"https:\/\/www.manaus.am.gov.br\/semsa\/#website","url":"https:\/\/www.manaus.am.gov.br\/semsa\/","name":"SEMSA","description":"Secretaria Municipal de Sa\u00fade","alternateName":"Secretaria Municipal de Sa\u00fade","potentialAction":[{"@type":"SearchAction","target":{"@type":"EntryPoint","urlTemplate":"https:\/\/www.manaus.am.gov.br\/semsa\/?s={search_term_string}"},"query-input":"required name=search_term_string"}],"inLanguage":"pt-BR"},{"@type":"Person","@id":"https:\/\/www.manaus.am.gov.br\/semsa\/#\/schema\/person\/d0a166b5031154c33c77794ddc9a827e","name":"Cl\u00e1udia Barbosa","image":{"@type":"ImageObject","inLanguage":"pt-BR","@id":"https:\/\/www.manaus.am.gov.br\/semsa\/#\/schema\/person\/image\/","url":"https:\/\/secure.gravatar.com\/avatar\/42958a1cf007f1a00534009218c72590?s=96&d=mm&r=g","contentUrl":"https:\/\/secure.gravatar.com\/avatar\/42958a1cf007f1a00534009218c72590?s=96&d=mm&r=g","caption":"Cl\u00e1udia Barbosa"}}]}},"_links":{"self":[{"href":"https:\/\/www.manaus.am.gov.br\/semsa\/wp-json\/wp\/v2\/posts\/212772"}],"collection":[{"href":"https:\/\/www.manaus.am.gov.br\/semsa\/wp-json\/wp\/v2\/posts"}],"about":[{"href":"https:\/\/www.manaus.am.gov.br\/semsa\/wp-json\/wp\/v2\/types\/post"}],"author":[{"embeddable":true,"href":"https:\/\/www.manaus.am.gov.br\/semsa\/wp-json\/wp\/v2\/users\/24"}],"replies":[{"embeddable":true,"href":"https:\/\/www.manaus.am.gov.br\/semsa\/wp-json\/wp\/v2\/comments?post=212772"}],"version-history":[{"count":0,"href":"https:\/\/www.manaus.am.gov.br\/semsa\/wp-json\/wp\/v2\/posts\/212772\/revisions"}],"wp:featuredmedia":[{"embeddable":true,"href":"https:\/\/www.manaus.am.gov.br\/semsa\/wp-json\/wp\/v2\/media\/212773"}],"wp:attachment":[{"href":"https:\/\/www.manaus.am.gov.br\/semsa\/wp-json\/wp\/v2\/media?parent=212772"}],"wp:term":[{"taxonomy":"category","embeddable":true,"href":"https:\/\/www.manaus.am.gov.br\/semsa\/wp-json\/wp\/v2\/categories?post=212772"},{"taxonomy":"post_tag","embeddable":true,"href":"https:\/\/www.manaus.am.gov.br\/semsa\/wp-json\/wp\/v2\/tags?post=212772"}],"curies":[{"name":"wp","href":"https:\/\/api.w.org\/{rel}","templated":true}]}}