{"id":212760,"date":"2023-08-10T11:49:45","date_gmt":"2023-08-10T15:49:45","guid":{"rendered":"https:\/\/www.manaus.am.gov.br\/semsa\/samu-manaus-registrou-mais-de-8-mil-atendimentos-em-acidentes-de-transito-em-sete-meses\/"},"modified":"2023-08-10T13:08:11","modified_gmt":"2023-08-10T17:08:11","slug":"samu-manaus-registrou-mais-de-8-mil-atendimentos-em-acidentes-de-transito-em-sete-meses","status":"publish","type":"post","link":"https:\/\/www.manaus.am.gov.br\/semsa\/samu-manaus-registrou-mais-de-8-mil-atendimentos-em-acidentes-de-transito-em-sete-meses\/","title":{"rendered":"<strong>Samu Manaus registrou mais de 8 mil atendimentos em acidentes de tr\u00e2nsito em sete meses<\/strong>"},"content":{"rendered":"\n<p>O Servi\u00e7o de Atendimento M\u00f3vel de Urg\u00eancia (Samu 192), gerenciado pela Prefeitura de Manaus, registrou mais de 8 mil atendimentos relativos a acidentes de tr\u00e2nsito, no per\u00edodo de janeiro a julho deste ano. Em 2022, durante todo o ano, o servi\u00e7o coordenado pela Secretaria Municipal de Sa\u00fade (Semsa) contabilizou 10,6 mil atendimentos em ocorr\u00eancias automobil\u00edsticas na capital amazonense.<\/p>\n\n\n\n<p>De acordo com dados do Samu Manaus, foram atendidas pelo servi\u00e7o de urg\u00eancia neste ano, at\u00e9 o final de julho, 8.027 ocorr\u00eancias em acidentes de tr\u00e2nsito, das quais 2.526 colis\u00f5es entre carros e motocicletas. Em 2022, foram 10.694 atendimentos, sendo 3.215 a v\u00edtimas de colis\u00f5es&nbsp;carro\/moto.<\/p>\n\n\n\n<p>A diretora do Samu Manaus, Elen Assun\u00e7\u00e3o, pontua que, ao lado dos atendimentos, a gest\u00e3o municipal vem trabalhando para a preven\u00e7\u00e3o de ocorr\u00eancias no tr\u00e2nsito.<\/p>\n\n\n\n<p>\u201cA prefeitura est\u00e1 atuando em campanhas preventivas para sensibilizar a popula\u00e7\u00e3o para evitar acidentes, com orienta\u00e7\u00f5es para motoristas e refor\u00e7o na sinaliza\u00e7\u00e3o do tr\u00e2nsito, por meio do Instituto Municipal de Mobilidade Urbana (IMMU), que \u00e9 nosso parceiro nesse trabalho\u201d, aponta a gestora.<\/p>\n\n\n\n<p>Elen destaca um aumento no n\u00famero de ocorr\u00eancias de tr\u00e2nsito nos sete primeiros meses deste ano, que j\u00e1 se aproxima do total de todo o ano passado. Ela atribui essa eleva\u00e7\u00e3o a uma retomada das atividades da popula\u00e7\u00e3o ap\u00f3s a pandemia de Covid-19.<\/p>\n\n\n\n<p>\u201cDurante boa parte do ano passado ainda havia certa limita\u00e7\u00e3o, muita gente estava ainda trabalhando em&nbsp;<em>home office<\/em>. J\u00e1 neste ano temos muito mais gente nas ruas e no tr\u00e2nsito\u201d, explica a gestora.<\/p>\n\n\n\n<p>Al\u00e9m de&nbsp;colis\u00f5es carro\/moto, outras ocorr\u00eancias atendidas por equipes do Samu envolvendo ve\u00edculos de duas rodas foram quedas de moto, no total de 1.548 atendimentos, e acidentes de moto, de 646. As estat\u00edsticas do servi\u00e7o incluem ainda 1.185 ocorr\u00eancias de colis\u00f5es n\u00e3o especificadas e 235 colis\u00f5es entre carros.<\/p>\n\n\n\n<p><strong>Estrutura<\/strong><\/p>\n\n\n\n<p>O Samu Manaus atua no atendimento de v\u00edtimas de ocorr\u00eancias cl\u00ednicas e traum\u00e1ticas, dentre as quais se incluem as decorrentes dos acidentes de tr\u00e2nsito. O servi\u00e7o de emerg\u00eancia disp\u00f5e de 34 Unidades de Suporte B\u00e1sico (USB) e sete Unidades de Suporte Avan\u00e7ado (USA), al\u00e9m de duas ambul\u00e2ncias fluviais, ou ambulanchas, e dez motol\u00e2ncias.<\/p>\n\n\n\n<p>O servi\u00e7o tem, ainda, em seus quadros 948 servidores, dentre eles enfermeiros, t\u00e9cnicos de enfermagem, m\u00e9dicos, al\u00e9m de condutores de ambul\u00e2ncias, t\u00e9cnicos administrativos e operadores.<\/p>\n\n\n\n<p>&#8212; &#8212; &#8212;<\/p>\n\n\n\n<p><strong>Texto<\/strong>&nbsp;&#8211; Jony Clay Borges \/ Semsa<\/p>\n\n\n\n<p><strong>Fotos &#8211;&nbsp;<\/strong>Divulga\u00e7\u00e3o \/ Semsa<\/p>\n","protected":false},"excerpt":{"rendered":"","protected":false},"author":23,"featured_media":212761,"comment_status":"closed","ping_status":"closed","sticky":false,"template":"","format":"standard","meta":{"footnotes":""},"categories":[107],"tags":[74,1439,54,765,28,1440],"acf":[],"yoast_head":"<!-- This site is optimized with the Yoast SEO plugin v23.0 - https:\/\/yoast.com\/wordpress\/plugins\/seo\/ -->\n<title>Samu Manaus registrou mais de 8 mil atendimentos em acidentes de tr\u00e2nsito em sete meses<\/title>\n<meta name=\"description\" content=\"O Servi\u00e7o de Atendimento M\u00f3vel de Urg\u00eancia (Samu 192), gerenciado pela Prefeitura de Manaus, registrou mais de 8 mil atendimentos relativos a acidentes de tr\u00e2nsito, no per\u00edodo de janeiro a julho deste ano. Em 2022, durante todo o ano, o servi\u00e7o coordenado pela Secretaria Municipal de Sa\u00fade (Semsa) contabilizou 10,6 mil atendimentos em ocorr\u00eancias automobil\u00edsticas na capital amazonense.\" \/>\n<meta name=\"robots\" content=\"index, follow, max-snippet:-1, max-image-preview:large, max-video-preview:-1\" \/>\n<link rel=\"canonical\" href=\"https:\/\/www.manaus.am.gov.br\/semsa\/samu-manaus-registrou-mais-de-8-mil-atendimentos-em-acidentes-de-transito-em-sete-meses\/\" \/>\n<meta property=\"og:locale\" content=\"pt_BR\" \/>\n<meta property=\"og:type\" content=\"article\" \/>\n<meta property=\"og:title\" content=\"Samu Manaus registrou mais de 8 mil atendimentos em acidentes de tr\u00e2nsito em sete meses\" \/>\n<meta property=\"og:description\" content=\"O Servi\u00e7o de Atendimento M\u00f3vel de Urg\u00eancia (Samu 192), gerenciado pela Prefeitura de Manaus, registrou mais de 8 mil atendimentos relativos a acidentes de tr\u00e2nsito, no per\u00edodo de janeiro a julho deste ano. Em 2022, durante todo o ano, o servi\u00e7o coordenado pela Secretaria Municipal de Sa\u00fade (Semsa) contabilizou 10,6 mil atendimentos em ocorr\u00eancias automobil\u00edsticas na capital amazonense.\" \/>\n<meta property=\"og:url\" content=\"https:\/\/www.manaus.am.gov.br\/semsa\/samu-manaus-registrou-mais-de-8-mil-atendimentos-em-acidentes-de-transito-em-sete-meses\/\" \/>\n<meta property=\"og:site_name\" content=\"SEMSA\" \/>\n<meta property=\"article:published_time\" content=\"2023-08-10T15:49:45+00:00\" \/>\n<meta property=\"article:modified_time\" content=\"2023-08-10T17:08:11+00:00\" \/>\n<meta property=\"og:image\" content=\"https:\/\/www.manaus.am.gov.br\/semsa\/wp-content\/uploads\/sites\/8\/2023\/08\/Agosto-09_Estatisticas-Transito-Samu-1.jpg\" \/>\n\t<meta property=\"og:image:width\" content=\"2048\" \/>\n\t<meta property=\"og:image:height\" content=\"1365\" \/>\n\t<meta property=\"og:image:type\" content=\"image\/jpeg\" \/>\n<meta name=\"author\" content=\"Adriana Costa\" \/>\n<meta name=\"twitter:card\" content=\"summary_large_image\" \/>\n<meta name=\"twitter:label1\" content=\"Written by\" \/>\n\t<meta name=\"twitter:data1\" content=\"Adriana Costa\" \/>\n\t<meta name=\"twitter:label2\" content=\"Est. reading time\" \/>\n\t<meta name=\"twitter:data2\" content=\"3 minutos\" \/>\n<script type=\"application\/ld+json\" class=\"yoast-schema-graph\">{\"@context\":\"https:\/\/schema.org\",\"@graph\":[{\"@type\":\"WebPage\",\"@id\":\"https:\/\/www.manaus.am.gov.br\/semsa\/samu-manaus-registrou-mais-de-8-mil-atendimentos-em-acidentes-de-transito-em-sete-meses\/\",\"url\":\"https:\/\/www.manaus.am.gov.br\/semsa\/samu-manaus-registrou-mais-de-8-mil-atendimentos-em-acidentes-de-transito-em-sete-meses\/\",\"name\":\"Samu Manaus registrou mais de 8 mil atendimentos em acidentes de tr\u00e2nsito em sete meses\",\"isPartOf\":{\"@id\":\"https:\/\/www.manaus.am.gov.br\/semsa\/#website\"},\"primaryImageOfPage\":{\"@id\":\"https:\/\/www.manaus.am.gov.br\/semsa\/samu-manaus-registrou-mais-de-8-mil-atendimentos-em-acidentes-de-transito-em-sete-meses\/#primaryimage\"},\"image\":{\"@id\":\"https:\/\/www.manaus.am.gov.br\/semsa\/samu-manaus-registrou-mais-de-8-mil-atendimentos-em-acidentes-de-transito-em-sete-meses\/#primaryimage\"},\"thumbnailUrl\":\"https:\/\/www.manaus.am.gov.br\/semsa\/wp-content\/uploads\/sites\/8\/2023\/08\/Agosto-09_Estatisticas-Transito-Samu-1.jpg\",\"datePublished\":\"2023-08-10T15:49:45+00:00\",\"dateModified\":\"2023-08-10T17:08:11+00:00\",\"author\":{\"@id\":\"https:\/\/www.manaus.am.gov.br\/semsa\/#\/schema\/person\/4e49f4e267757a06ca072ec61b2b9968\"},\"description\":\"O Servi\u00e7o de Atendimento M\u00f3vel de Urg\u00eancia (Samu 192), gerenciado pela Prefeitura de Manaus, registrou mais de 8 mil atendimentos relativos a acidentes de tr\u00e2nsito, no per\u00edodo de janeiro a julho deste ano. Em 2022, durante todo o ano, o servi\u00e7o coordenado pela Secretaria Municipal de Sa\u00fade (Semsa) contabilizou 10,6 mil atendimentos em ocorr\u00eancias automobil\u00edsticas na capital amazonense.\",\"inLanguage\":\"pt-BR\",\"potentialAction\":[{\"@type\":\"ReadAction\",\"target\":[\"https:\/\/www.manaus.am.gov.br\/semsa\/samu-manaus-registrou-mais-de-8-mil-atendimentos-em-acidentes-de-transito-em-sete-meses\/\"]}]},{\"@type\":\"ImageObject\",\"inLanguage\":\"pt-BR\",\"@id\":\"https:\/\/www.manaus.am.gov.br\/semsa\/samu-manaus-registrou-mais-de-8-mil-atendimentos-em-acidentes-de-transito-em-sete-meses\/#primaryimage\",\"url\":\"https:\/\/www.manaus.am.gov.br\/semsa\/wp-content\/uploads\/sites\/8\/2023\/08\/Agosto-09_Estatisticas-Transito-Samu-1.jpg\",\"contentUrl\":\"https:\/\/www.manaus.am.gov.br\/semsa\/wp-content\/uploads\/sites\/8\/2023\/08\/Agosto-09_Estatisticas-Transito-Samu-1.jpg\",\"width\":2048,\"height\":1365},{\"@type\":\"WebSite\",\"@id\":\"https:\/\/www.manaus.am.gov.br\/semsa\/#website\",\"url\":\"https:\/\/www.manaus.am.gov.br\/semsa\/\",\"name\":\"SEMSA\",\"description\":\"Secretaria Municipal de Sa\u00fade\",\"alternateName\":\"Secretaria Municipal de Sa\u00fade\",\"potentialAction\":[{\"@type\":\"SearchAction\",\"target\":{\"@type\":\"EntryPoint\",\"urlTemplate\":\"https:\/\/www.manaus.am.gov.br\/semsa\/?s={search_term_string}\"},\"query-input\":\"required name=search_term_string\"}],\"inLanguage\":\"pt-BR\"},{\"@type\":\"Person\",\"@id\":\"https:\/\/www.manaus.am.gov.br\/semsa\/#\/schema\/person\/4e49f4e267757a06ca072ec61b2b9968\",\"name\":\"Adriana Costa\",\"image\":{\"@type\":\"ImageObject\",\"inLanguage\":\"pt-BR\",\"@id\":\"https:\/\/www.manaus.am.gov.br\/semsa\/#\/schema\/person\/image\/\",\"url\":\"https:\/\/secure.gravatar.com\/avatar\/576258617ef7194f718179e766d57bd4?s=96&d=mm&r=g\",\"contentUrl\":\"https:\/\/secure.gravatar.com\/avatar\/576258617ef7194f718179e766d57bd4?s=96&d=mm&r=g\",\"caption\":\"Adriana Costa\"}}]}<\/script>\n<!-- \/ Yoast SEO plugin. -->","yoast_head_json":{"title":"Samu Manaus registrou mais de 8 mil atendimentos em acidentes de tr\u00e2nsito em sete meses","description":"O Servi\u00e7o de Atendimento M\u00f3vel de Urg\u00eancia (Samu 192), gerenciado pela Prefeitura de Manaus, registrou mais de 8 mil atendimentos relativos a acidentes de tr\u00e2nsito, no per\u00edodo de janeiro a julho deste ano. Em 2022, durante todo o ano, o servi\u00e7o coordenado pela Secretaria Municipal de Sa\u00fade (Semsa) contabilizou 10,6 mil atendimentos em ocorr\u00eancias automobil\u00edsticas na capital amazonense.","robots":{"index":"index","follow":"follow","max-snippet":"max-snippet:-1","max-image-preview":"max-image-preview:large","max-video-preview":"max-video-preview:-1"},"canonical":"https:\/\/www.manaus.am.gov.br\/semsa\/samu-manaus-registrou-mais-de-8-mil-atendimentos-em-acidentes-de-transito-em-sete-meses\/","og_locale":"pt_BR","og_type":"article","og_title":"Samu Manaus registrou mais de 8 mil atendimentos em acidentes de tr\u00e2nsito em sete meses","og_description":"O Servi\u00e7o de Atendimento M\u00f3vel de Urg\u00eancia (Samu 192), gerenciado pela Prefeitura de Manaus, registrou mais de 8 mil atendimentos relativos a acidentes de tr\u00e2nsito, no per\u00edodo de janeiro a julho deste ano. Em 2022, durante todo o ano, o servi\u00e7o coordenado pela Secretaria Municipal de Sa\u00fade (Semsa) contabilizou 10,6 mil atendimentos em ocorr\u00eancias automobil\u00edsticas na capital amazonense.","og_url":"https:\/\/www.manaus.am.gov.br\/semsa\/samu-manaus-registrou-mais-de-8-mil-atendimentos-em-acidentes-de-transito-em-sete-meses\/","og_site_name":"SEMSA","article_published_time":"2023-08-10T15:49:45+00:00","article_modified_time":"2023-08-10T17:08:11+00:00","og_image":[{"width":2048,"height":1365,"url":"https:\/\/www.manaus.am.gov.br\/semsa\/wp-content\/uploads\/sites\/8\/2023\/08\/Agosto-09_Estatisticas-Transito-Samu-1.jpg","type":"image\/jpeg"}],"author":"Adriana Costa","twitter_card":"summary_large_image","twitter_misc":{"Written by":"Adriana Costa","Est. reading time":"3 minutos"},"schema":{"@context":"https:\/\/schema.org","@graph":[{"@type":"WebPage","@id":"https:\/\/www.manaus.am.gov.br\/semsa\/samu-manaus-registrou-mais-de-8-mil-atendimentos-em-acidentes-de-transito-em-sete-meses\/","url":"https:\/\/www.manaus.am.gov.br\/semsa\/samu-manaus-registrou-mais-de-8-mil-atendimentos-em-acidentes-de-transito-em-sete-meses\/","name":"Samu Manaus registrou mais de 8 mil atendimentos em acidentes de tr\u00e2nsito em sete meses","isPartOf":{"@id":"https:\/\/www.manaus.am.gov.br\/semsa\/#website"},"primaryImageOfPage":{"@id":"https:\/\/www.manaus.am.gov.br\/semsa\/samu-manaus-registrou-mais-de-8-mil-atendimentos-em-acidentes-de-transito-em-sete-meses\/#primaryimage"},"image":{"@id":"https:\/\/www.manaus.am.gov.br\/semsa\/samu-manaus-registrou-mais-de-8-mil-atendimentos-em-acidentes-de-transito-em-sete-meses\/#primaryimage"},"thumbnailUrl":"https:\/\/www.manaus.am.gov.br\/semsa\/wp-content\/uploads\/sites\/8\/2023\/08\/Agosto-09_Estatisticas-Transito-Samu-1.jpg","datePublished":"2023-08-10T15:49:45+00:00","dateModified":"2023-08-10T17:08:11+00:00","author":{"@id":"https:\/\/www.manaus.am.gov.br\/semsa\/#\/schema\/person\/4e49f4e267757a06ca072ec61b2b9968"},"description":"O Servi\u00e7o de Atendimento M\u00f3vel de Urg\u00eancia (Samu 192), gerenciado pela Prefeitura de Manaus, registrou mais de 8 mil atendimentos relativos a acidentes de tr\u00e2nsito, no per\u00edodo de janeiro a julho deste ano. Em 2022, durante todo o ano, o servi\u00e7o coordenado pela Secretaria Municipal de Sa\u00fade (Semsa) contabilizou 10,6 mil atendimentos em ocorr\u00eancias automobil\u00edsticas na capital amazonense.","inLanguage":"pt-BR","potentialAction":[{"@type":"ReadAction","target":["https:\/\/www.manaus.am.gov.br\/semsa\/samu-manaus-registrou-mais-de-8-mil-atendimentos-em-acidentes-de-transito-em-sete-meses\/"]}]},{"@type":"ImageObject","inLanguage":"pt-BR","@id":"https:\/\/www.manaus.am.gov.br\/semsa\/samu-manaus-registrou-mais-de-8-mil-atendimentos-em-acidentes-de-transito-em-sete-meses\/#primaryimage","url":"https:\/\/www.manaus.am.gov.br\/semsa\/wp-content\/uploads\/sites\/8\/2023\/08\/Agosto-09_Estatisticas-Transito-Samu-1.jpg","contentUrl":"https:\/\/www.manaus.am.gov.br\/semsa\/wp-content\/uploads\/sites\/8\/2023\/08\/Agosto-09_Estatisticas-Transito-Samu-1.jpg","width":2048,"height":1365},{"@type":"WebSite","@id":"https:\/\/www.manaus.am.gov.br\/semsa\/#website","url":"https:\/\/www.manaus.am.gov.br\/semsa\/","name":"SEMSA","description":"Secretaria Municipal de Sa\u00fade","alternateName":"Secretaria Municipal de Sa\u00fade","potentialAction":[{"@type":"SearchAction","target":{"@type":"EntryPoint","urlTemplate":"https:\/\/www.manaus.am.gov.br\/semsa\/?s={search_term_string}"},"query-input":"required name=search_term_string"}],"inLanguage":"pt-BR"},{"@type":"Person","@id":"https:\/\/www.manaus.am.gov.br\/semsa\/#\/schema\/person\/4e49f4e267757a06ca072ec61b2b9968","name":"Adriana Costa","image":{"@type":"ImageObject","inLanguage":"pt-BR","@id":"https:\/\/www.manaus.am.gov.br\/semsa\/#\/schema\/person\/image\/","url":"https:\/\/secure.gravatar.com\/avatar\/576258617ef7194f718179e766d57bd4?s=96&d=mm&r=g","contentUrl":"https:\/\/secure.gravatar.com\/avatar\/576258617ef7194f718179e766d57bd4?s=96&d=mm&r=g","caption":"Adriana Costa"}}]}},"_links":{"self":[{"href":"https:\/\/www.manaus.am.gov.br\/semsa\/wp-json\/wp\/v2\/posts\/212760"}],"collection":[{"href":"https:\/\/www.manaus.am.gov.br\/semsa\/wp-json\/wp\/v2\/posts"}],"about":[{"href":"https:\/\/www.manaus.am.gov.br\/semsa\/wp-json\/wp\/v2\/types\/post"}],"author":[{"embeddable":true,"href":"https:\/\/www.manaus.am.gov.br\/semsa\/wp-json\/wp\/v2\/users\/23"}],"replies":[{"embeddable":true,"href":"https:\/\/www.manaus.am.gov.br\/semsa\/wp-json\/wp\/v2\/comments?post=212760"}],"version-history":[{"count":1,"href":"https:\/\/www.manaus.am.gov.br\/semsa\/wp-json\/wp\/v2\/posts\/212760\/revisions"}],"predecessor-version":[{"id":212763,"href":"https:\/\/www.manaus.am.gov.br\/semsa\/wp-json\/wp\/v2\/posts\/212760\/revisions\/212763"}],"wp:featuredmedia":[{"embeddable":true,"href":"https:\/\/www.manaus.am.gov.br\/semsa\/wp-json\/wp\/v2\/media\/212761"}],"wp:attachment":[{"href":"https:\/\/www.manaus.am.gov.br\/semsa\/wp-json\/wp\/v2\/media?parent=212760"}],"wp:term":[{"taxonomy":"category","embeddable":true,"href":"https:\/\/www.manaus.am.gov.br\/semsa\/wp-json\/wp\/v2\/categories?post=212760"},{"taxonomy":"post_tag","embeddable":true,"href":"https:\/\/www.manaus.am.gov.br\/semsa\/wp-json\/wp\/v2\/tags?post=212760"}],"curies":[{"name":"wp","href":"https:\/\/api.w.org\/{rel}","templated":true}]}}