{"id":212721,"date":"2023-08-03T16:01:31","date_gmt":"2023-08-03T20:01:31","guid":{"rendered":"https:\/\/www.manaus.am.gov.br\/semsa\/visa-manaus-leva-acao-educativa-a-alunos-da-escola-municipal-dr-geraldo-pinheiro\/"},"modified":"2023-08-03T16:04:59","modified_gmt":"2023-08-03T20:04:59","slug":"visa-manaus-leva-acao-educativa-a-alunos-da-escola-municipal-dr-geraldo-pinheiro","status":"publish","type":"post","link":"https:\/\/www.manaus.am.gov.br\/semsa\/visa-manaus-leva-acao-educativa-a-alunos-da-escola-municipal-dr-geraldo-pinheiro\/","title":{"rendered":"<strong>Visa Manaus leva a\u00e7\u00e3o educativa a alunos da escola municipal Dr. Geraldo Pinheiro<\/strong>\u00a0"},"content":{"rendered":"\n<p>A Diretoria de Vigil\u00e2ncia Sanit\u00e1ria (Visa Manaus) da Secretaria Municipal de Sa\u00fade (Semsa) realizou, nesta quinta-feira, 3\/8, uma a\u00e7\u00e3o educativa especial para alunos da escola municipal Dr. Geraldo Pinheiro, no bairro Japiim, zona Sul da cidade. Uma equipe de fiscais da Ger\u00eancia de Vigil\u00e2ncia de Alimentos (Gevali) da Visa Manaus levou aos estudantes dicas e orienta\u00e7\u00f5es sobre como evitar riscos \u00e0 sa\u00fade na hora de comprar e consumir alimentos.<\/p>\n\n\n\n<p>O diretor da Visa Manaus, Ewerton Wanderley, destacou o valor das a\u00e7\u00f5es de educa\u00e7\u00e3o em sa\u00fade para todos os cidad\u00e3os. \u201cA Visa Manaus, na gest\u00e3o do prefeito David Almeida, tem se destacado pelos esfor\u00e7os cada vez maiores em prol da educa\u00e7\u00e3o e da preven\u00e7\u00e3o. Acreditamos que, tanto quanto o trabalho de fiscaliza\u00e7\u00e3o, o conhecimento sobre as boas pr\u00e1ticas sanit\u00e1rias \u00e9 de fundamental import\u00e2ncia para mitigar agravos e refor\u00e7ar a seguran\u00e7a e bem-estar de todos\u201d, afirmou.<\/p>\n\n\n\n<p>A a\u00e7\u00e3o educativa, al\u00e9m de refor\u00e7ar as orienta\u00e7\u00f5es sobre os m\u00e9todos para identificar alimentos em boas condi\u00e7\u00f5es de consumo, como carnes, peixes, frutas e latic\u00ednios, e a maneira correta de armazen\u00e1-los em casa, enfocou tamb\u00e9m a necessidade de higiene constante das m\u00e3os e de todos os objetos que forem entrar em contato com os produtos.<\/p>\n\n\n\n<p>Com iniciativa as equipes da Visa Manaus deram mais um passo no processo de forma\u00e7\u00e3o de multiplicadores das boas pr\u00e1ticas sanit\u00e1rias, como explicou o gerente da Gevali, Ricardo Celestino.<\/p>\n\n\n\n<p>\u201cTrata-se de uma a\u00e7\u00e3o tradicional que realizamos em homenagem ao Dia da Vigil\u00e2ncia Sanit\u00e1ria, comemorado em 5 de agosto, onde apresentamos o trabalho dos fiscais de alimentos a alunos da rede municipal, com o apoio da Secretaria Municipal de Educa\u00e7\u00e3o, a Semed\u201d, frisou.<\/p>\n\n\n\n<p>Celestino acrescentou que o trabalho na escola municipal Dr. Geraldo Pinheiro contemplou tamb\u00e9m os cuidados preventivos relacionados ao consumo de alimentos, com o objetivo de alertar os estudantes sobre as complica\u00e7\u00f5es de sa\u00fade que podem resultar da falta em rela\u00e7\u00e3o \u00e0 qualidade dos produtos.<\/p>\n\n\n\n<p>\u201cOs casos de contamina\u00e7\u00e3o e intoxica\u00e7\u00e3o envolvendo alimentos estragados, mal-acondicionados ou que n\u00e3o foram devidamente higienizados durante o preparo s\u00e3o muitos em nosso pa\u00eds, e podem resultar em consequ\u00eancias graves, incluindo o \u00f3bito. Por isso, \u00e9 fundamental disseminarmos esse conhecimento, a fim de que os alunos o repassem a seus familiares e amigos, contribuindo para evitar tais ocorr\u00eancias\u201d, concluiu o gerente.<\/p>\n\n\n\n<p><strong>Projeto \u201cFiscais Mirins\u201d<\/strong><\/p>\n\n\n\n<p>Dando continuidade \u00e0 a\u00e7\u00e3o educativa da Ger\u00eancia de Vigil\u00e2ncia de Alimentos, nesta sexta, 4\/8, um grupo de alunos que acompanhou a apresenta\u00e7\u00e3o na Escola Dr. Geraldo Pinheiro ir\u00e1 participar do projeto \u201cFiscais Mirins\u201d.<\/p>\n\n\n\n<p>Na a\u00e7\u00e3o, os estudantes ser\u00e3o levados pelos fiscais da Gevali a um supermercado da cidade, a fim de vivenciar, na pr\u00e1tica, as li\u00e7\u00f5es sobre como escolher, acondicionar e manipular alimentos de forma a evitar riscos sanit\u00e1rios. A atividade acontece pela manh\u00e3, em um estabelecimento da zona Sul de Manaus.<\/p>\n\n\n\n<p>&#8212; &#8212; &#8212;<\/p>\n\n\n\n<p><strong>Texto \u2013<\/strong>&nbsp;Renildo Rodrigues \/ Semsa<\/p>\n\n\n\n<p><strong>Foto \u2013<\/strong>&nbsp;Divulga\u00e7\u00e3o \/ Semsa<\/p>\n","protected":false},"excerpt":{"rendered":"","protected":false},"author":39,"featured_media":212722,"comment_status":"closed","ping_status":"closed","sticky":false,"template":"","format":"standard","meta":{"footnotes":""},"categories":[172],"tags":[1399,1400,1401,54,1402,28,79],"acf":[],"yoast_head":"<!-- This site is optimized with the Yoast SEO plugin v23.0 - https:\/\/yoast.com\/wordpress\/plugins\/seo\/ -->\n<title>Visa Manaus leva a\u00e7\u00e3o educativa a alunos da escola municipal Dr. Geraldo Pinheiro<\/title>\n<meta name=\"description\" content=\"A Diretoria de Vigil\u00e2ncia Sanit\u00e1ria (Visa Manaus) da Secretaria Municipal de Sa\u00fade (Semsa) realizou, nesta quinta-feira, 3\/8, uma a\u00e7\u00e3o educativa especial para alunos da escola municipal Dr. Geraldo Pinheiro, no bairro Japiim, zona Sul da cidade.\" \/>\n<meta name=\"robots\" content=\"index, follow, max-snippet:-1, max-image-preview:large, max-video-preview:-1\" \/>\n<link rel=\"canonical\" href=\"https:\/\/www.manaus.am.gov.br\/semsa\/visa-manaus-leva-acao-educativa-a-alunos-da-escola-municipal-dr-geraldo-pinheiro\/\" \/>\n<meta property=\"og:locale\" content=\"pt_BR\" \/>\n<meta property=\"og:type\" content=\"article\" \/>\n<meta property=\"og:title\" content=\"Visa Manaus leva a\u00e7\u00e3o educativa a alunos da escola municipal Dr. Geraldo Pinheiro\" \/>\n<meta property=\"og:description\" content=\"A Diretoria de Vigil\u00e2ncia Sanit\u00e1ria (Visa Manaus) da Secretaria Municipal de Sa\u00fade (Semsa) realizou, nesta quinta-feira, 3\/8, uma a\u00e7\u00e3o educativa especial para alunos da escola municipal Dr. Geraldo Pinheiro, no bairro Japiim, zona Sul da cidade.\" \/>\n<meta property=\"og:url\" content=\"https:\/\/www.manaus.am.gov.br\/semsa\/visa-manaus-leva-acao-educativa-a-alunos-da-escola-municipal-dr-geraldo-pinheiro\/\" \/>\n<meta property=\"og:site_name\" content=\"SEMSA\" \/>\n<meta property=\"article:published_time\" content=\"2023-08-03T20:01:31+00:00\" \/>\n<meta property=\"article:modified_time\" content=\"2023-08-03T20:04:59+00:00\" \/>\n<meta property=\"og:image\" content=\"https:\/\/www.manaus.am.gov.br\/semsa\/wp-content\/uploads\/sites\/8\/2023\/08\/Agosto-03_Acao-Visa-Escola-1-1024x768.jpg\" \/>\n\t<meta property=\"og:image:width\" content=\"1024\" \/>\n\t<meta property=\"og:image:height\" content=\"768\" \/>\n\t<meta property=\"og:image:type\" content=\"image\/jpeg\" \/>\n<meta name=\"author\" content=\"Bruna Greco\" \/>\n<meta name=\"twitter:card\" content=\"summary_large_image\" \/>\n<meta name=\"twitter:label1\" content=\"Written by\" \/>\n\t<meta name=\"twitter:data1\" content=\"Bruna Greco\" \/>\n\t<meta name=\"twitter:label2\" content=\"Est. reading time\" \/>\n\t<meta name=\"twitter:data2\" content=\"3 minutos\" \/>\n<script type=\"application\/ld+json\" class=\"yoast-schema-graph\">{\"@context\":\"https:\/\/schema.org\",\"@graph\":[{\"@type\":\"WebPage\",\"@id\":\"https:\/\/www.manaus.am.gov.br\/semsa\/visa-manaus-leva-acao-educativa-a-alunos-da-escola-municipal-dr-geraldo-pinheiro\/\",\"url\":\"https:\/\/www.manaus.am.gov.br\/semsa\/visa-manaus-leva-acao-educativa-a-alunos-da-escola-municipal-dr-geraldo-pinheiro\/\",\"name\":\"Visa Manaus leva a\u00e7\u00e3o educativa a alunos da escola municipal Dr. Geraldo Pinheiro\",\"isPartOf\":{\"@id\":\"https:\/\/www.manaus.am.gov.br\/semsa\/#website\"},\"primaryImageOfPage\":{\"@id\":\"https:\/\/www.manaus.am.gov.br\/semsa\/visa-manaus-leva-acao-educativa-a-alunos-da-escola-municipal-dr-geraldo-pinheiro\/#primaryimage\"},\"image\":{\"@id\":\"https:\/\/www.manaus.am.gov.br\/semsa\/visa-manaus-leva-acao-educativa-a-alunos-da-escola-municipal-dr-geraldo-pinheiro\/#primaryimage\"},\"thumbnailUrl\":\"https:\/\/www.manaus.am.gov.br\/semsa\/wp-content\/uploads\/sites\/8\/2023\/08\/Agosto-03_Acao-Visa-Escola-1.jpg\",\"datePublished\":\"2023-08-03T20:01:31+00:00\",\"dateModified\":\"2023-08-03T20:04:59+00:00\",\"author\":{\"@id\":\"https:\/\/www.manaus.am.gov.br\/semsa\/#\/schema\/person\/05d223aea2bf115f9883a6ff3683d81b\"},\"description\":\"A Diretoria de Vigil\u00e2ncia Sanit\u00e1ria (Visa Manaus) da Secretaria Municipal de Sa\u00fade (Semsa) realizou, nesta quinta-feira, 3\/8, uma a\u00e7\u00e3o educativa especial para alunos da escola municipal Dr. Geraldo Pinheiro, no bairro Japiim, zona Sul da cidade.\",\"inLanguage\":\"pt-BR\",\"potentialAction\":[{\"@type\":\"ReadAction\",\"target\":[\"https:\/\/www.manaus.am.gov.br\/semsa\/visa-manaus-leva-acao-educativa-a-alunos-da-escola-municipal-dr-geraldo-pinheiro\/\"]}]},{\"@type\":\"ImageObject\",\"inLanguage\":\"pt-BR\",\"@id\":\"https:\/\/www.manaus.am.gov.br\/semsa\/visa-manaus-leva-acao-educativa-a-alunos-da-escola-municipal-dr-geraldo-pinheiro\/#primaryimage\",\"url\":\"https:\/\/www.manaus.am.gov.br\/semsa\/wp-content\/uploads\/sites\/8\/2023\/08\/Agosto-03_Acao-Visa-Escola-1.jpg\",\"contentUrl\":\"https:\/\/www.manaus.am.gov.br\/semsa\/wp-content\/uploads\/sites\/8\/2023\/08\/Agosto-03_Acao-Visa-Escola-1.jpg\",\"width\":4000,\"height\":3000},{\"@type\":\"WebSite\",\"@id\":\"https:\/\/www.manaus.am.gov.br\/semsa\/#website\",\"url\":\"https:\/\/www.manaus.am.gov.br\/semsa\/\",\"name\":\"SEMSA\",\"description\":\"Secretaria Municipal de Sa\u00fade\",\"alternateName\":\"Secretaria Municipal de Sa\u00fade\",\"potentialAction\":[{\"@type\":\"SearchAction\",\"target\":{\"@type\":\"EntryPoint\",\"urlTemplate\":\"https:\/\/www.manaus.am.gov.br\/semsa\/?s={search_term_string}\"},\"query-input\":\"required name=search_term_string\"}],\"inLanguage\":\"pt-BR\"},{\"@type\":\"Person\",\"@id\":\"https:\/\/www.manaus.am.gov.br\/semsa\/#\/schema\/person\/05d223aea2bf115f9883a6ff3683d81b\",\"name\":\"Bruna Greco\",\"image\":{\"@type\":\"ImageObject\",\"inLanguage\":\"pt-BR\",\"@id\":\"https:\/\/www.manaus.am.gov.br\/semsa\/#\/schema\/person\/image\/\",\"url\":\"https:\/\/secure.gravatar.com\/avatar\/9c877d1a6adc2a055330e5c09a8653ce?s=96&d=mm&r=g\",\"contentUrl\":\"https:\/\/secure.gravatar.com\/avatar\/9c877d1a6adc2a055330e5c09a8653ce?s=96&d=mm&r=g\",\"caption\":\"Bruna Greco\"}}]}<\/script>\n<!-- \/ Yoast SEO plugin. -->","yoast_head_json":{"title":"Visa Manaus leva a\u00e7\u00e3o educativa a alunos da escola municipal Dr. Geraldo Pinheiro","description":"A Diretoria de Vigil\u00e2ncia Sanit\u00e1ria (Visa Manaus) da Secretaria Municipal de Sa\u00fade (Semsa) realizou, nesta quinta-feira, 3\/8, uma a\u00e7\u00e3o educativa especial para alunos da escola municipal Dr. Geraldo Pinheiro, no bairro Japiim, zona Sul da cidade.","robots":{"index":"index","follow":"follow","max-snippet":"max-snippet:-1","max-image-preview":"max-image-preview:large","max-video-preview":"max-video-preview:-1"},"canonical":"https:\/\/www.manaus.am.gov.br\/semsa\/visa-manaus-leva-acao-educativa-a-alunos-da-escola-municipal-dr-geraldo-pinheiro\/","og_locale":"pt_BR","og_type":"article","og_title":"Visa Manaus leva a\u00e7\u00e3o educativa a alunos da escola municipal Dr. Geraldo Pinheiro","og_description":"A Diretoria de Vigil\u00e2ncia Sanit\u00e1ria (Visa Manaus) da Secretaria Municipal de Sa\u00fade (Semsa) realizou, nesta quinta-feira, 3\/8, uma a\u00e7\u00e3o educativa especial para alunos da escola municipal Dr. Geraldo Pinheiro, no bairro Japiim, zona Sul da cidade.","og_url":"https:\/\/www.manaus.am.gov.br\/semsa\/visa-manaus-leva-acao-educativa-a-alunos-da-escola-municipal-dr-geraldo-pinheiro\/","og_site_name":"SEMSA","article_published_time":"2023-08-03T20:01:31+00:00","article_modified_time":"2023-08-03T20:04:59+00:00","og_image":[{"width":1024,"height":768,"url":"https:\/\/www.manaus.am.gov.br\/semsa\/wp-content\/uploads\/sites\/8\/2023\/08\/Agosto-03_Acao-Visa-Escola-1-1024x768.jpg","type":"image\/jpeg"}],"author":"Bruna Greco","twitter_card":"summary_large_image","twitter_misc":{"Written by":"Bruna Greco","Est. reading time":"3 minutos"},"schema":{"@context":"https:\/\/schema.org","@graph":[{"@type":"WebPage","@id":"https:\/\/www.manaus.am.gov.br\/semsa\/visa-manaus-leva-acao-educativa-a-alunos-da-escola-municipal-dr-geraldo-pinheiro\/","url":"https:\/\/www.manaus.am.gov.br\/semsa\/visa-manaus-leva-acao-educativa-a-alunos-da-escola-municipal-dr-geraldo-pinheiro\/","name":"Visa Manaus leva a\u00e7\u00e3o educativa a alunos da escola municipal Dr. Geraldo Pinheiro","isPartOf":{"@id":"https:\/\/www.manaus.am.gov.br\/semsa\/#website"},"primaryImageOfPage":{"@id":"https:\/\/www.manaus.am.gov.br\/semsa\/visa-manaus-leva-acao-educativa-a-alunos-da-escola-municipal-dr-geraldo-pinheiro\/#primaryimage"},"image":{"@id":"https:\/\/www.manaus.am.gov.br\/semsa\/visa-manaus-leva-acao-educativa-a-alunos-da-escola-municipal-dr-geraldo-pinheiro\/#primaryimage"},"thumbnailUrl":"https:\/\/www.manaus.am.gov.br\/semsa\/wp-content\/uploads\/sites\/8\/2023\/08\/Agosto-03_Acao-Visa-Escola-1.jpg","datePublished":"2023-08-03T20:01:31+00:00","dateModified":"2023-08-03T20:04:59+00:00","author":{"@id":"https:\/\/www.manaus.am.gov.br\/semsa\/#\/schema\/person\/05d223aea2bf115f9883a6ff3683d81b"},"description":"A Diretoria de Vigil\u00e2ncia Sanit\u00e1ria (Visa Manaus) da Secretaria Municipal de Sa\u00fade (Semsa) realizou, nesta quinta-feira, 3\/8, uma a\u00e7\u00e3o educativa especial para alunos da escola municipal Dr. Geraldo Pinheiro, no bairro Japiim, zona Sul da cidade.","inLanguage":"pt-BR","potentialAction":[{"@type":"ReadAction","target":["https:\/\/www.manaus.am.gov.br\/semsa\/visa-manaus-leva-acao-educativa-a-alunos-da-escola-municipal-dr-geraldo-pinheiro\/"]}]},{"@type":"ImageObject","inLanguage":"pt-BR","@id":"https:\/\/www.manaus.am.gov.br\/semsa\/visa-manaus-leva-acao-educativa-a-alunos-da-escola-municipal-dr-geraldo-pinheiro\/#primaryimage","url":"https:\/\/www.manaus.am.gov.br\/semsa\/wp-content\/uploads\/sites\/8\/2023\/08\/Agosto-03_Acao-Visa-Escola-1.jpg","contentUrl":"https:\/\/www.manaus.am.gov.br\/semsa\/wp-content\/uploads\/sites\/8\/2023\/08\/Agosto-03_Acao-Visa-Escola-1.jpg","width":4000,"height":3000},{"@type":"WebSite","@id":"https:\/\/www.manaus.am.gov.br\/semsa\/#website","url":"https:\/\/www.manaus.am.gov.br\/semsa\/","name":"SEMSA","description":"Secretaria Municipal de Sa\u00fade","alternateName":"Secretaria Municipal de Sa\u00fade","potentialAction":[{"@type":"SearchAction","target":{"@type":"EntryPoint","urlTemplate":"https:\/\/www.manaus.am.gov.br\/semsa\/?s={search_term_string}"},"query-input":"required name=search_term_string"}],"inLanguage":"pt-BR"},{"@type":"Person","@id":"https:\/\/www.manaus.am.gov.br\/semsa\/#\/schema\/person\/05d223aea2bf115f9883a6ff3683d81b","name":"Bruna Greco","image":{"@type":"ImageObject","inLanguage":"pt-BR","@id":"https:\/\/www.manaus.am.gov.br\/semsa\/#\/schema\/person\/image\/","url":"https:\/\/secure.gravatar.com\/avatar\/9c877d1a6adc2a055330e5c09a8653ce?s=96&d=mm&r=g","contentUrl":"https:\/\/secure.gravatar.com\/avatar\/9c877d1a6adc2a055330e5c09a8653ce?s=96&d=mm&r=g","caption":"Bruna Greco"}}]}},"_links":{"self":[{"href":"https:\/\/www.manaus.am.gov.br\/semsa\/wp-json\/wp\/v2\/posts\/212721"}],"collection":[{"href":"https:\/\/www.manaus.am.gov.br\/semsa\/wp-json\/wp\/v2\/posts"}],"about":[{"href":"https:\/\/www.manaus.am.gov.br\/semsa\/wp-json\/wp\/v2\/types\/post"}],"author":[{"embeddable":true,"href":"https:\/\/www.manaus.am.gov.br\/semsa\/wp-json\/wp\/v2\/users\/39"}],"replies":[{"embeddable":true,"href":"https:\/\/www.manaus.am.gov.br\/semsa\/wp-json\/wp\/v2\/comments?post=212721"}],"version-history":[{"count":1,"href":"https:\/\/www.manaus.am.gov.br\/semsa\/wp-json\/wp\/v2\/posts\/212721\/revisions"}],"predecessor-version":[{"id":212723,"href":"https:\/\/www.manaus.am.gov.br\/semsa\/wp-json\/wp\/v2\/posts\/212721\/revisions\/212723"}],"wp:featuredmedia":[{"embeddable":true,"href":"https:\/\/www.manaus.am.gov.br\/semsa\/wp-json\/wp\/v2\/media\/212722"}],"wp:attachment":[{"href":"https:\/\/www.manaus.am.gov.br\/semsa\/wp-json\/wp\/v2\/media?parent=212721"}],"wp:term":[{"taxonomy":"category","embeddable":true,"href":"https:\/\/www.manaus.am.gov.br\/semsa\/wp-json\/wp\/v2\/categories?post=212721"},{"taxonomy":"post_tag","embeddable":true,"href":"https:\/\/www.manaus.am.gov.br\/semsa\/wp-json\/wp\/v2\/tags?post=212721"}],"curies":[{"name":"wp","href":"https:\/\/api.w.org\/{rel}","templated":true}]}}