{"id":212711,"date":"2023-08-03T09:36:42","date_gmt":"2023-08-03T13:36:42","guid":{"rendered":"https:\/\/www.manaus.am.gov.br\/semsa\/visa-manaus-realiza-evento-em-comemoracao-ao-dia-nacional-da-vigilancia-sanitaria-na-aleam\/"},"modified":"2023-08-03T09:36:43","modified_gmt":"2023-08-03T13:36:43","slug":"visa-manaus-realiza-evento-em-comemoracao-ao-dia-nacional-da-vigilancia-sanitaria-na-aleam","status":"publish","type":"post","link":"https:\/\/www.manaus.am.gov.br\/semsa\/visa-manaus-realiza-evento-em-comemoracao-ao-dia-nacional-da-vigilancia-sanitaria-na-aleam\/","title":{"rendered":"<strong>Visa Manaus realiza evento em comemora\u00e7\u00e3o ao\u00a0Dia Nacional da Vigil\u00e2ncia Sanit\u00e1ria, na Aleam<\/strong>"},"content":{"rendered":"\n<p>A Prefeitura de Manaus, por meio da Diretoria de Vigil\u00e2ncia Sanit\u00e1ria (Visa Manaus), da Secretaria Municipal de Sa\u00fade (Semsa), realizou, nesta quarta-feira, 2\/8, um evento especial em comemora\u00e7\u00e3o ao Dia Nacional da Vigil\u00e2ncia Sanit\u00e1ria, no audit\u00f3rio Belarmino Lins da Assembleia Legislativa do Estado do Amazonas (Aleam), localizado na avenida M\u00e1rio Ypiranga Monteiro, Parque 10 de Novembro, zona Centro-Sul da cidade.<\/p>\n\n\n\n<p>Com o tema \u201cO Papel da Vigil\u00e2ncia Sanit\u00e1ria Perante a Sociedade\u201d, o evento trouxe uma programa\u00e7\u00e3o diferenciada, dividida em duas partes, que juntaram na mesma iniciativa a celebra\u00e7\u00e3o do trabalho dos servidores com a proposta de levar conhecimento \u00e0 sociedade.<\/p>\n\n\n\n<p>Na primeira parte, realizada pela manh\u00e3, representantes da Ag\u00eancia Nacional de Vigil\u00e2ncia Sanit\u00e1ria (Anvisa), da Funda\u00e7\u00e3o de Vigil\u00e2ncia em Sa\u00fade do Amazonas &#8211; Dra. Rosemary Costa Pinto (FVS-RCP\/AM) e da Visa Manaus \u2013 ou seja, os \u00f3rg\u00e3os de Vigil\u00e2ncia Sanit\u00e1ria em suas tr\u00eas inst\u00e2ncias: federal, estadual e municipal \u2013 fizeram apresenta\u00e7\u00f5es especiais para o p\u00fablico, composto por representantes da Prefeitura de Manaus e do poder p\u00fablico, do setor de com\u00e9rcio e servi\u00e7os e da popula\u00e7\u00e3o manauara, incluindo estudantes universit\u00e1rios. As apresenta\u00e7\u00f5es foram voltadas a esclarecer e tamb\u00e9m divulgar, de forma breve e did\u00e1tica, o papel dos diferentes entes na preven\u00e7\u00e3o de riscos sanit\u00e1rios para os cidad\u00e3os.<\/p>\n\n\n\n<p>O diretor da Visa Manaus, Ewerton Wanderley, ao abrir o evento, relembrou sua chegada ao \u00f3rg\u00e3o, no ano de 2020, no auge da crise da Covid-19 na cidade, e &nbsp;destacou o esfor\u00e7o dos servidores para trazer mais seguran\u00e7a e bem-estar \u00e0 popula\u00e7\u00e3o.<\/p>\n\n\n\n<p>\u201cAproveitamos a ocasi\u00e3o especial de hoje para registrarmos o apre\u00e7o que a Prefeitura de Manaus, na figura maior de nosso prefeito David Almeida, e tamb\u00e9m toda a popula\u00e7\u00e3o, t\u00eam para com esfor\u00e7o e a coragem de nossos servidores, homens e mulheres que, mesmo em condi\u00e7\u00f5es profundamente adversas, como foi o per\u00edodo da pandemia, n\u00e3o pararam de trabalhar para tentar minimizar, tanto quanto poss\u00edvel, o n\u00famero de cidad\u00e3os v\u00edtimas de agravos de sa\u00fade por conta de irregularidades e infra\u00e7\u00f5es \u00e0s normas sanit\u00e1rias. A todos voc\u00eas, nosso muito obrigado\u201d, afirmou.<\/p>\n\n\n\n<p>O representante da Anvisa, Jerfeson Nepomuceno Caldas, coordenador da Unidade Norte do \u00f3rg\u00e3o, abordou em sua fala a principal forma de atua\u00e7\u00e3o da Anvisa no pa\u00eds: a vigil\u00e2ncia de portos, aeroportos e fronteiras, para prevenir e tamb\u00e9m mitigar poss\u00edveis amea\u00e7as \u00e0 seguran\u00e7a sanit\u00e1ria dos brasileiros. Al\u00e9m de explicar como ocorre esse trabalho, ele tamb\u00e9m detalhou a estrutura presente na regi\u00e3o, e como \u00e9 feita a coordena\u00e7\u00e3o com as demais inst\u00e2ncias.<\/p>\n\n\n\n<p>Pelo Departamento de Vigil\u00e2ncia Sanit\u00e1ria (Devisa) da FVS-RCP, o gerente de Servi\u00e7os, Marco Antonio Fernandes Pinto, apresentou um hist\u00f3rico do desenvolvimento das a\u00e7\u00f5es de Vigil\u00e2ncia Sanit\u00e1ria no Estado do Amazonas, incluindo a descentraliza\u00e7\u00e3o do trabalho e a diferencia\u00e7\u00e3o de compet\u00eancias entre a FVS, que responde pela inst\u00e2ncia estadual, e a Visa Manaus, que se ocupa das a\u00e7\u00f5es em \u00e2mbito municipal, finalizando com uma fala real\u00e7ando a necessidade de as diferentes atividades econ\u00f4micas buscarem o alinhamento com as boas pr\u00e1ticas sanit\u00e1rias, para refor\u00e7ar a prote\u00e7\u00e3o, tanto da economia, que ganha em atributos como qualidade e credibilidade, quanto da seguran\u00e7a sanit\u00e1ria dos clientes e consumidores.<\/p>\n\n\n\n<p>J\u00e1 o gerente de Vigil\u00e2ncia de Alimentos da Visa Manaus, Ricardo Celestino, encerrou a primeira parte do evento mostrando a nova estrutura que a Visa Manaus adquiriu desde o ano passado.<\/p>\n\n\n\n<p>\u201cGra\u00e7as ao apoio da Semsa e do prefeito David Almeida, a Visa Manaus ganhou um novo organograma em 2022, agora com quatro ger\u00eancias: al\u00e9m de Alimentos, temos tamb\u00e9m Medicamentos, Servi\u00e7os e Engenharia Sanit\u00e1ria. Tamb\u00e9m passamos a contar com N\u00facleos para o desenvolvimento de a\u00e7\u00f5es espec\u00edficas: Educa\u00e7\u00e3o em Vigil\u00e2ncia Sanit\u00e1ria, Gest\u00e3o da Qualidade, Seguran\u00e7a do Paciente e Preven\u00e7\u00e3o de Riscos Sanit\u00e1rios\u201d, explicou.<\/p>\n\n\n\n<p>Celestino tamb\u00e9m detalhou as a\u00e7\u00f5es que a Visa Manaus tem empreendido em benef\u00edcio da popula\u00e7\u00e3o. \u201cEm toda a atual gest\u00e3o, realizamos, regularmente, a\u00e7\u00f5es de fiscaliza\u00e7\u00e3o em supermercados, shopping centers, feiras municipais, farm\u00e1cias, distribuidoras de medicamentos, hospitais e cl\u00ednicas, tanto da rede p\u00fablica quanto da rede privada. Tamb\u00e9m desenvolvemos atividades educativas para comerciantes e prestadores de servi\u00e7os, e atuamos em todos os eventos de massa na cidade, como o festival Sou Manaus Passo a Pa\u00e7o 2023 e o Boi Manaus\u201d, concluiu.<\/p>\n\n\n\n<p>A segunda parte do evento, realizada \u00e0 tarde, foi inteiramente voltada para os servidores. Os palestrantes Simone Maia e Ant\u00f4nio Matos refor\u00e7aram a mensagem de valoriza\u00e7\u00e3o do trabalho dos profissionais da Vigil\u00e2ncia Sanit\u00e1ria municipal, e sua import\u00e2ncia e impacto direto para promover mais sa\u00fade, seguran\u00e7a e bem-estar a toda a popula\u00e7\u00e3o de Manaus.<\/p>\n\n\n\n<p><strong>Dia Nacional da Vigil\u00e2ncia Sanit\u00e1ria<\/strong><\/p>\n\n\n\n<p>O Dia Nacional da Vigil\u00e2ncia Sanit\u00e1ria \u00e9 celebrado no dia 5 de agosto, em refer\u00eancia ao dia do nascimento do m\u00e9dico e sanitarista brasileiro Oswaldo Cruz, e marca o reconhecimento da import\u00e2ncia estrat\u00e9gica dessa \u00e1rea, respons\u00e1vel por diversas a\u00e7\u00f5es de preserva\u00e7\u00e3o da sa\u00fade da popula\u00e7\u00e3o. Neste ano, a data cai num s\u00e1bado, raz\u00e3o pela qual a Visa Manaus realizou hoje a comemora\u00e7\u00e3o.<\/p>\n\n\n\n<p>&#8212; &#8212; &#8212;<\/p>\n\n\n\n<p><strong>Texto &#8211;&nbsp;<\/strong>Renildo Rodrigues \/ Semsa<\/p>\n\n\n\n<p><strong>Fotos &#8211;<\/strong>&nbsp;Graziela Praia\/Semsa<\/p>\n\n\n\n<p><strong>Dispon\u00edveis em<\/strong> &#8211; <a href=\"https:\/\/flic.kr\/s\/aHBqjAPNLy\">https:\/\/flic.kr\/s\/aHBqjAPNLy<\/a><\/p>\n","protected":false},"excerpt":{"rendered":"","protected":false},"author":23,"featured_media":212712,"comment_status":"closed","ping_status":"closed","sticky":false,"template":"","format":"standard","meta":{"footnotes":""},"categories":[397],"tags":[1391,1392,1393,54,28,79],"acf":[],"yoast_head":"<!-- This site is optimized with the Yoast SEO plugin v23.0 - https:\/\/yoast.com\/wordpress\/plugins\/seo\/ -->\n<title>Visa Manaus realiza evento em comemora\u00e7\u00e3o ao Dia Nacional da Vigil\u00e2ncia Sanit\u00e1ria, na Aleam<\/title>\n<meta name=\"description\" content=\"A Prefeitura de Manaus, por meio da Diretoria de Vigil\u00e2ncia Sanit\u00e1ria (Visa Manaus), da Secretaria Municipal de Sa\u00fade (Semsa), realizou, nesta quarta-feira, 2\/8, um evento especial em comemora\u00e7\u00e3o ao Dia Nacional da Vigil\u00e2ncia Sanit\u00e1ria, no audit\u00f3rio Belarmino Lins da Assembleia Legislativa do Estado do Amazonas (Aleam), localizado na avenida M\u00e1rio Ypiranga Monteiro, Parque 10 de Novembro, zona Centro-Sul da cidade.\" \/>\n<meta name=\"robots\" content=\"index, follow, max-snippet:-1, max-image-preview:large, max-video-preview:-1\" \/>\n<link rel=\"canonical\" href=\"https:\/\/www.manaus.am.gov.br\/semsa\/visa-manaus-realiza-evento-em-comemoracao-ao-dia-nacional-da-vigilancia-sanitaria-na-aleam\/\" \/>\n<meta property=\"og:locale\" content=\"pt_BR\" \/>\n<meta property=\"og:type\" content=\"article\" \/>\n<meta property=\"og:title\" content=\"Visa Manaus realiza evento em comemora\u00e7\u00e3o ao Dia Nacional da Vigil\u00e2ncia Sanit\u00e1ria, na Aleam\" \/>\n<meta property=\"og:description\" content=\"A Prefeitura de Manaus, por meio da Diretoria de Vigil\u00e2ncia Sanit\u00e1ria (Visa Manaus), da Secretaria Municipal de Sa\u00fade (Semsa), realizou, nesta quarta-feira, 2\/8, um evento especial em comemora\u00e7\u00e3o ao Dia Nacional da Vigil\u00e2ncia Sanit\u00e1ria, no audit\u00f3rio Belarmino Lins da Assembleia Legislativa do Estado do Amazonas (Aleam), localizado na avenida M\u00e1rio Ypiranga Monteiro, Parque 10 de Novembro, zona Centro-Sul da cidade.\" \/>\n<meta property=\"og:url\" content=\"https:\/\/www.manaus.am.gov.br\/semsa\/visa-manaus-realiza-evento-em-comemoracao-ao-dia-nacional-da-vigilancia-sanitaria-na-aleam\/\" \/>\n<meta property=\"og:site_name\" content=\"SEMSA\" \/>\n<meta property=\"article:published_time\" content=\"2023-08-03T13:36:42+00:00\" \/>\n<meta property=\"article:modified_time\" content=\"2023-08-03T13:36:43+00:00\" \/>\n<meta property=\"og:image\" content=\"https:\/\/www.manaus.am.gov.br\/semsa\/wp-content\/uploads\/sites\/8\/2023\/08\/53090926056_6f3d529db8_c.jpg\" \/>\n\t<meta property=\"og:image:width\" content=\"799\" \/>\n\t<meta property=\"og:image:height\" content=\"533\" \/>\n\t<meta property=\"og:image:type\" content=\"image\/jpeg\" \/>\n<meta name=\"author\" content=\"Adriana Costa\" \/>\n<meta name=\"twitter:card\" content=\"summary_large_image\" \/>\n<meta name=\"twitter:label1\" content=\"Written by\" \/>\n\t<meta name=\"twitter:data1\" content=\"Adriana Costa\" \/>\n\t<meta name=\"twitter:label2\" content=\"Est. reading time\" \/>\n\t<meta name=\"twitter:data2\" content=\"5 minutos\" \/>\n<script type=\"application\/ld+json\" class=\"yoast-schema-graph\">{\"@context\":\"https:\/\/schema.org\",\"@graph\":[{\"@type\":\"WebPage\",\"@id\":\"https:\/\/www.manaus.am.gov.br\/semsa\/visa-manaus-realiza-evento-em-comemoracao-ao-dia-nacional-da-vigilancia-sanitaria-na-aleam\/\",\"url\":\"https:\/\/www.manaus.am.gov.br\/semsa\/visa-manaus-realiza-evento-em-comemoracao-ao-dia-nacional-da-vigilancia-sanitaria-na-aleam\/\",\"name\":\"Visa Manaus realiza evento em comemora\u00e7\u00e3o ao Dia Nacional da Vigil\u00e2ncia Sanit\u00e1ria, na Aleam\",\"isPartOf\":{\"@id\":\"https:\/\/www.manaus.am.gov.br\/semsa\/#website\"},\"primaryImageOfPage\":{\"@id\":\"https:\/\/www.manaus.am.gov.br\/semsa\/visa-manaus-realiza-evento-em-comemoracao-ao-dia-nacional-da-vigilancia-sanitaria-na-aleam\/#primaryimage\"},\"image\":{\"@id\":\"https:\/\/www.manaus.am.gov.br\/semsa\/visa-manaus-realiza-evento-em-comemoracao-ao-dia-nacional-da-vigilancia-sanitaria-na-aleam\/#primaryimage\"},\"thumbnailUrl\":\"https:\/\/www.manaus.am.gov.br\/semsa\/wp-content\/uploads\/sites\/8\/2023\/08\/53090926056_6f3d529db8_c.jpg\",\"datePublished\":\"2023-08-03T13:36:42+00:00\",\"dateModified\":\"2023-08-03T13:36:43+00:00\",\"author\":{\"@id\":\"https:\/\/www.manaus.am.gov.br\/semsa\/#\/schema\/person\/4e49f4e267757a06ca072ec61b2b9968\"},\"description\":\"A Prefeitura de Manaus, por meio da Diretoria de Vigil\u00e2ncia Sanit\u00e1ria (Visa Manaus), da Secretaria Municipal de Sa\u00fade (Semsa), realizou, nesta quarta-feira, 2\/8, um evento especial em comemora\u00e7\u00e3o ao Dia Nacional da Vigil\u00e2ncia Sanit\u00e1ria, no audit\u00f3rio Belarmino Lins da Assembleia Legislativa do Estado do Amazonas (Aleam), localizado na avenida M\u00e1rio Ypiranga Monteiro, Parque 10 de Novembro, zona Centro-Sul da cidade.\",\"inLanguage\":\"pt-BR\",\"potentialAction\":[{\"@type\":\"ReadAction\",\"target\":[\"https:\/\/www.manaus.am.gov.br\/semsa\/visa-manaus-realiza-evento-em-comemoracao-ao-dia-nacional-da-vigilancia-sanitaria-na-aleam\/\"]}]},{\"@type\":\"ImageObject\",\"inLanguage\":\"pt-BR\",\"@id\":\"https:\/\/www.manaus.am.gov.br\/semsa\/visa-manaus-realiza-evento-em-comemoracao-ao-dia-nacional-da-vigilancia-sanitaria-na-aleam\/#primaryimage\",\"url\":\"https:\/\/www.manaus.am.gov.br\/semsa\/wp-content\/uploads\/sites\/8\/2023\/08\/53090926056_6f3d529db8_c.jpg\",\"contentUrl\":\"https:\/\/www.manaus.am.gov.br\/semsa\/wp-content\/uploads\/sites\/8\/2023\/08\/53090926056_6f3d529db8_c.jpg\",\"width\":799,\"height\":533},{\"@type\":\"WebSite\",\"@id\":\"https:\/\/www.manaus.am.gov.br\/semsa\/#website\",\"url\":\"https:\/\/www.manaus.am.gov.br\/semsa\/\",\"name\":\"SEMSA\",\"description\":\"Secretaria Municipal de Sa\u00fade\",\"alternateName\":\"Secretaria Municipal de Sa\u00fade\",\"potentialAction\":[{\"@type\":\"SearchAction\",\"target\":{\"@type\":\"EntryPoint\",\"urlTemplate\":\"https:\/\/www.manaus.am.gov.br\/semsa\/?s={search_term_string}\"},\"query-input\":\"required name=search_term_string\"}],\"inLanguage\":\"pt-BR\"},{\"@type\":\"Person\",\"@id\":\"https:\/\/www.manaus.am.gov.br\/semsa\/#\/schema\/person\/4e49f4e267757a06ca072ec61b2b9968\",\"name\":\"Adriana Costa\",\"image\":{\"@type\":\"ImageObject\",\"inLanguage\":\"pt-BR\",\"@id\":\"https:\/\/www.manaus.am.gov.br\/semsa\/#\/schema\/person\/image\/\",\"url\":\"https:\/\/secure.gravatar.com\/avatar\/576258617ef7194f718179e766d57bd4?s=96&d=mm&r=g\",\"contentUrl\":\"https:\/\/secure.gravatar.com\/avatar\/576258617ef7194f718179e766d57bd4?s=96&d=mm&r=g\",\"caption\":\"Adriana Costa\"}}]}<\/script>\n<!-- \/ Yoast SEO plugin. -->","yoast_head_json":{"title":"Visa Manaus realiza evento em comemora\u00e7\u00e3o ao Dia Nacional da Vigil\u00e2ncia Sanit\u00e1ria, na Aleam","description":"A Prefeitura de Manaus, por meio da Diretoria de Vigil\u00e2ncia Sanit\u00e1ria (Visa Manaus), da Secretaria Municipal de Sa\u00fade (Semsa), realizou, nesta quarta-feira, 2\/8, um evento especial em comemora\u00e7\u00e3o ao Dia Nacional da Vigil\u00e2ncia Sanit\u00e1ria, no audit\u00f3rio Belarmino Lins da Assembleia Legislativa do Estado do Amazonas (Aleam), localizado na avenida M\u00e1rio Ypiranga Monteiro, Parque 10 de Novembro, zona Centro-Sul da cidade.","robots":{"index":"index","follow":"follow","max-snippet":"max-snippet:-1","max-image-preview":"max-image-preview:large","max-video-preview":"max-video-preview:-1"},"canonical":"https:\/\/www.manaus.am.gov.br\/semsa\/visa-manaus-realiza-evento-em-comemoracao-ao-dia-nacional-da-vigilancia-sanitaria-na-aleam\/","og_locale":"pt_BR","og_type":"article","og_title":"Visa Manaus realiza evento em comemora\u00e7\u00e3o ao Dia Nacional da Vigil\u00e2ncia Sanit\u00e1ria, na Aleam","og_description":"A Prefeitura de Manaus, por meio da Diretoria de Vigil\u00e2ncia Sanit\u00e1ria (Visa Manaus), da Secretaria Municipal de Sa\u00fade (Semsa), realizou, nesta quarta-feira, 2\/8, um evento especial em comemora\u00e7\u00e3o ao Dia Nacional da Vigil\u00e2ncia Sanit\u00e1ria, no audit\u00f3rio Belarmino Lins da Assembleia Legislativa do Estado do Amazonas (Aleam), localizado na avenida M\u00e1rio Ypiranga Monteiro, Parque 10 de Novembro, zona Centro-Sul da cidade.","og_url":"https:\/\/www.manaus.am.gov.br\/semsa\/visa-manaus-realiza-evento-em-comemoracao-ao-dia-nacional-da-vigilancia-sanitaria-na-aleam\/","og_site_name":"SEMSA","article_published_time":"2023-08-03T13:36:42+00:00","article_modified_time":"2023-08-03T13:36:43+00:00","og_image":[{"width":799,"height":533,"url":"https:\/\/www.manaus.am.gov.br\/semsa\/wp-content\/uploads\/sites\/8\/2023\/08\/53090926056_6f3d529db8_c.jpg","type":"image\/jpeg"}],"author":"Adriana Costa","twitter_card":"summary_large_image","twitter_misc":{"Written by":"Adriana Costa","Est. reading time":"5 minutos"},"schema":{"@context":"https:\/\/schema.org","@graph":[{"@type":"WebPage","@id":"https:\/\/www.manaus.am.gov.br\/semsa\/visa-manaus-realiza-evento-em-comemoracao-ao-dia-nacional-da-vigilancia-sanitaria-na-aleam\/","url":"https:\/\/www.manaus.am.gov.br\/semsa\/visa-manaus-realiza-evento-em-comemoracao-ao-dia-nacional-da-vigilancia-sanitaria-na-aleam\/","name":"Visa Manaus realiza evento em comemora\u00e7\u00e3o ao Dia Nacional da Vigil\u00e2ncia Sanit\u00e1ria, na Aleam","isPartOf":{"@id":"https:\/\/www.manaus.am.gov.br\/semsa\/#website"},"primaryImageOfPage":{"@id":"https:\/\/www.manaus.am.gov.br\/semsa\/visa-manaus-realiza-evento-em-comemoracao-ao-dia-nacional-da-vigilancia-sanitaria-na-aleam\/#primaryimage"},"image":{"@id":"https:\/\/www.manaus.am.gov.br\/semsa\/visa-manaus-realiza-evento-em-comemoracao-ao-dia-nacional-da-vigilancia-sanitaria-na-aleam\/#primaryimage"},"thumbnailUrl":"https:\/\/www.manaus.am.gov.br\/semsa\/wp-content\/uploads\/sites\/8\/2023\/08\/53090926056_6f3d529db8_c.jpg","datePublished":"2023-08-03T13:36:42+00:00","dateModified":"2023-08-03T13:36:43+00:00","author":{"@id":"https:\/\/www.manaus.am.gov.br\/semsa\/#\/schema\/person\/4e49f4e267757a06ca072ec61b2b9968"},"description":"A Prefeitura de Manaus, por meio da Diretoria de Vigil\u00e2ncia Sanit\u00e1ria (Visa Manaus), da Secretaria Municipal de Sa\u00fade (Semsa), realizou, nesta quarta-feira, 2\/8, um evento especial em comemora\u00e7\u00e3o ao Dia Nacional da Vigil\u00e2ncia Sanit\u00e1ria, no audit\u00f3rio Belarmino Lins da Assembleia Legislativa do Estado do Amazonas (Aleam), localizado na avenida M\u00e1rio Ypiranga Monteiro, Parque 10 de Novembro, zona Centro-Sul da cidade.","inLanguage":"pt-BR","potentialAction":[{"@type":"ReadAction","target":["https:\/\/www.manaus.am.gov.br\/semsa\/visa-manaus-realiza-evento-em-comemoracao-ao-dia-nacional-da-vigilancia-sanitaria-na-aleam\/"]}]},{"@type":"ImageObject","inLanguage":"pt-BR","@id":"https:\/\/www.manaus.am.gov.br\/semsa\/visa-manaus-realiza-evento-em-comemoracao-ao-dia-nacional-da-vigilancia-sanitaria-na-aleam\/#primaryimage","url":"https:\/\/www.manaus.am.gov.br\/semsa\/wp-content\/uploads\/sites\/8\/2023\/08\/53090926056_6f3d529db8_c.jpg","contentUrl":"https:\/\/www.manaus.am.gov.br\/semsa\/wp-content\/uploads\/sites\/8\/2023\/08\/53090926056_6f3d529db8_c.jpg","width":799,"height":533},{"@type":"WebSite","@id":"https:\/\/www.manaus.am.gov.br\/semsa\/#website","url":"https:\/\/www.manaus.am.gov.br\/semsa\/","name":"SEMSA","description":"Secretaria Municipal de Sa\u00fade","alternateName":"Secretaria Municipal de Sa\u00fade","potentialAction":[{"@type":"SearchAction","target":{"@type":"EntryPoint","urlTemplate":"https:\/\/www.manaus.am.gov.br\/semsa\/?s={search_term_string}"},"query-input":"required name=search_term_string"}],"inLanguage":"pt-BR"},{"@type":"Person","@id":"https:\/\/www.manaus.am.gov.br\/semsa\/#\/schema\/person\/4e49f4e267757a06ca072ec61b2b9968","name":"Adriana Costa","image":{"@type":"ImageObject","inLanguage":"pt-BR","@id":"https:\/\/www.manaus.am.gov.br\/semsa\/#\/schema\/person\/image\/","url":"https:\/\/secure.gravatar.com\/avatar\/576258617ef7194f718179e766d57bd4?s=96&d=mm&r=g","contentUrl":"https:\/\/secure.gravatar.com\/avatar\/576258617ef7194f718179e766d57bd4?s=96&d=mm&r=g","caption":"Adriana Costa"}}]}},"_links":{"self":[{"href":"https:\/\/www.manaus.am.gov.br\/semsa\/wp-json\/wp\/v2\/posts\/212711"}],"collection":[{"href":"https:\/\/www.manaus.am.gov.br\/semsa\/wp-json\/wp\/v2\/posts"}],"about":[{"href":"https:\/\/www.manaus.am.gov.br\/semsa\/wp-json\/wp\/v2\/types\/post"}],"author":[{"embeddable":true,"href":"https:\/\/www.manaus.am.gov.br\/semsa\/wp-json\/wp\/v2\/users\/23"}],"replies":[{"embeddable":true,"href":"https:\/\/www.manaus.am.gov.br\/semsa\/wp-json\/wp\/v2\/comments?post=212711"}],"version-history":[{"count":0,"href":"https:\/\/www.manaus.am.gov.br\/semsa\/wp-json\/wp\/v2\/posts\/212711\/revisions"}],"wp:featuredmedia":[{"embeddable":true,"href":"https:\/\/www.manaus.am.gov.br\/semsa\/wp-json\/wp\/v2\/media\/212712"}],"wp:attachment":[{"href":"https:\/\/www.manaus.am.gov.br\/semsa\/wp-json\/wp\/v2\/media?parent=212711"}],"wp:term":[{"taxonomy":"category","embeddable":true,"href":"https:\/\/www.manaus.am.gov.br\/semsa\/wp-json\/wp\/v2\/categories?post=212711"},{"taxonomy":"post_tag","embeddable":true,"href":"https:\/\/www.manaus.am.gov.br\/semsa\/wp-json\/wp\/v2\/tags?post=212711"}],"curies":[{"name":"wp","href":"https:\/\/api.w.org\/{rel}","templated":true}]}}