{"id":212697,"date":"2023-08-01T17:38:43","date_gmt":"2023-08-01T21:38:43","guid":{"rendered":"https:\/\/www.manaus.am.gov.br\/semsa\/prefeitura-reforca-importancia-do-aleitamento-materno-na-abertura-do-agosto-dourado\/"},"modified":"2023-08-01T17:38:43","modified_gmt":"2023-08-01T21:38:43","slug":"prefeitura-reforca-importancia-do-aleitamento-materno-na-abertura-do-agosto-dourado","status":"publish","type":"post","link":"https:\/\/www.manaus.am.gov.br\/semsa\/prefeitura-reforca-importancia-do-aleitamento-materno-na-abertura-do-agosto-dourado\/","title":{"rendered":"<strong>Prefeitura refor\u00e7a import\u00e2ncia do aleitamento materno na abertura do \u2018Agosto Dourado\u2019<\/strong>"},"content":{"rendered":"\n<p>Refor\u00e7ando a import\u00e2ncia da amamenta\u00e7\u00e3o natural para a sa\u00fade de beb\u00eas e crian\u00e7as, a Prefeitura de Manaus, por meio da Secretaria Municipal de Sa\u00fade (Semsa), realizou a abertura simb\u00f3lica do m\u00eas do aleitamento materno, o \u201cAgosto Dourado\u201d, na manh\u00e3 desta ter\u00e7a-feira, 1\u00ba\/8, na Unidade de Sa\u00fade da Fam\u00edlia (USF) Lago do Aleixo, no bairro Col\u00f4nia Ant\u00f4nio Aleixo, zona Leste.<\/p>\n\n\n\n<p>O subsecret\u00e1rio de Gest\u00e3o da Sa\u00fade, Djalma Coelho, assinalou que a programa\u00e7\u00e3o do \u201cAgosto Dourado\u201d vai alcan\u00e7ar todas as unidades da rede municipal, com o refor\u00e7o de a\u00e7\u00f5es de educa\u00e7\u00e3o em sa\u00fade e de sensibiliza\u00e7\u00e3o da popula\u00e7\u00e3o acerca da import\u00e2ncia da alimenta\u00e7\u00e3o dos beb\u00eas com o leite produzido pela m\u00e3e e seus benef\u00edcios.<\/p>\n\n\n\n<p>\u201cO ato de amamentar \u00e9 um dos mais importantes da m\u00e3e para o seu filho, e que refor\u00e7a o v\u00ednculo afetivo entre ela e o beb\u00ea. E, al\u00e9m de um ato de carinho, \u00e9 tamb\u00e9m de enorme relev\u00e2ncia para a sa\u00fade p\u00fablica, por contribuir para redu\u00e7\u00e3o da mortalidade infantil\u201d, apontou o gestor.<\/p>\n\n\n\n<p>A chefe do N\u00facleo de Aten\u00e7\u00e3o \u00e0 Sa\u00fade da Crian\u00e7a e do Adolescente da Semsa, enfermeira Jana\u00edna S\u00e1 Terra, enfatiza que o leite materno tem todos os nutrientes necess\u00e1rios para o beb\u00ea, al\u00e9m de contribuir para a prote\u00e7\u00e3o da crian\u00e7a contra doen\u00e7as e infec\u00e7\u00f5es.<\/p>\n\n\n\n<p>\u201cO aleitamento s\u00f3 traz benef\u00edcios, seja na redu\u00e7\u00e3o da mortalidade infantil, seja no desenvolvimento do beb\u00ea, que vai crescer melhor e adoecer menos. Tamb\u00e9m traz benef\u00edcios para a sa\u00fade da m\u00e3e e fortalece o v\u00ednculo dela com a crian\u00e7a\u201d, enumera a servidora, orientando que o leite materno deve ser exclusivo at\u00e9 o sexto m\u00eas de vida e seguir como complemento na alimenta\u00e7\u00e3o do beb\u00ea pelo menos at\u00e9 os 2 anos de idade.<\/p>\n\n\n\n<p>Jana\u00edna pontua ainda que o leite materno pode ser doado para ajudar na nutri\u00e7\u00e3o de rec\u00e9m-nascidos que n\u00e3o podem ser amamentados pelas m\u00e3es, como beb\u00eas doentes e prematuros. Conforme a enfermeira, um dos postos de coleta de leite humano que funcionam em Manaus fica na Maternidade Moura Tapaj\u00f3z, gerenciada pela Semsa Manaus e situada na zona Oeste da capital.<\/p>\n\n\n\n<p>\u201cA m\u00e3e disposta a doar pode ir at\u00e9 a maternidade, onde receber\u00e1 todas as orienta\u00e7\u00f5es sobre como fazer a extra\u00e7\u00e3o manual. Esse leite vale ouro para muitos beb\u00eas, principalmente aqueles que est\u00e3o na Unidade de Tratamento Intensivo (UTI)\u201d, relata.<\/p>\n\n\n\n<p>Presente no evento na USF Lago do Aleixo, a dona de casa Girlene Ferreira dos Santos, relatou que conseguiu amamentar os quatro filhos at\u00e9 os 2 anos de idade, mesmo com a falta de tempo devido ao trabalho, e reiterou os benef\u00edcios da amamenta\u00e7\u00e3o para a vida e a sa\u00fade dos beb\u00eas.<\/p>\n\n\n\n<p>\u201cTive dificuldade com minha filha de 6 anos, pois tinha de trabalhar e precisei dar leite e mingau aos 4 meses de idade, mas \u00e0 noite estava sempre com ela, amamentando. \u00c9 importante principalmente para evitar doen\u00e7as\u201d, refor\u00e7ou.<\/p>\n\n\n\n<p><strong>Pais e Beb\u00ea Manauara<\/strong><\/p>\n\n\n\n<p>O m\u00eas de agosto \u00e9 tamb\u00e9m voltado \u00e0 valoriza\u00e7\u00e3o da paternidade, e por essa raz\u00e3o a programa\u00e7\u00e3o do \u201cAgosto Dourado\u201d ter\u00e1 tamb\u00e9m a\u00e7\u00f5es de est\u00edmulo \u00e0 participa\u00e7\u00e3o paterna na gravidez, da gesta\u00e7\u00e3o at\u00e9 o p\u00f3s-parto, como forma de assegurar uma gravidez saud\u00e1vel e fortalecer os v\u00ednculos familiares.<\/p>\n\n\n\n<figure class=\"wp-block-image size-large\"><img loading=\"lazy\" decoding=\"async\" width=\"1024\" height=\"683\" src=\"https:\/\/www.manaus.am.gov.br\/semsa\/wp-content\/uploads\/sites\/8\/2023\/08\/01_AGOSTO23_ABERTURA-DA-CAMPANHA-AGOSTO-DOURADO-DJALMA-COELHO-ABERTURA-E-APRESENTACOES--1024x683.jpg\" alt=\"\" class=\"wp-image-212698\" srcset=\"https:\/\/www.manaus.am.gov.br\/semsa\/wp-content\/uploads\/sites\/8\/2023\/08\/01_AGOSTO23_ABERTURA-DA-CAMPANHA-AGOSTO-DOURADO-DJALMA-COELHO-ABERTURA-E-APRESENTACOES--1024x683.jpg 1024w, https:\/\/www.manaus.am.gov.br\/semsa\/wp-content\/uploads\/sites\/8\/2023\/08\/01_AGOSTO23_ABERTURA-DA-CAMPANHA-AGOSTO-DOURADO-DJALMA-COELHO-ABERTURA-E-APRESENTACOES--300x200.jpg 300w, https:\/\/www.manaus.am.gov.br\/semsa\/wp-content\/uploads\/sites\/8\/2023\/08\/01_AGOSTO23_ABERTURA-DA-CAMPANHA-AGOSTO-DOURADO-DJALMA-COELHO-ABERTURA-E-APRESENTACOES--768x512.jpg 768w, https:\/\/www.manaus.am.gov.br\/semsa\/wp-content\/uploads\/sites\/8\/2023\/08\/01_AGOSTO23_ABERTURA-DA-CAMPANHA-AGOSTO-DOURADO-DJALMA-COELHO-ABERTURA-E-APRESENTACOES--1536x1024.jpg 1536w, https:\/\/www.manaus.am.gov.br\/semsa\/wp-content\/uploads\/sites\/8\/2023\/08\/01_AGOSTO23_ABERTURA-DA-CAMPANHA-AGOSTO-DOURADO-DJALMA-COELHO-ABERTURA-E-APRESENTACOES--2048x1365.jpg 2048w\" sizes=\"(max-width: 1024px) 100vw, 1024px\" \/><\/figure>\n\n\n\n<p>A abertura do \u201cAgosto Dourado\u201d marca tamb\u00e9m o in\u00edcio da Semana do Beb\u00ea Manauara, com a\u00e7\u00f5es para mobiliza\u00e7\u00e3o da sociedade para a aten\u00e7\u00e3o \u00e0 primeira inf\u00e2ncia. Promovida pela Semsa em parceria com as Secretarias Municipais de Educa\u00e7\u00e3o (Semed); e da Mulher, Assist\u00eancia Social e Cidadania (Semasc); Fundo das Na\u00e7\u00f5es Unidas para a Inf\u00e2ncia (Unicef) e Adra Brasil. A iniciativa prev\u00ea a realiza\u00e7\u00e3o de palestras, oficinas, atividades em USFs, creches e escolas municipais.<\/p>\n\n\n\n<p><strong>Agenda<\/strong><\/p>\n\n\n\n<p>Al\u00e9m da atua\u00e7\u00e3o das equipes das unidades de sa\u00fade na promo\u00e7\u00e3o do aleitamento materno e esclarecimento de d\u00favidas da popula\u00e7\u00e3o, ao longo de todo o m\u00eas, a agenda do \u201cAgosto Dourado\u201d ter\u00e1 uma a\u00e7\u00e3o na Maternidade Municipal Dr. Moura Tapaj\u00f3z, no bairro Compensa, zona Oeste, na quarta-feira, 2\/8; e uma oficina de manejo do aleitamento materno, voltada a profissionais de sa\u00fade da Semsa, no Centro Universit\u00e1rio Fametro \u2013 Unidade Cachoeirinha, na zona Sul, no dia 8\/8.<\/p>\n\n\n\n<p>As atividades da Semana do Beb\u00ea Manauara tiveram in\u00edcio nesta ter\u00e7a-feira, durante a abertura na USF Lago do Aleixo, e seguem com a\u00e7\u00f5es em unidades do Distrito de Sa\u00fade Oeste, na sexta-feira, 4\/8; do Distrito Norte, no dia 11\/8; do Distrito Sul, no dia 18\/8; e do Distrito Rural, no dia 25. A programa\u00e7\u00e3o \u00e9 realizada pelos distritos, com o apoio do N\u00facleo de Aten\u00e7\u00e3o \u00e0 Sa\u00fade da Crian\u00e7a e do Adolescente.<\/p>\n\n\n\n<p>&#8212; &#8212; &#8212;<\/p>\n\n\n\n<p><strong>Texto &#8211;<\/strong>&nbsp;Jony Clay Borges \/ Semsa<\/p>\n\n\n\n<p><strong>Fotos &#8211;&nbsp;<\/strong>Graziela Praia \/ Semsa<\/p>\n","protected":false},"excerpt":{"rendered":"","protected":false},"author":31,"featured_media":212699,"comment_status":"closed","ping_status":"closed","sticky":false,"template":"","format":"standard","meta":{"footnotes":""},"categories":[16],"tags":[1367,1377,1378],"acf":[],"yoast_head":"<!-- This site is optimized with the Yoast SEO plugin v23.0 - https:\/\/yoast.com\/wordpress\/plugins\/seo\/ -->\n<title>Prefeitura refor\u00e7a import\u00e2ncia do aleitamento materno na abertura do \u2018Agosto Dourado\u2019 - SEMSA<\/title>\n<meta name=\"robots\" content=\"index, follow, max-snippet:-1, max-image-preview:large, max-video-preview:-1\" \/>\n<link rel=\"canonical\" href=\"https:\/\/www.manaus.am.gov.br\/semsa\/prefeitura-reforca-importancia-do-aleitamento-materno-na-abertura-do-agosto-dourado\/\" \/>\n<meta property=\"og:locale\" content=\"pt_BR\" \/>\n<meta property=\"og:type\" content=\"article\" \/>\n<meta property=\"og:title\" content=\"Prefeitura refor\u00e7a import\u00e2ncia do aleitamento materno na abertura do \u2018Agosto Dourado\u2019 - SEMSA\" \/>\n<meta property=\"og:url\" content=\"https:\/\/www.manaus.am.gov.br\/semsa\/prefeitura-reforca-importancia-do-aleitamento-materno-na-abertura-do-agosto-dourado\/\" \/>\n<meta property=\"og:site_name\" content=\"SEMSA\" \/>\n<meta property=\"article:published_time\" content=\"2023-08-01T21:38:43+00:00\" \/>\n<meta property=\"og:image\" content=\"https:\/\/www.manaus.am.gov.br\/semsa\/wp-content\/uploads\/sites\/8\/2023\/08\/01_AGOSTO23_ABERTURA-DA-CAMPANHA-AGOSTO-DOURADO-DJALMA-COELHO-ABERTURA-E-APRESENTACOES-MAES-PARTICIPANTES-DAS-ACOES--1024x683.jpg\" \/>\n\t<meta property=\"og:image:width\" content=\"1024\" \/>\n\t<meta property=\"og:image:height\" content=\"683\" \/>\n\t<meta property=\"og:image:type\" content=\"image\/jpeg\" \/>\n<meta name=\"author\" content=\"Renata Felix\" \/>\n<meta name=\"twitter:card\" content=\"summary_large_image\" \/>\n<meta name=\"twitter:label1\" content=\"Written by\" \/>\n\t<meta name=\"twitter:data1\" content=\"Renata Felix\" \/>\n\t<meta name=\"twitter:label2\" content=\"Est. reading time\" \/>\n\t<meta name=\"twitter:data2\" content=\"5 minutos\" \/>\n<script type=\"application\/ld+json\" class=\"yoast-schema-graph\">{\"@context\":\"https:\/\/schema.org\",\"@graph\":[{\"@type\":\"WebPage\",\"@id\":\"https:\/\/www.manaus.am.gov.br\/semsa\/prefeitura-reforca-importancia-do-aleitamento-materno-na-abertura-do-agosto-dourado\/\",\"url\":\"https:\/\/www.manaus.am.gov.br\/semsa\/prefeitura-reforca-importancia-do-aleitamento-materno-na-abertura-do-agosto-dourado\/\",\"name\":\"Prefeitura refor\u00e7a import\u00e2ncia do aleitamento materno na abertura do \u2018Agosto Dourado\u2019 - SEMSA\",\"isPartOf\":{\"@id\":\"https:\/\/www.manaus.am.gov.br\/semsa\/#website\"},\"primaryImageOfPage\":{\"@id\":\"https:\/\/www.manaus.am.gov.br\/semsa\/prefeitura-reforca-importancia-do-aleitamento-materno-na-abertura-do-agosto-dourado\/#primaryimage\"},\"image\":{\"@id\":\"https:\/\/www.manaus.am.gov.br\/semsa\/prefeitura-reforca-importancia-do-aleitamento-materno-na-abertura-do-agosto-dourado\/#primaryimage\"},\"thumbnailUrl\":\"https:\/\/www.manaus.am.gov.br\/semsa\/wp-content\/uploads\/sites\/8\/2023\/08\/01_AGOSTO23_ABERTURA-DA-CAMPANHA-AGOSTO-DOURADO-DJALMA-COELHO-ABERTURA-E-APRESENTACOES-MAES-PARTICIPANTES-DAS-ACOES-.jpg\",\"datePublished\":\"2023-08-01T21:38:43+00:00\",\"dateModified\":\"2023-08-01T21:38:43+00:00\",\"author\":{\"@id\":\"https:\/\/www.manaus.am.gov.br\/semsa\/#\/schema\/person\/4eea2a8f78dc853097abb026f728aa06\"},\"inLanguage\":\"pt-BR\",\"potentialAction\":[{\"@type\":\"ReadAction\",\"target\":[\"https:\/\/www.manaus.am.gov.br\/semsa\/prefeitura-reforca-importancia-do-aleitamento-materno-na-abertura-do-agosto-dourado\/\"]}]},{\"@type\":\"ImageObject\",\"inLanguage\":\"pt-BR\",\"@id\":\"https:\/\/www.manaus.am.gov.br\/semsa\/prefeitura-reforca-importancia-do-aleitamento-materno-na-abertura-do-agosto-dourado\/#primaryimage\",\"url\":\"https:\/\/www.manaus.am.gov.br\/semsa\/wp-content\/uploads\/sites\/8\/2023\/08\/01_AGOSTO23_ABERTURA-DA-CAMPANHA-AGOSTO-DOURADO-DJALMA-COELHO-ABERTURA-E-APRESENTACOES-MAES-PARTICIPANTES-DAS-ACOES-.jpg\",\"contentUrl\":\"https:\/\/www.manaus.am.gov.br\/semsa\/wp-content\/uploads\/sites\/8\/2023\/08\/01_AGOSTO23_ABERTURA-DA-CAMPANHA-AGOSTO-DOURADO-DJALMA-COELHO-ABERTURA-E-APRESENTACOES-MAES-PARTICIPANTES-DAS-ACOES-.jpg\",\"width\":6240,\"height\":4160},{\"@type\":\"WebSite\",\"@id\":\"https:\/\/www.manaus.am.gov.br\/semsa\/#website\",\"url\":\"https:\/\/www.manaus.am.gov.br\/semsa\/\",\"name\":\"SEMSA\",\"description\":\"Secretaria Municipal de Sa\u00fade\",\"alternateName\":\"Secretaria Municipal de Sa\u00fade\",\"potentialAction\":[{\"@type\":\"SearchAction\",\"target\":{\"@type\":\"EntryPoint\",\"urlTemplate\":\"https:\/\/www.manaus.am.gov.br\/semsa\/?s={search_term_string}\"},\"query-input\":\"required name=search_term_string\"}],\"inLanguage\":\"pt-BR\"},{\"@type\":\"Person\",\"@id\":\"https:\/\/www.manaus.am.gov.br\/semsa\/#\/schema\/person\/4eea2a8f78dc853097abb026f728aa06\",\"name\":\"Renata Felix\",\"image\":{\"@type\":\"ImageObject\",\"inLanguage\":\"pt-BR\",\"@id\":\"https:\/\/www.manaus.am.gov.br\/semsa\/#\/schema\/person\/image\/\",\"url\":\"https:\/\/secure.gravatar.com\/avatar\/3c196cf9d3b837b24c8edb2c50fd8f29?s=96&d=mm&r=g\",\"contentUrl\":\"https:\/\/secure.gravatar.com\/avatar\/3c196cf9d3b837b24c8edb2c50fd8f29?s=96&d=mm&r=g\",\"caption\":\"Renata Felix\"}}]}<\/script>\n<!-- \/ Yoast SEO plugin. -->","yoast_head_json":{"title":"Prefeitura refor\u00e7a import\u00e2ncia do aleitamento materno na abertura do \u2018Agosto Dourado\u2019 - SEMSA","robots":{"index":"index","follow":"follow","max-snippet":"max-snippet:-1","max-image-preview":"max-image-preview:large","max-video-preview":"max-video-preview:-1"},"canonical":"https:\/\/www.manaus.am.gov.br\/semsa\/prefeitura-reforca-importancia-do-aleitamento-materno-na-abertura-do-agosto-dourado\/","og_locale":"pt_BR","og_type":"article","og_title":"Prefeitura refor\u00e7a import\u00e2ncia do aleitamento materno na abertura do \u2018Agosto Dourado\u2019 - SEMSA","og_url":"https:\/\/www.manaus.am.gov.br\/semsa\/prefeitura-reforca-importancia-do-aleitamento-materno-na-abertura-do-agosto-dourado\/","og_site_name":"SEMSA","article_published_time":"2023-08-01T21:38:43+00:00","og_image":[{"width":1024,"height":683,"url":"https:\/\/www.manaus.am.gov.br\/semsa\/wp-content\/uploads\/sites\/8\/2023\/08\/01_AGOSTO23_ABERTURA-DA-CAMPANHA-AGOSTO-DOURADO-DJALMA-COELHO-ABERTURA-E-APRESENTACOES-MAES-PARTICIPANTES-DAS-ACOES--1024x683.jpg","type":"image\/jpeg"}],"author":"Renata Felix","twitter_card":"summary_large_image","twitter_misc":{"Written by":"Renata Felix","Est. reading time":"5 minutos"},"schema":{"@context":"https:\/\/schema.org","@graph":[{"@type":"WebPage","@id":"https:\/\/www.manaus.am.gov.br\/semsa\/prefeitura-reforca-importancia-do-aleitamento-materno-na-abertura-do-agosto-dourado\/","url":"https:\/\/www.manaus.am.gov.br\/semsa\/prefeitura-reforca-importancia-do-aleitamento-materno-na-abertura-do-agosto-dourado\/","name":"Prefeitura refor\u00e7a import\u00e2ncia do aleitamento materno na abertura do \u2018Agosto Dourado\u2019 - SEMSA","isPartOf":{"@id":"https:\/\/www.manaus.am.gov.br\/semsa\/#website"},"primaryImageOfPage":{"@id":"https:\/\/www.manaus.am.gov.br\/semsa\/prefeitura-reforca-importancia-do-aleitamento-materno-na-abertura-do-agosto-dourado\/#primaryimage"},"image":{"@id":"https:\/\/www.manaus.am.gov.br\/semsa\/prefeitura-reforca-importancia-do-aleitamento-materno-na-abertura-do-agosto-dourado\/#primaryimage"},"thumbnailUrl":"https:\/\/www.manaus.am.gov.br\/semsa\/wp-content\/uploads\/sites\/8\/2023\/08\/01_AGOSTO23_ABERTURA-DA-CAMPANHA-AGOSTO-DOURADO-DJALMA-COELHO-ABERTURA-E-APRESENTACOES-MAES-PARTICIPANTES-DAS-ACOES-.jpg","datePublished":"2023-08-01T21:38:43+00:00","dateModified":"2023-08-01T21:38:43+00:00","author":{"@id":"https:\/\/www.manaus.am.gov.br\/semsa\/#\/schema\/person\/4eea2a8f78dc853097abb026f728aa06"},"inLanguage":"pt-BR","potentialAction":[{"@type":"ReadAction","target":["https:\/\/www.manaus.am.gov.br\/semsa\/prefeitura-reforca-importancia-do-aleitamento-materno-na-abertura-do-agosto-dourado\/"]}]},{"@type":"ImageObject","inLanguage":"pt-BR","@id":"https:\/\/www.manaus.am.gov.br\/semsa\/prefeitura-reforca-importancia-do-aleitamento-materno-na-abertura-do-agosto-dourado\/#primaryimage","url":"https:\/\/www.manaus.am.gov.br\/semsa\/wp-content\/uploads\/sites\/8\/2023\/08\/01_AGOSTO23_ABERTURA-DA-CAMPANHA-AGOSTO-DOURADO-DJALMA-COELHO-ABERTURA-E-APRESENTACOES-MAES-PARTICIPANTES-DAS-ACOES-.jpg","contentUrl":"https:\/\/www.manaus.am.gov.br\/semsa\/wp-content\/uploads\/sites\/8\/2023\/08\/01_AGOSTO23_ABERTURA-DA-CAMPANHA-AGOSTO-DOURADO-DJALMA-COELHO-ABERTURA-E-APRESENTACOES-MAES-PARTICIPANTES-DAS-ACOES-.jpg","width":6240,"height":4160},{"@type":"WebSite","@id":"https:\/\/www.manaus.am.gov.br\/semsa\/#website","url":"https:\/\/www.manaus.am.gov.br\/semsa\/","name":"SEMSA","description":"Secretaria Municipal de Sa\u00fade","alternateName":"Secretaria Municipal de Sa\u00fade","potentialAction":[{"@type":"SearchAction","target":{"@type":"EntryPoint","urlTemplate":"https:\/\/www.manaus.am.gov.br\/semsa\/?s={search_term_string}"},"query-input":"required name=search_term_string"}],"inLanguage":"pt-BR"},{"@type":"Person","@id":"https:\/\/www.manaus.am.gov.br\/semsa\/#\/schema\/person\/4eea2a8f78dc853097abb026f728aa06","name":"Renata Felix","image":{"@type":"ImageObject","inLanguage":"pt-BR","@id":"https:\/\/www.manaus.am.gov.br\/semsa\/#\/schema\/person\/image\/","url":"https:\/\/secure.gravatar.com\/avatar\/3c196cf9d3b837b24c8edb2c50fd8f29?s=96&d=mm&r=g","contentUrl":"https:\/\/secure.gravatar.com\/avatar\/3c196cf9d3b837b24c8edb2c50fd8f29?s=96&d=mm&r=g","caption":"Renata Felix"}}]}},"_links":{"self":[{"href":"https:\/\/www.manaus.am.gov.br\/semsa\/wp-json\/wp\/v2\/posts\/212697"}],"collection":[{"href":"https:\/\/www.manaus.am.gov.br\/semsa\/wp-json\/wp\/v2\/posts"}],"about":[{"href":"https:\/\/www.manaus.am.gov.br\/semsa\/wp-json\/wp\/v2\/types\/post"}],"author":[{"embeddable":true,"href":"https:\/\/www.manaus.am.gov.br\/semsa\/wp-json\/wp\/v2\/users\/31"}],"replies":[{"embeddable":true,"href":"https:\/\/www.manaus.am.gov.br\/semsa\/wp-json\/wp\/v2\/comments?post=212697"}],"version-history":[{"count":1,"href":"https:\/\/www.manaus.am.gov.br\/semsa\/wp-json\/wp\/v2\/posts\/212697\/revisions"}],"predecessor-version":[{"id":212700,"href":"https:\/\/www.manaus.am.gov.br\/semsa\/wp-json\/wp\/v2\/posts\/212697\/revisions\/212700"}],"wp:featuredmedia":[{"embeddable":true,"href":"https:\/\/www.manaus.am.gov.br\/semsa\/wp-json\/wp\/v2\/media\/212699"}],"wp:attachment":[{"href":"https:\/\/www.manaus.am.gov.br\/semsa\/wp-json\/wp\/v2\/media?parent=212697"}],"wp:term":[{"taxonomy":"category","embeddable":true,"href":"https:\/\/www.manaus.am.gov.br\/semsa\/wp-json\/wp\/v2\/categories?post=212697"},{"taxonomy":"post_tag","embeddable":true,"href":"https:\/\/www.manaus.am.gov.br\/semsa\/wp-json\/wp\/v2\/tags?post=212697"}],"curies":[{"name":"wp","href":"https:\/\/api.w.org\/{rel}","templated":true}]}}