{"id":212663,"date":"2023-07-28T14:53:19","date_gmt":"2023-07-28T18:53:19","guid":{"rendered":"https:\/\/www.manaus.am.gov.br\/semsa\/prefeitura-mostra-conquistas-na-area-da-saude-em-audiencia-publica\/"},"modified":"2023-07-28T14:53:20","modified_gmt":"2023-07-28T18:53:20","slug":"prefeitura-mostra-conquistas-na-area-da-saude-em-audiencia-publica","status":"publish","type":"post","link":"https:\/\/www.manaus.am.gov.br\/semsa\/prefeitura-mostra-conquistas-na-area-da-saude-em-audiencia-publica\/","title":{"rendered":"<strong>Prefeitura mostra conquistas na \u00e1rea da sa\u00fade em audi\u00eancia p\u00fablica<\/strong>"},"content":{"rendered":"\n<p>O fortalecimento e a amplia\u00e7\u00e3o da rede municipal de sa\u00fade, gerenciada pela Prefeitura de Manaus, foi destaque em audi\u00eancia p\u00fablica realizada pela Secretaria Municipal de Sa\u00fade (Semsa), na tarde de quinta-feira, 27\/7, no audit\u00f3rio da sede do \u00f3rg\u00e3o, na zona Centro-Sul. Os investimentos na constru\u00e7\u00e3o, reforma e revitaliza\u00e7\u00e3o de unidades de sa\u00fade foram relacionados em uma apresenta\u00e7\u00e3o, que contou com a participa\u00e7\u00e3o de gestores, servidores e representantes de \u00f3rg\u00e3os de controle.<\/p>\n\n\n\n<p>O evento, transmitido pelo Facebook da Prefeitura de Manaus, al\u00e9m de mostrar os avan\u00e7os, tamb\u00e9m se destinou \u00e0 apresenta\u00e7\u00e3o das propostas de revis\u00e3o do Plano Plurianual (PPA) e das prioridades para a elabora\u00e7\u00e3o da Lei Or\u00e7ament\u00e1ria Anual (LOA) de 2024.<\/p>\n\n\n\n<p>A apresenta\u00e7\u00e3o foi conduzida pelo subsecret\u00e1rio de Gest\u00e3o Administrativa e Planejamento Nagib Salem, que mostrou a amplitude das a\u00e7\u00f5es da Semsa em uma capital que concentra 2,25 milh\u00f5es de habitantes. \u201cAt\u00e9 maio deste ano, a cobertura da Aten\u00e7\u00e3o Prim\u00e1ria \u00e0 Sa\u00fade (APS) em Manaus estava em 75,63%, o que demonstra que o esfor\u00e7o da gest\u00e3o do prefeito David Almeida e da secret\u00e1ria Sh\u00e1dia Fraxe vem alcan\u00e7ando bons resultados na amplia\u00e7\u00e3o do acesso e na carteira de servi\u00e7os de sa\u00fade na capital\u201d, refor\u00e7ou.<\/p>\n\n\n\n<p>Um dos destaques assinalados pelo subsecret\u00e1rio para o fortalecimento da rede de sa\u00fade do munic\u00edpio foi a constru\u00e7\u00e3o de cinco unidades de sa\u00fade de porte 4, sendo uma na zona Sul (S\u00e3o Francisco), duas na zona Oeste (Lindalva Damasceno e Parque das Tribos), e duas na zona Norte (no conjunto Viver Melhor e comunidade \u00c1guas Claras), investimento estrat\u00e9gico que vai permitir que os servi\u00e7os de sa\u00fade sejam ofertados, principalmente, nas \u00e1reas de vazio assistencial.<\/p>\n\n\n\n<p>A constru\u00e7\u00e3o de nove unidades de sa\u00fade, de uma base de apoio \u00e0s UBSs rurais, dois novos Centros de Aten\u00e7\u00e3o Psicossocial (Caps), do Laborat\u00f3rio Distrital Sul e da nova central do Servi\u00e7o M\u00f3vel de Urg\u00eancia (Samu), est\u00e3o entre as principais a\u00e7\u00f5es para o ano de 2024, o que segundo Nagib, tamb\u00e9m s\u00e3o aportes fundamentais para aumentar a cobertura da aten\u00e7\u00e3o prim\u00e1ria<\/p>\n\n\n\n<p>Outro ponto evidenciado foi a reforma das cl\u00ednicas da fam\u00edlia Franco de S\u00e1, localizada no bairro Alvorada, na zona Centro-Oeste, e Anna Barreto, no Jorge Teixeira, na zona Norte.<\/p>\n\n\n\n<p>Os investimentos estruturais tamb\u00e9m contemplar\u00e3o a UBS Geraldo Magela, no bairro Jorge Teixeira, zona Norte, e UBS Louren\u00e7o Borghi, no Japiim, na zona Sul, que est\u00e3o sendo reformadas. \u201c\u00c9 importante enfatizar que, at\u00e9 o final deste ano, a revitaliza\u00e7\u00e3o de todas as 68 UBSs de 132 metros ser\u00e1 conclu\u00edda\u201d, complementou Nagib.<\/p>\n\n\n\n<p><strong>Avan\u00e7os<\/strong><\/p>\n\n\n\n<p>De janeiro a junho deste ano, a Semsa realizou mais de 5 milh\u00f5es de atendimentos na aten\u00e7\u00e3o prim\u00e1ria \u00e0 sa\u00fade e 282.628 atendimentos na aten\u00e7\u00e3o especializada. Os exames de apoio diagn\u00f3stico (imagem, gr\u00e1ficos e laborat\u00f3rio), realizados no primeiro semestre, totalizaram 1.893.628 procedimentos. A dispensa\u00e7\u00e3o de medicamentos, servi\u00e7o que permite a preven\u00e7\u00e3o de doen\u00e7as, tratamento e redu\u00e7\u00e3o de agravos, totalizou 82.238 a\u00e7\u00f5es.<\/p>\n\n\n\n<p>A sa\u00fade da mulher foi outra frente de trabalho fortalecida este ano com a entrega de tr\u00eas Unidades M\u00f3veis de Sa\u00fade, que dentre os servi\u00e7os ofertados, prioriza o diagn\u00f3stico precoce do c\u00e2ncer do colo do \u00fatero e de mama, al\u00e9m do apoio ao pr\u00e9-natal e diagn\u00f3stico precoce de Infec\u00e7\u00f5es Sexualmente Transmiss\u00edveis e vacina\u00e7\u00e3o contra o HPV.<\/p>\n\n\n\n<p>Ainda na \u00e1rea da sa\u00fade feminina, foi destacado o exame de citologia onc\u00f3tica em meio l\u00edquido em 55 UBSs, que est\u00e1 em fase de implanta\u00e7\u00e3o.<\/p>\n\n\n\n<p>A digitaliza\u00e7\u00e3o do Parque de Imagem em tr\u00eas unidades, o sistema ITB, que permite o aprimoramento dos processos de gest\u00e3o do cuidado da tuberculose, em 56 estabelecimentos de sa\u00fade, a Implanta\u00e7\u00e3o do Programa Nacional de Controle de Qualidade em cinco laborat\u00f3rios da Semsa, o Sistema de Gest\u00e3o da Qualidade (em andamento) e atualiza\u00e7\u00e3o do C\u00f3digo Sanit\u00e1rio foram outros pontos apresentados.<\/p>\n\n\n\n<p>O evento teve uma hora de dura\u00e7\u00e3o e contou com a participa\u00e7\u00e3o do presidente do Conselho Municipal de Sa\u00fade (CMS), Elson Moreira de Melo, e da subsecret\u00e1ria de Or\u00e7amentos e Projetos, da Secretaria Municipal de Finan\u00e7as e Tecnologia da Informa\u00e7\u00e3o (Semef), Karliley Karla Capucho.<\/p>\n\n\n\n<p>O presidente do CMS enfatizou que a audi\u00eancia p\u00fablica \u00e9 uma oportunidade para debater a pol\u00edtica de sa\u00fade e discutir suas prioridades. \u201cA audi\u00eancia p\u00fablica \u00e9 uma importante conquista social e participar desse evento \u00e9 poder verificar com clareza como os investimentos est\u00e3o sendo alocados\u201d, sintetizou.<\/p>\n\n\n\n<p>As prioridades para a proposta da Lei Or\u00e7ament\u00e1ria Anual (LOA) de 2024 tamb\u00e9m foram apresentadas no encontro e para que gestores e usu\u00e1rios do SUS possam dar suas contribui\u00e7\u00f5es nos eixos \u201cInvestimento\u201d e \u201cQualifica\u00e7\u00e3o da Aten\u00e7\u00e3o Prim\u00e1ria em Sa\u00fade e Vigil\u00e2ncia em Sa\u00fade\u201d, a Semsa disponibiliza o link https:\/\/semsa.manaus.am.gov.br\/instrumentos-de-gestao\/ que, ao ser aberto, apresenta um formul\u00e1rio a ser preenchido e, em seguida, as propostas de cada eixo em aprecia\u00e7\u00e3o. A consulta ficar\u00e1 dispon\u00edvel at\u00e9 a pr\u00f3xima sexta-feira, 4\/8, e o resultado da vota\u00e7\u00e3o ser\u00e1 divulgado pela Semsa no dia 7\/8.<\/p>\n\n\n\n<p>&#8212; &#8212; &#8212;<\/p>\n\n\n\n<p><strong>Texto<\/strong> &#8211; T\u00e2nia Brand\u00e3o\/Semsa<\/p>\n\n\n\n<p><strong>Fotos<\/strong> &#8211; Graziela Praia\/Semsa<strong>Dispon\u00edveis em<\/strong> &#8211; <a href=\"https:\/\/flic.kr\/s\/aHBqjAP3X3\">https:\/\/flic.kr\/s\/aHBqjAP3X3<\/a><\/p>\n","protected":false},"excerpt":{"rendered":"","protected":false},"author":23,"featured_media":212664,"comment_status":"closed","ping_status":"closed","sticky":false,"template":"","format":"standard","meta":{"footnotes":""},"categories":[526],"tags":[1212,54,28],"acf":[],"yoast_head":"<!-- This site is optimized with the Yoast SEO plugin v23.0 - https:\/\/yoast.com\/wordpress\/plugins\/seo\/ -->\n<title>Prefeitura mostra conquistas na \u00e1rea da sa\u00fade em audi\u00eancia p\u00fablica<\/title>\n<meta name=\"description\" content=\"O fortalecimento e a amplia\u00e7\u00e3o da rede municipal de sa\u00fade, gerenciada pela Prefeitura de Manaus, foi destaque em audi\u00eancia p\u00fablica realizada pela Secretaria Municipal de Sa\u00fade (Semsa), na tarde de quinta-feira, 27\/7, no audit\u00f3rio da sede do \u00f3rg\u00e3o, na zona Centro-Sul. Os investimentos na constru\u00e7\u00e3o, reforma e revitaliza\u00e7\u00e3o de unidades de sa\u00fade foram relacionados em uma apresenta\u00e7\u00e3o, que contou com a participa\u00e7\u00e3o de gestores, servidores e representantes de \u00f3rg\u00e3os de controle.\" \/>\n<meta name=\"robots\" content=\"index, follow, max-snippet:-1, max-image-preview:large, max-video-preview:-1\" \/>\n<link rel=\"canonical\" href=\"https:\/\/www.manaus.am.gov.br\/semsa\/prefeitura-mostra-conquistas-na-area-da-saude-em-audiencia-publica\/\" \/>\n<meta property=\"og:locale\" content=\"pt_BR\" \/>\n<meta property=\"og:type\" content=\"article\" \/>\n<meta property=\"og:title\" content=\"Prefeitura mostra conquistas na \u00e1rea da sa\u00fade em audi\u00eancia p\u00fablica\" \/>\n<meta property=\"og:description\" content=\"O fortalecimento e a amplia\u00e7\u00e3o da rede municipal de sa\u00fade, gerenciada pela Prefeitura de Manaus, foi destaque em audi\u00eancia p\u00fablica realizada pela Secretaria Municipal de Sa\u00fade (Semsa), na tarde de quinta-feira, 27\/7, no audit\u00f3rio da sede do \u00f3rg\u00e3o, na zona Centro-Sul. Os investimentos na constru\u00e7\u00e3o, reforma e revitaliza\u00e7\u00e3o de unidades de sa\u00fade foram relacionados em uma apresenta\u00e7\u00e3o, que contou com a participa\u00e7\u00e3o de gestores, servidores e representantes de \u00f3rg\u00e3os de controle.\" \/>\n<meta property=\"og:url\" content=\"https:\/\/www.manaus.am.gov.br\/semsa\/prefeitura-mostra-conquistas-na-area-da-saude-em-audiencia-publica\/\" \/>\n<meta property=\"og:site_name\" content=\"SEMSA\" \/>\n<meta property=\"article:published_time\" content=\"2023-07-28T18:53:19+00:00\" \/>\n<meta property=\"article:modified_time\" content=\"2023-07-28T18:53:20+00:00\" \/>\n<meta property=\"og:image\" content=\"https:\/\/www.manaus.am.gov.br\/semsa\/wp-content\/uploads\/sites\/8\/2023\/07\/53077735034_c3c356870f_c.jpg\" \/>\n\t<meta property=\"og:image:width\" content=\"799\" \/>\n\t<meta property=\"og:image:height\" content=\"533\" \/>\n\t<meta property=\"og:image:type\" content=\"image\/jpeg\" \/>\n<meta name=\"author\" content=\"Adriana Costa\" \/>\n<meta name=\"twitter:card\" content=\"summary_large_image\" \/>\n<meta name=\"twitter:label1\" content=\"Written by\" \/>\n\t<meta name=\"twitter:data1\" content=\"Adriana Costa\" \/>\n\t<meta name=\"twitter:label2\" content=\"Est. reading time\" \/>\n\t<meta name=\"twitter:data2\" content=\"5 minutos\" \/>\n<script type=\"application\/ld+json\" class=\"yoast-schema-graph\">{\"@context\":\"https:\/\/schema.org\",\"@graph\":[{\"@type\":\"WebPage\",\"@id\":\"https:\/\/www.manaus.am.gov.br\/semsa\/prefeitura-mostra-conquistas-na-area-da-saude-em-audiencia-publica\/\",\"url\":\"https:\/\/www.manaus.am.gov.br\/semsa\/prefeitura-mostra-conquistas-na-area-da-saude-em-audiencia-publica\/\",\"name\":\"Prefeitura mostra conquistas na \u00e1rea da sa\u00fade em audi\u00eancia p\u00fablica\",\"isPartOf\":{\"@id\":\"https:\/\/www.manaus.am.gov.br\/semsa\/#website\"},\"primaryImageOfPage\":{\"@id\":\"https:\/\/www.manaus.am.gov.br\/semsa\/prefeitura-mostra-conquistas-na-area-da-saude-em-audiencia-publica\/#primaryimage\"},\"image\":{\"@id\":\"https:\/\/www.manaus.am.gov.br\/semsa\/prefeitura-mostra-conquistas-na-area-da-saude-em-audiencia-publica\/#primaryimage\"},\"thumbnailUrl\":\"https:\/\/www.manaus.am.gov.br\/semsa\/wp-content\/uploads\/sites\/8\/2023\/07\/53077735034_c3c356870f_c.jpg\",\"datePublished\":\"2023-07-28T18:53:19+00:00\",\"dateModified\":\"2023-07-28T18:53:20+00:00\",\"author\":{\"@id\":\"https:\/\/www.manaus.am.gov.br\/semsa\/#\/schema\/person\/4e49f4e267757a06ca072ec61b2b9968\"},\"description\":\"O fortalecimento e a amplia\u00e7\u00e3o da rede municipal de sa\u00fade, gerenciada pela Prefeitura de Manaus, foi destaque em audi\u00eancia p\u00fablica realizada pela Secretaria Municipal de Sa\u00fade (Semsa), na tarde de quinta-feira, 27\/7, no audit\u00f3rio da sede do \u00f3rg\u00e3o, na zona Centro-Sul. Os investimentos na constru\u00e7\u00e3o, reforma e revitaliza\u00e7\u00e3o de unidades de sa\u00fade foram relacionados em uma apresenta\u00e7\u00e3o, que contou com a participa\u00e7\u00e3o de gestores, servidores e representantes de \u00f3rg\u00e3os de controle.\",\"inLanguage\":\"pt-BR\",\"potentialAction\":[{\"@type\":\"ReadAction\",\"target\":[\"https:\/\/www.manaus.am.gov.br\/semsa\/prefeitura-mostra-conquistas-na-area-da-saude-em-audiencia-publica\/\"]}]},{\"@type\":\"ImageObject\",\"inLanguage\":\"pt-BR\",\"@id\":\"https:\/\/www.manaus.am.gov.br\/semsa\/prefeitura-mostra-conquistas-na-area-da-saude-em-audiencia-publica\/#primaryimage\",\"url\":\"https:\/\/www.manaus.am.gov.br\/semsa\/wp-content\/uploads\/sites\/8\/2023\/07\/53077735034_c3c356870f_c.jpg\",\"contentUrl\":\"https:\/\/www.manaus.am.gov.br\/semsa\/wp-content\/uploads\/sites\/8\/2023\/07\/53077735034_c3c356870f_c.jpg\",\"width\":799,\"height\":533},{\"@type\":\"WebSite\",\"@id\":\"https:\/\/www.manaus.am.gov.br\/semsa\/#website\",\"url\":\"https:\/\/www.manaus.am.gov.br\/semsa\/\",\"name\":\"SEMSA\",\"description\":\"Secretaria Municipal de Sa\u00fade\",\"alternateName\":\"Secretaria Municipal de Sa\u00fade\",\"potentialAction\":[{\"@type\":\"SearchAction\",\"target\":{\"@type\":\"EntryPoint\",\"urlTemplate\":\"https:\/\/www.manaus.am.gov.br\/semsa\/?s={search_term_string}\"},\"query-input\":\"required name=search_term_string\"}],\"inLanguage\":\"pt-BR\"},{\"@type\":\"Person\",\"@id\":\"https:\/\/www.manaus.am.gov.br\/semsa\/#\/schema\/person\/4e49f4e267757a06ca072ec61b2b9968\",\"name\":\"Adriana Costa\",\"image\":{\"@type\":\"ImageObject\",\"inLanguage\":\"pt-BR\",\"@id\":\"https:\/\/www.manaus.am.gov.br\/semsa\/#\/schema\/person\/image\/\",\"url\":\"https:\/\/secure.gravatar.com\/avatar\/576258617ef7194f718179e766d57bd4?s=96&d=mm&r=g\",\"contentUrl\":\"https:\/\/secure.gravatar.com\/avatar\/576258617ef7194f718179e766d57bd4?s=96&d=mm&r=g\",\"caption\":\"Adriana Costa\"}}]}<\/script>\n<!-- \/ Yoast SEO plugin. -->","yoast_head_json":{"title":"Prefeitura mostra conquistas na \u00e1rea da sa\u00fade em audi\u00eancia p\u00fablica","description":"O fortalecimento e a amplia\u00e7\u00e3o da rede municipal de sa\u00fade, gerenciada pela Prefeitura de Manaus, foi destaque em audi\u00eancia p\u00fablica realizada pela Secretaria Municipal de Sa\u00fade (Semsa), na tarde de quinta-feira, 27\/7, no audit\u00f3rio da sede do \u00f3rg\u00e3o, na zona Centro-Sul. Os investimentos na constru\u00e7\u00e3o, reforma e revitaliza\u00e7\u00e3o de unidades de sa\u00fade foram relacionados em uma apresenta\u00e7\u00e3o, que contou com a participa\u00e7\u00e3o de gestores, servidores e representantes de \u00f3rg\u00e3os de controle.","robots":{"index":"index","follow":"follow","max-snippet":"max-snippet:-1","max-image-preview":"max-image-preview:large","max-video-preview":"max-video-preview:-1"},"canonical":"https:\/\/www.manaus.am.gov.br\/semsa\/prefeitura-mostra-conquistas-na-area-da-saude-em-audiencia-publica\/","og_locale":"pt_BR","og_type":"article","og_title":"Prefeitura mostra conquistas na \u00e1rea da sa\u00fade em audi\u00eancia p\u00fablica","og_description":"O fortalecimento e a amplia\u00e7\u00e3o da rede municipal de sa\u00fade, gerenciada pela Prefeitura de Manaus, foi destaque em audi\u00eancia p\u00fablica realizada pela Secretaria Municipal de Sa\u00fade (Semsa), na tarde de quinta-feira, 27\/7, no audit\u00f3rio da sede do \u00f3rg\u00e3o, na zona Centro-Sul. Os investimentos na constru\u00e7\u00e3o, reforma e revitaliza\u00e7\u00e3o de unidades de sa\u00fade foram relacionados em uma apresenta\u00e7\u00e3o, que contou com a participa\u00e7\u00e3o de gestores, servidores e representantes de \u00f3rg\u00e3os de controle.","og_url":"https:\/\/www.manaus.am.gov.br\/semsa\/prefeitura-mostra-conquistas-na-area-da-saude-em-audiencia-publica\/","og_site_name":"SEMSA","article_published_time":"2023-07-28T18:53:19+00:00","article_modified_time":"2023-07-28T18:53:20+00:00","og_image":[{"width":799,"height":533,"url":"https:\/\/www.manaus.am.gov.br\/semsa\/wp-content\/uploads\/sites\/8\/2023\/07\/53077735034_c3c356870f_c.jpg","type":"image\/jpeg"}],"author":"Adriana Costa","twitter_card":"summary_large_image","twitter_misc":{"Written by":"Adriana Costa","Est. reading time":"5 minutos"},"schema":{"@context":"https:\/\/schema.org","@graph":[{"@type":"WebPage","@id":"https:\/\/www.manaus.am.gov.br\/semsa\/prefeitura-mostra-conquistas-na-area-da-saude-em-audiencia-publica\/","url":"https:\/\/www.manaus.am.gov.br\/semsa\/prefeitura-mostra-conquistas-na-area-da-saude-em-audiencia-publica\/","name":"Prefeitura mostra conquistas na \u00e1rea da sa\u00fade em audi\u00eancia p\u00fablica","isPartOf":{"@id":"https:\/\/www.manaus.am.gov.br\/semsa\/#website"},"primaryImageOfPage":{"@id":"https:\/\/www.manaus.am.gov.br\/semsa\/prefeitura-mostra-conquistas-na-area-da-saude-em-audiencia-publica\/#primaryimage"},"image":{"@id":"https:\/\/www.manaus.am.gov.br\/semsa\/prefeitura-mostra-conquistas-na-area-da-saude-em-audiencia-publica\/#primaryimage"},"thumbnailUrl":"https:\/\/www.manaus.am.gov.br\/semsa\/wp-content\/uploads\/sites\/8\/2023\/07\/53077735034_c3c356870f_c.jpg","datePublished":"2023-07-28T18:53:19+00:00","dateModified":"2023-07-28T18:53:20+00:00","author":{"@id":"https:\/\/www.manaus.am.gov.br\/semsa\/#\/schema\/person\/4e49f4e267757a06ca072ec61b2b9968"},"description":"O fortalecimento e a amplia\u00e7\u00e3o da rede municipal de sa\u00fade, gerenciada pela Prefeitura de Manaus, foi destaque em audi\u00eancia p\u00fablica realizada pela Secretaria Municipal de Sa\u00fade (Semsa), na tarde de quinta-feira, 27\/7, no audit\u00f3rio da sede do \u00f3rg\u00e3o, na zona Centro-Sul. Os investimentos na constru\u00e7\u00e3o, reforma e revitaliza\u00e7\u00e3o de unidades de sa\u00fade foram relacionados em uma apresenta\u00e7\u00e3o, que contou com a participa\u00e7\u00e3o de gestores, servidores e representantes de \u00f3rg\u00e3os de controle.","inLanguage":"pt-BR","potentialAction":[{"@type":"ReadAction","target":["https:\/\/www.manaus.am.gov.br\/semsa\/prefeitura-mostra-conquistas-na-area-da-saude-em-audiencia-publica\/"]}]},{"@type":"ImageObject","inLanguage":"pt-BR","@id":"https:\/\/www.manaus.am.gov.br\/semsa\/prefeitura-mostra-conquistas-na-area-da-saude-em-audiencia-publica\/#primaryimage","url":"https:\/\/www.manaus.am.gov.br\/semsa\/wp-content\/uploads\/sites\/8\/2023\/07\/53077735034_c3c356870f_c.jpg","contentUrl":"https:\/\/www.manaus.am.gov.br\/semsa\/wp-content\/uploads\/sites\/8\/2023\/07\/53077735034_c3c356870f_c.jpg","width":799,"height":533},{"@type":"WebSite","@id":"https:\/\/www.manaus.am.gov.br\/semsa\/#website","url":"https:\/\/www.manaus.am.gov.br\/semsa\/","name":"SEMSA","description":"Secretaria Municipal de Sa\u00fade","alternateName":"Secretaria Municipal de Sa\u00fade","potentialAction":[{"@type":"SearchAction","target":{"@type":"EntryPoint","urlTemplate":"https:\/\/www.manaus.am.gov.br\/semsa\/?s={search_term_string}"},"query-input":"required name=search_term_string"}],"inLanguage":"pt-BR"},{"@type":"Person","@id":"https:\/\/www.manaus.am.gov.br\/semsa\/#\/schema\/person\/4e49f4e267757a06ca072ec61b2b9968","name":"Adriana Costa","image":{"@type":"ImageObject","inLanguage":"pt-BR","@id":"https:\/\/www.manaus.am.gov.br\/semsa\/#\/schema\/person\/image\/","url":"https:\/\/secure.gravatar.com\/avatar\/576258617ef7194f718179e766d57bd4?s=96&d=mm&r=g","contentUrl":"https:\/\/secure.gravatar.com\/avatar\/576258617ef7194f718179e766d57bd4?s=96&d=mm&r=g","caption":"Adriana Costa"}}]}},"_links":{"self":[{"href":"https:\/\/www.manaus.am.gov.br\/semsa\/wp-json\/wp\/v2\/posts\/212663"}],"collection":[{"href":"https:\/\/www.manaus.am.gov.br\/semsa\/wp-json\/wp\/v2\/posts"}],"about":[{"href":"https:\/\/www.manaus.am.gov.br\/semsa\/wp-json\/wp\/v2\/types\/post"}],"author":[{"embeddable":true,"href":"https:\/\/www.manaus.am.gov.br\/semsa\/wp-json\/wp\/v2\/users\/23"}],"replies":[{"embeddable":true,"href":"https:\/\/www.manaus.am.gov.br\/semsa\/wp-json\/wp\/v2\/comments?post=212663"}],"version-history":[{"count":0,"href":"https:\/\/www.manaus.am.gov.br\/semsa\/wp-json\/wp\/v2\/posts\/212663\/revisions"}],"wp:featuredmedia":[{"embeddable":true,"href":"https:\/\/www.manaus.am.gov.br\/semsa\/wp-json\/wp\/v2\/media\/212664"}],"wp:attachment":[{"href":"https:\/\/www.manaus.am.gov.br\/semsa\/wp-json\/wp\/v2\/media?parent=212663"}],"wp:term":[{"taxonomy":"category","embeddable":true,"href":"https:\/\/www.manaus.am.gov.br\/semsa\/wp-json\/wp\/v2\/categories?post=212663"},{"taxonomy":"post_tag","embeddable":true,"href":"https:\/\/www.manaus.am.gov.br\/semsa\/wp-json\/wp\/v2\/tags?post=212663"}],"curies":[{"name":"wp","href":"https:\/\/api.w.org\/{rel}","templated":true}]}}