{"id":212647,"date":"2023-07-27T16:59:44","date_gmt":"2023-07-27T20:59:44","guid":{"rendered":"https:\/\/www.manaus.am.gov.br\/semsa\/prefeitura-alinha-planos-de-combate-a-malaria-em-visita-de-representantes-do-ministerio-da-saude\/"},"modified":"2023-07-27T17:03:21","modified_gmt":"2023-07-27T21:03:21","slug":"prefeitura-alinha-planos-de-combate-a-malaria-em-visita-de-representantes-do-ministerio-da-saude","status":"publish","type":"post","link":"https:\/\/www.manaus.am.gov.br\/semsa\/prefeitura-alinha-planos-de-combate-a-malaria-em-visita-de-representantes-do-ministerio-da-saude\/","title":{"rendered":"<strong>Prefeitura alinha planos de combate \u00e0 mal\u00e1ria em visita de representantes do Minist\u00e9rio da Sa\u00fade<\/strong>"},"content":{"rendered":"\n<p>A Prefeitura de Manaus recebeu representantes do Minist\u00e9rio da Sa\u00fade (MS), na manh\u00e3 desta quinta-feira, 27\/7, em visitas t\u00e9cnicas a unidades da Secretaria Municipal de Sa\u00fade (Semsa) nas zonas urbana e rural da capital. Nas visitas, realizadas na cl\u00ednica da fam\u00edlia Carmen Nicolau, zona Norte, e na Unidade de Sa\u00fade da Fam\u00edlia Rural (USFR) Pau-Rosa, zona rural, gestores da Semsa apresentaram a estrutura organizacional, os fluxos de atendimento e as a\u00e7\u00f5es de combate \u00e0 mal\u00e1ria conduzidas no munic\u00edpio de Manaus.<\/p>\n\n\n\n<p>Na visita a Carmen Nicolau, os respectivos diretores dos Distritos de Sa\u00fade (Disas) Norte e Rural, Paola Oliveira e Rubens Souza, e a coordenadora da Mal\u00e1ria do Disa Norte, Lunieres Moraes, receberam as assessoras t\u00e9cnicas da Coordena\u00e7\u00e3o de Aten\u00e7\u00e3o \u00e0s Doen\u00e7as Transmiss\u00edveis da Aten\u00e7\u00e3o Prim\u00e1ria (CDTAP) do Departamento de Gest\u00e3o do Cuidado Integral (DGCI), integrada \u00e0 Secretaria de Aten\u00e7\u00e3o Prim\u00e1ria \u00e0 Sa\u00fade (Saps) do MS, Luciane da Silva Lima e Elisa Vianna.<\/p>\n\n\n\n<p>O diretor Rubens Souza pontua que foi poss\u00edvel evidenciar, no processo organizacional da Semsa, o fortalecimento da integra\u00e7\u00e3o entre vigil\u00e2ncia em sa\u00fade e aten\u00e7\u00e3o b\u00e1sica, preconizado pelo Minist\u00e9rio da Sa\u00fade como estrat\u00e9gia de assist\u00eancia e de preven\u00e7\u00e3o da mal\u00e1ria.<\/p>\n\n\n\n<p>\u201cQuem ganha com isso \u00e9 a popula\u00e7\u00e3o, com o diagn\u00f3stico precoce, o atendimento e a assist\u00eancia melhorada a crian\u00e7as, idosos, gestantes. Nessa visita, ficou evidenciado que estamos preparados para ofertar uma assist\u00eancia \u00e0 sa\u00fade de qualidade para a comunidade\u201d, pontua o diretor do Disa Rural.<\/p>\n\n\n\n<p>Lunieres Moraes pontuou as a\u00e7\u00f5es de preven\u00e7\u00e3o promovidas pela Semsa Manaus, que se intensificam durante o per\u00edodo sazonal na regi\u00e3o, durante os meses de julho a outubro.<\/p>\n\n\n\n<p>\u201cFazemos visitas di\u00e1rias \u00e0s comunidades para que, caso surja algu\u00e9m com diagn\u00f3stico positivo, vindo de estradas ou de outros munic\u00edpios, possamos fazer todo o tratamento para que n\u00e3o haja alastramento da doen\u00e7a\u201d, explica a coordenadora.<\/p>\n\n\n\n<p>A diretora do Disa Norte, Paola Oliveira, acrescenta que o Distrito Norte conta com laborat\u00f3rio de mal\u00e1ria. \u201cO sangue \u00e9 coletado aqui, o t\u00e9cnico do laborat\u00f3rio, o microscopista, faz a avalia\u00e7\u00e3o e no mesmo dia informa o resultado, positivo ou negativo\u201d, informa.<\/p>\n\n\n\n<p><strong>Oficina<\/strong><\/p>\n\n\n\n<p>Ainda nesta semana, representantes do MS participaram em Manaus da \u201cOficina Conjunta de Elimina\u00e7\u00e3o da Mal\u00e1ria no Amazonas\u201d, coordenada pela Organiza\u00e7\u00e3o Pan-Americana de Sa\u00fade\/Organiza\u00e7\u00e3o Mundial de Sa\u00fade (Opas\/OMS), com a Funda\u00e7\u00e3o de Vigil\u00e2ncia em Sa\u00fade do Amazonas \u2013 Doutora Rosemary Costa Pinto (FVS\/RCP).<\/p>\n\n\n\n<p>A oficina iniciou na ter\u00e7a-feira, 25\/7, e se encerrou nesta quinta, 27, com a participa\u00e7\u00e3o de 16 munic\u00edpios amazonenses, visando a elabora\u00e7\u00e3o de propostas que v\u00e3o integrar o Plano Municipal de Elimina\u00e7\u00e3o da Mal\u00e1ria.<\/p>\n\n\n\n<p>A mal\u00e1ria \u00e9 uma doen\u00e7a infecciosa causada por protozo\u00e1rios do g\u00eanero Plasmodium, tendo como principal vetor de transmiss\u00e3o o mosquito Anopheles darlingi. Os sintomas mais comuns incluem dor de cabe\u00e7a, falta de ar, palidez, pele e olhos amarelados ou ritmo card\u00edaco acelerado.<\/p>\n\n\n\n<p><strong>&#8212; &#8212; &#8212;<\/strong><\/p>\n\n\n\n<p><strong>Texto<\/strong> &#8211; Jony Clay Borges \/ Semsa<\/p>\n\n\n\n<p><strong>Fotos &#8211;<\/strong>&nbsp;Graziela Praia \/ Semsa<\/p>\n\n\n\n<p><strong>Dispon\u00edveis em &#8211;<\/strong>&nbsp;<a href=\"https:\/\/flic.kr\/s\/aHBqjAP13Z\">https:\/\/flic.kr\/s\/aHBqjAP13Z<\/a><\/p>\n","protected":false},"excerpt":{"rendered":"","protected":false},"author":39,"featured_media":212648,"comment_status":"closed","ping_status":"closed","sticky":false,"template":"","format":"standard","meta":{"footnotes":""},"categories":[23],"tags":[1228,1346,1347,54,28,1348,1349,48],"acf":[],"yoast_head":"<!-- This site is optimized with the Yoast SEO plugin v23.0 - https:\/\/yoast.com\/wordpress\/plugins\/seo\/ -->\n<title>Prefeitura alinha planos de combate \u00e0 mal\u00e1ria em visita de representantes do Minist\u00e9rio da Sa\u00fade<\/title>\n<meta name=\"description\" content=\"A Prefeitura de Manaus recebeu representantes do Minist\u00e9rio da Sa\u00fade (MS), na manh\u00e3 desta quinta-feira, 27\/7, em visitas t\u00e9cnicas a unidades da Secretaria Municipal de Sa\u00fade (Semsa) nas zonas urbana e rural da capital.\" \/>\n<meta name=\"robots\" content=\"index, follow, max-snippet:-1, max-image-preview:large, max-video-preview:-1\" \/>\n<link rel=\"canonical\" href=\"https:\/\/www.manaus.am.gov.br\/semsa\/prefeitura-alinha-planos-de-combate-a-malaria-em-visita-de-representantes-do-ministerio-da-saude\/\" \/>\n<meta property=\"og:locale\" content=\"pt_BR\" \/>\n<meta property=\"og:type\" content=\"article\" \/>\n<meta property=\"og:title\" content=\"Prefeitura alinha planos de combate \u00e0 mal\u00e1ria em visita de representantes do Minist\u00e9rio da Sa\u00fade\" \/>\n<meta property=\"og:description\" content=\"A Prefeitura de Manaus recebeu representantes do Minist\u00e9rio da Sa\u00fade (MS), na manh\u00e3 desta quinta-feira, 27\/7, em visitas t\u00e9cnicas a unidades da Secretaria Municipal de Sa\u00fade (Semsa) nas zonas urbana e rural da capital.\" \/>\n<meta property=\"og:url\" content=\"https:\/\/www.manaus.am.gov.br\/semsa\/prefeitura-alinha-planos-de-combate-a-malaria-em-visita-de-representantes-do-ministerio-da-saude\/\" \/>\n<meta property=\"og:site_name\" content=\"SEMSA\" \/>\n<meta property=\"article:published_time\" content=\"2023-07-27T20:59:44+00:00\" \/>\n<meta property=\"article:modified_time\" content=\"2023-07-27T21:03:21+00:00\" \/>\n<meta property=\"og:image\" content=\"https:\/\/www.manaus.am.gov.br\/semsa\/wp-content\/uploads\/sites\/8\/2023\/07\/53075756769_aa4651121d_k.jpg\" \/>\n\t<meta property=\"og:image:width\" content=\"2048\" \/>\n\t<meta property=\"og:image:height\" content=\"1365\" \/>\n\t<meta property=\"og:image:type\" content=\"image\/jpeg\" \/>\n<meta name=\"author\" content=\"Bruna Greco\" \/>\n<meta name=\"twitter:card\" content=\"summary_large_image\" \/>\n<meta name=\"twitter:label1\" content=\"Written by\" \/>\n\t<meta name=\"twitter:data1\" content=\"Bruna Greco\" \/>\n\t<meta name=\"twitter:label2\" content=\"Est. reading time\" \/>\n\t<meta name=\"twitter:data2\" content=\"3 minutos\" \/>\n<script type=\"application\/ld+json\" class=\"yoast-schema-graph\">{\"@context\":\"https:\/\/schema.org\",\"@graph\":[{\"@type\":\"WebPage\",\"@id\":\"https:\/\/www.manaus.am.gov.br\/semsa\/prefeitura-alinha-planos-de-combate-a-malaria-em-visita-de-representantes-do-ministerio-da-saude\/\",\"url\":\"https:\/\/www.manaus.am.gov.br\/semsa\/prefeitura-alinha-planos-de-combate-a-malaria-em-visita-de-representantes-do-ministerio-da-saude\/\",\"name\":\"Prefeitura alinha planos de combate \u00e0 mal\u00e1ria em visita de representantes do Minist\u00e9rio da Sa\u00fade\",\"isPartOf\":{\"@id\":\"https:\/\/www.manaus.am.gov.br\/semsa\/#website\"},\"primaryImageOfPage\":{\"@id\":\"https:\/\/www.manaus.am.gov.br\/semsa\/prefeitura-alinha-planos-de-combate-a-malaria-em-visita-de-representantes-do-ministerio-da-saude\/#primaryimage\"},\"image\":{\"@id\":\"https:\/\/www.manaus.am.gov.br\/semsa\/prefeitura-alinha-planos-de-combate-a-malaria-em-visita-de-representantes-do-ministerio-da-saude\/#primaryimage\"},\"thumbnailUrl\":\"https:\/\/www.manaus.am.gov.br\/semsa\/wp-content\/uploads\/sites\/8\/2023\/07\/53075756769_aa4651121d_k.jpg\",\"datePublished\":\"2023-07-27T20:59:44+00:00\",\"dateModified\":\"2023-07-27T21:03:21+00:00\",\"author\":{\"@id\":\"https:\/\/www.manaus.am.gov.br\/semsa\/#\/schema\/person\/05d223aea2bf115f9883a6ff3683d81b\"},\"description\":\"A Prefeitura de Manaus recebeu representantes do Minist\u00e9rio da Sa\u00fade (MS), na manh\u00e3 desta quinta-feira, 27\/7, em visitas t\u00e9cnicas a unidades da Secretaria Municipal de Sa\u00fade (Semsa) nas zonas urbana e rural da capital.\",\"inLanguage\":\"pt-BR\",\"potentialAction\":[{\"@type\":\"ReadAction\",\"target\":[\"https:\/\/www.manaus.am.gov.br\/semsa\/prefeitura-alinha-planos-de-combate-a-malaria-em-visita-de-representantes-do-ministerio-da-saude\/\"]}]},{\"@type\":\"ImageObject\",\"inLanguage\":\"pt-BR\",\"@id\":\"https:\/\/www.manaus.am.gov.br\/semsa\/prefeitura-alinha-planos-de-combate-a-malaria-em-visita-de-representantes-do-ministerio-da-saude\/#primaryimage\",\"url\":\"https:\/\/www.manaus.am.gov.br\/semsa\/wp-content\/uploads\/sites\/8\/2023\/07\/53075756769_aa4651121d_k.jpg\",\"contentUrl\":\"https:\/\/www.manaus.am.gov.br\/semsa\/wp-content\/uploads\/sites\/8\/2023\/07\/53075756769_aa4651121d_k.jpg\",\"width\":2048,\"height\":1365},{\"@type\":\"WebSite\",\"@id\":\"https:\/\/www.manaus.am.gov.br\/semsa\/#website\",\"url\":\"https:\/\/www.manaus.am.gov.br\/semsa\/\",\"name\":\"SEMSA\",\"description\":\"Secretaria Municipal de Sa\u00fade\",\"alternateName\":\"Secretaria Municipal de Sa\u00fade\",\"potentialAction\":[{\"@type\":\"SearchAction\",\"target\":{\"@type\":\"EntryPoint\",\"urlTemplate\":\"https:\/\/www.manaus.am.gov.br\/semsa\/?s={search_term_string}\"},\"query-input\":\"required name=search_term_string\"}],\"inLanguage\":\"pt-BR\"},{\"@type\":\"Person\",\"@id\":\"https:\/\/www.manaus.am.gov.br\/semsa\/#\/schema\/person\/05d223aea2bf115f9883a6ff3683d81b\",\"name\":\"Bruna Greco\",\"image\":{\"@type\":\"ImageObject\",\"inLanguage\":\"pt-BR\",\"@id\":\"https:\/\/www.manaus.am.gov.br\/semsa\/#\/schema\/person\/image\/\",\"url\":\"https:\/\/secure.gravatar.com\/avatar\/9c877d1a6adc2a055330e5c09a8653ce?s=96&d=mm&r=g\",\"contentUrl\":\"https:\/\/secure.gravatar.com\/avatar\/9c877d1a6adc2a055330e5c09a8653ce?s=96&d=mm&r=g\",\"caption\":\"Bruna Greco\"}}]}<\/script>\n<!-- \/ Yoast SEO plugin. -->","yoast_head_json":{"title":"Prefeitura alinha planos de combate \u00e0 mal\u00e1ria em visita de representantes do Minist\u00e9rio da Sa\u00fade","description":"A Prefeitura de Manaus recebeu representantes do Minist\u00e9rio da Sa\u00fade (MS), na manh\u00e3 desta quinta-feira, 27\/7, em visitas t\u00e9cnicas a unidades da Secretaria Municipal de Sa\u00fade (Semsa) nas zonas urbana e rural da capital.","robots":{"index":"index","follow":"follow","max-snippet":"max-snippet:-1","max-image-preview":"max-image-preview:large","max-video-preview":"max-video-preview:-1"},"canonical":"https:\/\/www.manaus.am.gov.br\/semsa\/prefeitura-alinha-planos-de-combate-a-malaria-em-visita-de-representantes-do-ministerio-da-saude\/","og_locale":"pt_BR","og_type":"article","og_title":"Prefeitura alinha planos de combate \u00e0 mal\u00e1ria em visita de representantes do Minist\u00e9rio da Sa\u00fade","og_description":"A Prefeitura de Manaus recebeu representantes do Minist\u00e9rio da Sa\u00fade (MS), na manh\u00e3 desta quinta-feira, 27\/7, em visitas t\u00e9cnicas a unidades da Secretaria Municipal de Sa\u00fade (Semsa) nas zonas urbana e rural da capital.","og_url":"https:\/\/www.manaus.am.gov.br\/semsa\/prefeitura-alinha-planos-de-combate-a-malaria-em-visita-de-representantes-do-ministerio-da-saude\/","og_site_name":"SEMSA","article_published_time":"2023-07-27T20:59:44+00:00","article_modified_time":"2023-07-27T21:03:21+00:00","og_image":[{"width":2048,"height":1365,"url":"https:\/\/www.manaus.am.gov.br\/semsa\/wp-content\/uploads\/sites\/8\/2023\/07\/53075756769_aa4651121d_k.jpg","type":"image\/jpeg"}],"author":"Bruna Greco","twitter_card":"summary_large_image","twitter_misc":{"Written by":"Bruna Greco","Est. reading time":"3 minutos"},"schema":{"@context":"https:\/\/schema.org","@graph":[{"@type":"WebPage","@id":"https:\/\/www.manaus.am.gov.br\/semsa\/prefeitura-alinha-planos-de-combate-a-malaria-em-visita-de-representantes-do-ministerio-da-saude\/","url":"https:\/\/www.manaus.am.gov.br\/semsa\/prefeitura-alinha-planos-de-combate-a-malaria-em-visita-de-representantes-do-ministerio-da-saude\/","name":"Prefeitura alinha planos de combate \u00e0 mal\u00e1ria em visita de representantes do Minist\u00e9rio da Sa\u00fade","isPartOf":{"@id":"https:\/\/www.manaus.am.gov.br\/semsa\/#website"},"primaryImageOfPage":{"@id":"https:\/\/www.manaus.am.gov.br\/semsa\/prefeitura-alinha-planos-de-combate-a-malaria-em-visita-de-representantes-do-ministerio-da-saude\/#primaryimage"},"image":{"@id":"https:\/\/www.manaus.am.gov.br\/semsa\/prefeitura-alinha-planos-de-combate-a-malaria-em-visita-de-representantes-do-ministerio-da-saude\/#primaryimage"},"thumbnailUrl":"https:\/\/www.manaus.am.gov.br\/semsa\/wp-content\/uploads\/sites\/8\/2023\/07\/53075756769_aa4651121d_k.jpg","datePublished":"2023-07-27T20:59:44+00:00","dateModified":"2023-07-27T21:03:21+00:00","author":{"@id":"https:\/\/www.manaus.am.gov.br\/semsa\/#\/schema\/person\/05d223aea2bf115f9883a6ff3683d81b"},"description":"A Prefeitura de Manaus recebeu representantes do Minist\u00e9rio da Sa\u00fade (MS), na manh\u00e3 desta quinta-feira, 27\/7, em visitas t\u00e9cnicas a unidades da Secretaria Municipal de Sa\u00fade (Semsa) nas zonas urbana e rural da capital.","inLanguage":"pt-BR","potentialAction":[{"@type":"ReadAction","target":["https:\/\/www.manaus.am.gov.br\/semsa\/prefeitura-alinha-planos-de-combate-a-malaria-em-visita-de-representantes-do-ministerio-da-saude\/"]}]},{"@type":"ImageObject","inLanguage":"pt-BR","@id":"https:\/\/www.manaus.am.gov.br\/semsa\/prefeitura-alinha-planos-de-combate-a-malaria-em-visita-de-representantes-do-ministerio-da-saude\/#primaryimage","url":"https:\/\/www.manaus.am.gov.br\/semsa\/wp-content\/uploads\/sites\/8\/2023\/07\/53075756769_aa4651121d_k.jpg","contentUrl":"https:\/\/www.manaus.am.gov.br\/semsa\/wp-content\/uploads\/sites\/8\/2023\/07\/53075756769_aa4651121d_k.jpg","width":2048,"height":1365},{"@type":"WebSite","@id":"https:\/\/www.manaus.am.gov.br\/semsa\/#website","url":"https:\/\/www.manaus.am.gov.br\/semsa\/","name":"SEMSA","description":"Secretaria Municipal de Sa\u00fade","alternateName":"Secretaria Municipal de Sa\u00fade","potentialAction":[{"@type":"SearchAction","target":{"@type":"EntryPoint","urlTemplate":"https:\/\/www.manaus.am.gov.br\/semsa\/?s={search_term_string}"},"query-input":"required name=search_term_string"}],"inLanguage":"pt-BR"},{"@type":"Person","@id":"https:\/\/www.manaus.am.gov.br\/semsa\/#\/schema\/person\/05d223aea2bf115f9883a6ff3683d81b","name":"Bruna Greco","image":{"@type":"ImageObject","inLanguage":"pt-BR","@id":"https:\/\/www.manaus.am.gov.br\/semsa\/#\/schema\/person\/image\/","url":"https:\/\/secure.gravatar.com\/avatar\/9c877d1a6adc2a055330e5c09a8653ce?s=96&d=mm&r=g","contentUrl":"https:\/\/secure.gravatar.com\/avatar\/9c877d1a6adc2a055330e5c09a8653ce?s=96&d=mm&r=g","caption":"Bruna Greco"}}]}},"_links":{"self":[{"href":"https:\/\/www.manaus.am.gov.br\/semsa\/wp-json\/wp\/v2\/posts\/212647"}],"collection":[{"href":"https:\/\/www.manaus.am.gov.br\/semsa\/wp-json\/wp\/v2\/posts"}],"about":[{"href":"https:\/\/www.manaus.am.gov.br\/semsa\/wp-json\/wp\/v2\/types\/post"}],"author":[{"embeddable":true,"href":"https:\/\/www.manaus.am.gov.br\/semsa\/wp-json\/wp\/v2\/users\/39"}],"replies":[{"embeddable":true,"href":"https:\/\/www.manaus.am.gov.br\/semsa\/wp-json\/wp\/v2\/comments?post=212647"}],"version-history":[{"count":1,"href":"https:\/\/www.manaus.am.gov.br\/semsa\/wp-json\/wp\/v2\/posts\/212647\/revisions"}],"predecessor-version":[{"id":212649,"href":"https:\/\/www.manaus.am.gov.br\/semsa\/wp-json\/wp\/v2\/posts\/212647\/revisions\/212649"}],"wp:featuredmedia":[{"embeddable":true,"href":"https:\/\/www.manaus.am.gov.br\/semsa\/wp-json\/wp\/v2\/media\/212648"}],"wp:attachment":[{"href":"https:\/\/www.manaus.am.gov.br\/semsa\/wp-json\/wp\/v2\/media?parent=212647"}],"wp:term":[{"taxonomy":"category","embeddable":true,"href":"https:\/\/www.manaus.am.gov.br\/semsa\/wp-json\/wp\/v2\/categories?post=212647"},{"taxonomy":"post_tag","embeddable":true,"href":"https:\/\/www.manaus.am.gov.br\/semsa\/wp-json\/wp\/v2\/tags?post=212647"}],"curies":[{"name":"wp","href":"https:\/\/api.w.org\/{rel}","templated":true}]}}