{"id":212624,"date":"2023-07-25T17:21:06","date_gmt":"2023-07-25T21:21:06","guid":{"rendered":"https:\/\/www.manaus.am.gov.br\/semsa\/profissionais-da-semsa-participam-de-oficina-de-capacitacao-para-eliminacao-da-malaria\/"},"modified":"2023-07-25T17:21:08","modified_gmt":"2023-07-25T21:21:08","slug":"profissionais-da-semsa-participam-de-oficina-de-capacitacao-para-eliminacao-da-malaria","status":"publish","type":"post","link":"https:\/\/www.manaus.am.gov.br\/semsa\/profissionais-da-semsa-participam-de-oficina-de-capacitacao-para-eliminacao-da-malaria\/","title":{"rendered":"<strong>Profissionais da Semsa participam de oficina de capacita\u00e7\u00e3o para elimina\u00e7\u00e3o da mal\u00e1ria<\/strong>"},"content":{"rendered":"\n<p>Profissionais da rede de sa\u00fade da Prefeitura de Manaus, iniciaram, nesta ter\u00e7a-feira, 25\/5, no Centro de Conven\u00e7\u00f5es Vasco Vasques, bairro Flores, a participa\u00e7\u00e3o em uma oficina conjunta de capacita\u00e7\u00e3o para elabora\u00e7\u00e3o de propostas que v\u00e3o integrar o Plano Municipal de Elimina\u00e7\u00e3o da Mal\u00e1ria.<\/p>\n\n\n\n<p>O evento, denominado \u201cOficina Conjunta de Elimina\u00e7\u00e3o da Mal\u00e1ria no Amazonas\u201d, \u00e9 organizado pela Organiza\u00e7\u00e3o Pan-Americana de Sa\u00fade\/Organiza\u00e7\u00e3o Mundial de Sa\u00fade (Opas\/OMS), Minist\u00e9rio da Sa\u00fade, Funda\u00e7\u00e3o de Vigil\u00e2ncia em Sa\u00fade do Amazonas \u2013 Doutora Rosemary Costa Pinto (FVS\/RCP) e 16 munic\u00edpios amazonenses, e ser\u00e1 encerrado na pr\u00f3xima quinta-feira, 27\/7.<\/p>\n\n\n\n<p>Entre os profissionais da Secretaria Municipal de Sa\u00fade (Semsa), a oficina re\u00fane representantes da ger\u00eancia de Vigil\u00e2ncia Ambiental, do Departamento de Aten\u00e7\u00e3o B\u00e1sica (DAP) e dos cinco Distritos de Sa\u00fade de Manaus (Norte, Sul, Leste, Oeste e Rural).<\/p>\n\n\n\n<p>De acordo com o subsecret\u00e1rio municipal de Gest\u00e3o da Sa\u00fade, Djalma Coelho, o trabalho conjunto de diversas institui\u00e7\u00f5es \u00e9 uma oportunidade para a constru\u00e7\u00e3o de propostas que sejam ainda mais eficientes no combate \u00e0 mal\u00e1ria.<\/p>\n\n\n\n<p>\u201cA oficina \u00e9 uma chance que temos de dividir experi\u00eancias exitosas, compartilhar e construir um planejamento de forma conjunta. Assim, ser\u00e1 poss\u00edvel construir um trabalho s\u00f3lido, mais assertivo e eficiente em rela\u00e7\u00e3o ao combate \u00e0 mal\u00e1ria\u201d, destacou Djalma Coelho.<\/p>\n\n\n\n<p><strong>Planos<\/strong><\/p>\n\n\n\n<p>A programa\u00e7\u00e3o da oficina contou com a participa\u00e7\u00e3o do representante da coordena\u00e7\u00e3o do programa para elimina\u00e7\u00e3o da mal\u00e1ria do Minist\u00e9rio da Sa\u00fade, C\u00e1ssio Peterka, que explicou que o Plano Nacional de Elimina\u00e7\u00e3o da Mal\u00e1ria tem como meta a elimina\u00e7\u00e3o da doen\u00e7a at\u00e9 2035.<\/p>\n\n\n\n<p>\u201cA oficina \u00e9 um momento em que podemos compartilhar o conhecimento entre munic\u00edpios, estado e o Minist\u00e9rio da Sa\u00fade para que se consiga produzir um planejamento adequado que seja fact\u00edvel com a realidade local e, assim, atingir o objetivo final\u201d, explicou o coordenador.<\/p>\n\n\n\n<p>O Brasil, informou C\u00e1ssio Peterka, vem conseguindo reduzir expressivamente os casos de mal\u00e1ria nos \u00faltimos anos, mas que o objetivo agora \u00e9 avan\u00e7ar nas a\u00e7\u00f5es que possam atingir a elimina\u00e7\u00e3o da doen\u00e7a.<\/p>\n\n\n\n<p>\u201cCostumo dizer que somos muito bons em controlar a doen\u00e7a, mas sem a perspectiva de elimina\u00e7\u00e3o. Ent\u00e3o esse \u00e9 o momento de sentar e conversar para avan\u00e7ar na elimina\u00e7\u00e3o da mal\u00e1ria\u201d, apontou C\u00e1ssio.<\/p>\n\n\n\n<p>A oficial nacional em Mal\u00e1ria e Doen\u00e7as Infecciosas Negligenciadas da Organiza\u00e7\u00e3o Pan-Americana de Sa\u00fade (Opas), Sheila Rodovalho, explicou que ao final da oficina os representantes de cada um dos 16 munic\u00edpios ir\u00e3o elaborar propostas que poder\u00e3o inclu\u00eddas nos planos municipais para a elimina\u00e7\u00e3o da mal\u00e1ria.<\/p>\n\n\n\n<p>\u201cCada munic\u00edpio vai trabalhar com seus mapas e discutir sobre como fazer, quando fazer, em curto, m\u00e9dio e longo prazo, para eliminar a mal\u00e1ria. O Minist\u00e9rio da Sa\u00fade tem um plano de elimina\u00e7\u00e3o e o estado do Amazonas tamb\u00e9m j\u00e1 tem o plano estadual. Ap\u00f3s a oficina, cada munic\u00edpio vai escrever seu plano de elimina\u00e7\u00e3o da mal\u00e1ria\u201d, informou Sheila Rodovalho.<\/p>\n\n\n\n<p>A representante da Opas destacou, ainda, que a elimina\u00e7\u00e3o da mal\u00e1ria \u00e9 poss\u00edvel, considerando que a doen\u00e7a tem tratamento e que existem medidas conhecidas de controle que podem evitar a transmiss\u00e3o entre a popula\u00e7\u00e3o.<\/p>\n\n\n\n<p>\u201cEliminar a mal\u00e1ria significa n\u00e3o ter mais a transmiss\u00e3o local, mas n\u00e3o significa que as pessoas de outros lugares n\u00e3o possam chegar doentes em Manaus. E \u00e9 poss\u00edvel trabalhar de forma efetiva para que aquele caso que chegou n\u00e3o circule no munic\u00edpio, cortando a transmiss\u00e3o\u201d, ressaltou Sheila Rodovalho.<\/p>\n\n\n\n<p>Al\u00e9m de Manaus, a oficina conjunta foi direcionada para representantes dos munic\u00edpios de Anam\u00e3, Anori, Autazes, Beruri, Caapiranga, Careiro Castanho, Careiro da V\u00e1rzea, Coari, Codaj\u00e1s, Iranduba, Manacapuru, Manaquiri, Nova Olinda do Norte, Novo Air\u00e3o, Presidente Figueiredo e Rio Preto da Eva, assim como do Distrito Sanit\u00e1rio Especial Ind\u00edgena (Dsei) Manaus.<\/p>\n\n\n\n<p>\u201cEsse \u00e9 o primeiro grupo de tr\u00eas oficinas que ser\u00e3o realizadas com os munic\u00edpios do Amazonas. \u00c9 um trabalho que faz parte das propostas do Plano Estadual de Elimina\u00e7\u00e3o da Mal\u00e1ria e que visa discutir estrat\u00e9gias e diretrizes, as dificuldades encontradas e compartilhar as experi\u00eancias exitosas, para que os munic\u00edpios consigam direcionar e criar seus Planos de acordo com a realidade local\u201d, informou a coordenadora do Programa Estadual da Mal\u00e1ria, Myrna Barata.<\/p>\n\n\n\n<p><strong>Casos<\/strong><\/p>\n\n\n\n<p>O munic\u00edpio de Manaus registrou 1.226 casos de mal\u00e1ria de janeiro a 18 de julho de 2023, com 48% dos casos na zona Rural (19,7% na zona Rural Terrestre e 28,3% na zona Rural Fluvial) e 46,5% dos casos na zona Leste.<\/p>\n\n\n\n<p>A diretora de Vigil\u00e2ncia Epidemiol\u00f3gica, Ambiental, Zoonoses e da Sa\u00fade do Trabalhador (Dvae), Marin\u00e9lia Ferreira, lembrou que Manaus vem apresentando redu\u00e7\u00e3o ano a ano desde 2018, quando houve o registro de 8.347 casos de mal\u00e1ria.<\/p>\n\n\n\n<p>Em 2022, o n\u00famero total de casos chegou a 2.811, em uma redu\u00e7\u00e3o de 37,1% em rela\u00e7\u00e3o a 2021. Este ano, em compara\u00e7\u00e3o com o mesmo per\u00edodo do ano passado, Manaus registra aumento de 20,9% no n\u00famero de casos.<\/p>\n\n\n\n<p>\u201cO segundo semestre \u00e9 um per\u00edodo sazonal da mal\u00e1ria e ocorre um aumento de casos nesses meses, mas as a\u00e7\u00f5es est\u00e3o sendo realizadas para o controle da doen\u00e7a. Como no ano passado houve uma redu\u00e7\u00e3o muito importante, a varia\u00e7\u00e3o de casos este ano era, at\u00e9 certo ponto, esperada. Mas, vendo o contexto do munic\u00edpio, s\u00e3o quest\u00f5es pontuais que est\u00e3o sendo trabalhadas. A perspectiva \u00e9 que a gente consiga fechar o ano com estabiliza\u00e7\u00e3o desse quadro\u201d, afirmou Marin\u00e9lia Ferreira.<\/p>\n\n\n\n<p>A diretora destacou, ainda, que a Semsa j\u00e1 trabalha com o planejamento de a\u00e7\u00f5es de preven\u00e7\u00e3o e controle da mal\u00e1ria, mas que a expectativa \u00e9 que a oficina conjunta apresente novas metodologias de trabalho.<\/p>\n\n\n\n<p>\u201cA oficina deve trazer novos caminhos e novas estrat\u00e9gias mais eficazes para otimizar nossas a\u00e7\u00f5es de controle da mal\u00e1ria, mas de forma espec\u00edfica para a elimina\u00e7\u00e3o da doen\u00e7a. Manaus vem de quatro anos de queda no n\u00famero de casos, reduzindo a transmiss\u00e3o, e tem sido um desafio muito grande por se tratar de uma grande metr\u00f3pole que recebe pessoas de v\u00e1rios locais do Amazonas e do pa\u00eds\u201d, apontou a diretora.<\/p>\n\n\n\n<p>&#8212; &#8212; &#8212;&nbsp;<\/p>\n\n\n\n<p><strong>Texto<\/strong>&nbsp;&#8211; Euriv\u00e2nia Gal\u00facio \/ Semsa<\/p>\n\n\n\n<p><strong>Fotos<\/strong>&nbsp;&#8211; Divulga\u00e7\u00e3o \/ Semsa<\/p>\n","protected":false},"excerpt":{"rendered":"","protected":false},"author":31,"featured_media":212625,"comment_status":"closed","ping_status":"closed","sticky":false,"template":"","format":"standard","meta":{"footnotes":""},"categories":[23],"tags":[1322,1082,28],"acf":[],"yoast_head":"<!-- This site is optimized with the Yoast SEO plugin v23.0 - https:\/\/yoast.com\/wordpress\/plugins\/seo\/ -->\n<title>Profissionais da Semsa participam de oficina de capacita\u00e7\u00e3o para elimina\u00e7\u00e3o da mal\u00e1ria - SEMSA<\/title>\n<meta name=\"robots\" content=\"index, follow, max-snippet:-1, max-image-preview:large, max-video-preview:-1\" \/>\n<link rel=\"canonical\" href=\"https:\/\/www.manaus.am.gov.br\/semsa\/profissionais-da-semsa-participam-de-oficina-de-capacitacao-para-eliminacao-da-malaria\/\" \/>\n<meta property=\"og:locale\" content=\"pt_BR\" \/>\n<meta property=\"og:type\" content=\"article\" \/>\n<meta property=\"og:title\" content=\"Profissionais da Semsa participam de oficina de capacita\u00e7\u00e3o para elimina\u00e7\u00e3o da mal\u00e1ria - SEMSA\" \/>\n<meta property=\"og:url\" content=\"https:\/\/www.manaus.am.gov.br\/semsa\/profissionais-da-semsa-participam-de-oficina-de-capacitacao-para-eliminacao-da-malaria\/\" \/>\n<meta property=\"og:site_name\" content=\"SEMSA\" \/>\n<meta property=\"article:published_time\" content=\"2023-07-25T21:21:06+00:00\" \/>\n<meta property=\"article:modified_time\" content=\"2023-07-25T21:21:08+00:00\" \/>\n<meta property=\"og:image\" content=\"https:\/\/www.manaus.am.gov.br\/semsa\/wp-content\/uploads\/sites\/8\/2023\/07\/Julho-25_Oficina-Malaria2-1024x768.jpg\" \/>\n\t<meta property=\"og:image:width\" content=\"1024\" \/>\n\t<meta property=\"og:image:height\" content=\"768\" \/>\n\t<meta property=\"og:image:type\" content=\"image\/jpeg\" \/>\n<meta name=\"author\" content=\"Renata Felix\" \/>\n<meta name=\"twitter:card\" content=\"summary_large_image\" \/>\n<meta name=\"twitter:label1\" content=\"Written by\" \/>\n\t<meta name=\"twitter:data1\" content=\"Renata Felix\" \/>\n\t<meta name=\"twitter:label2\" content=\"Est. reading time\" \/>\n\t<meta name=\"twitter:data2\" content=\"6 minutos\" \/>\n<script type=\"application\/ld+json\" class=\"yoast-schema-graph\">{\"@context\":\"https:\/\/schema.org\",\"@graph\":[{\"@type\":\"WebPage\",\"@id\":\"https:\/\/www.manaus.am.gov.br\/semsa\/profissionais-da-semsa-participam-de-oficina-de-capacitacao-para-eliminacao-da-malaria\/\",\"url\":\"https:\/\/www.manaus.am.gov.br\/semsa\/profissionais-da-semsa-participam-de-oficina-de-capacitacao-para-eliminacao-da-malaria\/\",\"name\":\"Profissionais da Semsa participam de oficina de capacita\u00e7\u00e3o para elimina\u00e7\u00e3o da mal\u00e1ria - SEMSA\",\"isPartOf\":{\"@id\":\"https:\/\/www.manaus.am.gov.br\/semsa\/#website\"},\"primaryImageOfPage\":{\"@id\":\"https:\/\/www.manaus.am.gov.br\/semsa\/profissionais-da-semsa-participam-de-oficina-de-capacitacao-para-eliminacao-da-malaria\/#primaryimage\"},\"image\":{\"@id\":\"https:\/\/www.manaus.am.gov.br\/semsa\/profissionais-da-semsa-participam-de-oficina-de-capacitacao-para-eliminacao-da-malaria\/#primaryimage\"},\"thumbnailUrl\":\"https:\/\/www.manaus.am.gov.br\/semsa\/wp-content\/uploads\/sites\/8\/2023\/07\/Julho-25_Oficina-Malaria2.jpg\",\"datePublished\":\"2023-07-25T21:21:06+00:00\",\"dateModified\":\"2023-07-25T21:21:08+00:00\",\"author\":{\"@id\":\"https:\/\/www.manaus.am.gov.br\/semsa\/#\/schema\/person\/4eea2a8f78dc853097abb026f728aa06\"},\"inLanguage\":\"pt-BR\",\"potentialAction\":[{\"@type\":\"ReadAction\",\"target\":[\"https:\/\/www.manaus.am.gov.br\/semsa\/profissionais-da-semsa-participam-de-oficina-de-capacitacao-para-eliminacao-da-malaria\/\"]}]},{\"@type\":\"ImageObject\",\"inLanguage\":\"pt-BR\",\"@id\":\"https:\/\/www.manaus.am.gov.br\/semsa\/profissionais-da-semsa-participam-de-oficina-de-capacitacao-para-eliminacao-da-malaria\/#primaryimage\",\"url\":\"https:\/\/www.manaus.am.gov.br\/semsa\/wp-content\/uploads\/sites\/8\/2023\/07\/Julho-25_Oficina-Malaria2.jpg\",\"contentUrl\":\"https:\/\/www.manaus.am.gov.br\/semsa\/wp-content\/uploads\/sites\/8\/2023\/07\/Julho-25_Oficina-Malaria2.jpg\",\"width\":4000,\"height\":3000},{\"@type\":\"WebSite\",\"@id\":\"https:\/\/www.manaus.am.gov.br\/semsa\/#website\",\"url\":\"https:\/\/www.manaus.am.gov.br\/semsa\/\",\"name\":\"SEMSA\",\"description\":\"Secretaria Municipal de Sa\u00fade\",\"alternateName\":\"Secretaria Municipal de Sa\u00fade\",\"potentialAction\":[{\"@type\":\"SearchAction\",\"target\":{\"@type\":\"EntryPoint\",\"urlTemplate\":\"https:\/\/www.manaus.am.gov.br\/semsa\/?s={search_term_string}\"},\"query-input\":\"required name=search_term_string\"}],\"inLanguage\":\"pt-BR\"},{\"@type\":\"Person\",\"@id\":\"https:\/\/www.manaus.am.gov.br\/semsa\/#\/schema\/person\/4eea2a8f78dc853097abb026f728aa06\",\"name\":\"Renata Felix\",\"image\":{\"@type\":\"ImageObject\",\"inLanguage\":\"pt-BR\",\"@id\":\"https:\/\/www.manaus.am.gov.br\/semsa\/#\/schema\/person\/image\/\",\"url\":\"https:\/\/secure.gravatar.com\/avatar\/3c196cf9d3b837b24c8edb2c50fd8f29?s=96&d=mm&r=g\",\"contentUrl\":\"https:\/\/secure.gravatar.com\/avatar\/3c196cf9d3b837b24c8edb2c50fd8f29?s=96&d=mm&r=g\",\"caption\":\"Renata Felix\"}}]}<\/script>\n<!-- \/ Yoast SEO plugin. -->","yoast_head_json":{"title":"Profissionais da Semsa participam de oficina de capacita\u00e7\u00e3o para elimina\u00e7\u00e3o da mal\u00e1ria - SEMSA","robots":{"index":"index","follow":"follow","max-snippet":"max-snippet:-1","max-image-preview":"max-image-preview:large","max-video-preview":"max-video-preview:-1"},"canonical":"https:\/\/www.manaus.am.gov.br\/semsa\/profissionais-da-semsa-participam-de-oficina-de-capacitacao-para-eliminacao-da-malaria\/","og_locale":"pt_BR","og_type":"article","og_title":"Profissionais da Semsa participam de oficina de capacita\u00e7\u00e3o para elimina\u00e7\u00e3o da mal\u00e1ria - SEMSA","og_url":"https:\/\/www.manaus.am.gov.br\/semsa\/profissionais-da-semsa-participam-de-oficina-de-capacitacao-para-eliminacao-da-malaria\/","og_site_name":"SEMSA","article_published_time":"2023-07-25T21:21:06+00:00","article_modified_time":"2023-07-25T21:21:08+00:00","og_image":[{"width":1024,"height":768,"url":"https:\/\/www.manaus.am.gov.br\/semsa\/wp-content\/uploads\/sites\/8\/2023\/07\/Julho-25_Oficina-Malaria2-1024x768.jpg","type":"image\/jpeg"}],"author":"Renata Felix","twitter_card":"summary_large_image","twitter_misc":{"Written by":"Renata Felix","Est. reading time":"6 minutos"},"schema":{"@context":"https:\/\/schema.org","@graph":[{"@type":"WebPage","@id":"https:\/\/www.manaus.am.gov.br\/semsa\/profissionais-da-semsa-participam-de-oficina-de-capacitacao-para-eliminacao-da-malaria\/","url":"https:\/\/www.manaus.am.gov.br\/semsa\/profissionais-da-semsa-participam-de-oficina-de-capacitacao-para-eliminacao-da-malaria\/","name":"Profissionais da Semsa participam de oficina de capacita\u00e7\u00e3o para elimina\u00e7\u00e3o da mal\u00e1ria - SEMSA","isPartOf":{"@id":"https:\/\/www.manaus.am.gov.br\/semsa\/#website"},"primaryImageOfPage":{"@id":"https:\/\/www.manaus.am.gov.br\/semsa\/profissionais-da-semsa-participam-de-oficina-de-capacitacao-para-eliminacao-da-malaria\/#primaryimage"},"image":{"@id":"https:\/\/www.manaus.am.gov.br\/semsa\/profissionais-da-semsa-participam-de-oficina-de-capacitacao-para-eliminacao-da-malaria\/#primaryimage"},"thumbnailUrl":"https:\/\/www.manaus.am.gov.br\/semsa\/wp-content\/uploads\/sites\/8\/2023\/07\/Julho-25_Oficina-Malaria2.jpg","datePublished":"2023-07-25T21:21:06+00:00","dateModified":"2023-07-25T21:21:08+00:00","author":{"@id":"https:\/\/www.manaus.am.gov.br\/semsa\/#\/schema\/person\/4eea2a8f78dc853097abb026f728aa06"},"inLanguage":"pt-BR","potentialAction":[{"@type":"ReadAction","target":["https:\/\/www.manaus.am.gov.br\/semsa\/profissionais-da-semsa-participam-de-oficina-de-capacitacao-para-eliminacao-da-malaria\/"]}]},{"@type":"ImageObject","inLanguage":"pt-BR","@id":"https:\/\/www.manaus.am.gov.br\/semsa\/profissionais-da-semsa-participam-de-oficina-de-capacitacao-para-eliminacao-da-malaria\/#primaryimage","url":"https:\/\/www.manaus.am.gov.br\/semsa\/wp-content\/uploads\/sites\/8\/2023\/07\/Julho-25_Oficina-Malaria2.jpg","contentUrl":"https:\/\/www.manaus.am.gov.br\/semsa\/wp-content\/uploads\/sites\/8\/2023\/07\/Julho-25_Oficina-Malaria2.jpg","width":4000,"height":3000},{"@type":"WebSite","@id":"https:\/\/www.manaus.am.gov.br\/semsa\/#website","url":"https:\/\/www.manaus.am.gov.br\/semsa\/","name":"SEMSA","description":"Secretaria Municipal de Sa\u00fade","alternateName":"Secretaria Municipal de Sa\u00fade","potentialAction":[{"@type":"SearchAction","target":{"@type":"EntryPoint","urlTemplate":"https:\/\/www.manaus.am.gov.br\/semsa\/?s={search_term_string}"},"query-input":"required name=search_term_string"}],"inLanguage":"pt-BR"},{"@type":"Person","@id":"https:\/\/www.manaus.am.gov.br\/semsa\/#\/schema\/person\/4eea2a8f78dc853097abb026f728aa06","name":"Renata Felix","image":{"@type":"ImageObject","inLanguage":"pt-BR","@id":"https:\/\/www.manaus.am.gov.br\/semsa\/#\/schema\/person\/image\/","url":"https:\/\/secure.gravatar.com\/avatar\/3c196cf9d3b837b24c8edb2c50fd8f29?s=96&d=mm&r=g","contentUrl":"https:\/\/secure.gravatar.com\/avatar\/3c196cf9d3b837b24c8edb2c50fd8f29?s=96&d=mm&r=g","caption":"Renata Felix"}}]}},"_links":{"self":[{"href":"https:\/\/www.manaus.am.gov.br\/semsa\/wp-json\/wp\/v2\/posts\/212624"}],"collection":[{"href":"https:\/\/www.manaus.am.gov.br\/semsa\/wp-json\/wp\/v2\/posts"}],"about":[{"href":"https:\/\/www.manaus.am.gov.br\/semsa\/wp-json\/wp\/v2\/types\/post"}],"author":[{"embeddable":true,"href":"https:\/\/www.manaus.am.gov.br\/semsa\/wp-json\/wp\/v2\/users\/31"}],"replies":[{"embeddable":true,"href":"https:\/\/www.manaus.am.gov.br\/semsa\/wp-json\/wp\/v2\/comments?post=212624"}],"version-history":[{"count":0,"href":"https:\/\/www.manaus.am.gov.br\/semsa\/wp-json\/wp\/v2\/posts\/212624\/revisions"}],"wp:featuredmedia":[{"embeddable":true,"href":"https:\/\/www.manaus.am.gov.br\/semsa\/wp-json\/wp\/v2\/media\/212625"}],"wp:attachment":[{"href":"https:\/\/www.manaus.am.gov.br\/semsa\/wp-json\/wp\/v2\/media?parent=212624"}],"wp:term":[{"taxonomy":"category","embeddable":true,"href":"https:\/\/www.manaus.am.gov.br\/semsa\/wp-json\/wp\/v2\/categories?post=212624"},{"taxonomy":"post_tag","embeddable":true,"href":"https:\/\/www.manaus.am.gov.br\/semsa\/wp-json\/wp\/v2\/tags?post=212624"}],"curies":[{"name":"wp","href":"https:\/\/api.w.org\/{rel}","templated":true}]}}