{"id":212601,"date":"2023-07-21T13:45:50","date_gmt":"2023-07-21T17:45:50","guid":{"rendered":"https:\/\/www.manaus.am.gov.br\/semsa\/prefeitura-de-manaus-e-ministerio-da-saude-alinham-avancos-na-area-de-vigilancia-em-saude\/"},"modified":"2023-07-21T13:45:50","modified_gmt":"2023-07-21T17:45:50","slug":"prefeitura-de-manaus-e-ministerio-da-saude-alinham-avancos-na-area-de-vigilancia-em-saude","status":"publish","type":"post","link":"https:\/\/www.manaus.am.gov.br\/semsa\/prefeitura-de-manaus-e-ministerio-da-saude-alinham-avancos-na-area-de-vigilancia-em-saude\/","title":{"rendered":"<strong>Prefeitura de Manaus e Minist\u00e9rio da Sa\u00fade alinham avan\u00e7os na \u00e1rea de vigil\u00e2ncia em sa\u00fade<\/strong>"},"content":{"rendered":"\n<p>O fortalecimento das a\u00e7\u00f5es de vigil\u00e2ncia em sa\u00fade e a redu\u00e7\u00e3o da transmiss\u00e3o de doen\u00e7as como tuberculose, mal\u00e1ria e HIV\/Aids foram temas tratados entre a Prefeitura de Manaus e o governo federal, a partir do encontro da secret\u00e1ria municipal de Sa\u00fade, Sh\u00e1dia Fraxe, e da secret\u00e1ria de Vigil\u00e2ncia em Sa\u00fade e Ambiente do Minist\u00e9rio da Sa\u00fade, Ethel Maciel, na manh\u00e3 desta sexta-feira, 21\/7, na sede da Secretaria Municipal de Sa\u00fade (Semsa).<\/p>\n\n\n\n<p>Ethel Maciel, que cumpre agenda da Secretaria de Vigil\u00e2ncia em Sa\u00fade e Ambiente (SVSA) em Manaus, adiantou alguns encaminhamentos do Minist\u00e9rio da Sa\u00fade para a intensifica\u00e7\u00e3o do combate a doen\u00e7as de import\u00e2ncia epidemiol\u00f3gica em Estados e munic\u00edpios da regi\u00e3o e alinhou com a secret\u00e1ria Sh\u00e1dia Fraxe a uni\u00e3o de esfor\u00e7os para reduzir as condi\u00e7\u00f5es de transmiss\u00e3o em Manaus. De acordo com Ethel, os esfor\u00e7os para ampliar as a\u00e7\u00f5es de combate devem ser empreendidos ainda neste segundo semestre.<\/p>\n\n\n\n<p>Sh\u00e1dia Fraxe apresentou algumas das iniciativas j\u00e1 desenvolvidas pela gest\u00e3o municipal na \u00e1rea de vigil\u00e2ncia epidemiol\u00f3gica, destacando a ferramenta i-TB, desenvolvida pela Semsa para aprimorar o registro, o monitoramento e a avalia\u00e7\u00e3o de casos e a\u00e7\u00f5es de controle da tuberculose.<\/p>\n\n\n\n<p>A secret\u00e1ria explicou que o Sistema i-TB, desenvolvido por t\u00e9cnicos da pr\u00f3pria secretaria, est\u00e1 sendo implementado na rede de sa\u00fade municipal para facilitar o planejamento e a execu\u00e7\u00e3o de estrat\u00e9gias de controle. A plataforma re\u00fane dados como consultas, medica\u00e7\u00f5es e exames, e deve auxiliar gestores e profissionais de sa\u00fade no acompanhamento dos pacientes.<\/p>\n\n\n\n<p>A gestora entregou \u00e0 Ethel Maciel uma c\u00f3pia da portaria que regulamenta e institucionaliza o uso do i-TB no \u00e2mbito municipal. \u201cA \u00e1rea t\u00e9cnica de Tuberculose, do Minist\u00e9rio da Sa\u00fade, conheceu e elogiou o sistema, e Manaus est\u00e1 \u00e0 disposi\u00e7\u00e3o, inclusive, para ceder o sistema, para uso local, aos munic\u00edpios\u201d.<\/p>\n\n\n\n<p>Sh\u00e1dia tamb\u00e9m enfatizou os esfor\u00e7os da gest\u00e3o municipal para a preven\u00e7\u00e3o e controle de outras doen\u00e7as como as hepatites virais, s\u00edfilis, HIV\/Aids e mal\u00e1ria, para as quais Manaus est\u00e1 incrementando as estrat\u00e9gias de combate. \u201cNosso objetivo \u00e9 virar a chave e alcan\u00e7ar resultados realmente significativos na \u00e1rea de vigil\u00e2ncia epidemiol\u00f3gica, e este processo j\u00e1 est\u00e1 em curso\u201d, afirmou.<\/p>\n\n\n\n<p>&#8212; &#8212; &#8212;<\/p>\n\n\n\n<p><strong>Texto &#8211;<\/strong>&nbsp;Andr\u00e9a Arruda \/ Semsa<\/p>\n\n\n\n<p><strong>Fotos &#8211;<\/strong>&nbsp;Divulga\u00e7\u00e3o \/ Semsa<\/p>\n","protected":false},"excerpt":{"rendered":"","protected":false},"author":23,"featured_media":212602,"comment_status":"closed","ping_status":"closed","sticky":false,"template":"","format":"standard","meta":{"footnotes":""},"categories":[293],"tags":[43,54,28,135,1297],"acf":[],"yoast_head":"<!-- This site is optimized with the Yoast SEO plugin v23.0 - https:\/\/yoast.com\/wordpress\/plugins\/seo\/ -->\n<title>Prefeitura de Manaus e Minist\u00e9rio da Sa\u00fade alinham avan\u00e7os na \u00e1rea de vigil\u00e2ncia em sa\u00fade<\/title>\n<meta name=\"description\" content=\"O fortalecimento das a\u00e7\u00f5es de vigil\u00e2ncia em sa\u00fade e a redu\u00e7\u00e3o da transmiss\u00e3o de doen\u00e7as como tuberculose, mal\u00e1ria e HIV\/Aids foram temas tratados entre a Prefeitura de Manaus e o governo federal, a partir do encontro da secret\u00e1ria municipal de Sa\u00fade, Sh\u00e1dia Fraxe, e da secret\u00e1ria de Vigil\u00e2ncia em Sa\u00fade e Ambiente do Minist\u00e9rio da Sa\u00fade, Ethel Maciel, na manh\u00e3 desta sexta-feira, 21\/7, na sede da Secretaria Municipal de Sa\u00fade (Semsa).\" \/>\n<meta name=\"robots\" content=\"index, follow, max-snippet:-1, max-image-preview:large, max-video-preview:-1\" \/>\n<link rel=\"canonical\" href=\"https:\/\/www.manaus.am.gov.br\/semsa\/prefeitura-de-manaus-e-ministerio-da-saude-alinham-avancos-na-area-de-vigilancia-em-saude\/\" \/>\n<meta property=\"og:locale\" content=\"pt_BR\" \/>\n<meta property=\"og:type\" content=\"article\" \/>\n<meta property=\"og:title\" content=\"Prefeitura de Manaus e Minist\u00e9rio da Sa\u00fade alinham avan\u00e7os na \u00e1rea de vigil\u00e2ncia em sa\u00fade\" \/>\n<meta property=\"og:description\" content=\"O fortalecimento das a\u00e7\u00f5es de vigil\u00e2ncia em sa\u00fade e a redu\u00e7\u00e3o da transmiss\u00e3o de doen\u00e7as como tuberculose, mal\u00e1ria e HIV\/Aids foram temas tratados entre a Prefeitura de Manaus e o governo federal, a partir do encontro da secret\u00e1ria municipal de Sa\u00fade, Sh\u00e1dia Fraxe, e da secret\u00e1ria de Vigil\u00e2ncia em Sa\u00fade e Ambiente do Minist\u00e9rio da Sa\u00fade, Ethel Maciel, na manh\u00e3 desta sexta-feira, 21\/7, na sede da Secretaria Municipal de Sa\u00fade (Semsa).\" \/>\n<meta property=\"og:url\" content=\"https:\/\/www.manaus.am.gov.br\/semsa\/prefeitura-de-manaus-e-ministerio-da-saude-alinham-avancos-na-area-de-vigilancia-em-saude\/\" \/>\n<meta property=\"og:site_name\" content=\"SEMSA\" \/>\n<meta property=\"article:published_time\" content=\"2023-07-21T17:45:50+00:00\" \/>\n<meta property=\"og:image\" content=\"https:\/\/www.manaus.am.gov.br\/semsa\/wp-content\/uploads\/sites\/8\/2023\/07\/Julho-21_Visita-Ethel-Maciel-1-1024x768.jpg\" \/>\n\t<meta property=\"og:image:width\" content=\"1024\" \/>\n\t<meta property=\"og:image:height\" content=\"768\" \/>\n\t<meta property=\"og:image:type\" content=\"image\/jpeg\" \/>\n<meta name=\"author\" content=\"Adriana Costa\" \/>\n<meta name=\"twitter:card\" content=\"summary_large_image\" \/>\n<meta name=\"twitter:label1\" content=\"Written by\" \/>\n\t<meta name=\"twitter:data1\" content=\"Adriana Costa\" \/>\n\t<meta name=\"twitter:label2\" content=\"Est. reading time\" \/>\n\t<meta name=\"twitter:data2\" content=\"2 minutos\" \/>\n<script type=\"application\/ld+json\" class=\"yoast-schema-graph\">{\"@context\":\"https:\/\/schema.org\",\"@graph\":[{\"@type\":\"WebPage\",\"@id\":\"https:\/\/www.manaus.am.gov.br\/semsa\/prefeitura-de-manaus-e-ministerio-da-saude-alinham-avancos-na-area-de-vigilancia-em-saude\/\",\"url\":\"https:\/\/www.manaus.am.gov.br\/semsa\/prefeitura-de-manaus-e-ministerio-da-saude-alinham-avancos-na-area-de-vigilancia-em-saude\/\",\"name\":\"Prefeitura de Manaus e Minist\u00e9rio da Sa\u00fade alinham avan\u00e7os na \u00e1rea de vigil\u00e2ncia em sa\u00fade\",\"isPartOf\":{\"@id\":\"https:\/\/www.manaus.am.gov.br\/semsa\/#website\"},\"primaryImageOfPage\":{\"@id\":\"https:\/\/www.manaus.am.gov.br\/semsa\/prefeitura-de-manaus-e-ministerio-da-saude-alinham-avancos-na-area-de-vigilancia-em-saude\/#primaryimage\"},\"image\":{\"@id\":\"https:\/\/www.manaus.am.gov.br\/semsa\/prefeitura-de-manaus-e-ministerio-da-saude-alinham-avancos-na-area-de-vigilancia-em-saude\/#primaryimage\"},\"thumbnailUrl\":\"https:\/\/www.manaus.am.gov.br\/semsa\/wp-content\/uploads\/sites\/8\/2023\/07\/Julho-21_Visita-Ethel-Maciel-1.jpg\",\"datePublished\":\"2023-07-21T17:45:50+00:00\",\"dateModified\":\"2023-07-21T17:45:50+00:00\",\"author\":{\"@id\":\"https:\/\/www.manaus.am.gov.br\/semsa\/#\/schema\/person\/4e49f4e267757a06ca072ec61b2b9968\"},\"description\":\"O fortalecimento das a\u00e7\u00f5es de vigil\u00e2ncia em sa\u00fade e a redu\u00e7\u00e3o da transmiss\u00e3o de doen\u00e7as como tuberculose, mal\u00e1ria e HIV\/Aids foram temas tratados entre a Prefeitura de Manaus e o governo federal, a partir do encontro da secret\u00e1ria municipal de Sa\u00fade, Sh\u00e1dia Fraxe, e da secret\u00e1ria de Vigil\u00e2ncia em Sa\u00fade e Ambiente do Minist\u00e9rio da Sa\u00fade, Ethel Maciel, na manh\u00e3 desta sexta-feira, 21\/7, na sede da Secretaria Municipal de Sa\u00fade (Semsa).\",\"inLanguage\":\"pt-BR\",\"potentialAction\":[{\"@type\":\"ReadAction\",\"target\":[\"https:\/\/www.manaus.am.gov.br\/semsa\/prefeitura-de-manaus-e-ministerio-da-saude-alinham-avancos-na-area-de-vigilancia-em-saude\/\"]}]},{\"@type\":\"ImageObject\",\"inLanguage\":\"pt-BR\",\"@id\":\"https:\/\/www.manaus.am.gov.br\/semsa\/prefeitura-de-manaus-e-ministerio-da-saude-alinham-avancos-na-area-de-vigilancia-em-saude\/#primaryimage\",\"url\":\"https:\/\/www.manaus.am.gov.br\/semsa\/wp-content\/uploads\/sites\/8\/2023\/07\/Julho-21_Visita-Ethel-Maciel-1.jpg\",\"contentUrl\":\"https:\/\/www.manaus.am.gov.br\/semsa\/wp-content\/uploads\/sites\/8\/2023\/07\/Julho-21_Visita-Ethel-Maciel-1.jpg\",\"width\":4032,\"height\":3024},{\"@type\":\"WebSite\",\"@id\":\"https:\/\/www.manaus.am.gov.br\/semsa\/#website\",\"url\":\"https:\/\/www.manaus.am.gov.br\/semsa\/\",\"name\":\"SEMSA\",\"description\":\"Secretaria Municipal de Sa\u00fade\",\"alternateName\":\"Secretaria Municipal de Sa\u00fade\",\"potentialAction\":[{\"@type\":\"SearchAction\",\"target\":{\"@type\":\"EntryPoint\",\"urlTemplate\":\"https:\/\/www.manaus.am.gov.br\/semsa\/?s={search_term_string}\"},\"query-input\":\"required name=search_term_string\"}],\"inLanguage\":\"pt-BR\"},{\"@type\":\"Person\",\"@id\":\"https:\/\/www.manaus.am.gov.br\/semsa\/#\/schema\/person\/4e49f4e267757a06ca072ec61b2b9968\",\"name\":\"Adriana Costa\",\"image\":{\"@type\":\"ImageObject\",\"inLanguage\":\"pt-BR\",\"@id\":\"https:\/\/www.manaus.am.gov.br\/semsa\/#\/schema\/person\/image\/\",\"url\":\"https:\/\/secure.gravatar.com\/avatar\/576258617ef7194f718179e766d57bd4?s=96&d=mm&r=g\",\"contentUrl\":\"https:\/\/secure.gravatar.com\/avatar\/576258617ef7194f718179e766d57bd4?s=96&d=mm&r=g\",\"caption\":\"Adriana Costa\"}}]}<\/script>\n<!-- \/ Yoast SEO plugin. -->","yoast_head_json":{"title":"Prefeitura de Manaus e Minist\u00e9rio da Sa\u00fade alinham avan\u00e7os na \u00e1rea de vigil\u00e2ncia em sa\u00fade","description":"O fortalecimento das a\u00e7\u00f5es de vigil\u00e2ncia em sa\u00fade e a redu\u00e7\u00e3o da transmiss\u00e3o de doen\u00e7as como tuberculose, mal\u00e1ria e HIV\/Aids foram temas tratados entre a Prefeitura de Manaus e o governo federal, a partir do encontro da secret\u00e1ria municipal de Sa\u00fade, Sh\u00e1dia Fraxe, e da secret\u00e1ria de Vigil\u00e2ncia em Sa\u00fade e Ambiente do Minist\u00e9rio da Sa\u00fade, Ethel Maciel, na manh\u00e3 desta sexta-feira, 21\/7, na sede da Secretaria Municipal de Sa\u00fade (Semsa).","robots":{"index":"index","follow":"follow","max-snippet":"max-snippet:-1","max-image-preview":"max-image-preview:large","max-video-preview":"max-video-preview:-1"},"canonical":"https:\/\/www.manaus.am.gov.br\/semsa\/prefeitura-de-manaus-e-ministerio-da-saude-alinham-avancos-na-area-de-vigilancia-em-saude\/","og_locale":"pt_BR","og_type":"article","og_title":"Prefeitura de Manaus e Minist\u00e9rio da Sa\u00fade alinham avan\u00e7os na \u00e1rea de vigil\u00e2ncia em sa\u00fade","og_description":"O fortalecimento das a\u00e7\u00f5es de vigil\u00e2ncia em sa\u00fade e a redu\u00e7\u00e3o da transmiss\u00e3o de doen\u00e7as como tuberculose, mal\u00e1ria e HIV\/Aids foram temas tratados entre a Prefeitura de Manaus e o governo federal, a partir do encontro da secret\u00e1ria municipal de Sa\u00fade, Sh\u00e1dia Fraxe, e da secret\u00e1ria de Vigil\u00e2ncia em Sa\u00fade e Ambiente do Minist\u00e9rio da Sa\u00fade, Ethel Maciel, na manh\u00e3 desta sexta-feira, 21\/7, na sede da Secretaria Municipal de Sa\u00fade (Semsa).","og_url":"https:\/\/www.manaus.am.gov.br\/semsa\/prefeitura-de-manaus-e-ministerio-da-saude-alinham-avancos-na-area-de-vigilancia-em-saude\/","og_site_name":"SEMSA","article_published_time":"2023-07-21T17:45:50+00:00","og_image":[{"width":1024,"height":768,"url":"https:\/\/www.manaus.am.gov.br\/semsa\/wp-content\/uploads\/sites\/8\/2023\/07\/Julho-21_Visita-Ethel-Maciel-1-1024x768.jpg","type":"image\/jpeg"}],"author":"Adriana Costa","twitter_card":"summary_large_image","twitter_misc":{"Written by":"Adriana Costa","Est. reading time":"2 minutos"},"schema":{"@context":"https:\/\/schema.org","@graph":[{"@type":"WebPage","@id":"https:\/\/www.manaus.am.gov.br\/semsa\/prefeitura-de-manaus-e-ministerio-da-saude-alinham-avancos-na-area-de-vigilancia-em-saude\/","url":"https:\/\/www.manaus.am.gov.br\/semsa\/prefeitura-de-manaus-e-ministerio-da-saude-alinham-avancos-na-area-de-vigilancia-em-saude\/","name":"Prefeitura de Manaus e Minist\u00e9rio da Sa\u00fade alinham avan\u00e7os na \u00e1rea de vigil\u00e2ncia em sa\u00fade","isPartOf":{"@id":"https:\/\/www.manaus.am.gov.br\/semsa\/#website"},"primaryImageOfPage":{"@id":"https:\/\/www.manaus.am.gov.br\/semsa\/prefeitura-de-manaus-e-ministerio-da-saude-alinham-avancos-na-area-de-vigilancia-em-saude\/#primaryimage"},"image":{"@id":"https:\/\/www.manaus.am.gov.br\/semsa\/prefeitura-de-manaus-e-ministerio-da-saude-alinham-avancos-na-area-de-vigilancia-em-saude\/#primaryimage"},"thumbnailUrl":"https:\/\/www.manaus.am.gov.br\/semsa\/wp-content\/uploads\/sites\/8\/2023\/07\/Julho-21_Visita-Ethel-Maciel-1.jpg","datePublished":"2023-07-21T17:45:50+00:00","dateModified":"2023-07-21T17:45:50+00:00","author":{"@id":"https:\/\/www.manaus.am.gov.br\/semsa\/#\/schema\/person\/4e49f4e267757a06ca072ec61b2b9968"},"description":"O fortalecimento das a\u00e7\u00f5es de vigil\u00e2ncia em sa\u00fade e a redu\u00e7\u00e3o da transmiss\u00e3o de doen\u00e7as como tuberculose, mal\u00e1ria e HIV\/Aids foram temas tratados entre a Prefeitura de Manaus e o governo federal, a partir do encontro da secret\u00e1ria municipal de Sa\u00fade, Sh\u00e1dia Fraxe, e da secret\u00e1ria de Vigil\u00e2ncia em Sa\u00fade e Ambiente do Minist\u00e9rio da Sa\u00fade, Ethel Maciel, na manh\u00e3 desta sexta-feira, 21\/7, na sede da Secretaria Municipal de Sa\u00fade (Semsa).","inLanguage":"pt-BR","potentialAction":[{"@type":"ReadAction","target":["https:\/\/www.manaus.am.gov.br\/semsa\/prefeitura-de-manaus-e-ministerio-da-saude-alinham-avancos-na-area-de-vigilancia-em-saude\/"]}]},{"@type":"ImageObject","inLanguage":"pt-BR","@id":"https:\/\/www.manaus.am.gov.br\/semsa\/prefeitura-de-manaus-e-ministerio-da-saude-alinham-avancos-na-area-de-vigilancia-em-saude\/#primaryimage","url":"https:\/\/www.manaus.am.gov.br\/semsa\/wp-content\/uploads\/sites\/8\/2023\/07\/Julho-21_Visita-Ethel-Maciel-1.jpg","contentUrl":"https:\/\/www.manaus.am.gov.br\/semsa\/wp-content\/uploads\/sites\/8\/2023\/07\/Julho-21_Visita-Ethel-Maciel-1.jpg","width":4032,"height":3024},{"@type":"WebSite","@id":"https:\/\/www.manaus.am.gov.br\/semsa\/#website","url":"https:\/\/www.manaus.am.gov.br\/semsa\/","name":"SEMSA","description":"Secretaria Municipal de Sa\u00fade","alternateName":"Secretaria Municipal de Sa\u00fade","potentialAction":[{"@type":"SearchAction","target":{"@type":"EntryPoint","urlTemplate":"https:\/\/www.manaus.am.gov.br\/semsa\/?s={search_term_string}"},"query-input":"required name=search_term_string"}],"inLanguage":"pt-BR"},{"@type":"Person","@id":"https:\/\/www.manaus.am.gov.br\/semsa\/#\/schema\/person\/4e49f4e267757a06ca072ec61b2b9968","name":"Adriana Costa","image":{"@type":"ImageObject","inLanguage":"pt-BR","@id":"https:\/\/www.manaus.am.gov.br\/semsa\/#\/schema\/person\/image\/","url":"https:\/\/secure.gravatar.com\/avatar\/576258617ef7194f718179e766d57bd4?s=96&d=mm&r=g","contentUrl":"https:\/\/secure.gravatar.com\/avatar\/576258617ef7194f718179e766d57bd4?s=96&d=mm&r=g","caption":"Adriana Costa"}}]}},"_links":{"self":[{"href":"https:\/\/www.manaus.am.gov.br\/semsa\/wp-json\/wp\/v2\/posts\/212601"}],"collection":[{"href":"https:\/\/www.manaus.am.gov.br\/semsa\/wp-json\/wp\/v2\/posts"}],"about":[{"href":"https:\/\/www.manaus.am.gov.br\/semsa\/wp-json\/wp\/v2\/types\/post"}],"author":[{"embeddable":true,"href":"https:\/\/www.manaus.am.gov.br\/semsa\/wp-json\/wp\/v2\/users\/23"}],"replies":[{"embeddable":true,"href":"https:\/\/www.manaus.am.gov.br\/semsa\/wp-json\/wp\/v2\/comments?post=212601"}],"version-history":[{"count":0,"href":"https:\/\/www.manaus.am.gov.br\/semsa\/wp-json\/wp\/v2\/posts\/212601\/revisions"}],"wp:featuredmedia":[{"embeddable":true,"href":"https:\/\/www.manaus.am.gov.br\/semsa\/wp-json\/wp\/v2\/media\/212602"}],"wp:attachment":[{"href":"https:\/\/www.manaus.am.gov.br\/semsa\/wp-json\/wp\/v2\/media?parent=212601"}],"wp:term":[{"taxonomy":"category","embeddable":true,"href":"https:\/\/www.manaus.am.gov.br\/semsa\/wp-json\/wp\/v2\/categories?post=212601"},{"taxonomy":"post_tag","embeddable":true,"href":"https:\/\/www.manaus.am.gov.br\/semsa\/wp-json\/wp\/v2\/tags?post=212601"}],"curies":[{"name":"wp","href":"https:\/\/api.w.org\/{rel}","templated":true}]}}