{"id":212587,"date":"2023-07-18T17:41:53","date_gmt":"2023-07-18T21:41:53","guid":{"rendered":"https:\/\/www.manaus.am.gov.br\/semsa\/prefeitura-amplia-vacinacao-contra-meningite-para-criancas-e-trabalhadores-da-saude-ate-31-7\/"},"modified":"2023-07-18T17:41:54","modified_gmt":"2023-07-18T21:41:54","slug":"prefeitura-amplia-vacinacao-contra-meningite-para-criancas-e-trabalhadores-da-saude-ate-31-7","status":"publish","type":"post","link":"https:\/\/www.manaus.am.gov.br\/semsa\/prefeitura-amplia-vacinacao-contra-meningite-para-criancas-e-trabalhadores-da-saude-ate-31-7\/","title":{"rendered":"<strong>Prefeitura amplia vacina\u00e7\u00e3o contra meningite para crian\u00e7as e trabalhadores da sa\u00fade at\u00e9 31\/7<\/strong>"},"content":{"rendered":"\n<p>A Prefeitura de Manaus est\u00e1 ofertando a vacina meningoc\u00f3cica C (Conjugada) para crian\u00e7as e adolescentes n\u00e3o imunizados de at\u00e9 10 anos, 11 meses e 29 dias, e trabalhadores da \u00e1rea da sa\u00fade. O imunizante teve a oferta ampliada at\u00e9 o dia 31\/7 e est\u00e1 dispon\u00edvel em 171 salas de vacina gerenciadas pela Secretaria Municipal de Sa\u00fade (Semsa), distribu\u00eddas em toda a capital amazonense.<\/p>\n\n\n\n<p>A secret\u00e1ria municipal de Sa\u00fade, em exerc\u00edcio, Aline Rosa Martins, pontua que a amplia\u00e7\u00e3o da oferta da vacina ocorre em raz\u00e3o das baixas coberturas vacinais registradas em todo o pa\u00eds. Ela orienta pais e respons\u00e1veis por crian\u00e7as n\u00e3o imunizadas, bem como trabalhadores e acad\u00eamicos que atuam em estabelecimentos de assist\u00eancia e vigil\u00e2ncia \u00e0 sa\u00fade, das redes p\u00fablica e privada, a buscar o imunizante em uma das unidades da Semsa.<\/p>\n\n\n\n<p>\u201cManter as coberturas elevadas, principalmente entre adolescentes e crian\u00e7as, \u00e9 a \u00fanica forma de controlar a doen\u00e7a meningoc\u00f3cica, uma doen\u00e7a grave e letal, por isso pais e respons\u00e1veis n\u00e3o devem deixar passar essa oportunidade para proteger seus pequenos\u201d, enfatiza.<\/p>\n\n\n\n<p>A titular da Semsa lembra que a vacina \u00e9 ofertada nas unidades b\u00e1sicas de segunda a sexta-feira, sendo que nove delas t\u00eam funcionamento estendido at\u00e9 as 20h. As mesmas unidades abrem ainda aos s\u00e1bados, das 8h \u00e0s 12h, e, aos domingos e feriados, o servi\u00e7o \u00e9 mantido na Cl\u00ednica da Fam\u00edlia Carmem Nicolau, no bairro Lago Azul, zona Norte. A lista completa com endere\u00e7os e hor\u00e1rios est\u00e1 dispon\u00edvel no site&nbsp;<a href=\"http:\/\/semsa.manaus.am.gov.br\/\" target=\"_blank\" rel=\"noreferrer noopener\">semsa.manaus.am.gov.br<\/a>&nbsp;ou no link&nbsp;<a href=\"http:\/\/bit.ly\/salasdevacinamanaus\" target=\"_blank\" rel=\"noreferrer noopener\">bit.ly\/salasdevacinamanaus<\/a>.<\/p>\n\n\n\n<p>Conforme a gerente de Imuniza\u00e7\u00e3o da Semsa, Isabel Hernandes, a vacina meningoc\u00f3cica C protege contra a doen\u00e7a meningoc\u00f3cica (DM) do sorogrupo C, que apresenta alta gravidade e letalidade, em especial em crian\u00e7as. Para as crian\u00e7as a partir dos 5 anos de idade, bem como adolescentes n\u00e3o vacinados at\u00e9 10 anos e trabalhadores da sa\u00fade, o imunizante \u00e9 ofertado em dose \u00fanica.<\/p>\n\n\n\n<p>\u201cPor isso \u00e9 importante que as crian\u00e7as de at\u00e9 10 anos de idade sejam vacinadas, e tamb\u00e9m os profissionais de sa\u00fade, que s\u00e3o mais sujeitos a adquirir a doen\u00e7a pelo eventual contato com pacientes que chegam ao sistema de sa\u00fade, se n\u00e3o estiverem vacinados\u201d, assinala a gerente.<\/p>\n\n\n\n<p>Segundo Isabel, Manaus tem atualmente 56.618 trabalhadores na \u00e1rea da sa\u00fade, de acordo com dados da Semsa. Ela recomenda a diretores e gestores de estabelecimentos de sa\u00fade que busquem a secretaria para apoio em a\u00e7\u00f5es de imuniza\u00e7\u00e3o de profissionais, estagi\u00e1rios e trabalhadores de apoio.<\/p>\n\n\n\n<p><strong>Calend\u00e1rio vacinal<\/strong><\/p>\n\n\n\n<p>A doen\u00e7a meningoc\u00f3cica do sorogrupo C \u00e9 causada pelo meningococo (<em>Neisseria meningitidis)<\/em>&nbsp;do tipo C, de alta gravidade e letalidade. A vacina meningoc\u00f3cica C (Conjugada), que protege contra a doen\u00e7a, foi implantada na rotina de imuniza\u00e7\u00e3o da crian\u00e7a em 2010. A meta de cobertura vacinal prescrita pelo Minist\u00e9rio da Sa\u00fade \u00e9 de 95%.<\/p>\n\n\n\n<p>O imunizante \u00e9 ofertado no Calend\u00e1rio Nacional de Vacina\u00e7\u00e3o em esquema prim\u00e1rio de duas doses, aos 3 e aos 5 meses de vida, com uma dose de refor\u00e7o, preferencialmente aos 12 meses. Crian\u00e7as que tenham perdido a oportunidade de receber a vacina nas idades indicadas podem ser vacinadas at\u00e9 os 4 anos, 11 meses e 29 dias, conforme orienta\u00e7\u00e3o do Minist\u00e9rio da Sa\u00fade.<\/p>\n\n\n\n<p>&#8212; &#8212; &#8212;&nbsp;<\/p>\n\n\n\n<p><strong>Texto &#8211;&nbsp;<\/strong>Jony Clay Borges \/ Semsa<\/p>\n\n\n\n<p><strong>Fotos &#8211;&nbsp;<\/strong>Divulga\u00e7\u00e3o \/ Semsa<\/p>\n","protected":false},"excerpt":{"rendered":"","protected":false},"author":31,"featured_media":212588,"comment_status":"closed","ping_status":"closed","sticky":false,"template":"","format":"standard","meta":{"footnotes":""},"categories":[5],"tags":[70,1277,425],"acf":[],"yoast_head":"<!-- This site is optimized with the Yoast SEO plugin v23.0 - https:\/\/yoast.com\/wordpress\/plugins\/seo\/ -->\n<title>Prefeitura amplia vacina\u00e7\u00e3o contra meningite para crian\u00e7as e trabalhadores da sa\u00fade at\u00e9 31\/7 - SEMSA<\/title>\n<meta name=\"robots\" content=\"index, follow, max-snippet:-1, max-image-preview:large, max-video-preview:-1\" \/>\n<link rel=\"canonical\" href=\"https:\/\/www.manaus.am.gov.br\/semsa\/prefeitura-amplia-vacinacao-contra-meningite-para-criancas-e-trabalhadores-da-saude-ate-31-7\/\" \/>\n<meta property=\"og:locale\" content=\"pt_BR\" \/>\n<meta property=\"og:type\" content=\"article\" \/>\n<meta property=\"og:title\" content=\"Prefeitura amplia vacina\u00e7\u00e3o contra meningite para crian\u00e7as e trabalhadores da sa\u00fade at\u00e9 31\/7 - SEMSA\" \/>\n<meta property=\"og:url\" content=\"https:\/\/www.manaus.am.gov.br\/semsa\/prefeitura-amplia-vacinacao-contra-meningite-para-criancas-e-trabalhadores-da-saude-ate-31-7\/\" \/>\n<meta property=\"og:site_name\" content=\"SEMSA\" \/>\n<meta property=\"article:published_time\" content=\"2023-07-18T21:41:53+00:00\" \/>\n<meta property=\"article:modified_time\" content=\"2023-07-18T21:41:54+00:00\" \/>\n<meta property=\"og:image\" content=\"https:\/\/www.manaus.am.gov.br\/semsa\/wp-content\/uploads\/sites\/8\/2023\/07\/Julho-18_Meningococica-Profissionais-Saude-2.jpg\" \/>\n\t<meta property=\"og:image:width\" content=\"2500\" \/>\n\t<meta property=\"og:image:height\" content=\"1667\" \/>\n\t<meta property=\"og:image:type\" content=\"image\/jpeg\" \/>\n<meta name=\"author\" content=\"Renata Felix\" \/>\n<meta name=\"twitter:card\" content=\"summary_large_image\" \/>\n<meta name=\"twitter:label1\" content=\"Written by\" \/>\n\t<meta name=\"twitter:data1\" content=\"Renata Felix\" \/>\n\t<meta name=\"twitter:label2\" content=\"Est. reading time\" \/>\n\t<meta name=\"twitter:data2\" content=\"3 minutos\" \/>\n<script type=\"application\/ld+json\" class=\"yoast-schema-graph\">{\"@context\":\"https:\/\/schema.org\",\"@graph\":[{\"@type\":\"WebPage\",\"@id\":\"https:\/\/www.manaus.am.gov.br\/semsa\/prefeitura-amplia-vacinacao-contra-meningite-para-criancas-e-trabalhadores-da-saude-ate-31-7\/\",\"url\":\"https:\/\/www.manaus.am.gov.br\/semsa\/prefeitura-amplia-vacinacao-contra-meningite-para-criancas-e-trabalhadores-da-saude-ate-31-7\/\",\"name\":\"Prefeitura amplia vacina\u00e7\u00e3o contra meningite para crian\u00e7as e trabalhadores da sa\u00fade at\u00e9 31\/7 - SEMSA\",\"isPartOf\":{\"@id\":\"https:\/\/www.manaus.am.gov.br\/semsa\/#website\"},\"primaryImageOfPage\":{\"@id\":\"https:\/\/www.manaus.am.gov.br\/semsa\/prefeitura-amplia-vacinacao-contra-meningite-para-criancas-e-trabalhadores-da-saude-ate-31-7\/#primaryimage\"},\"image\":{\"@id\":\"https:\/\/www.manaus.am.gov.br\/semsa\/prefeitura-amplia-vacinacao-contra-meningite-para-criancas-e-trabalhadores-da-saude-ate-31-7\/#primaryimage\"},\"thumbnailUrl\":\"https:\/\/www.manaus.am.gov.br\/semsa\/wp-content\/uploads\/sites\/8\/2023\/07\/Julho-18_Meningococica-Profissionais-Saude-2.jpg\",\"datePublished\":\"2023-07-18T21:41:53+00:00\",\"dateModified\":\"2023-07-18T21:41:54+00:00\",\"author\":{\"@id\":\"https:\/\/www.manaus.am.gov.br\/semsa\/#\/schema\/person\/4eea2a8f78dc853097abb026f728aa06\"},\"inLanguage\":\"pt-BR\",\"potentialAction\":[{\"@type\":\"ReadAction\",\"target\":[\"https:\/\/www.manaus.am.gov.br\/semsa\/prefeitura-amplia-vacinacao-contra-meningite-para-criancas-e-trabalhadores-da-saude-ate-31-7\/\"]}]},{\"@type\":\"ImageObject\",\"inLanguage\":\"pt-BR\",\"@id\":\"https:\/\/www.manaus.am.gov.br\/semsa\/prefeitura-amplia-vacinacao-contra-meningite-para-criancas-e-trabalhadores-da-saude-ate-31-7\/#primaryimage\",\"url\":\"https:\/\/www.manaus.am.gov.br\/semsa\/wp-content\/uploads\/sites\/8\/2023\/07\/Julho-18_Meningococica-Profissionais-Saude-2.jpg\",\"contentUrl\":\"https:\/\/www.manaus.am.gov.br\/semsa\/wp-content\/uploads\/sites\/8\/2023\/07\/Julho-18_Meningococica-Profissionais-Saude-2.jpg\",\"width\":2500,\"height\":1667},{\"@type\":\"WebSite\",\"@id\":\"https:\/\/www.manaus.am.gov.br\/semsa\/#website\",\"url\":\"https:\/\/www.manaus.am.gov.br\/semsa\/\",\"name\":\"SEMSA\",\"description\":\"Secretaria Municipal de Sa\u00fade\",\"alternateName\":\"Secretaria Municipal de Sa\u00fade\",\"potentialAction\":[{\"@type\":\"SearchAction\",\"target\":{\"@type\":\"EntryPoint\",\"urlTemplate\":\"https:\/\/www.manaus.am.gov.br\/semsa\/?s={search_term_string}\"},\"query-input\":\"required name=search_term_string\"}],\"inLanguage\":\"pt-BR\"},{\"@type\":\"Person\",\"@id\":\"https:\/\/www.manaus.am.gov.br\/semsa\/#\/schema\/person\/4eea2a8f78dc853097abb026f728aa06\",\"name\":\"Renata Felix\",\"image\":{\"@type\":\"ImageObject\",\"inLanguage\":\"pt-BR\",\"@id\":\"https:\/\/www.manaus.am.gov.br\/semsa\/#\/schema\/person\/image\/\",\"url\":\"https:\/\/secure.gravatar.com\/avatar\/3c196cf9d3b837b24c8edb2c50fd8f29?s=96&d=mm&r=g\",\"contentUrl\":\"https:\/\/secure.gravatar.com\/avatar\/3c196cf9d3b837b24c8edb2c50fd8f29?s=96&d=mm&r=g\",\"caption\":\"Renata Felix\"}}]}<\/script>\n<!-- \/ Yoast SEO plugin. -->","yoast_head_json":{"title":"Prefeitura amplia vacina\u00e7\u00e3o contra meningite para crian\u00e7as e trabalhadores da sa\u00fade at\u00e9 31\/7 - SEMSA","robots":{"index":"index","follow":"follow","max-snippet":"max-snippet:-1","max-image-preview":"max-image-preview:large","max-video-preview":"max-video-preview:-1"},"canonical":"https:\/\/www.manaus.am.gov.br\/semsa\/prefeitura-amplia-vacinacao-contra-meningite-para-criancas-e-trabalhadores-da-saude-ate-31-7\/","og_locale":"pt_BR","og_type":"article","og_title":"Prefeitura amplia vacina\u00e7\u00e3o contra meningite para crian\u00e7as e trabalhadores da sa\u00fade at\u00e9 31\/7 - SEMSA","og_url":"https:\/\/www.manaus.am.gov.br\/semsa\/prefeitura-amplia-vacinacao-contra-meningite-para-criancas-e-trabalhadores-da-saude-ate-31-7\/","og_site_name":"SEMSA","article_published_time":"2023-07-18T21:41:53+00:00","article_modified_time":"2023-07-18T21:41:54+00:00","og_image":[{"width":2500,"height":1667,"url":"https:\/\/www.manaus.am.gov.br\/semsa\/wp-content\/uploads\/sites\/8\/2023\/07\/Julho-18_Meningococica-Profissionais-Saude-2.jpg","type":"image\/jpeg"}],"author":"Renata Felix","twitter_card":"summary_large_image","twitter_misc":{"Written by":"Renata Felix","Est. reading time":"3 minutos"},"schema":{"@context":"https:\/\/schema.org","@graph":[{"@type":"WebPage","@id":"https:\/\/www.manaus.am.gov.br\/semsa\/prefeitura-amplia-vacinacao-contra-meningite-para-criancas-e-trabalhadores-da-saude-ate-31-7\/","url":"https:\/\/www.manaus.am.gov.br\/semsa\/prefeitura-amplia-vacinacao-contra-meningite-para-criancas-e-trabalhadores-da-saude-ate-31-7\/","name":"Prefeitura amplia vacina\u00e7\u00e3o contra meningite para crian\u00e7as e trabalhadores da sa\u00fade at\u00e9 31\/7 - SEMSA","isPartOf":{"@id":"https:\/\/www.manaus.am.gov.br\/semsa\/#website"},"primaryImageOfPage":{"@id":"https:\/\/www.manaus.am.gov.br\/semsa\/prefeitura-amplia-vacinacao-contra-meningite-para-criancas-e-trabalhadores-da-saude-ate-31-7\/#primaryimage"},"image":{"@id":"https:\/\/www.manaus.am.gov.br\/semsa\/prefeitura-amplia-vacinacao-contra-meningite-para-criancas-e-trabalhadores-da-saude-ate-31-7\/#primaryimage"},"thumbnailUrl":"https:\/\/www.manaus.am.gov.br\/semsa\/wp-content\/uploads\/sites\/8\/2023\/07\/Julho-18_Meningococica-Profissionais-Saude-2.jpg","datePublished":"2023-07-18T21:41:53+00:00","dateModified":"2023-07-18T21:41:54+00:00","author":{"@id":"https:\/\/www.manaus.am.gov.br\/semsa\/#\/schema\/person\/4eea2a8f78dc853097abb026f728aa06"},"inLanguage":"pt-BR","potentialAction":[{"@type":"ReadAction","target":["https:\/\/www.manaus.am.gov.br\/semsa\/prefeitura-amplia-vacinacao-contra-meningite-para-criancas-e-trabalhadores-da-saude-ate-31-7\/"]}]},{"@type":"ImageObject","inLanguage":"pt-BR","@id":"https:\/\/www.manaus.am.gov.br\/semsa\/prefeitura-amplia-vacinacao-contra-meningite-para-criancas-e-trabalhadores-da-saude-ate-31-7\/#primaryimage","url":"https:\/\/www.manaus.am.gov.br\/semsa\/wp-content\/uploads\/sites\/8\/2023\/07\/Julho-18_Meningococica-Profissionais-Saude-2.jpg","contentUrl":"https:\/\/www.manaus.am.gov.br\/semsa\/wp-content\/uploads\/sites\/8\/2023\/07\/Julho-18_Meningococica-Profissionais-Saude-2.jpg","width":2500,"height":1667},{"@type":"WebSite","@id":"https:\/\/www.manaus.am.gov.br\/semsa\/#website","url":"https:\/\/www.manaus.am.gov.br\/semsa\/","name":"SEMSA","description":"Secretaria Municipal de Sa\u00fade","alternateName":"Secretaria Municipal de Sa\u00fade","potentialAction":[{"@type":"SearchAction","target":{"@type":"EntryPoint","urlTemplate":"https:\/\/www.manaus.am.gov.br\/semsa\/?s={search_term_string}"},"query-input":"required name=search_term_string"}],"inLanguage":"pt-BR"},{"@type":"Person","@id":"https:\/\/www.manaus.am.gov.br\/semsa\/#\/schema\/person\/4eea2a8f78dc853097abb026f728aa06","name":"Renata Felix","image":{"@type":"ImageObject","inLanguage":"pt-BR","@id":"https:\/\/www.manaus.am.gov.br\/semsa\/#\/schema\/person\/image\/","url":"https:\/\/secure.gravatar.com\/avatar\/3c196cf9d3b837b24c8edb2c50fd8f29?s=96&d=mm&r=g","contentUrl":"https:\/\/secure.gravatar.com\/avatar\/3c196cf9d3b837b24c8edb2c50fd8f29?s=96&d=mm&r=g","caption":"Renata Felix"}}]}},"_links":{"self":[{"href":"https:\/\/www.manaus.am.gov.br\/semsa\/wp-json\/wp\/v2\/posts\/212587"}],"collection":[{"href":"https:\/\/www.manaus.am.gov.br\/semsa\/wp-json\/wp\/v2\/posts"}],"about":[{"href":"https:\/\/www.manaus.am.gov.br\/semsa\/wp-json\/wp\/v2\/types\/post"}],"author":[{"embeddable":true,"href":"https:\/\/www.manaus.am.gov.br\/semsa\/wp-json\/wp\/v2\/users\/31"}],"replies":[{"embeddable":true,"href":"https:\/\/www.manaus.am.gov.br\/semsa\/wp-json\/wp\/v2\/comments?post=212587"}],"version-history":[{"count":0,"href":"https:\/\/www.manaus.am.gov.br\/semsa\/wp-json\/wp\/v2\/posts\/212587\/revisions"}],"wp:featuredmedia":[{"embeddable":true,"href":"https:\/\/www.manaus.am.gov.br\/semsa\/wp-json\/wp\/v2\/media\/212588"}],"wp:attachment":[{"href":"https:\/\/www.manaus.am.gov.br\/semsa\/wp-json\/wp\/v2\/media?parent=212587"}],"wp:term":[{"taxonomy":"category","embeddable":true,"href":"https:\/\/www.manaus.am.gov.br\/semsa\/wp-json\/wp\/v2\/categories?post=212587"},{"taxonomy":"post_tag","embeddable":true,"href":"https:\/\/www.manaus.am.gov.br\/semsa\/wp-json\/wp\/v2\/tags?post=212587"}],"curies":[{"name":"wp","href":"https:\/\/api.w.org\/{rel}","templated":true}]}}