{"id":212535,"date":"2023-07-13T19:53:20","date_gmt":"2023-07-13T23:53:20","guid":{"rendered":"https:\/\/www.manaus.am.gov.br\/semsa\/prefeitura-de-manaus-participara-de-maior-evento-de-saude-publica-do-brasil\/"},"modified":"2023-07-13T19:53:21","modified_gmt":"2023-07-13T23:53:21","slug":"prefeitura-de-manaus-participara-de-maior-evento-de-saude-publica-do-brasil","status":"publish","type":"post","link":"https:\/\/www.manaus.am.gov.br\/semsa\/prefeitura-de-manaus-participara-de-maior-evento-de-saude-publica-do-brasil\/","title":{"rendered":"<strong>Prefeitura de Manaus participar\u00e1 de maior evento de sa\u00fade p\u00fablica do Brasil<\/strong>"},"content":{"rendered":"\n<p>A Prefeitura de Manaus participar\u00e1 do congresso do Conselho Nacional das Secretarias Municipais de Sa\u00fade (Conasems), que acontecer\u00e1 em Goi\u00e2nia (GO), no per\u00edodo de 16 a 19\/7. A 37\u00aa edi\u00e7\u00e3o do maior evento de sa\u00fade p\u00fablica do pa\u00eds ter\u00e1 como tema central \u201cO SUS que falta no Brasil\u201d, com o objetivo analisar os desafios e avan\u00e7os ao longo dos mais de 30 anos do Sistema \u00danico de Sa\u00fade no territ\u00f3rio nacional.<\/p>\n\n\n\n<p>A secret\u00e1ria municipal de Sa\u00fade, Sh\u00e1dia Fraxe, o subsecret\u00e1rio municipal de Gest\u00e3o da Sa\u00fade, Djalma Coelho, e o subsecret\u00e1rio de Gest\u00e3o Administrativa e Planejamento, Nagib Salem, participar\u00e3o do evento, que \u00e9 fundamental para que gestores e trabalhadores da sa\u00fade p\u00fablica avaliem resultados, compartilhem experi\u00eancias e alinhem a\u00e7\u00f5es para o fortalecimento do SUS.<\/p>\n\n\n\n<p>\u201cO Congresso do Conasems \u00e9 um evento importante para o aprimoramento do SUS. E para Manaus, que vem mantendo o primeiro lugar nos \u00edndices do Previne Brasil, o evento \u00e9 a oportunidade de mostrar resultados e aprender com outras capitais como melhorar cada vez mais a oferta dos servi\u00e7os de sa\u00fade da aten\u00e7\u00e3o b\u00e1sica\u201d, assinala.<\/p>\n\n\n\n<p>O Congresso ter\u00e1 a \u201cMostra Brasil, aqui tem SUS\u201d, que reunir\u00e1 500 experi\u00eancias exitosas na oferta dos servi\u00e7os de sa\u00fade em todo o territ\u00f3rio nacional, com a sele\u00e7\u00e3o dos melhores trabalhos. A premia\u00e7\u00e3o vai ser realizada no dia 18 de julho, no audit\u00f3rio principal do evento.<\/p>\n\n\n\n<p>Outro destaque \u00e9 a oficina nacional do projeto ImunizaSUS que no per\u00edodo de 17 a 19\/7, possibilitar\u00e1 a apresenta\u00e7\u00e3o das 450 estrat\u00e9gias de fortalecimento das a\u00e7\u00f5es de imuniza\u00e7\u00e3o nos territ\u00f3rios municipais.<\/p>\n\n\n\n<p>A Integralidade no SUS ser\u00e1 o tema central da abordagem de macrotemas enfocando a aten\u00e7\u00e3o b\u00e1sica, tanto de m\u00e9dia quanto de alta complexidade, assist\u00eancia farmac\u00eautica e complexo industrial, vigil\u00e2ncia em sa\u00fade e outros. Al\u00e9m da mesa central, outras mesas com tem\u00e1ticas diversas acontecer\u00e3o ao longo da programa\u00e7\u00e3o dos dias 18 e 19 de julho.<\/p>\n\n\n\n<p>O complexo industrial, mundo educa\u00e7\u00e3o, mundo econ\u00f4mico, mundo jur\u00eddico, mundo legislativo, mundo sa\u00fade digital, e tr\u00eas semin\u00e1rios debatendo a integralidade a partir da sa\u00fade mental, participa\u00e7\u00e3o da comunidade, rede Conasems-Cosems e oficina de comunica\u00e7\u00e3o em sa\u00fade, s\u00e3o tem\u00e1ticas que tamb\u00e9m comp\u00f5em a programa\u00e7\u00e3o.<\/p>\n\n\n\n<p>&#8212; &#8212; &#8212;<\/p>\n\n\n\n<p><strong>Texto \u2013&nbsp;<\/strong>Divulga\u00e7\u00e3o \/ Semsa<\/p>\n\n\n\n<p><strong>Fotos \u2013&nbsp;<\/strong>Divulga\u00e7\u00e3o \/ Semsa&nbsp;<\/p>\n","protected":false},"excerpt":{"rendered":"","protected":false},"author":31,"featured_media":212536,"comment_status":"closed","ping_status":"closed","sticky":false,"template":"","format":"standard","meta":{"footnotes":""},"categories":[397],"tags":[1255,1256],"acf":[],"yoast_head":"<!-- This site is optimized with the Yoast SEO plugin v23.0 - https:\/\/yoast.com\/wordpress\/plugins\/seo\/ -->\n<title>Prefeitura de Manaus participar\u00e1 de maior evento de sa\u00fade p\u00fablica do Brasil - SEMSA<\/title>\n<meta name=\"robots\" content=\"index, follow, max-snippet:-1, max-image-preview:large, max-video-preview:-1\" \/>\n<link rel=\"canonical\" href=\"https:\/\/www.manaus.am.gov.br\/semsa\/prefeitura-de-manaus-participara-de-maior-evento-de-saude-publica-do-brasil\/\" \/>\n<meta property=\"og:locale\" content=\"pt_BR\" \/>\n<meta property=\"og:type\" content=\"article\" \/>\n<meta property=\"og:title\" content=\"Prefeitura de Manaus participar\u00e1 de maior evento de sa\u00fade p\u00fablica do Brasil - SEMSA\" \/>\n<meta property=\"og:url\" content=\"https:\/\/www.manaus.am.gov.br\/semsa\/prefeitura-de-manaus-participara-de-maior-evento-de-saude-publica-do-brasil\/\" \/>\n<meta property=\"og:site_name\" content=\"SEMSA\" \/>\n<meta property=\"article:published_time\" content=\"2023-07-13T23:53:20+00:00\" \/>\n<meta property=\"article:modified_time\" content=\"2023-07-13T23:53:21+00:00\" \/>\n<meta property=\"og:image\" content=\"https:\/\/www.manaus.am.gov.br\/semsa\/wp-content\/uploads\/sites\/8\/2023\/07\/Julho-13_Conasems4.jpeg\" \/>\n\t<meta property=\"og:image:width\" content=\"1280\" \/>\n\t<meta property=\"og:image:height\" content=\"855\" \/>\n\t<meta property=\"og:image:type\" content=\"image\/jpeg\" \/>\n<meta name=\"author\" content=\"Renata Felix\" \/>\n<meta name=\"twitter:card\" content=\"summary_large_image\" \/>\n<meta name=\"twitter:label1\" content=\"Written by\" \/>\n\t<meta name=\"twitter:data1\" content=\"Renata Felix\" \/>\n\t<meta name=\"twitter:label2\" content=\"Est. reading time\" \/>\n\t<meta name=\"twitter:data2\" content=\"2 minutos\" \/>\n<script type=\"application\/ld+json\" class=\"yoast-schema-graph\">{\"@context\":\"https:\/\/schema.org\",\"@graph\":[{\"@type\":\"WebPage\",\"@id\":\"https:\/\/www.manaus.am.gov.br\/semsa\/prefeitura-de-manaus-participara-de-maior-evento-de-saude-publica-do-brasil\/\",\"url\":\"https:\/\/www.manaus.am.gov.br\/semsa\/prefeitura-de-manaus-participara-de-maior-evento-de-saude-publica-do-brasil\/\",\"name\":\"Prefeitura de Manaus participar\u00e1 de maior evento de sa\u00fade p\u00fablica do Brasil - SEMSA\",\"isPartOf\":{\"@id\":\"https:\/\/www.manaus.am.gov.br\/semsa\/#website\"},\"primaryImageOfPage\":{\"@id\":\"https:\/\/www.manaus.am.gov.br\/semsa\/prefeitura-de-manaus-participara-de-maior-evento-de-saude-publica-do-brasil\/#primaryimage\"},\"image\":{\"@id\":\"https:\/\/www.manaus.am.gov.br\/semsa\/prefeitura-de-manaus-participara-de-maior-evento-de-saude-publica-do-brasil\/#primaryimage\"},\"thumbnailUrl\":\"https:\/\/www.manaus.am.gov.br\/semsa\/wp-content\/uploads\/sites\/8\/2023\/07\/Julho-13_Conasems4.jpeg\",\"datePublished\":\"2023-07-13T23:53:20+00:00\",\"dateModified\":\"2023-07-13T23:53:21+00:00\",\"author\":{\"@id\":\"https:\/\/www.manaus.am.gov.br\/semsa\/#\/schema\/person\/4eea2a8f78dc853097abb026f728aa06\"},\"inLanguage\":\"pt-BR\",\"potentialAction\":[{\"@type\":\"ReadAction\",\"target\":[\"https:\/\/www.manaus.am.gov.br\/semsa\/prefeitura-de-manaus-participara-de-maior-evento-de-saude-publica-do-brasil\/\"]}]},{\"@type\":\"ImageObject\",\"inLanguage\":\"pt-BR\",\"@id\":\"https:\/\/www.manaus.am.gov.br\/semsa\/prefeitura-de-manaus-participara-de-maior-evento-de-saude-publica-do-brasil\/#primaryimage\",\"url\":\"https:\/\/www.manaus.am.gov.br\/semsa\/wp-content\/uploads\/sites\/8\/2023\/07\/Julho-13_Conasems4.jpeg\",\"contentUrl\":\"https:\/\/www.manaus.am.gov.br\/semsa\/wp-content\/uploads\/sites\/8\/2023\/07\/Julho-13_Conasems4.jpeg\",\"width\":1280,\"height\":855},{\"@type\":\"WebSite\",\"@id\":\"https:\/\/www.manaus.am.gov.br\/semsa\/#website\",\"url\":\"https:\/\/www.manaus.am.gov.br\/semsa\/\",\"name\":\"SEMSA\",\"description\":\"Secretaria Municipal de Sa\u00fade\",\"alternateName\":\"Secretaria Municipal de Sa\u00fade\",\"potentialAction\":[{\"@type\":\"SearchAction\",\"target\":{\"@type\":\"EntryPoint\",\"urlTemplate\":\"https:\/\/www.manaus.am.gov.br\/semsa\/?s={search_term_string}\"},\"query-input\":\"required name=search_term_string\"}],\"inLanguage\":\"pt-BR\"},{\"@type\":\"Person\",\"@id\":\"https:\/\/www.manaus.am.gov.br\/semsa\/#\/schema\/person\/4eea2a8f78dc853097abb026f728aa06\",\"name\":\"Renata Felix\",\"image\":{\"@type\":\"ImageObject\",\"inLanguage\":\"pt-BR\",\"@id\":\"https:\/\/www.manaus.am.gov.br\/semsa\/#\/schema\/person\/image\/\",\"url\":\"https:\/\/secure.gravatar.com\/avatar\/3c196cf9d3b837b24c8edb2c50fd8f29?s=96&d=mm&r=g\",\"contentUrl\":\"https:\/\/secure.gravatar.com\/avatar\/3c196cf9d3b837b24c8edb2c50fd8f29?s=96&d=mm&r=g\",\"caption\":\"Renata Felix\"}}]}<\/script>\n<!-- \/ Yoast SEO plugin. -->","yoast_head_json":{"title":"Prefeitura de Manaus participar\u00e1 de maior evento de sa\u00fade p\u00fablica do Brasil - SEMSA","robots":{"index":"index","follow":"follow","max-snippet":"max-snippet:-1","max-image-preview":"max-image-preview:large","max-video-preview":"max-video-preview:-1"},"canonical":"https:\/\/www.manaus.am.gov.br\/semsa\/prefeitura-de-manaus-participara-de-maior-evento-de-saude-publica-do-brasil\/","og_locale":"pt_BR","og_type":"article","og_title":"Prefeitura de Manaus participar\u00e1 de maior evento de sa\u00fade p\u00fablica do Brasil - SEMSA","og_url":"https:\/\/www.manaus.am.gov.br\/semsa\/prefeitura-de-manaus-participara-de-maior-evento-de-saude-publica-do-brasil\/","og_site_name":"SEMSA","article_published_time":"2023-07-13T23:53:20+00:00","article_modified_time":"2023-07-13T23:53:21+00:00","og_image":[{"width":1280,"height":855,"url":"https:\/\/www.manaus.am.gov.br\/semsa\/wp-content\/uploads\/sites\/8\/2023\/07\/Julho-13_Conasems4.jpeg","type":"image\/jpeg"}],"author":"Renata Felix","twitter_card":"summary_large_image","twitter_misc":{"Written by":"Renata Felix","Est. reading time":"2 minutos"},"schema":{"@context":"https:\/\/schema.org","@graph":[{"@type":"WebPage","@id":"https:\/\/www.manaus.am.gov.br\/semsa\/prefeitura-de-manaus-participara-de-maior-evento-de-saude-publica-do-brasil\/","url":"https:\/\/www.manaus.am.gov.br\/semsa\/prefeitura-de-manaus-participara-de-maior-evento-de-saude-publica-do-brasil\/","name":"Prefeitura de Manaus participar\u00e1 de maior evento de sa\u00fade p\u00fablica do Brasil - SEMSA","isPartOf":{"@id":"https:\/\/www.manaus.am.gov.br\/semsa\/#website"},"primaryImageOfPage":{"@id":"https:\/\/www.manaus.am.gov.br\/semsa\/prefeitura-de-manaus-participara-de-maior-evento-de-saude-publica-do-brasil\/#primaryimage"},"image":{"@id":"https:\/\/www.manaus.am.gov.br\/semsa\/prefeitura-de-manaus-participara-de-maior-evento-de-saude-publica-do-brasil\/#primaryimage"},"thumbnailUrl":"https:\/\/www.manaus.am.gov.br\/semsa\/wp-content\/uploads\/sites\/8\/2023\/07\/Julho-13_Conasems4.jpeg","datePublished":"2023-07-13T23:53:20+00:00","dateModified":"2023-07-13T23:53:21+00:00","author":{"@id":"https:\/\/www.manaus.am.gov.br\/semsa\/#\/schema\/person\/4eea2a8f78dc853097abb026f728aa06"},"inLanguage":"pt-BR","potentialAction":[{"@type":"ReadAction","target":["https:\/\/www.manaus.am.gov.br\/semsa\/prefeitura-de-manaus-participara-de-maior-evento-de-saude-publica-do-brasil\/"]}]},{"@type":"ImageObject","inLanguage":"pt-BR","@id":"https:\/\/www.manaus.am.gov.br\/semsa\/prefeitura-de-manaus-participara-de-maior-evento-de-saude-publica-do-brasil\/#primaryimage","url":"https:\/\/www.manaus.am.gov.br\/semsa\/wp-content\/uploads\/sites\/8\/2023\/07\/Julho-13_Conasems4.jpeg","contentUrl":"https:\/\/www.manaus.am.gov.br\/semsa\/wp-content\/uploads\/sites\/8\/2023\/07\/Julho-13_Conasems4.jpeg","width":1280,"height":855},{"@type":"WebSite","@id":"https:\/\/www.manaus.am.gov.br\/semsa\/#website","url":"https:\/\/www.manaus.am.gov.br\/semsa\/","name":"SEMSA","description":"Secretaria Municipal de Sa\u00fade","alternateName":"Secretaria Municipal de Sa\u00fade","potentialAction":[{"@type":"SearchAction","target":{"@type":"EntryPoint","urlTemplate":"https:\/\/www.manaus.am.gov.br\/semsa\/?s={search_term_string}"},"query-input":"required name=search_term_string"}],"inLanguage":"pt-BR"},{"@type":"Person","@id":"https:\/\/www.manaus.am.gov.br\/semsa\/#\/schema\/person\/4eea2a8f78dc853097abb026f728aa06","name":"Renata Felix","image":{"@type":"ImageObject","inLanguage":"pt-BR","@id":"https:\/\/www.manaus.am.gov.br\/semsa\/#\/schema\/person\/image\/","url":"https:\/\/secure.gravatar.com\/avatar\/3c196cf9d3b837b24c8edb2c50fd8f29?s=96&d=mm&r=g","contentUrl":"https:\/\/secure.gravatar.com\/avatar\/3c196cf9d3b837b24c8edb2c50fd8f29?s=96&d=mm&r=g","caption":"Renata Felix"}}]}},"_links":{"self":[{"href":"https:\/\/www.manaus.am.gov.br\/semsa\/wp-json\/wp\/v2\/posts\/212535"}],"collection":[{"href":"https:\/\/www.manaus.am.gov.br\/semsa\/wp-json\/wp\/v2\/posts"}],"about":[{"href":"https:\/\/www.manaus.am.gov.br\/semsa\/wp-json\/wp\/v2\/types\/post"}],"author":[{"embeddable":true,"href":"https:\/\/www.manaus.am.gov.br\/semsa\/wp-json\/wp\/v2\/users\/31"}],"replies":[{"embeddable":true,"href":"https:\/\/www.manaus.am.gov.br\/semsa\/wp-json\/wp\/v2\/comments?post=212535"}],"version-history":[{"count":0,"href":"https:\/\/www.manaus.am.gov.br\/semsa\/wp-json\/wp\/v2\/posts\/212535\/revisions"}],"wp:featuredmedia":[{"embeddable":true,"href":"https:\/\/www.manaus.am.gov.br\/semsa\/wp-json\/wp\/v2\/media\/212536"}],"wp:attachment":[{"href":"https:\/\/www.manaus.am.gov.br\/semsa\/wp-json\/wp\/v2\/media?parent=212535"}],"wp:term":[{"taxonomy":"category","embeddable":true,"href":"https:\/\/www.manaus.am.gov.br\/semsa\/wp-json\/wp\/v2\/categories?post=212535"},{"taxonomy":"post_tag","embeddable":true,"href":"https:\/\/www.manaus.am.gov.br\/semsa\/wp-json\/wp\/v2\/tags?post=212535"}],"curies":[{"name":"wp","href":"https:\/\/api.w.org\/{rel}","templated":true}]}}