{"id":212478,"date":"2023-07-02T10:12:28","date_gmt":"2023-07-02T14:12:28","guid":{"rendered":"https:\/\/www.manaus.am.gov.br\/semsa\/populacao-pode-atualizar-esquema-vacinal-contra-covid-19-em-74-pontos-nesta-semana-2\/"},"modified":"2023-07-02T10:12:30","modified_gmt":"2023-07-02T14:12:30","slug":"populacao-pode-atualizar-esquema-vacinal-contra-covid-19-em-74-pontos-nesta-semana-2","status":"publish","type":"post","link":"https:\/\/www.manaus.am.gov.br\/semsa\/populacao-pode-atualizar-esquema-vacinal-contra-covid-19-em-74-pontos-nesta-semana-2\/","title":{"rendered":"<strong>Popula\u00e7\u00e3o pode atualizar esquema vacinal contra Covid-19 em 74 pontos nesta semana<\/strong>"},"content":{"rendered":"\n<p>Refor\u00e7ando a import\u00e2ncia da imuniza\u00e7\u00e3o para o controle da Covid-19, a Prefeitura de Manaus disponibiliza 74 pontos para aplica\u00e7\u00e3o de doses contra a doen\u00e7a de segunda-feira, 3\/7, at\u00e9 a sexta, 7\/7. A Secretaria Municipal de Sa\u00fade (Semsa), respons\u00e1vel pela campanha de vacina\u00e7\u00e3o na capital, informa que as unidades est\u00e3o distribu\u00eddas em todas as zonas geogr\u00e1ficas da capital, a fim de facilitar o acesso da popula\u00e7\u00e3o.<\/p>\n\n\n\n<p>O subsecret\u00e1rio de Gest\u00e3o da Sa\u00fade da Semsa Manaus, Djalma Coelho, enfatiza que as unidades de sa\u00fade funcionam das 8h \u00e0s 17h, sendo que nove delas atendem em hor\u00e1rio ampliado, das 8h \u00e0s 20h, para ampliar o acesso da popula\u00e7\u00e3o ao imunizante. A lista com endere\u00e7os e hor\u00e1rios de funcionamento dos locais pode ser consultada no site <a href=\"https:\/\/semsa.manaus.am.gov.br\/noticia\/locais-de-vacinacao-covid-19\/\">semsa.manaus.am.gov.br<\/a> ou no link direto <a href=\"https:\/\/semsa.manaus.am.gov.br\/noticia\/locais-de-vacinacao-covid-19\/\">bit.ly\/localvacinacovid19<\/a>.<\/p>\n\n\n\n<p>\u201cOs usu\u00e1rios devem comparecer nas unidades levando documento de identidade com foto, CPF ou cart\u00e3o do SUS, e cart\u00e3o de vacina. E os pais e respons\u00e1veis n\u00e3o podem esquecer tamb\u00e9m os documentos dos filhos\u201d, orienta o gestor, notando que o p\u00fablico infantil \u00e9 atendido em unidades espec\u00edficas, sendo 14 voltadas ao atendimento de beb\u00eas de 6 meses a 4 anos de idade, e 35 de crian\u00e7as de 5 a 11 anos.<\/p>\n\n\n\n<p>Djalma informa que as vacinas s\u00e3o indicadas para todos os p\u00fablicos, sendo aplicadas nas unidades a 1\u00aa ou 2\u00aa dose do esquema prim\u00e1rio, ou dose de refor\u00e7o, conforme a situa\u00e7\u00e3o vacinal. Os usu\u00e1rios podem consultar as doses a receber na plataforma online Imuniza Manaus (<a href=\"https:\/\/imuniza.manaus.am.gov.br\/\">imuniza.manaus.am.gov.br<\/a>), bastando clicar na aba \u201cConsultar minhas doses\u201d e informar o n\u00famero do CPF.<\/p>\n\n\n\n<p>\u201cQuem ainda n\u00e3o come\u00e7ou ou n\u00e3o completou o esquema vacinal prim\u00e1rio, procure uma unidade para receber a vacina. Cada pessoa imunizada contribui para a aumentar a prote\u00e7\u00e3o da popula\u00e7\u00e3o como um todo\u201d, aconselha o subsecret\u00e1rio.<\/p>\n\n\n\n<p>&#8212; &#8212; &#8212;&nbsp;<\/p>\n\n\n\n<p><strong>Texto<\/strong> &#8211; Jony Clay Borges \/ Semsa<\/p>\n\n\n\n<p><strong>Foto<\/strong> &#8211; Divulga\u00e7\u00e3o \/ Semsa<\/p>\n","protected":false},"excerpt":{"rendered":"","protected":false},"author":39,"featured_media":212479,"comment_status":"closed","ping_status":"closed","sticky":false,"template":"","format":"standard","meta":{"footnotes":""},"categories":[5],"tags":[903,1186,54,28,326],"acf":[],"yoast_head":"<!-- This site is optimized with the Yoast SEO plugin v23.0 - https:\/\/yoast.com\/wordpress\/plugins\/seo\/ -->\n<title>Popula\u00e7\u00e3o pode atualizar esquema vacinal contra Covid-19 em 74 pontos nesta semana<\/title>\n<meta name=\"description\" content=\"A Secretaria Municipal de Sa\u00fade (Semsa), respons\u00e1vel pela campanha de vacina\u00e7\u00e3o na capital, informa que as unidades est\u00e3o distribu\u00eddas em todas as zonas geogr\u00e1ficas da capital, a fim de facilitar o acesso da popula\u00e7\u00e3o.\" \/>\n<meta name=\"robots\" content=\"index, follow, max-snippet:-1, max-image-preview:large, max-video-preview:-1\" \/>\n<link rel=\"canonical\" href=\"https:\/\/www.manaus.am.gov.br\/semsa\/populacao-pode-atualizar-esquema-vacinal-contra-covid-19-em-74-pontos-nesta-semana-2\/\" \/>\n<meta property=\"og:locale\" content=\"pt_BR\" \/>\n<meta property=\"og:type\" content=\"article\" \/>\n<meta property=\"og:title\" content=\"Popula\u00e7\u00e3o pode atualizar esquema vacinal contra Covid-19 em 74 pontos nesta semana\" \/>\n<meta property=\"og:description\" content=\"A Secretaria Municipal de Sa\u00fade (Semsa), respons\u00e1vel pela campanha de vacina\u00e7\u00e3o na capital, informa que as unidades est\u00e3o distribu\u00eddas em todas as zonas geogr\u00e1ficas da capital, a fim de facilitar o acesso da popula\u00e7\u00e3o.\" \/>\n<meta property=\"og:url\" content=\"https:\/\/www.manaus.am.gov.br\/semsa\/populacao-pode-atualizar-esquema-vacinal-contra-covid-19-em-74-pontos-nesta-semana-2\/\" \/>\n<meta property=\"og:site_name\" content=\"SEMSA\" \/>\n<meta property=\"article:published_time\" content=\"2023-07-02T14:12:28+00:00\" \/>\n<meta property=\"article:modified_time\" content=\"2023-07-02T14:12:30+00:00\" \/>\n<meta property=\"og:image\" content=\"https:\/\/www.manaus.am.gov.br\/semsa\/wp-content\/uploads\/sites\/8\/2023\/07\/Julho-02_Pontos-Semana-2.jpg\" \/>\n\t<meta property=\"og:image:width\" content=\"1000\" \/>\n\t<meta property=\"og:image:height\" content=\"667\" \/>\n\t<meta property=\"og:image:type\" content=\"image\/jpeg\" \/>\n<meta name=\"author\" content=\"Bruna Greco\" \/>\n<meta name=\"twitter:card\" content=\"summary_large_image\" \/>\n<meta name=\"twitter:label1\" content=\"Written by\" \/>\n\t<meta name=\"twitter:data1\" content=\"Bruna Greco\" \/>\n\t<meta name=\"twitter:label2\" content=\"Est. reading time\" \/>\n\t<meta name=\"twitter:data2\" content=\"2 minutos\" \/>\n<script type=\"application\/ld+json\" class=\"yoast-schema-graph\">{\"@context\":\"https:\/\/schema.org\",\"@graph\":[{\"@type\":\"WebPage\",\"@id\":\"https:\/\/www.manaus.am.gov.br\/semsa\/populacao-pode-atualizar-esquema-vacinal-contra-covid-19-em-74-pontos-nesta-semana-2\/\",\"url\":\"https:\/\/www.manaus.am.gov.br\/semsa\/populacao-pode-atualizar-esquema-vacinal-contra-covid-19-em-74-pontos-nesta-semana-2\/\",\"name\":\"Popula\u00e7\u00e3o pode atualizar esquema vacinal contra Covid-19 em 74 pontos nesta semana\",\"isPartOf\":{\"@id\":\"https:\/\/www.manaus.am.gov.br\/semsa\/#website\"},\"primaryImageOfPage\":{\"@id\":\"https:\/\/www.manaus.am.gov.br\/semsa\/populacao-pode-atualizar-esquema-vacinal-contra-covid-19-em-74-pontos-nesta-semana-2\/#primaryimage\"},\"image\":{\"@id\":\"https:\/\/www.manaus.am.gov.br\/semsa\/populacao-pode-atualizar-esquema-vacinal-contra-covid-19-em-74-pontos-nesta-semana-2\/#primaryimage\"},\"thumbnailUrl\":\"https:\/\/www.manaus.am.gov.br\/semsa\/wp-content\/uploads\/sites\/8\/2023\/07\/Julho-02_Pontos-Semana-2.jpg\",\"datePublished\":\"2023-07-02T14:12:28+00:00\",\"dateModified\":\"2023-07-02T14:12:30+00:00\",\"author\":{\"@id\":\"https:\/\/www.manaus.am.gov.br\/semsa\/#\/schema\/person\/05d223aea2bf115f9883a6ff3683d81b\"},\"description\":\"A Secretaria Municipal de Sa\u00fade (Semsa), respons\u00e1vel pela campanha de vacina\u00e7\u00e3o na capital, informa que as unidades est\u00e3o distribu\u00eddas em todas as zonas geogr\u00e1ficas da capital, a fim de facilitar o acesso da popula\u00e7\u00e3o.\",\"inLanguage\":\"pt-BR\",\"potentialAction\":[{\"@type\":\"ReadAction\",\"target\":[\"https:\/\/www.manaus.am.gov.br\/semsa\/populacao-pode-atualizar-esquema-vacinal-contra-covid-19-em-74-pontos-nesta-semana-2\/\"]}]},{\"@type\":\"ImageObject\",\"inLanguage\":\"pt-BR\",\"@id\":\"https:\/\/www.manaus.am.gov.br\/semsa\/populacao-pode-atualizar-esquema-vacinal-contra-covid-19-em-74-pontos-nesta-semana-2\/#primaryimage\",\"url\":\"https:\/\/www.manaus.am.gov.br\/semsa\/wp-content\/uploads\/sites\/8\/2023\/07\/Julho-02_Pontos-Semana-2.jpg\",\"contentUrl\":\"https:\/\/www.manaus.am.gov.br\/semsa\/wp-content\/uploads\/sites\/8\/2023\/07\/Julho-02_Pontos-Semana-2.jpg\",\"width\":1000,\"height\":667},{\"@type\":\"WebSite\",\"@id\":\"https:\/\/www.manaus.am.gov.br\/semsa\/#website\",\"url\":\"https:\/\/www.manaus.am.gov.br\/semsa\/\",\"name\":\"SEMSA\",\"description\":\"Secretaria Municipal de Sa\u00fade\",\"alternateName\":\"Secretaria Municipal de Sa\u00fade\",\"potentialAction\":[{\"@type\":\"SearchAction\",\"target\":{\"@type\":\"EntryPoint\",\"urlTemplate\":\"https:\/\/www.manaus.am.gov.br\/semsa\/?s={search_term_string}\"},\"query-input\":\"required name=search_term_string\"}],\"inLanguage\":\"pt-BR\"},{\"@type\":\"Person\",\"@id\":\"https:\/\/www.manaus.am.gov.br\/semsa\/#\/schema\/person\/05d223aea2bf115f9883a6ff3683d81b\",\"name\":\"Bruna Greco\",\"image\":{\"@type\":\"ImageObject\",\"inLanguage\":\"pt-BR\",\"@id\":\"https:\/\/www.manaus.am.gov.br\/semsa\/#\/schema\/person\/image\/\",\"url\":\"https:\/\/secure.gravatar.com\/avatar\/9c877d1a6adc2a055330e5c09a8653ce?s=96&d=mm&r=g\",\"contentUrl\":\"https:\/\/secure.gravatar.com\/avatar\/9c877d1a6adc2a055330e5c09a8653ce?s=96&d=mm&r=g\",\"caption\":\"Bruna Greco\"}}]}<\/script>\n<!-- \/ Yoast SEO plugin. -->","yoast_head_json":{"title":"Popula\u00e7\u00e3o pode atualizar esquema vacinal contra Covid-19 em 74 pontos nesta semana","description":"A Secretaria Municipal de Sa\u00fade (Semsa), respons\u00e1vel pela campanha de vacina\u00e7\u00e3o na capital, informa que as unidades est\u00e3o distribu\u00eddas em todas as zonas geogr\u00e1ficas da capital, a fim de facilitar o acesso da popula\u00e7\u00e3o.","robots":{"index":"index","follow":"follow","max-snippet":"max-snippet:-1","max-image-preview":"max-image-preview:large","max-video-preview":"max-video-preview:-1"},"canonical":"https:\/\/www.manaus.am.gov.br\/semsa\/populacao-pode-atualizar-esquema-vacinal-contra-covid-19-em-74-pontos-nesta-semana-2\/","og_locale":"pt_BR","og_type":"article","og_title":"Popula\u00e7\u00e3o pode atualizar esquema vacinal contra Covid-19 em 74 pontos nesta semana","og_description":"A Secretaria Municipal de Sa\u00fade (Semsa), respons\u00e1vel pela campanha de vacina\u00e7\u00e3o na capital, informa que as unidades est\u00e3o distribu\u00eddas em todas as zonas geogr\u00e1ficas da capital, a fim de facilitar o acesso da popula\u00e7\u00e3o.","og_url":"https:\/\/www.manaus.am.gov.br\/semsa\/populacao-pode-atualizar-esquema-vacinal-contra-covid-19-em-74-pontos-nesta-semana-2\/","og_site_name":"SEMSA","article_published_time":"2023-07-02T14:12:28+00:00","article_modified_time":"2023-07-02T14:12:30+00:00","og_image":[{"width":1000,"height":667,"url":"https:\/\/www.manaus.am.gov.br\/semsa\/wp-content\/uploads\/sites\/8\/2023\/07\/Julho-02_Pontos-Semana-2.jpg","type":"image\/jpeg"}],"author":"Bruna Greco","twitter_card":"summary_large_image","twitter_misc":{"Written by":"Bruna Greco","Est. reading time":"2 minutos"},"schema":{"@context":"https:\/\/schema.org","@graph":[{"@type":"WebPage","@id":"https:\/\/www.manaus.am.gov.br\/semsa\/populacao-pode-atualizar-esquema-vacinal-contra-covid-19-em-74-pontos-nesta-semana-2\/","url":"https:\/\/www.manaus.am.gov.br\/semsa\/populacao-pode-atualizar-esquema-vacinal-contra-covid-19-em-74-pontos-nesta-semana-2\/","name":"Popula\u00e7\u00e3o pode atualizar esquema vacinal contra Covid-19 em 74 pontos nesta semana","isPartOf":{"@id":"https:\/\/www.manaus.am.gov.br\/semsa\/#website"},"primaryImageOfPage":{"@id":"https:\/\/www.manaus.am.gov.br\/semsa\/populacao-pode-atualizar-esquema-vacinal-contra-covid-19-em-74-pontos-nesta-semana-2\/#primaryimage"},"image":{"@id":"https:\/\/www.manaus.am.gov.br\/semsa\/populacao-pode-atualizar-esquema-vacinal-contra-covid-19-em-74-pontos-nesta-semana-2\/#primaryimage"},"thumbnailUrl":"https:\/\/www.manaus.am.gov.br\/semsa\/wp-content\/uploads\/sites\/8\/2023\/07\/Julho-02_Pontos-Semana-2.jpg","datePublished":"2023-07-02T14:12:28+00:00","dateModified":"2023-07-02T14:12:30+00:00","author":{"@id":"https:\/\/www.manaus.am.gov.br\/semsa\/#\/schema\/person\/05d223aea2bf115f9883a6ff3683d81b"},"description":"A Secretaria Municipal de Sa\u00fade (Semsa), respons\u00e1vel pela campanha de vacina\u00e7\u00e3o na capital, informa que as unidades est\u00e3o distribu\u00eddas em todas as zonas geogr\u00e1ficas da capital, a fim de facilitar o acesso da popula\u00e7\u00e3o.","inLanguage":"pt-BR","potentialAction":[{"@type":"ReadAction","target":["https:\/\/www.manaus.am.gov.br\/semsa\/populacao-pode-atualizar-esquema-vacinal-contra-covid-19-em-74-pontos-nesta-semana-2\/"]}]},{"@type":"ImageObject","inLanguage":"pt-BR","@id":"https:\/\/www.manaus.am.gov.br\/semsa\/populacao-pode-atualizar-esquema-vacinal-contra-covid-19-em-74-pontos-nesta-semana-2\/#primaryimage","url":"https:\/\/www.manaus.am.gov.br\/semsa\/wp-content\/uploads\/sites\/8\/2023\/07\/Julho-02_Pontos-Semana-2.jpg","contentUrl":"https:\/\/www.manaus.am.gov.br\/semsa\/wp-content\/uploads\/sites\/8\/2023\/07\/Julho-02_Pontos-Semana-2.jpg","width":1000,"height":667},{"@type":"WebSite","@id":"https:\/\/www.manaus.am.gov.br\/semsa\/#website","url":"https:\/\/www.manaus.am.gov.br\/semsa\/","name":"SEMSA","description":"Secretaria Municipal de Sa\u00fade","alternateName":"Secretaria Municipal de Sa\u00fade","potentialAction":[{"@type":"SearchAction","target":{"@type":"EntryPoint","urlTemplate":"https:\/\/www.manaus.am.gov.br\/semsa\/?s={search_term_string}"},"query-input":"required name=search_term_string"}],"inLanguage":"pt-BR"},{"@type":"Person","@id":"https:\/\/www.manaus.am.gov.br\/semsa\/#\/schema\/person\/05d223aea2bf115f9883a6ff3683d81b","name":"Bruna Greco","image":{"@type":"ImageObject","inLanguage":"pt-BR","@id":"https:\/\/www.manaus.am.gov.br\/semsa\/#\/schema\/person\/image\/","url":"https:\/\/secure.gravatar.com\/avatar\/9c877d1a6adc2a055330e5c09a8653ce?s=96&d=mm&r=g","contentUrl":"https:\/\/secure.gravatar.com\/avatar\/9c877d1a6adc2a055330e5c09a8653ce?s=96&d=mm&r=g","caption":"Bruna Greco"}}]}},"_links":{"self":[{"href":"https:\/\/www.manaus.am.gov.br\/semsa\/wp-json\/wp\/v2\/posts\/212478"}],"collection":[{"href":"https:\/\/www.manaus.am.gov.br\/semsa\/wp-json\/wp\/v2\/posts"}],"about":[{"href":"https:\/\/www.manaus.am.gov.br\/semsa\/wp-json\/wp\/v2\/types\/post"}],"author":[{"embeddable":true,"href":"https:\/\/www.manaus.am.gov.br\/semsa\/wp-json\/wp\/v2\/users\/39"}],"replies":[{"embeddable":true,"href":"https:\/\/www.manaus.am.gov.br\/semsa\/wp-json\/wp\/v2\/comments?post=212478"}],"version-history":[{"count":0,"href":"https:\/\/www.manaus.am.gov.br\/semsa\/wp-json\/wp\/v2\/posts\/212478\/revisions"}],"wp:featuredmedia":[{"embeddable":true,"href":"https:\/\/www.manaus.am.gov.br\/semsa\/wp-json\/wp\/v2\/media\/212479"}],"wp:attachment":[{"href":"https:\/\/www.manaus.am.gov.br\/semsa\/wp-json\/wp\/v2\/media?parent=212478"}],"wp:term":[{"taxonomy":"category","embeddable":true,"href":"https:\/\/www.manaus.am.gov.br\/semsa\/wp-json\/wp\/v2\/categories?post=212478"},{"taxonomy":"post_tag","embeddable":true,"href":"https:\/\/www.manaus.am.gov.br\/semsa\/wp-json\/wp\/v2\/tags?post=212478"}],"curies":[{"name":"wp","href":"https:\/\/api.w.org\/{rel}","templated":true}]}}